{"id":977,"date":"2014-12-11T08:25:24","date_gmt":"2014-12-11T06:25:24","guid":{"rendered":"http:\/\/www.laufgruppe-schwerin.de\/?p=977"},"modified":"2014-12-13T23:18:50","modified_gmt":"2014-12-13T21:18:50","slug":"vr-laufcup-m-v-2014","status":"publish","type":"post","link":"https:\/\/www.laufgruppe-schwerin.de\/?p=977","title":{"rendered":"VR-LAUFCUP M-V 2014"},"content":{"rendered":"<p>&nbsp;<\/p>\n<p><strong>Am 22.November fand in Stralsund die Abschlussveranstaltung im Laufcup 2014 statt.<\/strong><br \/>\nHier gibt es Bilder der Veranstaltung und eine Auswertung unserer ersten Laufcuopsaison.<br \/>\nDer Laufcup M-V 2014 ist Geschichte. 11 L\u00e4uferinnen und 22 L\u00e4ufer unserer Laufgruppe konnten sich in ihren Altersklassen platzieren.<br \/>\nDabei gewannen 3 Frauen unseres Vereins ihre Altersklassen. Anne Krey gewann die W30, Manu Hofmann ihre W50 und Waltraud Garnitz die W75. 4 L\u00e4uferinnen unseres Vereins konnten sich in der Gesamtwertung der 28 besten Frauen platzieren. Manu wurde Siebente, Kathrin Schr\u00f6der Elfte, Anne wurde Neunzehnte und Anja Wittwer erreichte den 25.Platz.<br \/>\nInsgesamt 28 Frauen platzierten sich mit \u00fcber 60 Punkten in der Gesamtwertung, darunter 4 L\u00e4uferinnen unserer Laufgruppe<br \/>\n<strong>7.Plaz Mtanuela Hofmann 104,5<\/strong><br \/>\n<strong> 11.Platz Kathrin Schr\u00f6der 102,5<\/strong><br \/>\n<strong> 19.Platz Anne Krey 85<\/strong><br \/>\n<strong> 25.Platz Anja Wittwer 67(3)<\/strong><br \/>\n22 L\u00e4ufer unserer Laufgruppe schafften es in den Altersklassenwertungen. 3mal wurden hierbei 2.Pl\u00e4tze durch Birger B\u00f6sel (M35), Torsten Gunia (M50) und Rudi Borchert (M60) erreicht.<br \/>\nWie bei den Frauen erreichten 4 L\u00e4ufer \u00fcber 60 Punkte und schafften den Sprung in die Gesamtwertung.<br \/>\n<strong>7.Platz Mathias Ahrenberg 114<\/strong><br \/>\n<strong> 9.Platz Frederic Werner 111,5<\/strong><br \/>\n<strong> 15.Platz Birger B\u00f6sel 91,5<\/strong><br \/>\n<strong> 22.Platz Torsten Gunia 74,5<\/strong><br \/>\n<strong>Sowohl in der Vereinswertung und der Mannschaftswertung erreichten wir hervorragende 3.Pl\u00e4tze.<\/strong><\/p>\n<p>Statistik unserer Laufgruppe<\/p>\n<p>Einzelwertungen Altersklassen Frauen\/M\u00e4dchen 11 L\u00e4uferinnen der Laufgruppe Schwerin in den Altersklassenwertungen.<br \/>\nWeibl. Jugend U16<br \/>\n3.Platz Sofie Sch\u00f6ne 119,5<br \/>\nW20<br \/>\n8.Platz Anja Wittwer 70(3)<br \/>\nW30<br \/>\n1.Platz Anne Krey 126<br \/>\n2.Platz Nicole M\u00fcller 124,5<br \/>\nW40<br \/>\n12.Platz Christiane Wermann 70(3)<br \/>\nW45<br \/>\n2.Platz Kathrin Schr\u00f6der 123,5<br \/>\n8.Platz Ulrike Sch\u00f6ne 110,5<br \/>\nW50<br \/>\n1.Platz Manuela Hofmann 126<br \/>\nW55<br \/>\n5.Platz Andrea Bastek 115,5<br \/>\nW60<br \/>\n6.Platz Gabriele Kaletzki 113,5<br \/>\nW75<br \/>\n1.Platz Waltraut Garnitz 126<\/p>\n<p>Einzelwertungen Altersklassen M\u00e4nner 22 L\u00e4ufer unserer Laufgruppe schaffen es in den Altersklassenwertungen<br \/>\nM30<br \/>\n3.Platz Mathias Ahrenberg 122<br \/>\n4.Platz Frederic Werner 118,5<br \/>\n6.Platz Frank Tschersich 116<br \/>\n7.Platz Giuseppe Avignone 114,5<br \/>\nM35<br \/>\n2.Platz Birger B\u00f6sel 124,5<br \/>\n13.Platz Stephan Krey 71(3)<br \/>\nM45<br \/>\n12.Platz Frank Leonhardt 98<br \/>\n15.Platz Christian Briesen 93<br \/>\n28.Platz Mario Rei\u00dfig 66,5<br \/>\n30.Platz Christian Stapel 52,5<br \/>\nM50<br \/>\n2.Platz Torsten Gunia 123<br \/>\n15.Platz Lothar Domnick 94,5<br \/>\nM55<br \/>\n4.Platz Sven Jonas<br \/>\n8.Platz Lothar Gajek 103,5<br \/>\n9.Platz Frank Tschersich 103<br \/>\n19. Udo Hanold 62(3)<br \/>\nM60<br \/>\n2.Platz Rudolf Borchert 123,5<br \/>\n8.Platz Rainer Bastek 104<br \/>\n13.Platz Norbert Kaletzki 71,5(3)<br \/>\nM70<br \/>\n6.Platz Horst Sch\u00f6ne 109,5<br \/>\nM75<br \/>\n9.Platz Horst Garnitz 104,5<br \/>\n10.Platz Dietrich Eggers 79(4)<\/p>\n<p>M80<br \/>\n3.Platz Egon Kannegie\u00dfer 120<\/p>\n<p>Vereinswertung<br \/>\n3.Platz mit 4630,5 Punkten<\/p>\n<p>Teamwertung<br \/>\n3.Platz 1138,5 Punkte (Ahrenberg 226 Hofmann 230,5 Werner 230 Schr\u00f6der 226 B\u00f6sel 216 )<br \/>\n11.Platz 796 Punkte (A. Krey 211 Gunia 197,5 Wittwer 137 W. Garnitz 126 M\u00fcller 124,5 )<\/p>\n<div id=\"attachment_985\" style=\"width: 1034px\" class=\"wp-caption alignleft\"><a href=\"https:\/\/www.laufgruppe-Schwerin.de\/wp-content\/uploads\/2014\/12\/080.jpg\"><img loading=\"lazy\" decoding=\"async\" aria-describedby=\"caption-attachment-985\" class=\"size-full wp-image-985\" src=\"https:\/\/www.laufgruppe-Schwerin.de\/wp-content\/uploads\/2014\/12\/080.jpg\" alt=\"Unsere Laufgruppe bei der Abschlussveranstaltung vorne v.l. Frank Leonhardt, Waltraut Garnitz und Nicole M\u00fcller hinten v.l. Dietrich Eggers, Kathrin Schr\u00f6der, Lothar Gajek, Manuela Hofmann, Egon Kannegie\u00dfer, Horst Sch\u00f6ne und Horst Garnitz\" width=\"1024\" height=\"768\" srcset=\"https:\/\/www.laufgruppe-schwerin.de\/wp-content\/uploads\/2014\/12\/080.jpg 1024w, https:\/\/www.laufgruppe-schwerin.de\/wp-content\/uploads\/2014\/12\/080-300x225.jpg 300w\" sizes=\"auto, (max-width: 1024px) 100vw, 1024px\" \/><\/a><p id=\"caption-attachment-985\" class=\"wp-caption-text\">Unsere Laufgruppe bei der Abschlussveranstaltung<br \/>vorne v.l. Frank Leonhardt, Waltraut Garnitz und Nicole M\u00fcller<br \/>hinten v.l. Dietrich Eggers, Kathrin Schr\u00f6der, Lothar Gajek, Manuela Hofmann, Egon Kannegie\u00dfer, Horst Sch\u00f6ne und Horst Garnitz<\/p><\/div>\n<p>&nbsp;<\/p>\n<div id=\"attachment_987\" style=\"width: 778px\" class=\"wp-caption alignleft\"><a href=\"https:\/\/www.laufgruppe-Schwerin.de\/wp-content\/uploads\/2014\/12\/abschluss-lv-mv-stralsund-142-e1418278307992.jpg\"><img loading=\"lazy\" decoding=\"async\" aria-describedby=\"caption-attachment-987\" class=\"size-full wp-image-987\" src=\"https:\/\/www.laufgruppe-Schwerin.de\/wp-content\/uploads\/2014\/12\/abschluss-lv-mv-stralsund-142-e1418278307992.jpg\" alt=\"Waltraut Garnitz\" width=\"768\" height=\"1024\" srcset=\"https:\/\/www.laufgruppe-schwerin.de\/wp-content\/uploads\/2014\/12\/abschluss-lv-mv-stralsund-142-e1418278307992.jpg 768w, https:\/\/www.laufgruppe-schwerin.de\/wp-content\/uploads\/2014\/12\/abschluss-lv-mv-stralsund-142-e1418278307992-225x300.jpg 225w\" sizes=\"auto, (max-width: 768px) 100vw, 768px\" \/><\/a><p id=\"caption-attachment-987\" class=\"wp-caption-text\">Waltraut Garnitz<\/p><\/div>\n<p>&nbsp;<\/p>\n<div id=\"attachment_989\" style=\"width: 1034px\" class=\"wp-caption alignleft\"><a href=\"https:\/\/www.laufgruppe-Schwerin.de\/wp-content\/uploads\/2014\/12\/abschluss-lv-mv-stralsund-156.jpg\"><img loading=\"lazy\" decoding=\"async\" aria-describedby=\"caption-attachment-989\" class=\"size-full wp-image-989\" src=\"https:\/\/www.laufgruppe-Schwerin.de\/wp-content\/uploads\/2014\/12\/abschluss-lv-mv-stralsund-156.jpg\" alt=\"Manuela Hofmann (rechts)\" width=\"1024\" height=\"768\" srcset=\"https:\/\/www.laufgruppe-schwerin.de\/wp-content\/uploads\/2014\/12\/abschluss-lv-mv-stralsund-156.jpg 1024w, https:\/\/www.laufgruppe-schwerin.de\/wp-content\/uploads\/2014\/12\/abschluss-lv-mv-stralsund-156-300x225.jpg 300w\" sizes=\"auto, (max-width: 1024px) 100vw, 1024px\" \/><\/a><p id=\"caption-attachment-989\" class=\"wp-caption-text\">Manuela Hofmann (rechts)<\/p><\/div>\n<div id=\"attachment_990\" style=\"width: 778px\" class=\"wp-caption alignleft\"><a href=\"https:\/\/www.laufgruppe-Schwerin.de\/wp-content\/uploads\/2014\/12\/abschluss-lv-mv-stralsund-177.jpg\"><img loading=\"lazy\" decoding=\"async\" aria-describedby=\"caption-attachment-990\" class=\"size-full wp-image-990\" src=\"https:\/\/www.laufgruppe-Schwerin.de\/wp-content\/uploads\/2014\/12\/abschluss-lv-mv-stralsund-177.jpg\" alt=\"Kathrin Schr\u00f6der (mitte)\" width=\"768\" height=\"1024\" srcset=\"https:\/\/www.laufgruppe-schwerin.de\/wp-content\/uploads\/2014\/12\/abschluss-lv-mv-stralsund-177.jpg 768w, https:\/\/www.laufgruppe-schwerin.de\/wp-content\/uploads\/2014\/12\/abschluss-lv-mv-stralsund-177-225x300.jpg 225w\" sizes=\"auto, (max-width: 768px) 100vw, 768px\" \/><\/a><p id=\"caption-attachment-990\" class=\"wp-caption-text\">Kathrin Schr\u00f6der (mitte)<\/p><\/div>\n<div id=\"attachment_991\" style=\"width: 778px\" class=\"wp-caption alignleft\"><a href=\"https:\/\/www.laufgruppe-Schwerin.de\/wp-content\/uploads\/2014\/12\/abschluss-lv-mv-stralsund-204-e1418278518985.jpg\"><img loading=\"lazy\" decoding=\"async\" aria-describedby=\"caption-attachment-991\" class=\"size-full wp-image-991\" src=\"https:\/\/www.laufgruppe-Schwerin.de\/wp-content\/uploads\/2014\/12\/abschluss-lv-mv-stralsund-204-e1418278518985.jpg\" alt=\"Nicole M\u00fcller\" width=\"768\" height=\"1024\" srcset=\"https:\/\/www.laufgruppe-schwerin.de\/wp-content\/uploads\/2014\/12\/abschluss-lv-mv-stralsund-204-e1418278518985.jpg 768w, https:\/\/www.laufgruppe-schwerin.de\/wp-content\/uploads\/2014\/12\/abschluss-lv-mv-stralsund-204-e1418278518985-225x300.jpg 225w\" sizes=\"auto, (max-width: 768px) 100vw, 768px\" \/><\/a><p id=\"caption-attachment-991\" class=\"wp-caption-text\">Nicole M\u00fcller<\/p><\/div>\n<div id=\"attachment_993\" style=\"width: 1034px\" class=\"wp-caption alignleft\"><a href=\"https:\/\/www.laufgruppe-Schwerin.de\/wp-content\/uploads\/2014\/12\/abschluss-lv-mv-stralsund-209.jpg\"><img loading=\"lazy\" decoding=\"async\" aria-describedby=\"caption-attachment-993\" class=\"size-full wp-image-993\" src=\"https:\/\/www.laufgruppe-Schwerin.de\/wp-content\/uploads\/2014\/12\/abschluss-lv-mv-stralsund-209.jpg\" alt=\"Grund zum feiern an unserem Tisch\" width=\"1024\" height=\"768\" srcset=\"https:\/\/www.laufgruppe-schwerin.de\/wp-content\/uploads\/2014\/12\/abschluss-lv-mv-stralsund-209.jpg 1024w, https:\/\/www.laufgruppe-schwerin.de\/wp-content\/uploads\/2014\/12\/abschluss-lv-mv-stralsund-209-300x225.jpg 300w\" sizes=\"auto, (max-width: 1024px) 100vw, 1024px\" \/><\/a><p id=\"caption-attachment-993\" class=\"wp-caption-text\">Grund zum feiern an unserem Tisch<\/p><\/div>\n<div id=\"attachment_994\" style=\"width: 778px\" class=\"wp-caption alignleft\"><a href=\"https:\/\/www.laufgruppe-Schwerin.de\/wp-content\/uploads\/2014\/12\/abschluss-lv-mv-stralsund-237.jpg\"><img loading=\"lazy\" decoding=\"async\" aria-describedby=\"caption-attachment-994\" class=\"size-full wp-image-994\" src=\"https:\/\/www.laufgruppe-Schwerin.de\/wp-content\/uploads\/2014\/12\/abschluss-lv-mv-stralsund-237.jpg\" alt=\"Egon Kannegie\u00dfer (rechts)\" width=\"768\" height=\"1024\" srcset=\"https:\/\/www.laufgruppe-schwerin.de\/wp-content\/uploads\/2014\/12\/abschluss-lv-mv-stralsund-237.jpg 768w, https:\/\/www.laufgruppe-schwerin.de\/wp-content\/uploads\/2014\/12\/abschluss-lv-mv-stralsund-237-225x300.jpg 225w\" sizes=\"auto, (max-width: 768px) 100vw, 768px\" \/><\/a><p id=\"caption-attachment-994\" class=\"wp-caption-text\">Egon Kannegie\u00dfer (rechts)<\/p><\/div>\n<div id=\"attachment_995\" style=\"width: 778px\" class=\"wp-caption alignleft\"><a href=\"https:\/\/www.laufgruppe-Schwerin.de\/wp-content\/uploads\/2014\/12\/abschluss-lv-mv-stralsund-257.jpg\"><img loading=\"lazy\" decoding=\"async\" aria-describedby=\"caption-attachment-995\" class=\"size-full wp-image-995\" src=\"https:\/\/www.laufgruppe-Schwerin.de\/wp-content\/uploads\/2014\/12\/abschluss-lv-mv-stralsund-257.jpg\" alt=\"Horst Sch\u00f6ne (rechts)\" width=\"768\" height=\"1024\" srcset=\"https:\/\/www.laufgruppe-schwerin.de\/wp-content\/uploads\/2014\/12\/abschluss-lv-mv-stralsund-257.jpg 768w, https:\/\/www.laufgruppe-schwerin.de\/wp-content\/uploads\/2014\/12\/abschluss-lv-mv-stralsund-257-225x300.jpg 225w\" sizes=\"auto, (max-width: 768px) 100vw, 768px\" \/><\/a><p id=\"caption-attachment-995\" class=\"wp-caption-text\">Horst Sch\u00f6ne (rechts)<\/p><\/div>\n<div id=\"attachment_999\" style=\"width: 1034px\" class=\"wp-caption alignleft\"><a href=\"https:\/\/www.laufgruppe-Schwerin.de\/wp-content\/uploads\/2014\/12\/K800_DSC_5708.jpg\"><img loading=\"lazy\" decoding=\"async\" aria-describedby=\"caption-attachment-999\" class=\"size-full wp-image-999\" src=\"https:\/\/www.laufgruppe-Schwerin.de\/wp-content\/uploads\/2014\/12\/K800_DSC_5708.jpg\" alt=\"Teamwertung\" width=\"1024\" height=\"687\" srcset=\"https:\/\/www.laufgruppe-schwerin.de\/wp-content\/uploads\/2014\/12\/K800_DSC_5708.jpg 1024w, https:\/\/www.laufgruppe-schwerin.de\/wp-content\/uploads\/2014\/12\/K800_DSC_5708-300x201.jpg 300w\" sizes=\"auto, (max-width: 1024px) 100vw, 1024px\" \/><\/a><p id=\"caption-attachment-999\" class=\"wp-caption-text\">Teamwertung<\/p><\/div>\n<div id=\"attachment_997\" style=\"width: 1034px\" class=\"wp-caption alignleft\"><a href=\"https:\/\/www.laufgruppe-Schwerin.de\/wp-content\/uploads\/2014\/12\/abschluss-lv-mv-stralsund-353.jpg\"><img loading=\"lazy\" decoding=\"async\" aria-describedby=\"caption-attachment-997\" class=\"size-full wp-image-997\" src=\"https:\/\/www.laufgruppe-Schwerin.de\/wp-content\/uploads\/2014\/12\/abschluss-lv-mv-stralsund-353.jpg\" alt=\"Mit den L\u00e4ufern der 5-Seen-Laufgruppe\" width=\"1024\" height=\"768\" srcset=\"https:\/\/www.laufgruppe-schwerin.de\/wp-content\/uploads\/2014\/12\/abschluss-lv-mv-stralsund-353.jpg 1024w, https:\/\/www.laufgruppe-schwerin.de\/wp-content\/uploads\/2014\/12\/abschluss-lv-mv-stralsund-353-300x225.jpg 300w\" sizes=\"auto, (max-width: 1024px) 100vw, 1024px\" \/><\/a><p id=\"caption-attachment-997\" class=\"wp-caption-text\">Mit den L\u00e4ufern der 5-Seen-Laufgruppe<\/p><\/div>\n<div id=\"attachment_998\" style=\"width: 1034px\" class=\"wp-caption alignleft\"><a href=\"https:\/\/www.laufgruppe-Schwerin.de\/wp-content\/uploads\/2014\/12\/K800_DSC_5603.jpg\"><img loading=\"lazy\" decoding=\"async\" aria-describedby=\"caption-attachment-998\" class=\"size-full wp-image-998\" src=\"https:\/\/www.laufgruppe-Schwerin.de\/wp-content\/uploads\/2014\/12\/K800_DSC_5603.jpg\" alt=\"Vor der Abschlussveranstaltung liefen Manuela Hofmann und Lothar Gajek (101) die 10 Meilen des Fachhochschullaufes. Manuela wurde Gesamtsiegerin der Frauenkonkurrenz .\" width=\"1024\" height=\"768\" srcset=\"https:\/\/www.laufgruppe-schwerin.de\/wp-content\/uploads\/2014\/12\/K800_DSC_5603.jpg 1024w, https:\/\/www.laufgruppe-schwerin.de\/wp-content\/uploads\/2014\/12\/K800_DSC_5603-300x225.jpg 300w\" sizes=\"auto, (max-width: 1024px) 100vw, 1024px\" \/><\/a><p id=\"caption-attachment-998\" class=\"wp-caption-text\">Vor der Abschlussveranstaltung liefen Manuela Hofmann und Lothar Gajek (101) die 10 Meilen des Fachhochschullaufes. Manuela wurde Gesamtsiegerin der Frauenkonkurrenz .<\/p><\/div>\n<p>&nbsp;<\/p>\n<iframe src=\"http:\/\/www.facebook.com\/plugins\/like.php?href=https%3A%2F%2Fwww.laufgruppe-schwerin.de%2F%3Fp%3D977&amp;layout=standard&amp;show_faces=true&amp;width=450&amp;action=like&amp;colorscheme=light\" scrolling=\"no\" frameborder=\"0\" allowTransparency=\"true\" style=\"border:none; overflow:hidden; width:450px;margin-top:5px;\"><\/iframe>","protected":false},"excerpt":{"rendered":"<p>&nbsp; Am 22.November fand in Stralsund die Abschlussveranstaltung im Laufcup 2014 statt. Hier gibt es Bilder der Veranstaltung und eine Auswertung unserer ersten Laufcuopsaison. Der Laufcup M-V 2014 ist Geschichte. 11 L\u00e4uferinnen und 22 L\u00e4ufer unserer Laufgruppe konnten sich in ihren Altersklassen platzieren. Dabei gewannen 3 Frauen unseres Vereins ihre Altersklassen. Anne Krey gewann die [&hellip;]<\/p>\n","protected":false},"author":3,"featured_media":1002,"comment_status":"open","ping_status":"open","sticky":false,"template":"","format":"standard","meta":{"ngg_post_thumbnail":0,"footnotes":""},"categories":[1],"tags":[],"class_list":{"0":"post-977","1":"post","2":"type-post","3":"status-publish","4":"format-standard","5":"has-post-thumbnail","7":"category-beitraege","8":"czr-hentry"},"_links":{"self":[{"href":"https:\/\/www.laufgruppe-schwerin.de\/index.php?rest_route=\/wp\/v2\/posts\/977","targetHints":{"allow":["GET"]}}],"collection":[{"href":"https:\/\/www.laufgruppe-schwerin.de\/index.php?rest_route=\/wp\/v2\/posts"}],"about":[{"href":"https:\/\/www.laufgruppe-schwerin.de\/index.php?rest_route=\/wp\/v2\/types\/post"}],"author":[{"embeddable":true,"href":"https:\/\/www.laufgruppe-schwerin.de\/index.php?rest_route=\/wp\/v2\/users\/3"}],"replies":[{"embeddable":true,"href":"https:\/\/www.laufgruppe-schwerin.de\/index.php?rest_route=%2Fwp%2Fv2%2Fcomments&post=977"}],"version-history":[{"count":10,"href":"https:\/\/www.laufgruppe-schwerin.de\/index.php?rest_route=\/wp\/v2\/posts\/977\/revisions"}],"predecessor-version":[{"id":1007,"href":"https:\/\/www.laufgruppe-schwerin.de\/index.php?rest_route=\/wp\/v2\/posts\/977\/revisions\/1007"}],"wp:featuredmedia":[{"embeddable":true,"href":"https:\/\/www.laufgruppe-schwerin.de\/index.php?rest_route=\/wp\/v2\/media\/1002"}],"wp:attachment":[{"href":"https:\/\/www.laufgruppe-schwerin.de\/index.php?rest_route=%2Fwp%2Fv2%2Fmedia&parent=977"}],"wp:term":[{"taxonomy":"category","embeddable":true,"href":"https:\/\/www.laufgruppe-schwerin.de\/index.php?rest_route=%2Fwp%2Fv2%2Fcategories&post=977"},{"taxonomy":"post_tag","embeddable":true,"href":"https:\/\/www.laufgruppe-schwerin.de\/index.php?rest_route=%2Fwp%2Fv2%2Ftags&post=977"}],"curies":[{"name":"wp","href":"https:\/\/api.w.org\/{rel}","templated":true}]}}