{"id":933,"date":"2014-12-10T21:12:45","date_gmt":"2014-12-10T19:12:45","guid":{"rendered":"http:\/\/www.laufgruppe-schwerin.de\/?p=933"},"modified":"2014-12-10T21:12:45","modified_gmt":"2014-12-10T19:12:45","slug":"4-landesmeistertitel-fuer-unsere-laufgruppe-bei-den-crosslauflandesmeisterschaften-in-bad-doberan","status":"publish","type":"post","link":"https:\/\/www.laufgruppe-schwerin.de\/?p=933","title":{"rendered":"4 Landesmeistertitel f\u00fcr unsere Laufgruppe bei den Crosslauflandesmeisterschaften in Bad Doberan"},"content":{"rendered":"<p>Bei wunderbarem Novemberwetter wurden am 8.November die Landesmeisterschaften im Crosslauf in Bad Doberan ausgetragen. Gleichzeitig war es die letzte Station im diesj\u00e4hrigen VR-Laufcup und so ging es in vielen Altersklassen nicht nur um die Medaillen der Landesmeisterschaft, sondern auch um die Endplatzierungen im Laufcup.<br \/>\nF\u00fcr unseren Verein waren 4L\u00e4uferinnen und 11L\u00e4ufer im Kellerswald von Bad Doberan erfolgreich am Start.<br \/>\n5000m (3 Runden durch den Kellerwald) mussten die Frauen und Senioren der Altersklasse M75 und M80 bew\u00e4ltigen. Die anderen M\u00e4nneraltersklassen absolvierten eine Runde mehr (6700m):<br \/>\nBei den Frauen gab es in 3 Altersklassen Landesmeistertitel f\u00fcr unseren Verein. Nicole M\u00fcller gewann die W30 in 28:36min und sicherte sich durch ihren Sieg einen hervorragenden 2.Platz in der Gesamtwertung des Cups 2014. Die bereits als Gesamtsiegerinnen feststehenden Waltraud Garnitz (W75) und Manuela Hofmann (W50) kr\u00f6nten ihre hervorragende Laufcupsaison mit den Landesmeistertiteln. Waltraud absolvierte die Strecke in 34:35min und Manuela in 22:06min. Gabi Kaletzki wurde in einer Zeit von 32:43min Vierte in ihrer Altersklasse W60.<br \/>\nBei den M\u00e4nnern bewies der mehrfache Laufcupgesamtsieger Mathias Ahrenberg seine ansteigende Form und wurde hinter Matthias Weipert Gesamtzweiter. Da Matthias Weipert aber nicht f\u00fcr den Laufcup gemeldet ist, gewann Matthias neben seinen Landesmeistertitel in der M30 auch die Gesamtcupwertung des Tages. Landesmeister Matthias Ahrenberg lief die 6700m in 22:47min und sicherte sich dadurch noch im letzten Cuplauf den 3.Platz in der Gesamtwertung. In der gleichen Altersklasse belegte Frederic Wener in 23:45min den 3.Platz und in der Tagesgesamtwertung des Laufcups den 4.Platz<br \/>\nIn der M30 wurde Birger B\u00f6sel, ebenfalls Laufgruppe Schwerin, in 24:51min Zweiter hinter dem Gesamtsieger Mathiass Weipert von Fiko Rostock. Es gab aber f\u00fcr Birger in der Cupwertung die volle Punktzahl von 25,5, da Matthias Weipert nicht im Laufcup startet. Damit sicherte sich Birger B\u00f6sel in der Gesamtcupwertung noch den 2.Platz seiner Altersklasse.<br \/>\nDurch die hervorragende Leistungen von Mathias Ahrenberg, Frederic Werner und Birger B\u00f6sel schob sich die Laufgruppe Schwerin in der Endwertung der Teamwertung, hier werden die besten 5 L\u00e4ufer_innen eines Vereins gewertet, noch vom F\u00fcnftem auf den 3. Platz. I<br \/>\nUnser Oldie Egon Kannegie\u00dfer wurde in einer Zeit von 45:38min(5000m) Vizelandesmeister der M80.<br \/>\nUnsere weiteren Platzierungen:<br \/>\nM30 6.Platz Frank Tschersich 26:26min<br \/>\nM45 9.Platz Frank Leonhardt 26:39min<br \/>\nM45 12.Platz Mario Rei\u00dfig 28:38min<br \/>\nM50 10.Platz Fred Kiesendahl 32:47min<br \/>\nM55 5.Platz Sven Jonas 26:20min<br \/>\nM55 7.Platz Lothar Gajek 28:01min<br \/>\nM55 8.Platz Harald Tschersich 29:16min<br \/>\nM60 5.Platz Rainer Bastek 35:35min<br \/>\nM70 6.Platz Horst Sch\u00f6ne 42:56min<\/p>\n<div id=\"attachment_948\" style=\"width: 802px\" class=\"wp-caption alignleft\"><a href=\"https:\/\/www.laufgruppe-Schwerin.de\/wp-content\/uploads\/2014\/12\/00.jpg\"><img loading=\"lazy\" decoding=\"async\" aria-describedby=\"caption-attachment-948\" class=\"size-full wp-image-948\" src=\"https:\/\/www.laufgruppe-Schwerin.de\/wp-content\/uploads\/2014\/12\/00.jpg\" alt=\"Manuela Hofmann Landesmeisterin W50\" width=\"792\" height=\"594\" srcset=\"https:\/\/www.laufgruppe-schwerin.de\/wp-content\/uploads\/2014\/12\/00.jpg 792w, https:\/\/www.laufgruppe-schwerin.de\/wp-content\/uploads\/2014\/12\/00-300x225.jpg 300w\" sizes=\"auto, (max-width: 792px) 100vw, 792px\" \/><\/a><p id=\"caption-attachment-948\" class=\"wp-caption-text\">Manuela Hofmann Landesmeisterin W50<\/p><\/div>\n<p>&nbsp;<\/p>\n<div id=\"attachment_950\" style=\"width: 410px\" class=\"wp-caption alignleft\"><a href=\"https:\/\/www.laufgruppe-Schwerin.de\/wp-content\/uploads\/2014\/12\/011.jpg\"><img loading=\"lazy\" decoding=\"async\" aria-describedby=\"caption-attachment-950\" class=\"size-full wp-image-950\" src=\"https:\/\/www.laufgruppe-Schwerin.de\/wp-content\/uploads\/2014\/12\/011.jpg\" alt=\"Mathias Ahrenberg Landesmeister M30\" width=\"400\" height=\"600\" srcset=\"https:\/\/www.laufgruppe-schwerin.de\/wp-content\/uploads\/2014\/12\/011.jpg 400w, https:\/\/www.laufgruppe-schwerin.de\/wp-content\/uploads\/2014\/12\/011-200x300.jpg 200w\" sizes=\"auto, (max-width: 400px) 100vw, 400px\" \/><\/a><p id=\"caption-attachment-950\" class=\"wp-caption-text\">Mathias Ahrenberg Landesmeister M30<\/p><\/div>\n<div id=\"attachment_953\" style=\"width: 362px\" class=\"wp-caption alignleft\"><a href=\"https:\/\/www.laufgruppe-Schwerin.de\/wp-content\/uploads\/2014\/12\/021.jpg\"><img loading=\"lazy\" decoding=\"async\" aria-describedby=\"caption-attachment-953\" class=\"size-full wp-image-953\" src=\"https:\/\/www.laufgruppe-Schwerin.de\/wp-content\/uploads\/2014\/12\/021.jpg\" alt=\"Frank Leonhardt\" width=\"352\" height=\"469\" srcset=\"https:\/\/www.laufgruppe-schwerin.de\/wp-content\/uploads\/2014\/12\/021.jpg 352w, https:\/\/www.laufgruppe-schwerin.de\/wp-content\/uploads\/2014\/12\/021-225x300.jpg 225w\" sizes=\"auto, (max-width: 352px) 100vw, 352px\" \/><\/a><p id=\"caption-attachment-953\" class=\"wp-caption-text\">Frank Leonhardt<\/p><\/div>\n<div id=\"attachment_955\" style=\"width: 410px\" class=\"wp-caption alignleft\"><a href=\"https:\/\/www.laufgruppe-Schwerin.de\/wp-content\/uploads\/2014\/12\/031.jpg\"><img loading=\"lazy\" decoding=\"async\" aria-describedby=\"caption-attachment-955\" class=\"size-full wp-image-955\" src=\"https:\/\/www.laufgruppe-Schwerin.de\/wp-content\/uploads\/2014\/12\/031.jpg\" alt=\"Frank Tschersich\" width=\"400\" height=\"600\" srcset=\"https:\/\/www.laufgruppe-schwerin.de\/wp-content\/uploads\/2014\/12\/031.jpg 400w, https:\/\/www.laufgruppe-schwerin.de\/wp-content\/uploads\/2014\/12\/031-200x300.jpg 200w\" sizes=\"auto, (max-width: 400px) 100vw, 400px\" \/><\/a><p id=\"caption-attachment-955\" class=\"wp-caption-text\">Frank Tschersich<\/p><\/div>\n<div id=\"attachment_957\" style=\"width: 411px\" class=\"wp-caption alignleft\"><a href=\"https:\/\/www.laufgruppe-Schwerin.de\/wp-content\/uploads\/2014\/12\/041.jpg\"><img loading=\"lazy\" decoding=\"async\" aria-describedby=\"caption-attachment-957\" class=\"size-full wp-image-957\" src=\"https:\/\/www.laufgruppe-Schwerin.de\/wp-content\/uploads\/2014\/12\/041.jpg\" alt=\"Fred Kiesendahl\" width=\"401\" height=\"600\" srcset=\"https:\/\/www.laufgruppe-schwerin.de\/wp-content\/uploads\/2014\/12\/041.jpg 401w, https:\/\/www.laufgruppe-schwerin.de\/wp-content\/uploads\/2014\/12\/041-200x300.jpg 200w\" sizes=\"auto, (max-width: 401px) 100vw, 401px\" \/><\/a><p id=\"caption-attachment-957\" class=\"wp-caption-text\">Fred Kiesendahl<\/p><\/div>\n<div id=\"attachment_959\" style=\"width: 409px\" class=\"wp-caption alignleft\"><a href=\"https:\/\/www.laufgruppe-Schwerin.de\/wp-content\/uploads\/2014\/12\/051.jpg\"><img loading=\"lazy\" decoding=\"async\" aria-describedby=\"caption-attachment-959\" class=\"size-full wp-image-959\" src=\"https:\/\/www.laufgruppe-Schwerin.de\/wp-content\/uploads\/2014\/12\/051.jpg\" alt=\"Frederic Werner\" width=\"399\" height=\"600\" srcset=\"https:\/\/www.laufgruppe-schwerin.de\/wp-content\/uploads\/2014\/12\/051.jpg 399w, https:\/\/www.laufgruppe-schwerin.de\/wp-content\/uploads\/2014\/12\/051-199x300.jpg 199w\" sizes=\"auto, (max-width: 399px) 100vw, 399px\" \/><\/a><p id=\"caption-attachment-959\" class=\"wp-caption-text\">Frederic Werner<\/p><\/div>\n<div id=\"attachment_961\" style=\"width: 409px\" class=\"wp-caption alignleft\"><a href=\"https:\/\/www.laufgruppe-Schwerin.de\/wp-content\/uploads\/2014\/12\/061.jpg\"><img loading=\"lazy\" decoding=\"async\" aria-describedby=\"caption-attachment-961\" class=\"size-full wp-image-961\" src=\"https:\/\/www.laufgruppe-Schwerin.de\/wp-content\/uploads\/2014\/12\/061.jpg\" alt=\"Harald Tschersich\" width=\"399\" height=\"600\" srcset=\"https:\/\/www.laufgruppe-schwerin.de\/wp-content\/uploads\/2014\/12\/061.jpg 399w, https:\/\/www.laufgruppe-schwerin.de\/wp-content\/uploads\/2014\/12\/061-199x300.jpg 199w\" sizes=\"auto, (max-width: 399px) 100vw, 399px\" \/><\/a><p id=\"caption-attachment-961\" class=\"wp-caption-text\">Harald Tschersich<\/p><\/div>\n<div id=\"attachment_963\" style=\"width: 410px\" class=\"wp-caption alignleft\"><a href=\"https:\/\/www.laufgruppe-Schwerin.de\/wp-content\/uploads\/2014\/12\/071.jpg\"><img loading=\"lazy\" decoding=\"async\" aria-describedby=\"caption-attachment-963\" class=\"size-full wp-image-963\" src=\"https:\/\/www.laufgruppe-Schwerin.de\/wp-content\/uploads\/2014\/12\/071.jpg\" alt=\"Lothar Gajek\" width=\"400\" height=\"600\" srcset=\"https:\/\/www.laufgruppe-schwerin.de\/wp-content\/uploads\/2014\/12\/071.jpg 400w, https:\/\/www.laufgruppe-schwerin.de\/wp-content\/uploads\/2014\/12\/071-200x300.jpg 200w\" sizes=\"auto, (max-width: 400px) 100vw, 400px\" \/><\/a><p id=\"caption-attachment-963\" class=\"wp-caption-text\">Lothar Gajek<\/p><\/div>\n<div id=\"attachment_965\" style=\"width: 409px\" class=\"wp-caption alignleft\"><a href=\"https:\/\/www.laufgruppe-Schwerin.de\/wp-content\/uploads\/2014\/12\/081.jpg\"><img loading=\"lazy\" decoding=\"async\" aria-describedby=\"caption-attachment-965\" class=\"size-full wp-image-965\" src=\"https:\/\/www.laufgruppe-Schwerin.de\/wp-content\/uploads\/2014\/12\/081.jpg\" alt=\"Mario Rei\u00dfig\" width=\"399\" height=\"600\" srcset=\"https:\/\/www.laufgruppe-schwerin.de\/wp-content\/uploads\/2014\/12\/081.jpg 399w, https:\/\/www.laufgruppe-schwerin.de\/wp-content\/uploads\/2014\/12\/081-199x300.jpg 199w\" sizes=\"auto, (max-width: 399px) 100vw, 399px\" \/><\/a><p id=\"caption-attachment-965\" class=\"wp-caption-text\">Mario Rei\u00dfig<\/p><\/div>\n<div id=\"attachment_967\" style=\"width: 410px\" class=\"wp-caption alignleft\"><a href=\"https:\/\/www.laufgruppe-Schwerin.de\/wp-content\/uploads\/2014\/12\/091.jpg\"><img loading=\"lazy\" decoding=\"async\" aria-describedby=\"caption-attachment-967\" class=\"size-full wp-image-967\" src=\"https:\/\/www.laufgruppe-Schwerin.de\/wp-content\/uploads\/2014\/12\/091.jpg\" alt=\"Sven Jonas\" width=\"400\" height=\"600\" srcset=\"https:\/\/www.laufgruppe-schwerin.de\/wp-content\/uploads\/2014\/12\/091.jpg 400w, https:\/\/www.laufgruppe-schwerin.de\/wp-content\/uploads\/2014\/12\/091-200x300.jpg 200w\" sizes=\"auto, (max-width: 400px) 100vw, 400px\" \/><\/a><p id=\"caption-attachment-967\" class=\"wp-caption-text\">Sven Jonas<\/p><\/div>\n<div id=\"attachment_969\" style=\"width: 1034px\" class=\"wp-caption alignleft\"><a href=\"https:\/\/www.laufgruppe-Schwerin.de\/wp-content\/uploads\/2014\/12\/x1.jpg\"><img loading=\"lazy\" decoding=\"async\" aria-describedby=\"caption-attachment-969\" class=\"size-full wp-image-969\" src=\"https:\/\/www.laufgruppe-Schwerin.de\/wp-content\/uploads\/2014\/12\/x1.jpg\" alt=\"Siegerehrung M35 2.Platz Birger B\u00f6sel\" width=\"1024\" height=\"660\" srcset=\"https:\/\/www.laufgruppe-schwerin.de\/wp-content\/uploads\/2014\/12\/x1.jpg 1024w, https:\/\/www.laufgruppe-schwerin.de\/wp-content\/uploads\/2014\/12\/x1-300x193.jpg 300w\" sizes=\"auto, (max-width: 1024px) 100vw, 1024px\" \/><\/a><p id=\"caption-attachment-969\" class=\"wp-caption-text\">Siegerehrung M35<br \/>2.Platz Birger B\u00f6sel<\/p><\/div>\n<div id=\"attachment_971\" style=\"width: 1034px\" class=\"wp-caption alignleft\"><a href=\"https:\/\/www.laufgruppe-Schwerin.de\/wp-content\/uploads\/2014\/12\/x2.jpg\"><img loading=\"lazy\" decoding=\"async\" aria-describedby=\"caption-attachment-971\" class=\"size-full wp-image-971\" src=\"https:\/\/www.laufgruppe-Schwerin.de\/wp-content\/uploads\/2014\/12\/x2.jpg\" alt=\"Siegerehrung M75 rechts Horst Sch\u00f6ne\" width=\"1024\" height=\"768\" srcset=\"https:\/\/www.laufgruppe-schwerin.de\/wp-content\/uploads\/2014\/12\/x2.jpg 1024w, https:\/\/www.laufgruppe-schwerin.de\/wp-content\/uploads\/2014\/12\/x2-300x225.jpg 300w\" sizes=\"auto, (max-width: 1024px) 100vw, 1024px\" \/><\/a><p id=\"caption-attachment-971\" class=\"wp-caption-text\">Siegerehrung M75<br \/>rechts Horst Sch\u00f6ne<\/p><\/div>\n<div id=\"attachment_972\" style=\"width: 778px\" class=\"wp-caption alignleft\"><a href=\"https:\/\/www.laufgruppe-Schwerin.de\/wp-content\/uploads\/2014\/12\/x3.jpg\"><img loading=\"lazy\" decoding=\"async\" aria-describedby=\"caption-attachment-972\" class=\"size-full wp-image-972\" src=\"https:\/\/www.laufgruppe-Schwerin.de\/wp-content\/uploads\/2014\/12\/x3.jpg\" alt=\"Siegerehrung M80 2.Platz Egon Kannegie\u00dfer\" width=\"768\" height=\"1021\" srcset=\"https:\/\/www.laufgruppe-schwerin.de\/wp-content\/uploads\/2014\/12\/x3.jpg 768w, https:\/\/www.laufgruppe-schwerin.de\/wp-content\/uploads\/2014\/12\/x3-225x300.jpg 225w\" sizes=\"auto, (max-width: 768px) 100vw, 768px\" \/><\/a><p id=\"caption-attachment-972\" class=\"wp-caption-text\">Siegerehrung M80<br \/>2.Platz Egon Kannegie\u00dfer<\/p><\/div>\n<p>&nbsp;<\/p>\n<p>&nbsp;<\/p>\n<p>&nbsp;<\/p>\n<p>&nbsp;<\/p>\n<p>&nbsp;<\/p>\n<p>&nbsp;<\/p>\n<p>&nbsp;<\/p>\n<p>&nbsp;<\/p>\n<p>&nbsp;<\/p>\n<p>&nbsp;<\/p>\n<p>&nbsp;<\/p>\n<p>&nbsp;<\/p>\n<p>&nbsp;<\/p>\n<p>&nbsp;<\/p>\n<iframe src=\"http:\/\/www.facebook.com\/plugins\/like.php?href=https%3A%2F%2Fwww.laufgruppe-schwerin.de%2F%3Fp%3D933&amp;layout=standard&amp;show_faces=true&amp;width=450&amp;action=like&amp;colorscheme=light\" scrolling=\"no\" frameborder=\"0\" allowTransparency=\"true\" style=\"border:none; overflow:hidden; width:450px;margin-top:5px;\"><\/iframe>","protected":false},"excerpt":{"rendered":"<p>Bei wunderbarem Novemberwetter wurden am 8.November die Landesmeisterschaften im Crosslauf in Bad Doberan ausgetragen. Gleichzeitig war es die letzte Station im diesj\u00e4hrigen VR-Laufcup und so ging es in vielen Altersklassen nicht nur um die Medaillen der Landesmeisterschaft, sondern auch um die Endplatzierungen im Laufcup. F\u00fcr unseren Verein waren 4L\u00e4uferinnen und 11L\u00e4ufer im Kellerswald von Bad [&hellip;]<\/p>\n","protected":false},"author":3,"featured_media":947,"comment_status":"open","ping_status":"open","sticky":false,"template":"","format":"standard","meta":{"ngg_post_thumbnail":0,"footnotes":""},"categories":[1],"tags":[],"class_list":{"0":"post-933","1":"post","2":"type-post","3":"status-publish","4":"format-standard","5":"has-post-thumbnail","7":"category-beitraege","8":"czr-hentry"},"_links":{"self":[{"href":"https:\/\/www.laufgruppe-schwerin.de\/index.php?rest_route=\/wp\/v2\/posts\/933","targetHints":{"allow":["GET"]}}],"collection":[{"href":"https:\/\/www.laufgruppe-schwerin.de\/index.php?rest_route=\/wp\/v2\/posts"}],"about":[{"href":"https:\/\/www.laufgruppe-schwerin.de\/index.php?rest_route=\/wp\/v2\/types\/post"}],"author":[{"embeddable":true,"href":"https:\/\/www.laufgruppe-schwerin.de\/index.php?rest_route=\/wp\/v2\/users\/3"}],"replies":[{"embeddable":true,"href":"https:\/\/www.laufgruppe-schwerin.de\/index.php?rest_route=%2Fwp%2Fv2%2Fcomments&post=933"}],"version-history":[{"count":17,"href":"https:\/\/www.laufgruppe-schwerin.de\/index.php?rest_route=\/wp\/v2\/posts\/933\/revisions"}],"predecessor-version":[{"id":975,"href":"https:\/\/www.laufgruppe-schwerin.de\/index.php?rest_route=\/wp\/v2\/posts\/933\/revisions\/975"}],"wp:featuredmedia":[{"embeddable":true,"href":"https:\/\/www.laufgruppe-schwerin.de\/index.php?rest_route=\/wp\/v2\/media\/947"}],"wp:attachment":[{"href":"https:\/\/www.laufgruppe-schwerin.de\/index.php?rest_route=%2Fwp%2Fv2%2Fmedia&parent=933"}],"wp:term":[{"taxonomy":"category","embeddable":true,"href":"https:\/\/www.laufgruppe-schwerin.de\/index.php?rest_route=%2Fwp%2Fv2%2Fcategories&post=933"},{"taxonomy":"post_tag","embeddable":true,"href":"https:\/\/www.laufgruppe-schwerin.de\/index.php?rest_route=%2Fwp%2Fv2%2Ftags&post=933"}],"curies":[{"name":"wp","href":"https:\/\/api.w.org\/{rel}","templated":true}]}}