{"id":867,"date":"2014-10-21T16:11:07","date_gmt":"2014-10-21T14:11:07","guid":{"rendered":"http:\/\/www.laufgruppe-schwerin.de\/?p=867"},"modified":"2014-10-21T16:11:07","modified_gmt":"2014-10-21T14:11:07","slug":"anne-krey-und-manuela-hofmann-wurden-landesmeister-im-10-kilometerstrassenlauf-und-gewannen-damit-fruehzeitig-ihre-altersklassen-im-vr-laufcup-mecklenburg-vorpommern-2014","status":"publish","type":"post","link":"https:\/\/www.laufgruppe-schwerin.de\/?p=867","title":{"rendered":"Anne Krey und Manuela Hofmann wurden Landesmeister im 10-Kilometerstra\u00dfenlauf und gewannen damit fr\u00fchzeitig ihre Altersklassen im VR-Laufcup Mecklenburg-Vorpommern 2014"},"content":{"rendered":"<p>Lubmin begr\u00fc\u00dfte die L\u00e4uferinnen und L\u00e4ufer mit wunderbarem Herbstwetter und so gab es auf der schnellen Lubminer Strecke optimale Voraussetzungen f\u00fcr Bestzeiten. Die HSG Uni Greifswald erwies sich wieder als sehr guter Veranstalter.<br \/>\n4 L\u00e4uferinnen und 9 L\u00e4ufer unserer Laufgruppe Schwerin gingen gemeinsam mit \u00fcber 300 Teilnehmern beim 13.Sebastian Fredrich\u2013Gedenklauf &#8211; im Kampf um die Landesmeisterschaften im 5 bzw.10km-Stra\u00dfenlauf an den Start. Hierbei musste ein Rundkurs von 2,5 Kilometer durch das Ostseebad Lubmin 2 bzw. 4 mal absolviert werden. Gleichzeitig war es der 13. und vorletzte Lauf im VR-Laufcup Mecklenburg-Vorpommern 2014.<br \/>\nF\u00fcr die Nachwuchsl\u00e4ufer ging es \u00fcber 5 Kilometer um die Titel. Hier belegte Sofie Sch\u00f6ne in der Altersklasse W15 mit 27:59 min den 3.Platz.<br \/>\nAlle anderen L\u00e4uferinnen und L\u00e4ufer gingen erfolgreich \u00fcber 10Kilometer an den Start.<br \/>\nBesonders hervorzuheben sind die Leistungen von Anne Krey und Manuela Hofmann, beide holten die Titel in ihren Altersklassen mit pers\u00f6nlichen Bestzeiten. Anne Krey gewann ihre Altersklasse W30 in 46:68min und Manuela Hofmann als Gesamtf\u00fcnfte in der Cupwertung gewann die W50 in 43:09min Mit ihren Siegen f\u00fchren beide L\u00e4uferinnen ihre Altersklassenwertungen uneinholbar an und sicherten sich fr\u00fchzeitig den Altersklassengesamtsieg im Landeslaufcup 2014. Auch unsere dritte Frau \u00fcber 10 Kilometer lief aufs Treppchen, Ulrike Sch\u00f6ne erreichte mit einer Zeit von 50:14min den dritten Platz der W45.<br \/>\nSchnellster L\u00e4ufer unserer Laufgruppe war Mathias Ahrenberg mit 36:50min, damit wurde er Vizelandesmeister in der M30 und in der Gesamtcupwertung F\u00fcnfter. In der gleichen Altersklasse wurde Frank Tschersich mit 41:25 Vierter. Birger B\u00f6sel erreichte in pers\u00f6nlicher Bestzeit von 37:56 min den dritten Platz der M35. In der M45 liefen Frank Leonhardt und Christian Stapel in 42:16min bzw. 48:18min auf die Pl\u00e4tze Zehn und Achtzehn. Fred Kiesendahl belegte mit 51:09 den 9.Platz der M50. Sven Jonas wurde mit 40:27min Vizelandesmeister der M55 und Lothar Gajek belegte in der gleichen Altersklasse mit 42:53min den 5.Platz.Mit 47:07 gab es f\u00fcr Rudolf Borchert einen dritten Platz in der M60.<\/p>\n<p><a href=\"https:\/\/www.laufgruppe-Schwerin.de\/wp-content\/uploads\/2014\/10\/120OKTOBER-LM-Stra\u00dfenlauf-Lubmin-1261.jpg\"><img loading=\"lazy\" decoding=\"async\" class=\"alignleft size-full wp-image-907\" src=\"https:\/\/www.laufgruppe-Schwerin.de\/wp-content\/uploads\/2014\/10\/120OKTOBER-LM-Stra\u00dfenlauf-Lubmin-1261.jpg\" alt=\"\" width=\"1024\" height=\"768\" srcset=\"https:\/\/www.laufgruppe-schwerin.de\/wp-content\/uploads\/2014\/10\/120OKTOBER-LM-Stra\u00dfenlauf-Lubmin-1261.jpg 1024w, https:\/\/www.laufgruppe-schwerin.de\/wp-content\/uploads\/2014\/10\/120OKTOBER-LM-Stra\u00dfenlauf-Lubmin-1261-300x225.jpg 300w\" sizes=\"auto, (max-width: 1024px) 100vw, 1024px\" \/><\/a><\/p>\n<div id=\"attachment_871\" style=\"width: 410px\" class=\"wp-caption alignleft\"><a href=\"https:\/\/www.laufgruppe-Schwerin.de\/wp-content\/uploads\/2014\/10\/01.jpg\"><img loading=\"lazy\" decoding=\"async\" aria-describedby=\"caption-attachment-871\" class=\"size-full wp-image-871\" src=\"https:\/\/www.laufgruppe-Schwerin.de\/wp-content\/uploads\/2014\/10\/01.jpg\" alt=\"Sofie Sch\u00f6ne 3.Platz W15 \u00fcber 5km\" width=\"400\" height=\"600\" srcset=\"https:\/\/www.laufgruppe-schwerin.de\/wp-content\/uploads\/2014\/10\/01.jpg 400w, https:\/\/www.laufgruppe-schwerin.de\/wp-content\/uploads\/2014\/10\/01-200x300.jpg 200w\" sizes=\"auto, (max-width: 400px) 100vw, 400px\" \/><\/a><p id=\"caption-attachment-871\" class=\"wp-caption-text\">Sofie Sch\u00f6ne 3.Platz W15 \u00fcber 5km<\/p><\/div>\n<div id=\"attachment_875\" style=\"width: 409px\" class=\"wp-caption alignleft\"><a href=\"https:\/\/www.laufgruppe-Schwerin.de\/wp-content\/uploads\/2014\/10\/02.jpg\"><img loading=\"lazy\" decoding=\"async\" aria-describedby=\"caption-attachment-875\" class=\"size-full wp-image-875\" src=\"https:\/\/www.laufgruppe-Schwerin.de\/wp-content\/uploads\/2014\/10\/02.jpg\" alt=\"&quot;Manu&quot; Hofmann Landesmeisterin W50 \u00fcber 10km\" width=\"399\" height=\"600\" srcset=\"https:\/\/www.laufgruppe-schwerin.de\/wp-content\/uploads\/2014\/10\/02.jpg 399w, https:\/\/www.laufgruppe-schwerin.de\/wp-content\/uploads\/2014\/10\/02-199x300.jpg 199w\" sizes=\"auto, (max-width: 399px) 100vw, 399px\" \/><\/a><p id=\"caption-attachment-875\" class=\"wp-caption-text\">&#8222;Manu&#8220; Hofmann Landesmeisterin W50 \u00fcber 10km<\/p><\/div>\n<div id=\"attachment_877\" style=\"width: 410px\" class=\"wp-caption alignleft\"><a href=\"https:\/\/www.laufgruppe-Schwerin.de\/wp-content\/uploads\/2014\/10\/03.jpg\"><img loading=\"lazy\" decoding=\"async\" aria-describedby=\"caption-attachment-877\" class=\"size-full wp-image-877\" src=\"https:\/\/www.laufgruppe-Schwerin.de\/wp-content\/uploads\/2014\/10\/03.jpg\" alt=\"Ulrike Sch\u00f6ne 3.Platz W45 \u00fcber 10km\" width=\"400\" height=\"600\" srcset=\"https:\/\/www.laufgruppe-schwerin.de\/wp-content\/uploads\/2014\/10\/03.jpg 400w, https:\/\/www.laufgruppe-schwerin.de\/wp-content\/uploads\/2014\/10\/03-200x300.jpg 200w\" sizes=\"auto, (max-width: 400px) 100vw, 400px\" \/><\/a><p id=\"caption-attachment-877\" class=\"wp-caption-text\">Ulrike Sch\u00f6ne 3.Platz W45 \u00fcber 10km<\/p><\/div>\n<div id=\"attachment_879\" style=\"width: 410px\" class=\"wp-caption alignleft\"><a href=\"https:\/\/www.laufgruppe-Schwerin.de\/wp-content\/uploads\/2014\/10\/04.jpg\"><img loading=\"lazy\" decoding=\"async\" aria-describedby=\"caption-attachment-879\" class=\"size-full wp-image-879\" src=\"https:\/\/www.laufgruppe-Schwerin.de\/wp-content\/uploads\/2014\/10\/04.jpg\" alt=\"Mathias Ahrenberg Vizelandesmeister M30 \u00fcber 10km\" width=\"400\" height=\"600\" srcset=\"https:\/\/www.laufgruppe-schwerin.de\/wp-content\/uploads\/2014\/10\/04.jpg 400w, https:\/\/www.laufgruppe-schwerin.de\/wp-content\/uploads\/2014\/10\/04-200x300.jpg 200w\" sizes=\"auto, (max-width: 400px) 100vw, 400px\" \/><\/a><p id=\"caption-attachment-879\" class=\"wp-caption-text\">Mathias Ahrenberg Vizelandesmeister M30 \u00fcber 10km<\/p><\/div>\n<div id=\"attachment_906\" style=\"width: 471px\" class=\"wp-caption alignleft\"><a href=\"https:\/\/www.laufgruppe-Schwerin.de\/wp-content\/uploads\/2014\/10\/05a.jpg\"><img loading=\"lazy\" decoding=\"async\" aria-describedby=\"caption-attachment-906\" class=\"size-full wp-image-906\" src=\"https:\/\/www.laufgruppe-Schwerin.de\/wp-content\/uploads\/2014\/10\/05a.jpg\" alt=\"Sven Jonas Vizelandesmeister M55 \u00fcber 10km\" width=\"461\" height=\"614\" srcset=\"https:\/\/www.laufgruppe-schwerin.de\/wp-content\/uploads\/2014\/10\/05a.jpg 461w, https:\/\/www.laufgruppe-schwerin.de\/wp-content\/uploads\/2014\/10\/05a-225x300.jpg 225w\" sizes=\"auto, (max-width: 461px) 100vw, 461px\" \/><\/a><p id=\"caption-attachment-906\" class=\"wp-caption-text\">Sven Jonas Vizelandesmeister M55 \u00fcber 10km<\/p><\/div>\n<p>&nbsp;<\/p>\n<div id=\"attachment_883\" style=\"width: 409px\" class=\"wp-caption alignleft\"><a href=\"https:\/\/www.laufgruppe-Schwerin.de\/wp-content\/uploads\/2014\/10\/06.jpg\"><img loading=\"lazy\" decoding=\"async\" aria-describedby=\"caption-attachment-883\" class=\"size-full wp-image-883\" src=\"https:\/\/www.laufgruppe-Schwerin.de\/wp-content\/uploads\/2014\/10\/06.jpg\" alt=\"Birger B\u00f6sel 3.Platz M35 \u00fcber 10km\" width=\"399\" height=\"600\" srcset=\"https:\/\/www.laufgruppe-schwerin.de\/wp-content\/uploads\/2014\/10\/06.jpg 399w, https:\/\/www.laufgruppe-schwerin.de\/wp-content\/uploads\/2014\/10\/06-199x300.jpg 199w\" sizes=\"auto, (max-width: 399px) 100vw, 399px\" \/><\/a><p id=\"caption-attachment-883\" class=\"wp-caption-text\">Birger B\u00f6sel 3.Platz M35 \u00fcber 10km<\/p><\/div>\n<div id=\"attachment_885\" style=\"width: 410px\" class=\"wp-caption alignleft\"><a href=\"https:\/\/www.laufgruppe-Schwerin.de\/wp-content\/uploads\/2014\/10\/07.jpg\"><img loading=\"lazy\" decoding=\"async\" aria-describedby=\"caption-attachment-885\" class=\"size-full wp-image-885\" src=\"https:\/\/www.laufgruppe-Schwerin.de\/wp-content\/uploads\/2014\/10\/07.jpg\" alt=\"&quot;Rudi&quot; Borchert 3.Platz M60 \u00fcber 10km\" width=\"400\" height=\"533\" srcset=\"https:\/\/www.laufgruppe-schwerin.de\/wp-content\/uploads\/2014\/10\/07.jpg 400w, https:\/\/www.laufgruppe-schwerin.de\/wp-content\/uploads\/2014\/10\/07-225x300.jpg 225w\" sizes=\"auto, (max-width: 400px) 100vw, 400px\" \/><\/a><p id=\"caption-attachment-885\" class=\"wp-caption-text\">&#8222;Rudi&#8220; Borchert 3.Platz M60 \u00fcber 10km<\/p><\/div>\n<div id=\"attachment_905\" style=\"width: 476px\" class=\"wp-caption alignleft\"><a href=\"https:\/\/www.laufgruppe-Schwerin.de\/wp-content\/uploads\/2014\/10\/081.jpg\"><img loading=\"lazy\" decoding=\"async\" aria-describedby=\"caption-attachment-905\" class=\"size-full wp-image-905\" src=\"https:\/\/www.laufgruppe-Schwerin.de\/wp-content\/uploads\/2014\/10\/081.jpg\" alt=\"Frank Leonhardt 10.Platz M45 \u00fcber 10km\" width=\"466\" height=\"622\" srcset=\"https:\/\/www.laufgruppe-schwerin.de\/wp-content\/uploads\/2014\/10\/081.jpg 466w, https:\/\/www.laufgruppe-schwerin.de\/wp-content\/uploads\/2014\/10\/081-224x300.jpg 224w\" sizes=\"auto, (max-width: 466px) 100vw, 466px\" \/><\/a><p id=\"caption-attachment-905\" class=\"wp-caption-text\">Frank Leonhardt 10.Platz M45 \u00fcber 10km<\/p><\/div>\n<p>&nbsp;<\/p>\n<p>&nbsp;<\/p>\n<div id=\"attachment_890\" style=\"width: 409px\" class=\"wp-caption alignleft\"><a href=\"https:\/\/www.laufgruppe-Schwerin.de\/wp-content\/uploads\/2014\/10\/09.jpg\"><img loading=\"lazy\" decoding=\"async\" aria-describedby=\"caption-attachment-890\" class=\"size-full wp-image-890\" src=\"https:\/\/www.laufgruppe-Schwerin.de\/wp-content\/uploads\/2014\/10\/09.jpg\" alt=\"Lothar Gajek 5.Platz M55 \u00fcber 10km\" width=\"399\" height=\"600\" srcset=\"https:\/\/www.laufgruppe-schwerin.de\/wp-content\/uploads\/2014\/10\/09.jpg 399w, https:\/\/www.laufgruppe-schwerin.de\/wp-content\/uploads\/2014\/10\/09-199x300.jpg 199w\" sizes=\"auto, (max-width: 399px) 100vw, 399px\" \/><\/a><p id=\"caption-attachment-890\" class=\"wp-caption-text\">Lothar Gajek 5.Platz M55 \u00fcber 10km<\/p><\/div>\n<div id=\"attachment_892\" style=\"width: 410px\" class=\"wp-caption alignleft\"><a href=\"https:\/\/www.laufgruppe-Schwerin.de\/wp-content\/uploads\/2014\/10\/10.jpg\"><img loading=\"lazy\" decoding=\"async\" aria-describedby=\"caption-attachment-892\" class=\"size-full wp-image-892\" src=\"https:\/\/www.laufgruppe-Schwerin.de\/wp-content\/uploads\/2014\/10\/10.jpg\" alt=\"Christian Stapel 18.Platz M45 \u00fcber 10km\" width=\"400\" height=\"600\" srcset=\"https:\/\/www.laufgruppe-schwerin.de\/wp-content\/uploads\/2014\/10\/10.jpg 400w, https:\/\/www.laufgruppe-schwerin.de\/wp-content\/uploads\/2014\/10\/10-200x300.jpg 200w\" sizes=\"auto, (max-width: 400px) 100vw, 400px\" \/><\/a><p id=\"caption-attachment-892\" class=\"wp-caption-text\">Christian Stapel 18.Platz M45 \u00fcber 10km<\/p><\/div>\n<div id=\"attachment_894\" style=\"width: 409px\" class=\"wp-caption alignleft\"><a href=\"https:\/\/www.laufgruppe-Schwerin.de\/wp-content\/uploads\/2014\/10\/11.jpg\"><img loading=\"lazy\" decoding=\"async\" aria-describedby=\"caption-attachment-894\" class=\"size-full wp-image-894\" src=\"https:\/\/www.laufgruppe-Schwerin.de\/wp-content\/uploads\/2014\/10\/11.jpg\" alt=\"Fred Kiesendahl 9.Platz M50 \u00fcber 10km\" width=\"399\" height=\"600\" srcset=\"https:\/\/www.laufgruppe-schwerin.de\/wp-content\/uploads\/2014\/10\/11.jpg 399w, https:\/\/www.laufgruppe-schwerin.de\/wp-content\/uploads\/2014\/10\/11-199x300.jpg 199w\" sizes=\"auto, (max-width: 399px) 100vw, 399px\" \/><\/a><p id=\"caption-attachment-894\" class=\"wp-caption-text\">Fred Kiesendahl 9.Platz M50 \u00fcber 10km<\/p><\/div>\n<div id=\"attachment_896\" style=\"width: 410px\" class=\"wp-caption alignleft\"><a href=\"https:\/\/www.laufgruppe-Schwerin.de\/wp-content\/uploads\/2014\/10\/12.jpg\"><img loading=\"lazy\" decoding=\"async\" aria-describedby=\"caption-attachment-896\" class=\"size-full wp-image-896\" src=\"https:\/\/www.laufgruppe-Schwerin.de\/wp-content\/uploads\/2014\/10\/12.jpg\" alt=\"Harald Tschersich lief au\u00dferhalb der Landesmeisterschaft\" width=\"400\" height=\"600\" srcset=\"https:\/\/www.laufgruppe-schwerin.de\/wp-content\/uploads\/2014\/10\/12.jpg 400w, https:\/\/www.laufgruppe-schwerin.de\/wp-content\/uploads\/2014\/10\/12-200x300.jpg 200w\" sizes=\"auto, (max-width: 400px) 100vw, 400px\" \/><\/a><p id=\"caption-attachment-896\" class=\"wp-caption-text\">Harald Tschersich lief au\u00dferhalb der Landesmeisterschaft<\/p><\/div>\n<div id=\"attachment_911\" style=\"width: 778px\" class=\"wp-caption alignleft\"><a href=\"https:\/\/www.laufgruppe-Schwerin.de\/wp-content\/uploads\/2014\/10\/120OKTOBER-LM-Stra\u00dfenlauf-Lubmin-063-e1413899979786.jpg\"><img loading=\"lazy\" decoding=\"async\" aria-describedby=\"caption-attachment-911\" class=\"size-full wp-image-911\" src=\"https:\/\/www.laufgruppe-Schwerin.de\/wp-content\/uploads\/2014\/10\/120OKTOBER-LM-Stra\u00dfenlauf-Lubmin-063-e1413899979786.jpg\" alt=\"Anne Krey Landesmeisterin W30 \u00fcber 10km\" width=\"768\" height=\"1024\" srcset=\"https:\/\/www.laufgruppe-schwerin.de\/wp-content\/uploads\/2014\/10\/120OKTOBER-LM-Stra\u00dfenlauf-Lubmin-063-e1413899979786.jpg 768w, https:\/\/www.laufgruppe-schwerin.de\/wp-content\/uploads\/2014\/10\/120OKTOBER-LM-Stra\u00dfenlauf-Lubmin-063-e1413899979786-225x300.jpg 225w\" sizes=\"auto, (max-width: 768px) 100vw, 768px\" \/><\/a><p id=\"caption-attachment-911\" class=\"wp-caption-text\">Anne Krey Landesmeisterin W30 \u00fcber 10km<\/p><\/div>\n<div id=\"attachment_912\" style=\"width: 1034px\" class=\"wp-caption alignleft\"><a href=\"https:\/\/www.laufgruppe-Schwerin.de\/wp-content\/uploads\/2014\/10\/120OKTOBER-LM-Stra\u00dfenlauf-Lubmin-106.jpg\"><img loading=\"lazy\" decoding=\"async\" aria-describedby=\"caption-attachment-912\" class=\"size-full wp-image-912\" src=\"https:\/\/www.laufgruppe-Schwerin.de\/wp-content\/uploads\/2014\/10\/120OKTOBER-LM-Stra\u00dfenlauf-Lubmin-106.jpg\" alt=\"Siegerehrung W45 3.Platz Ulrike Sch\u00f6ne\" width=\"1024\" height=\"768\" srcset=\"https:\/\/www.laufgruppe-schwerin.de\/wp-content\/uploads\/2014\/10\/120OKTOBER-LM-Stra\u00dfenlauf-Lubmin-106.jpg 1024w, https:\/\/www.laufgruppe-schwerin.de\/wp-content\/uploads\/2014\/10\/120OKTOBER-LM-Stra\u00dfenlauf-Lubmin-106-300x225.jpg 300w\" sizes=\"auto, (max-width: 1024px) 100vw, 1024px\" \/><\/a><p id=\"caption-attachment-912\" class=\"wp-caption-text\">Siegerehrung W45<br \/>3.Platz Ulrike Sch\u00f6ne<\/p><\/div>\n<div id=\"attachment_914\" style=\"width: 1034px\" class=\"wp-caption alignleft\"><a href=\"https:\/\/www.laufgruppe-Schwerin.de\/wp-content\/uploads\/2014\/10\/120OKTOBER-LM-Stra\u00dfenlauf-Lubmin-123.jpg\"><img loading=\"lazy\" decoding=\"async\" aria-describedby=\"caption-attachment-914\" class=\"size-full wp-image-914\" src=\"https:\/\/www.laufgruppe-Schwerin.de\/wp-content\/uploads\/2014\/10\/120OKTOBER-LM-Stra\u00dfenlauf-Lubmin-123.jpg\" alt=\"Siegerehrung W50 Landesmeisterin Manuela Hofmann\" width=\"1024\" height=\"768\" srcset=\"https:\/\/www.laufgruppe-schwerin.de\/wp-content\/uploads\/2014\/10\/120OKTOBER-LM-Stra\u00dfenlauf-Lubmin-123.jpg 1024w, https:\/\/www.laufgruppe-schwerin.de\/wp-content\/uploads\/2014\/10\/120OKTOBER-LM-Stra\u00dfenlauf-Lubmin-123-300x225.jpg 300w\" sizes=\"auto, (max-width: 1024px) 100vw, 1024px\" \/><\/a><p id=\"caption-attachment-914\" class=\"wp-caption-text\">Siegerehrung W50<br \/>Landesmeisterin Manuela Hofmann<\/p><\/div>\n<div id=\"attachment_915\" style=\"width: 1034px\" class=\"wp-caption alignleft\"><a href=\"https:\/\/www.laufgruppe-Schwerin.de\/wp-content\/uploads\/2014\/10\/120OKTOBER-LM-Stra\u00dfenlauf-Lubmin-151.jpg\"><img loading=\"lazy\" decoding=\"async\" aria-describedby=\"caption-attachment-915\" class=\"wp-image-915 size-full\" src=\"https:\/\/www.laufgruppe-Schwerin.de\/wp-content\/uploads\/2014\/10\/120OKTOBER-LM-Stra\u00dfenlauf-Lubmin-151.jpg\" alt=\"\" width=\"1024\" height=\"768\" srcset=\"https:\/\/www.laufgruppe-schwerin.de\/wp-content\/uploads\/2014\/10\/120OKTOBER-LM-Stra\u00dfenlauf-Lubmin-151.jpg 1024w, https:\/\/www.laufgruppe-schwerin.de\/wp-content\/uploads\/2014\/10\/120OKTOBER-LM-Stra\u00dfenlauf-Lubmin-151-300x225.jpg 300w\" sizes=\"auto, (max-width: 1024px) 100vw, 1024px\" \/><\/a><p id=\"caption-attachment-915\" class=\"wp-caption-text\">Siegerehrung M30 2.Platz Mathias Ahrenberg und 4.Platz Frank Tschersich<\/p><\/div>\n<div id=\"attachment_916\" style=\"width: 1034px\" class=\"wp-caption alignleft\"><a href=\"https:\/\/www.laufgruppe-Schwerin.de\/wp-content\/uploads\/2014\/10\/120OKTOBER-LM-Stra\u00dfenlauf-Lubmin-172.jpg\"><img loading=\"lazy\" decoding=\"async\" aria-describedby=\"caption-attachment-916\" class=\"size-full wp-image-916\" src=\"https:\/\/www.laufgruppe-Schwerin.de\/wp-content\/uploads\/2014\/10\/120OKTOBER-LM-Stra\u00dfenlauf-Lubmin-172.jpg\" alt=\"Siegerehrung M35 3.Platz Birger B\u00f6sel\" width=\"1024\" height=\"768\" srcset=\"https:\/\/www.laufgruppe-schwerin.de\/wp-content\/uploads\/2014\/10\/120OKTOBER-LM-Stra\u00dfenlauf-Lubmin-172.jpg 1024w, https:\/\/www.laufgruppe-schwerin.de\/wp-content\/uploads\/2014\/10\/120OKTOBER-LM-Stra\u00dfenlauf-Lubmin-172-300x225.jpg 300w\" sizes=\"auto, (max-width: 1024px) 100vw, 1024px\" \/><\/a><p id=\"caption-attachment-916\" class=\"wp-caption-text\">Siegerehrung M35<br \/>3.Platz Birger B\u00f6sel<\/p><\/div>\n<div id=\"attachment_918\" style=\"width: 1034px\" class=\"wp-caption alignleft\"><a href=\"https:\/\/www.laufgruppe-Schwerin.de\/wp-content\/uploads\/2014\/10\/120OKTOBER-LM-Stra\u00dfenlauf-Lubmin-189.jpg\"><img loading=\"lazy\" decoding=\"async\" aria-describedby=\"caption-attachment-918\" class=\"size-full wp-image-918\" src=\"https:\/\/www.laufgruppe-Schwerin.de\/wp-content\/uploads\/2014\/10\/120OKTOBER-LM-Stra\u00dfenlauf-Lubmin-189.jpg\" alt=\"Siegerehrung M55 2.Platz Sven Jonas und 5.Platz Lothar Gajek\" width=\"1024\" height=\"768\" srcset=\"https:\/\/www.laufgruppe-schwerin.de\/wp-content\/uploads\/2014\/10\/120OKTOBER-LM-Stra\u00dfenlauf-Lubmin-189.jpg 1024w, https:\/\/www.laufgruppe-schwerin.de\/wp-content\/uploads\/2014\/10\/120OKTOBER-LM-Stra\u00dfenlauf-Lubmin-189-300x225.jpg 300w\" sizes=\"auto, (max-width: 1024px) 100vw, 1024px\" \/><\/a><p id=\"caption-attachment-918\" class=\"wp-caption-text\">Siegerehrung M55<br \/>2.Platz Sven Jonas und 5.Platz Lothar Gajek<\/p><\/div>\n<div id=\"attachment_919\" style=\"width: 1034px\" class=\"wp-caption alignleft\"><a href=\"https:\/\/www.laufgruppe-Schwerin.de\/wp-content\/uploads\/2014\/10\/120OKTOBER-LM-Stra\u00dfenlauf-Lubmin-210.jpg\"><img loading=\"lazy\" decoding=\"async\" aria-describedby=\"caption-attachment-919\" class=\"size-full wp-image-919\" src=\"https:\/\/www.laufgruppe-Schwerin.de\/wp-content\/uploads\/2014\/10\/120OKTOBER-LM-Stra\u00dfenlauf-Lubmin-210.jpg\" alt=\"Siegerehrung M60 3.Platz Rudi Borchert\" width=\"1024\" height=\"768\" srcset=\"https:\/\/www.laufgruppe-schwerin.de\/wp-content\/uploads\/2014\/10\/120OKTOBER-LM-Stra\u00dfenlauf-Lubmin-210.jpg 1024w, https:\/\/www.laufgruppe-schwerin.de\/wp-content\/uploads\/2014\/10\/120OKTOBER-LM-Stra\u00dfenlauf-Lubmin-210-300x225.jpg 300w\" sizes=\"auto, (max-width: 1024px) 100vw, 1024px\" \/><\/a><p id=\"caption-attachment-919\" class=\"wp-caption-text\">Siegerehrung M60<br \/>3.Platz Rudi Borchert<\/p><\/div>\n<p>&nbsp;<\/p>\n<p>&nbsp;<\/p>\n<p>&nbsp;<\/p>\n<p>&nbsp;<\/p>\n<p>&nbsp;<\/p>\n<p>&nbsp;<\/p>\n<p>&nbsp;<\/p>\n<p>&nbsp;<\/p>\n<p>&nbsp;<\/p>\n<p>&nbsp;<\/p>\n<p>&nbsp;<\/p>\n<p>&nbsp;<\/p>\n<p>&nbsp;<\/p>\n<p>&nbsp;<\/p>\n<p>&nbsp;<\/p>\n<iframe src=\"http:\/\/www.facebook.com\/plugins\/like.php?href=https%3A%2F%2Fwww.laufgruppe-schwerin.de%2F%3Fp%3D867&amp;layout=standard&amp;show_faces=true&amp;width=450&amp;action=like&amp;colorscheme=light\" scrolling=\"no\" frameborder=\"0\" allowTransparency=\"true\" style=\"border:none; overflow:hidden; width:450px;margin-top:5px;\"><\/iframe>","protected":false},"excerpt":{"rendered":"<p>Lubmin begr\u00fc\u00dfte die L\u00e4uferinnen und L\u00e4ufer mit wunderbarem Herbstwetter und so gab es auf der schnellen Lubminer Strecke optimale Voraussetzungen f\u00fcr Bestzeiten. Die HSG Uni Greifswald erwies sich wieder als sehr guter Veranstalter. 4 L\u00e4uferinnen und 9 L\u00e4ufer unserer Laufgruppe Schwerin gingen gemeinsam mit \u00fcber 300 Teilnehmern beim 13.Sebastian Fredrich\u2013Gedenklauf &#8211; im Kampf um die [&hellip;]<\/p>\n","protected":false},"author":3,"featured_media":869,"comment_status":"open","ping_status":"open","sticky":false,"template":"","format":"standard","meta":{"ngg_post_thumbnail":0,"footnotes":""},"categories":[3],"tags":[],"class_list":{"0":"post-867","1":"post","2":"type-post","3":"status-publish","4":"format-standard","5":"has-post-thumbnail","7":"category-laufcup-mv","8":"czr-hentry"},"_links":{"self":[{"href":"https:\/\/www.laufgruppe-schwerin.de\/index.php?rest_route=\/wp\/v2\/posts\/867","targetHints":{"allow":["GET"]}}],"collection":[{"href":"https:\/\/www.laufgruppe-schwerin.de\/index.php?rest_route=\/wp\/v2\/posts"}],"about":[{"href":"https:\/\/www.laufgruppe-schwerin.de\/index.php?rest_route=\/wp\/v2\/types\/post"}],"author":[{"embeddable":true,"href":"https:\/\/www.laufgruppe-schwerin.de\/index.php?rest_route=\/wp\/v2\/users\/3"}],"replies":[{"embeddable":true,"href":"https:\/\/www.laufgruppe-schwerin.de\/index.php?rest_route=%2Fwp%2Fv2%2Fcomments&post=867"}],"version-history":[{"count":24,"href":"https:\/\/www.laufgruppe-schwerin.de\/index.php?rest_route=\/wp\/v2\/posts\/867\/revisions"}],"predecessor-version":[{"id":920,"href":"https:\/\/www.laufgruppe-schwerin.de\/index.php?rest_route=\/wp\/v2\/posts\/867\/revisions\/920"}],"wp:featuredmedia":[{"embeddable":true,"href":"https:\/\/www.laufgruppe-schwerin.de\/index.php?rest_route=\/wp\/v2\/media\/869"}],"wp:attachment":[{"href":"https:\/\/www.laufgruppe-schwerin.de\/index.php?rest_route=%2Fwp%2Fv2%2Fmedia&parent=867"}],"wp:term":[{"taxonomy":"category","embeddable":true,"href":"https:\/\/www.laufgruppe-schwerin.de\/index.php?rest_route=%2Fwp%2Fv2%2Fcategories&post=867"},{"taxonomy":"post_tag","embeddable":true,"href":"https:\/\/www.laufgruppe-schwerin.de\/index.php?rest_route=%2Fwp%2Fv2%2Ftags&post=867"}],"curies":[{"name":"wp","href":"https:\/\/api.w.org\/{rel}","templated":true}]}}