{"id":811,"date":"2014-09-26T11:59:57","date_gmt":"2014-09-26T09:59:57","guid":{"rendered":"http:\/\/www.laufgruppe-schwerin.de\/?p=811"},"modified":"2014-09-26T11:59:57","modified_gmt":"2014-09-26T09:59:57","slug":"mathias-ahrenberg-gewinnt-8-baaber-heidelauf","status":"publish","type":"post","link":"https:\/\/www.laufgruppe-schwerin.de\/?p=811","title":{"rendered":"Mathias Ahrenberg gewinnt 8.Baaber Heidelauf"},"content":{"rendered":"<p>Zum drittletzten Cuplauf der Saison ging es f\u00fcr unsere L\u00e4uferinnen und L\u00e4ufer ins Ostseebad Baabe auf die Insel R\u00fcgen. Bei sch\u00f6nstem Sp\u00e4tsommerwetter und besten Laufbedingungen absolvierten eine L\u00e4uferin und 7 L\u00e4ufer beim 8. Baaber Heidelauf sehr erfolgreich die 15 bzw. 10 Kilometerstrecke.Insgesamt kamen 159 L\u00e4ufer_innen auf den 3 verschiedenen Distanzen ( 2; 10 und 15km ) ins Ziel. In die Laufcupwertung kam f\u00fcr Frauen bis 59 Jahre und M\u00e4nner bis 74 Jahre die 15km Strecke und f\u00fcr Jugendliche, Frauen ab 60 Jahre und M\u00e4nner ab 75 Jahre die 10km Distanz.<br \/>\n10 Schweriner L\u00e4uferinnen und L\u00e4ufer waren unter den 83 Finishern der 15km-Strecke.<br \/>\nF\u00fcr die 15km-L\u00e4ufer_innen ging es nach 1000m im Stadion und einem weiteren Kilometer auf einen teilweise cross\u00e4hnlichen Rundkurs von 4km, der 3mal zu bew\u00e4ltigen war. Anschlie\u00dfend ging es wieder einen Kilometer ins Stadion. Unsere M30-L\u00e4ufer Mathias Ahrenberg und Frederic Werner bestimmten von Anfang das Geschehen mit. Am Ende \u00fcberquerte der fr\u00fchere mehrfache Gesamtsieger im Landeslaufcup Mathias Ahrenberg in 57:11min als Erster die Ziellinie. Frederic Werner kam 40 Sekunden sp\u00e4ter als hervorragender Gesamtdritter ins Ziel. Damit fuhren die M\u00e4nner ihr bestes Saisonergebnis im laufenden VR-Laufcup 2014 ein. Da der Gesamtzweite Jan-Henrik Lange aus Greifswald ebenfalls in der M30 startete, gab es im Gesamteinlauf und der M30 identische Podestpl\u00e4tze. Mathias Ahrenberg nach seinem Sieg: \u201eGanz langsam geht es mit mir l\u00e4uferisch wieder bergauf. Heute passte die Tagesform, was gl\u00fccklicherweise zum Sieg gereicht hat. Es war aber ein harter Kampf\u201c. Bei den Frauen holte sich Nicole M\u00fcller ihren dritten Saisonsieg. Nach 1h34:53 \u00fcberquerte sie als Altersklassensiegerin der W30 die Ziellinie. Bei den M\u00e4nner gewann Torsten Gunia seine Altersklasse M50 in einer Zeit von 1h03:28. F\u00fcr Sven Jonas und Lothar Gajek gab es die Pl\u00e4tze vier und sechs in der M55. Sven kam nach 1h08:47 ins Ziel und Lothar 29 Sekunden sp\u00e4ter. Horst Sch\u00f6ne erreichte in 1h47:55 den vierten Platz in der M70. F\u00fcr M75-L\u00e4ufer Dietrich Eggers ging die10km-Strecke in die Cupwertung. Hier ging es gleich aus dem Stadion zum Rundkurs, dieser wurde dann von den L\u00e4uferinnen und L\u00e4ufern 2mal umrundet und dann ging es analog zur 15km Strecke wieder ins Stadion. Dietrich belegte in einer Zeit von1h33:46 den f\u00fcnften Platz in dieser Altersklasse.<\/p>\n<p><a href=\"https:\/\/www.laufgruppe-Schwerin.de\/wp-content\/uploads\/2014\/09\/8Baaber-Heidelauf-Gruppenfoto.jpg\"><img loading=\"lazy\" decoding=\"async\" class=\"size-full wp-image-814\" src=\"https:\/\/www.laufgruppe-Schwerin.de\/wp-content\/uploads\/2014\/09\/8Baaber-Heidelauf-Gruppenfoto.jpg\" alt=\"Auf dem Foto von von links die erfolgreichen Schweriner L\u00e4ufer_innen in Baabe: Reinhard Czirpka(5-Seen-LG), Dietrich Eggers, Michael Krense(leicht verdeckt von der 5-Seen-LG) Wolfgang Krull(5-Seen-LG), Horst Sch\u00f6ne, Torsten Gunia, Lothar Gajek (sitzend), Manuela Hofmann, Frederic Werner, Sven Jonas und der Gesamtsieger Mathias Ahrenberg mit Pino. Es fehlt die W30-Siegerin Nicol M\u00fcller \" width=\"1024\" height=\"768\" srcset=\"https:\/\/www.laufgruppe-schwerin.de\/wp-content\/uploads\/2014\/09\/8Baaber-Heidelauf-Gruppenfoto.jpg 1024w, https:\/\/www.laufgruppe-schwerin.de\/wp-content\/uploads\/2014\/09\/8Baaber-Heidelauf-Gruppenfoto-300x225.jpg 300w\" sizes=\"auto, (max-width: 1024px) 100vw, 1024px\" \/><\/a><\/p>\n<p>Auf dem Foto von von links die erfolgreichen Schweriner L\u00e4ufer_innen in Baabe:<br \/>\nReinhard Czirpka(5-Seen-LG), Dietrich Eggers, Michael Krense(leicht verdeckt von der 5-Seen-LG) Wolfgang Krull(5-Seen-LG), Horst Sch\u00f6ne, Torsten Gunia, Lothar Gajek (sitzend), Manuela Hofmann, Frederic Werner, Sven Jonas und der Gesamtsieger Mathias Ahrenberg mit Pino. Es fehlt die W30-Siegerin Nicol M\u00fcller<\/p>\n<div id=\"attachment_816\" style=\"width: 1034px\" class=\"wp-caption alignleft\"><a href=\"https:\/\/www.laufgruppe-Schwerin.de\/wp-content\/uploads\/2014\/09\/8Baaber-Heidelauf-0671.jpg\"><img loading=\"lazy\" decoding=\"async\" aria-describedby=\"caption-attachment-816\" class=\"size-full wp-image-816\" src=\"https:\/\/www.laufgruppe-Schwerin.de\/wp-content\/uploads\/2014\/09\/8Baaber-Heidelauf-0671.jpg\" alt=\"von links Sven Jonas, J\u00f6rg Clemen(HSV) und Torsten Gunia \" width=\"1024\" height=\"768\" srcset=\"https:\/\/www.laufgruppe-schwerin.de\/wp-content\/uploads\/2014\/09\/8Baaber-Heidelauf-0671.jpg 1024w, https:\/\/www.laufgruppe-schwerin.de\/wp-content\/uploads\/2014\/09\/8Baaber-Heidelauf-0671-300x225.jpg 300w\" sizes=\"auto, (max-width: 1024px) 100vw, 1024px\" \/><\/a><p id=\"caption-attachment-816\" class=\"wp-caption-text\">von links Sven Jonas, J\u00f6rg Clemen(HSV) und Torsten Gunia<\/p><\/div>\n<p><a href=\"https:\/\/www.laufgruppe-Schwerin.de\/wp-content\/uploads\/2014\/09\/8Baaber-Heidelauf-0781.jpg\"><img loading=\"lazy\" decoding=\"async\" class=\"size-full wp-image-818\" src=\"https:\/\/www.laufgruppe-Schwerin.de\/wp-content\/uploads\/2014\/09\/8Baaber-Heidelauf-0781.jpg\" alt=\"Gesamtsieger Mathias Ahrenberg kurz vorm Ziel\" width=\"1024\" height=\"768\" srcset=\"https:\/\/www.laufgruppe-schwerin.de\/wp-content\/uploads\/2014\/09\/8Baaber-Heidelauf-0781.jpg 1024w, https:\/\/www.laufgruppe-schwerin.de\/wp-content\/uploads\/2014\/09\/8Baaber-Heidelauf-0781-300x225.jpg 300w\" sizes=\"auto, (max-width: 1024px) 100vw, 1024px\" \/><\/a><\/p>\n<p>Gesamtsieger Mathias Ahrenberg kurz vorm Ziel<\/p>\n<p><a href=\"https:\/\/www.laufgruppe-Schwerin.de\/wp-content\/uploads\/2014\/09\/8Baaber-Heidelauf-0791.jpg\"><img loading=\"lazy\" decoding=\"async\" class=\"size-full wp-image-820\" src=\"https:\/\/www.laufgruppe-Schwerin.de\/wp-content\/uploads\/2014\/09\/8Baaber-Heidelauf-0791.jpg\" alt=\"Der gesamtdritte Frederic Werner(links) auf der Zielgeraden\" width=\"1024\" height=\"768\" srcset=\"https:\/\/www.laufgruppe-schwerin.de\/wp-content\/uploads\/2014\/09\/8Baaber-Heidelauf-0791.jpg 1024w, https:\/\/www.laufgruppe-schwerin.de\/wp-content\/uploads\/2014\/09\/8Baaber-Heidelauf-0791-300x225.jpg 300w\" sizes=\"auto, (max-width: 1024px) 100vw, 1024px\" \/><\/a><\/p>\n<p>Der gesamtdritte Frederic Werner(links) auf der Zielgeraden<\/p>\n<p><a href=\"https:\/\/www.laufgruppe-Schwerin.de\/wp-content\/uploads\/2014\/09\/8Baaber-Heidelauf-083.jpg\"><img loading=\"lazy\" decoding=\"async\" class=\"size-full wp-image-822\" src=\"https:\/\/www.laufgruppe-Schwerin.de\/wp-content\/uploads\/2014\/09\/8Baaber-Heidelauf-083.jpg\" alt=\"Lothar Gajek im Ziel\" width=\"768\" height=\"1024\" srcset=\"https:\/\/www.laufgruppe-schwerin.de\/wp-content\/uploads\/2014\/09\/8Baaber-Heidelauf-083.jpg 768w, https:\/\/www.laufgruppe-schwerin.de\/wp-content\/uploads\/2014\/09\/8Baaber-Heidelauf-083-225x300.jpg 225w\" sizes=\"auto, (max-width: 768px) 100vw, 768px\" \/><\/a><\/p>\n<p>Lothar Gajek im Ziel<\/p>\n<p><a href=\"https:\/\/www.laufgruppe-Schwerin.de\/wp-content\/uploads\/2014\/09\/8Baaber-Heidelauf-087.jpg\"><img loading=\"lazy\" decoding=\"async\" class=\"size-full wp-image-824\" src=\"https:\/\/www.laufgruppe-Schwerin.de\/wp-content\/uploads\/2014\/09\/8Baaber-Heidelauf-087.jpg\" alt=\"Dietrich Eggers gleich im Ziel nach 10km\" width=\"768\" height=\"1024\" srcset=\"https:\/\/www.laufgruppe-schwerin.de\/wp-content\/uploads\/2014\/09\/8Baaber-Heidelauf-087.jpg 768w, https:\/\/www.laufgruppe-schwerin.de\/wp-content\/uploads\/2014\/09\/8Baaber-Heidelauf-087-225x300.jpg 225w\" sizes=\"auto, (max-width: 768px) 100vw, 768px\" \/><\/a><\/p>\n<p>Dietrich Eggers gleich im Ziel nach 10km<\/p>\n<div id=\"attachment_825\" style=\"width: 778px\" class=\"wp-caption alignleft\"><a href=\"https:\/\/www.laufgruppe-Schwerin.de\/wp-content\/uploads\/2014\/09\/8Baaber-Heidelauf-088.jpg\"><img loading=\"lazy\" decoding=\"async\" aria-describedby=\"caption-attachment-825\" class=\"size-full wp-image-825\" src=\"https:\/\/www.laufgruppe-Schwerin.de\/wp-content\/uploads\/2014\/09\/8Baaber-Heidelauf-088.jpg\" alt=\"M70-L\u00e4ufer Horst Sch\u00f6ne nach 15km im Ziel\" width=\"768\" height=\"1024\" srcset=\"https:\/\/www.laufgruppe-schwerin.de\/wp-content\/uploads\/2014\/09\/8Baaber-Heidelauf-088.jpg 768w, https:\/\/www.laufgruppe-schwerin.de\/wp-content\/uploads\/2014\/09\/8Baaber-Heidelauf-088-225x300.jpg 225w\" sizes=\"auto, (max-width: 768px) 100vw, 768px\" \/><\/a><p id=\"caption-attachment-825\" class=\"wp-caption-text\">M70-L\u00e4ufer Horst Sch\u00f6ne nach 15km im Ziel<\/p><\/div>\n<p><a href=\"https:\/\/www.laufgruppe-Schwerin.de\/wp-content\/uploads\/2014\/09\/8Baaber-Heidelauf-118.jpg\"><img loading=\"lazy\" decoding=\"async\" class=\"size-full wp-image-827\" src=\"https:\/\/www.laufgruppe-Schwerin.de\/wp-content\/uploads\/2014\/09\/8Baaber-Heidelauf-118.jpg\" alt=\"Gesamtsiegerehrung 1.Platz f\u00fcr Mathias und 3.Platz f\u00fcr Frederic\" width=\"768\" height=\"1024\" srcset=\"https:\/\/www.laufgruppe-schwerin.de\/wp-content\/uploads\/2014\/09\/8Baaber-Heidelauf-118.jpg 768w, https:\/\/www.laufgruppe-schwerin.de\/wp-content\/uploads\/2014\/09\/8Baaber-Heidelauf-118-225x300.jpg 225w\" sizes=\"auto, (max-width: 768px) 100vw, 768px\" \/><\/a><\/p>\n<p>Gesamtsiegerehrung 1.Platz f\u00fcr Mathias und 3.Platz f\u00fcr Frederic<\/p>\n<p><a href=\"https:\/\/www.laufgruppe-Schwerin.de\/wp-content\/uploads\/2014\/09\/8Baaber-Heidelauf-127.jpg\"><img loading=\"lazy\" decoding=\"async\" class=\"size-full wp-image-829\" src=\"https:\/\/www.laufgruppe-Schwerin.de\/wp-content\/uploads\/2014\/09\/8Baaber-Heidelauf-127.jpg\" alt=\"Nicole Siegerin der W30\" width=\"768\" height=\"1024\" srcset=\"https:\/\/www.laufgruppe-schwerin.de\/wp-content\/uploads\/2014\/09\/8Baaber-Heidelauf-127.jpg 768w, https:\/\/www.laufgruppe-schwerin.de\/wp-content\/uploads\/2014\/09\/8Baaber-Heidelauf-127-225x300.jpg 225w\" sizes=\"auto, (max-width: 768px) 100vw, 768px\" \/><\/a><\/p>\n<p>Nicole Siegerin der W30<\/p>\n<p><a href=\"https:\/\/www.laufgruppe-Schwerin.de\/wp-content\/uploads\/2014\/09\/8Baaber-Heidelauf-1531.jpg\"><img loading=\"lazy\" decoding=\"async\" class=\"size-full wp-image-830\" src=\"https:\/\/www.laufgruppe-Schwerin.de\/wp-content\/uploads\/2014\/09\/8Baaber-Heidelauf-1531.jpg\" alt=\"Torsten gewinnt die M50\" width=\"768\" height=\"1024\" srcset=\"https:\/\/www.laufgruppe-schwerin.de\/wp-content\/uploads\/2014\/09\/8Baaber-Heidelauf-1531.jpg 768w, https:\/\/www.laufgruppe-schwerin.de\/wp-content\/uploads\/2014\/09\/8Baaber-Heidelauf-1531-225x300.jpg 225w\" sizes=\"auto, (max-width: 768px) 100vw, 768px\" \/><\/a><\/p>\n<p>Torsten gewinnt die M50<\/p>\n<iframe src=\"http:\/\/www.facebook.com\/plugins\/like.php?href=https%3A%2F%2Fwww.laufgruppe-schwerin.de%2F%3Fp%3D811&amp;layout=standard&amp;show_faces=true&amp;width=450&amp;action=like&amp;colorscheme=light\" scrolling=\"no\" frameborder=\"0\" allowTransparency=\"true\" style=\"border:none; overflow:hidden; width:450px;margin-top:5px;\"><\/iframe>","protected":false},"excerpt":{"rendered":"<p>Zum drittletzten Cuplauf der Saison ging es f\u00fcr unsere L\u00e4uferinnen und L\u00e4ufer ins Ostseebad Baabe auf die Insel R\u00fcgen. Bei sch\u00f6nstem Sp\u00e4tsommerwetter und besten Laufbedingungen absolvierten eine L\u00e4uferin und 7 L\u00e4ufer beim 8. Baaber Heidelauf sehr erfolgreich die 15 bzw. 10 Kilometerstrecke.Insgesamt kamen 159 L\u00e4ufer_innen auf den 3 verschiedenen Distanzen ( 2; 10 und 15km [&hellip;]<\/p>\n","protected":false},"author":3,"featured_media":813,"comment_status":"open","ping_status":"open","sticky":false,"template":"","format":"standard","meta":{"ngg_post_thumbnail":0,"footnotes":""},"categories":[3],"tags":[],"class_list":{"0":"post-811","1":"post","2":"type-post","3":"status-publish","4":"format-standard","5":"has-post-thumbnail","7":"category-laufcup-mv","8":"czr-hentry"},"_links":{"self":[{"href":"https:\/\/www.laufgruppe-schwerin.de\/index.php?rest_route=\/wp\/v2\/posts\/811","targetHints":{"allow":["GET"]}}],"collection":[{"href":"https:\/\/www.laufgruppe-schwerin.de\/index.php?rest_route=\/wp\/v2\/posts"}],"about":[{"href":"https:\/\/www.laufgruppe-schwerin.de\/index.php?rest_route=\/wp\/v2\/types\/post"}],"author":[{"embeddable":true,"href":"https:\/\/www.laufgruppe-schwerin.de\/index.php?rest_route=\/wp\/v2\/users\/3"}],"replies":[{"embeddable":true,"href":"https:\/\/www.laufgruppe-schwerin.de\/index.php?rest_route=%2Fwp%2Fv2%2Fcomments&post=811"}],"version-history":[{"count":11,"href":"https:\/\/www.laufgruppe-schwerin.de\/index.php?rest_route=\/wp\/v2\/posts\/811\/revisions"}],"predecessor-version":[{"id":833,"href":"https:\/\/www.laufgruppe-schwerin.de\/index.php?rest_route=\/wp\/v2\/posts\/811\/revisions\/833"}],"wp:featuredmedia":[{"embeddable":true,"href":"https:\/\/www.laufgruppe-schwerin.de\/index.php?rest_route=\/wp\/v2\/media\/813"}],"wp:attachment":[{"href":"https:\/\/www.laufgruppe-schwerin.de\/index.php?rest_route=%2Fwp%2Fv2%2Fmedia&parent=811"}],"wp:term":[{"taxonomy":"category","embeddable":true,"href":"https:\/\/www.laufgruppe-schwerin.de\/index.php?rest_route=%2Fwp%2Fv2%2Fcategories&post=811"},{"taxonomy":"post_tag","embeddable":true,"href":"https:\/\/www.laufgruppe-schwerin.de\/index.php?rest_route=%2Fwp%2Fv2%2Ftags&post=811"}],"curies":[{"name":"wp","href":"https:\/\/api.w.org\/{rel}","templated":true}]}}