{"id":785,"date":"2014-09-18T11:43:18","date_gmt":"2014-09-18T09:43:18","guid":{"rendered":"http:\/\/www.laufgruppe-schwerin.de\/?p=785"},"modified":"2014-09-18T11:43:18","modified_gmt":"2014-09-18T09:43:18","slug":"19-neubrandenburger-staffelmarathon-am-13-september-2014","status":"publish","type":"post","link":"https:\/\/www.laufgruppe-schwerin.de\/?p=785","title":{"rendered":"19. Neubrandenburger Staffelmarathon am 13.September 2014"},"content":{"rendered":"<p>Am 13.09.14 nahmen 10 L\u00e4uferinnen und L\u00e4ufer unserer Laufgruppe im Rahmen des VR-Lauf-Cup Mecklenburg-Vorpommern am 19. Neubrandenburger Staffelmarathon teil.<br \/>\nDiese Veranstaltung wird als Mannschaftslauf in 6 verschiedenen Wertungsgruppen durchgef\u00fchrt, wobei die Teams aus f\u00fcnf L\u00e4ufern, L\u00e4uferinnen oder auch als Mix-Staffel agieren. Bei der vom SV Turbine Neubrandenburg wieder mal hervorragend organisierten Veranstaltung gingen insgesamt 32 Mannschaften an den Start.<br \/>\nGelaufen wurde um den idyllisch gelegenen Reitbahnsee, einem Badesee mit einer Rundenl\u00e4nge von ca. 1,4km. Jedes Staffelmitglied bew\u00e4ltigt eine unterschiedliche Anzahl an Runden und somit eine unterschiedliche Streckenl\u00e4nge, so dass insgesamt die Marathonl\u00e4nge von 42,195km gelaufen wurde.<br \/>\nIm Gegensatz zu sonstigen Laufveranstaltungen, wo jeder L\u00e4ufer durch seine individuelle Leistung brilliert, spielt hier der Teamspirit eine bedeutende Rolle. In Neubrandenburg am Reitbahnsee war ideales Laufwetter. Der Himmel war bedeckt, die Temperaturen lagen um die 18\u00b0C, kurzzeitig leichter Nieselregen.<br \/>\nUnsere L\u00e4uferinnen und L\u00e4ufer waren in zwei Staffel-Kategorien am Start. Die M\u00e4nner- Staffel lief mit Sven Jonas, Frank Leonhardt, Lothar Domnick, Udo Hanold und Torsten Gunia. Sie erreichten in dieser Wertung in einer Zeit von 3:01:01h den 6. Platz. Die zweite Staffel startete in der Kategorie Oldies 2. In dieser Wertung setzten sich die Staffeln aus L\u00e4uferinnen ab der Altersklasse W50 und L\u00e4ufern ab der Altersklasse M60 zusammen. Die Oldies 2-Staffel startete in der Besetzung Rainer Bastek, Petra Klinner, Gabi Kaletzki, Norbert Kaletzki und Andrea Bastek. Dieses Team lief nach 3:57:12h durchs Ziel und belegte den 5. Platz.<br \/>\nNeben der Freude \u00fcber die Teamleistung und das Gemeinschaftserlebnis erhielten wir durch unsere Platzierungen 190 Punkte f\u00fcr die Vereinswertung und festigte damit den dritten Platz im VR-Lauf-Cup.<\/p>\n<p>&nbsp;<\/p>\n<div id=\"attachment_774\" style=\"width: 1034px\" class=\"wp-caption alignleft\"><a href=\"https:\/\/www.laufgruppe-Schwerin.de\/wp-content\/uploads\/2014\/09\/001.jpg\"><img loading=\"lazy\" decoding=\"async\" aria-describedby=\"caption-attachment-774\" class=\"size-full wp-image-774\" src=\"https:\/\/www.laufgruppe-Schwerin.de\/wp-content\/uploads\/2014\/09\/001.jpg\" alt=\"Unsere beiden Staffeln von links nach rechts: Norbert, Torsten, Sven, Rainer, Andrea, Lothar, Petra, Frank, Udo und Gabi\" width=\"1024\" height=\"768\" srcset=\"https:\/\/www.laufgruppe-schwerin.de\/wp-content\/uploads\/2014\/09\/001.jpg 1024w, https:\/\/www.laufgruppe-schwerin.de\/wp-content\/uploads\/2014\/09\/001-300x225.jpg 300w\" sizes=\"auto, (max-width: 1024px) 100vw, 1024px\" \/><\/a><p id=\"caption-attachment-774\" class=\"wp-caption-text\">Unsere beiden Staffeln von links nach rechts: Norbert, Torsten, Sven, Rainer, Andrea, Lothar, Petra, Frank, Udo und Gabi<\/p><\/div>\n<p>&nbsp;<\/p>\n<div id=\"attachment_775\" style=\"width: 1034px\" class=\"wp-caption alignleft\"><a href=\"https:\/\/www.laufgruppe-Schwerin.de\/wp-content\/uploads\/2014\/09\/009.jpg\"><img loading=\"lazy\" decoding=\"async\" aria-describedby=\"caption-attachment-775\" class=\"size-full wp-image-775\" src=\"https:\/\/www.laufgruppe-Schwerin.de\/wp-content\/uploads\/2014\/09\/009.jpg\" alt=\"Konzentration vorm Start. rechts Rainer und 2. von rechts Sven\" width=\"1024\" height=\"768\" srcset=\"https:\/\/www.laufgruppe-schwerin.de\/wp-content\/uploads\/2014\/09\/009.jpg 1024w, https:\/\/www.laufgruppe-schwerin.de\/wp-content\/uploads\/2014\/09\/009-300x225.jpg 300w\" sizes=\"auto, (max-width: 1024px) 100vw, 1024px\" \/><\/a><p id=\"caption-attachment-775\" class=\"wp-caption-text\">Konzentration vorm Start.<br \/>rechts Rainer und 2. von rechts Sven<\/p><\/div>\n<p>&nbsp;<\/p>\n<div id=\"attachment_776\" style=\"width: 1034px\" class=\"wp-caption alignleft\"><a href=\"https:\/\/www.laufgruppe-Schwerin.de\/wp-content\/uploads\/2014\/09\/024.jpg\"><img loading=\"lazy\" decoding=\"async\" aria-describedby=\"caption-attachment-776\" class=\"size-full wp-image-776\" src=\"https:\/\/www.laufgruppe-Schwerin.de\/wp-content\/uploads\/2014\/09\/024.jpg\" alt=\"Sven als Startl\u00e4ufer unser M\u00e4nnerstaffel im Ziel\" width=\"1024\" height=\"768\" srcset=\"https:\/\/www.laufgruppe-schwerin.de\/wp-content\/uploads\/2014\/09\/024.jpg 1024w, https:\/\/www.laufgruppe-schwerin.de\/wp-content\/uploads\/2014\/09\/024-300x225.jpg 300w\" sizes=\"auto, (max-width: 1024px) 100vw, 1024px\" \/><\/a><p id=\"caption-attachment-776\" class=\"wp-caption-text\">Sven als Startl\u00e4ufer unser M\u00e4nnerstaffel im Ziel<\/p><\/div>\n<p>&nbsp;<\/p>\n<div id=\"attachment_777\" style=\"width: 778px\" class=\"wp-caption alignleft\"><a href=\"https:\/\/www.laufgruppe-Schwerin.de\/wp-content\/uploads\/2014\/09\/025.jpg\"><img loading=\"lazy\" decoding=\"async\" aria-describedby=\"caption-attachment-777\" class=\"size-full wp-image-777\" src=\"https:\/\/www.laufgruppe-Schwerin.de\/wp-content\/uploads\/2014\/09\/025.jpg\" alt=\"Gabi \" width=\"768\" height=\"1024\" srcset=\"https:\/\/www.laufgruppe-schwerin.de\/wp-content\/uploads\/2014\/09\/025.jpg 768w, https:\/\/www.laufgruppe-schwerin.de\/wp-content\/uploads\/2014\/09\/025-225x300.jpg 225w\" sizes=\"auto, (max-width: 768px) 100vw, 768px\" \/><\/a><p id=\"caption-attachment-777\" class=\"wp-caption-text\">Gabi<\/p><\/div>\n<p>&nbsp;<\/p>\n<div id=\"attachment_778\" style=\"width: 1034px\" class=\"wp-caption alignleft\"><a href=\"https:\/\/www.laufgruppe-Schwerin.de\/wp-content\/uploads\/2014\/09\/027.jpg\"><img loading=\"lazy\" decoding=\"async\" aria-describedby=\"caption-attachment-778\" class=\"size-full wp-image-778\" src=\"https:\/\/www.laufgruppe-Schwerin.de\/wp-content\/uploads\/2014\/09\/027.jpg\" alt=\"Aufmerksame Beobachter des Rennverlaufs, Norbert (links) und Lothar (rechts)\" width=\"1024\" height=\"768\" srcset=\"https:\/\/www.laufgruppe-schwerin.de\/wp-content\/uploads\/2014\/09\/027.jpg 1024w, https:\/\/www.laufgruppe-schwerin.de\/wp-content\/uploads\/2014\/09\/027-300x225.jpg 300w\" sizes=\"auto, (max-width: 1024px) 100vw, 1024px\" \/><\/a><p id=\"caption-attachment-778\" class=\"wp-caption-text\">Aufmerksame Beobachter des Rennverlaufs, Norbert (links) und Lothar (rechts)<\/p><\/div>\n<p>&nbsp;<\/p>\n<div id=\"attachment_779\" style=\"width: 778px\" class=\"wp-caption alignleft\"><a href=\"https:\/\/www.laufgruppe-Schwerin.de\/wp-content\/uploads\/2014\/09\/040.jpg\"><img loading=\"lazy\" decoding=\"async\" aria-describedby=\"caption-attachment-779\" class=\"size-full wp-image-779\" src=\"https:\/\/www.laufgruppe-Schwerin.de\/wp-content\/uploads\/2014\/09\/040.jpg\" alt=\"Frank(links) und Udo\" width=\"768\" height=\"1024\" srcset=\"https:\/\/www.laufgruppe-schwerin.de\/wp-content\/uploads\/2014\/09\/040.jpg 768w, https:\/\/www.laufgruppe-schwerin.de\/wp-content\/uploads\/2014\/09\/040-225x300.jpg 225w\" sizes=\"auto, (max-width: 768px) 100vw, 768px\" \/><\/a><p id=\"caption-attachment-779\" class=\"wp-caption-text\">Frank(links) und Udo<\/p><\/div>\n<p>&nbsp;<\/p>\n<div id=\"attachment_780\" style=\"width: 778px\" class=\"wp-caption alignleft\"><a href=\"https:\/\/www.laufgruppe-Schwerin.de\/wp-content\/uploads\/2014\/09\/045.jpg\"><img loading=\"lazy\" decoding=\"async\" aria-describedby=\"caption-attachment-780\" class=\"size-full wp-image-780\" src=\"https:\/\/www.laufgruppe-Schwerin.de\/wp-content\/uploads\/2014\/09\/045.jpg\" alt=\"Torsten als Schlussl\u00e4ufer unserer M\u00e4nnerstaffel\" width=\"768\" height=\"1024\" srcset=\"https:\/\/www.laufgruppe-schwerin.de\/wp-content\/uploads\/2014\/09\/045.jpg 768w, https:\/\/www.laufgruppe-schwerin.de\/wp-content\/uploads\/2014\/09\/045-225x300.jpg 225w\" sizes=\"auto, (max-width: 768px) 100vw, 768px\" \/><\/a><p id=\"caption-attachment-780\" class=\"wp-caption-text\">Torsten als Schlussl\u00e4ufer unserer M\u00e4nnerstaffel<\/p><\/div>\n<p>&nbsp;<\/p>\n<div id=\"attachment_781\" style=\"width: 778px\" class=\"wp-caption alignleft\"><a href=\"https:\/\/www.laufgruppe-Schwerin.de\/wp-content\/uploads\/2014\/09\/046.jpg\"><img loading=\"lazy\" decoding=\"async\" aria-describedby=\"caption-attachment-781\" class=\"size-full wp-image-781\" src=\"https:\/\/www.laufgruppe-Schwerin.de\/wp-content\/uploads\/2014\/09\/046.jpg\" alt=\"Norbert\" width=\"768\" height=\"1024\" srcset=\"https:\/\/www.laufgruppe-schwerin.de\/wp-content\/uploads\/2014\/09\/046.jpg 768w, https:\/\/www.laufgruppe-schwerin.de\/wp-content\/uploads\/2014\/09\/046-225x300.jpg 225w\" sizes=\"auto, (max-width: 768px) 100vw, 768px\" \/><\/a><p id=\"caption-attachment-781\" class=\"wp-caption-text\">Norbert<\/p><\/div>\n<p>&nbsp;<\/p>\n<div id=\"attachment_782\" style=\"width: 1034px\" class=\"wp-caption alignleft\"><a href=\"https:\/\/www.laufgruppe-Schwerin.de\/wp-content\/uploads\/2014\/09\/052.jpg\"><img loading=\"lazy\" decoding=\"async\" aria-describedby=\"caption-attachment-782\" class=\"size-full wp-image-782\" src=\"https:\/\/www.laufgruppe-Schwerin.de\/wp-content\/uploads\/2014\/09\/052.jpg\" alt=\"Unsere M\u00e4nnerstaffel, es fehlt Sven\" width=\"1024\" height=\"768\" srcset=\"https:\/\/www.laufgruppe-schwerin.de\/wp-content\/uploads\/2014\/09\/052.jpg 1024w, https:\/\/www.laufgruppe-schwerin.de\/wp-content\/uploads\/2014\/09\/052-300x225.jpg 300w\" sizes=\"auto, (max-width: 1024px) 100vw, 1024px\" \/><\/a><p id=\"caption-attachment-782\" class=\"wp-caption-text\">Unsere M\u00e4nnerstaffel, es fehlt Sven<\/p><\/div>\n<p>&nbsp;<\/p>\n<div id=\"attachment_783\" style=\"width: 778px\" class=\"wp-caption alignleft\"><a href=\"https:\/\/www.laufgruppe-Schwerin.de\/wp-content\/uploads\/2014\/09\/061.jpg\"><img loading=\"lazy\" decoding=\"async\" aria-describedby=\"caption-attachment-783\" class=\"size-full wp-image-783\" src=\"https:\/\/www.laufgruppe-Schwerin.de\/wp-content\/uploads\/2014\/09\/061.jpg\" alt=\"Andrea als Schlussl\u00e4uferin der Oldie 2-Staffel erfolgreich im Ziel\" width=\"768\" height=\"1024\" srcset=\"https:\/\/www.laufgruppe-schwerin.de\/wp-content\/uploads\/2014\/09\/061.jpg 768w, https:\/\/www.laufgruppe-schwerin.de\/wp-content\/uploads\/2014\/09\/061-225x300.jpg 225w\" sizes=\"auto, (max-width: 768px) 100vw, 768px\" \/><\/a><p id=\"caption-attachment-783\" class=\"wp-caption-text\">Andrea als Schlussl\u00e4uferin der Oldie 2-Staffel erfolgreich im Ziel<\/p><\/div>\n<p>&nbsp;<\/p>\n<div id=\"attachment_784\" style=\"width: 1034px\" class=\"wp-caption alignleft\"><a href=\"https:\/\/www.laufgruppe-Schwerin.de\/wp-content\/uploads\/2014\/09\/065.jpg\"><img loading=\"lazy\" decoding=\"async\" aria-describedby=\"caption-attachment-784\" class=\"size-full wp-image-784\" src=\"https:\/\/www.laufgruppe-Schwerin.de\/wp-content\/uploads\/2014\/09\/065.jpg\" alt=\"Den Wettkampf ausklingen lassen\" width=\"1024\" height=\"768\" srcset=\"https:\/\/www.laufgruppe-schwerin.de\/wp-content\/uploads\/2014\/09\/065.jpg 1024w, https:\/\/www.laufgruppe-schwerin.de\/wp-content\/uploads\/2014\/09\/065-300x225.jpg 300w\" sizes=\"auto, (max-width: 1024px) 100vw, 1024px\" \/><\/a><p id=\"caption-attachment-784\" class=\"wp-caption-text\">Den Wettkampf ausklingen lassen<\/p><\/div>\n<iframe src=\"http:\/\/www.facebook.com\/plugins\/like.php?href=https%3A%2F%2Fwww.laufgruppe-schwerin.de%2F%3Fp%3D785&amp;layout=standard&amp;show_faces=true&amp;width=450&amp;action=like&amp;colorscheme=light\" scrolling=\"no\" frameborder=\"0\" allowTransparency=\"true\" style=\"border:none; overflow:hidden; width:450px;margin-top:5px;\"><\/iframe>","protected":false},"excerpt":{"rendered":"<p>Am 13.09.14 nahmen 10 L\u00e4uferinnen und L\u00e4ufer unserer Laufgruppe im Rahmen des VR-Lauf-Cup Mecklenburg-Vorpommern am 19. Neubrandenburger Staffelmarathon teil. Diese Veranstaltung wird als Mannschaftslauf in 6 verschiedenen Wertungsgruppen durchgef\u00fchrt, wobei die Teams aus f\u00fcnf L\u00e4ufern, L\u00e4uferinnen oder auch als Mix-Staffel agieren. Bei der vom SV Turbine Neubrandenburg wieder mal hervorragend organisierten Veranstaltung gingen insgesamt 32 [&hellip;]<\/p>\n","protected":false},"author":3,"featured_media":800,"comment_status":"open","ping_status":"open","sticky":false,"template":"","format":"standard","meta":{"ngg_post_thumbnail":0,"footnotes":""},"categories":[3],"tags":[],"class_list":{"0":"post-785","1":"post","2":"type-post","3":"status-publish","4":"format-standard","5":"has-post-thumbnail","7":"category-laufcup-mv","8":"czr-hentry"},"_links":{"self":[{"href":"https:\/\/www.laufgruppe-schwerin.de\/index.php?rest_route=\/wp\/v2\/posts\/785","targetHints":{"allow":["GET"]}}],"collection":[{"href":"https:\/\/www.laufgruppe-schwerin.de\/index.php?rest_route=\/wp\/v2\/posts"}],"about":[{"href":"https:\/\/www.laufgruppe-schwerin.de\/index.php?rest_route=\/wp\/v2\/types\/post"}],"author":[{"embeddable":true,"href":"https:\/\/www.laufgruppe-schwerin.de\/index.php?rest_route=\/wp\/v2\/users\/3"}],"replies":[{"embeddable":true,"href":"https:\/\/www.laufgruppe-schwerin.de\/index.php?rest_route=%2Fwp%2Fv2%2Fcomments&post=785"}],"version-history":[{"count":14,"href":"https:\/\/www.laufgruppe-schwerin.de\/index.php?rest_route=\/wp\/v2\/posts\/785\/revisions"}],"predecessor-version":[{"id":799,"href":"https:\/\/www.laufgruppe-schwerin.de\/index.php?rest_route=\/wp\/v2\/posts\/785\/revisions\/799"}],"wp:featuredmedia":[{"embeddable":true,"href":"https:\/\/www.laufgruppe-schwerin.de\/index.php?rest_route=\/wp\/v2\/media\/800"}],"wp:attachment":[{"href":"https:\/\/www.laufgruppe-schwerin.de\/index.php?rest_route=%2Fwp%2Fv2%2Fmedia&parent=785"}],"wp:term":[{"taxonomy":"category","embeddable":true,"href":"https:\/\/www.laufgruppe-schwerin.de\/index.php?rest_route=%2Fwp%2Fv2%2Fcategories&post=785"},{"taxonomy":"post_tag","embeddable":true,"href":"https:\/\/www.laufgruppe-schwerin.de\/index.php?rest_route=%2Fwp%2Fv2%2Ftags&post=785"}],"curies":[{"name":"wp","href":"https:\/\/api.w.org\/{rel}","templated":true}]}}