{"id":744,"date":"2014-09-09T00:04:02","date_gmt":"2014-09-08T22:04:02","guid":{"rendered":"http:\/\/www.laufgruppe-schwerin.de\/?p=744"},"modified":"2014-09-09T00:04:02","modified_gmt":"2014-09-08T22:04:02","slug":"24-usedomer-halbmarathon-am-6-september-2014","status":"publish","type":"post","link":"https:\/\/www.laufgruppe-schwerin.de\/?p=744","title":{"rendered":"24.Usedomer Halbmarathon am 6.September 2014"},"content":{"rendered":"<p>Unsere L\u00e4uferinnen und L\u00e4ufer mischten beim 24.Usedomer Halbmarathon ganz vorne mit und errangen 3 Altersklassensiege<br \/>\nBei sch\u00f6nstem Sp\u00e4tsommerwetter ging es f\u00fcr 3 L\u00e4uferinnen und 6 L\u00e4ufer beim 24.Usedom -Halbmarathon um wichtige Punkte im Landeslaufcup. Der Usedom-Halbmarathon war der 11.von 14 Wertungsl\u00e4ufen in der diesj\u00e4hrigen VR-Laufcup-Serie von Mecklenburg-Vorpommern.<br \/>\nVom Start im Wolgaster Peene-Stadion f\u00fchrte der leicht wellige Kurs ins Hinterland der Insel Usedom und wieder zur\u00fcck in das Peene-Stadion. 97 Frauen und 255 M\u00e4nnern absolvierten erfolgreich den Lauf. Neben den Laufcupteilnehmern gingen auch wieder viele Freizeitsportler_innen aus dem ganzen Bundesgebiet und dem Nachbarland Polen an den Start. Bei den Siegern gab es keine \u00dcberraschungen und die Favoriten vom SV Turbine Neubrandenburg setzten sich durch. Die Frauenwertung gewann die letztj\u00e4hrige Laufcupgesamtsiegerin Anna Izabela B\u00f6ge in einer Zeit von 1h27:54. Bei den M\u00e4nnern gewann Maik Schmidt in 1h20:32. Wobei wohl nur die sp\u00e4tsommerlichen Temperaturen bessere Zeiten verhinderten. Unsere beste L\u00e4uferin war Manuela Hofmann, in einer Zeit von 1h41:46 lief Manuela auf einen tollen 4.Platz in der Gesamtwertung der Cupteilnehmerinnen. Es war zugleich in ihrem 5.Cuplauf, der f\u00fcnfte Erfolg in der Altersklasse W50. Anne Krey wurde im Laufcup Gesamtelfte und gewann die Altersklasse W30 in 1h51:44. In der gleichen Altersklasse belegte Nicole M\u00fcller den 2.Platz im Cup. Bei den M\u00e4nnern liefen gleich 3 L\u00e4ufer in die TOP 10 der Cup-Gesamtwertung. Den 3.Platz belegte Frederic Werner in einer Zeit von 1h23.11. In seiner Altersklasse M30 belegte Frederic den 2.Platz. Der Sieger der Altersklasse M35 Birger B\u00f6sel belegte in einer Zeit von 1h24:20 den vierten Platz in der Cup-Gesamtwertung. Der mehrmalige Laufcupgesamtsieger Mathias Ahrenberg folgte eine Platz dahinter als F\u00fcnfter, in seiner Altersklasse M30 wurde Mathias mit 1h25:32 Dritter im Cup. Auch unsere weiteren L\u00e4ufer kamen im Vorderfeld ins Ziel. In der M50 belegte Fred Kiesendahl mit 1h57:42 den 7.Platz. Lothar Gajek erreichte mit 1h48:34 den 5.Platz in der M55 und Rudi Borchert gewann in einer Zeit von 1h49:09 seine Altersklasse M60. Au\u00dferhalb der Cupwertung belegte Jens Radeke von der Laufgruppe Schwerin den 18.Platz bei den M\u00e4nnern.<\/p>\n<div id=\"attachment_748\" style=\"width: 1034px\" class=\"wp-caption alignleft\"><a href=\"https:\/\/www.laufgruppe-Schwerin.de\/wp-content\/uploads\/2014\/09\/usedom-hm-100.jpg\"><img loading=\"lazy\" decoding=\"async\" aria-describedby=\"caption-attachment-748\" class=\"size-full wp-image-748\" src=\"https:\/\/www.laufgruppe-Schwerin.de\/wp-content\/uploads\/2014\/09\/usedom-hm-100.jpg\" alt=\" vorne v.l. : Nicole M\u00fcller, Anne Krey und Manuela Hofmann  hinten v.l.:Jens Radeke, Frederic Werner, Birger B\u00f6sel, Lothar Gajek und Rudolf Borchert es fehlen: Mathias Ahrenberg und Fred Kiesendahl \" width=\"1024\" height=\"768\" srcset=\"https:\/\/www.laufgruppe-schwerin.de\/wp-content\/uploads\/2014\/09\/usedom-hm-100.jpg 1024w, https:\/\/www.laufgruppe-schwerin.de\/wp-content\/uploads\/2014\/09\/usedom-hm-100-300x225.jpg 300w\" sizes=\"auto, (max-width: 1024px) 100vw, 1024px\" \/><\/a><p id=\"caption-attachment-748\" class=\"wp-caption-text\">vorne v.l. : Nicole M\u00fcller, Anne Krey und Manuela Hofmann<br \/>hinten v.l.:Jens Radeke, Frederic Werner, Birger B\u00f6sel, Lothar Gajek und Rudolf Borchert<br \/>es fehlen: Mathias Ahrenberg und Fred Kiesendahl<\/p><\/div>\n<div id=\"attachment_751\" style=\"width: 778px\" class=\"wp-caption alignleft\"><a href=\"https:\/\/www.laufgruppe-Schwerin.de\/wp-content\/uploads\/2014\/09\/usedom-hm-112.jpg\"><img loading=\"lazy\" decoding=\"async\" aria-describedby=\"caption-attachment-751\" class=\"size-full wp-image-751\" src=\"https:\/\/www.laufgruppe-Schwerin.de\/wp-content\/uploads\/2014\/09\/usedom-hm-112.jpg\" alt=\"Siegerehrung W50 1.Platz Manuela Hofmann\" width=\"768\" height=\"1024\" srcset=\"https:\/\/www.laufgruppe-schwerin.de\/wp-content\/uploads\/2014\/09\/usedom-hm-112.jpg 768w, https:\/\/www.laufgruppe-schwerin.de\/wp-content\/uploads\/2014\/09\/usedom-hm-112-225x300.jpg 225w\" sizes=\"auto, (max-width: 768px) 100vw, 768px\" \/><\/a><p id=\"caption-attachment-751\" class=\"wp-caption-text\">Siegerehrung W50<br \/>1.Platz Manuela Hofmann<\/p><\/div>\n<div id=\"attachment_754\" style=\"width: 778px\" class=\"wp-caption alignleft\"><a href=\"https:\/\/www.laufgruppe-Schwerin.de\/wp-content\/uploads\/2014\/09\/usedom-hm-136.jpg\"><img loading=\"lazy\" decoding=\"async\" aria-describedby=\"caption-attachment-754\" class=\"size-full wp-image-754\" src=\"https:\/\/www.laufgruppe-Schwerin.de\/wp-content\/uploads\/2014\/09\/usedom-hm-136.jpg\" alt=\"Siegerehrung M30 3.Platz Frederic Werner (2.Platz im Laufcup)\" width=\"768\" height=\"1024\" srcset=\"https:\/\/www.laufgruppe-schwerin.de\/wp-content\/uploads\/2014\/09\/usedom-hm-136.jpg 768w, https:\/\/www.laufgruppe-schwerin.de\/wp-content\/uploads\/2014\/09\/usedom-hm-136-225x300.jpg 225w\" sizes=\"auto, (max-width: 768px) 100vw, 768px\" \/><\/a><p id=\"caption-attachment-754\" class=\"wp-caption-text\">Siegerehrung M30<br \/>3.Platz Frederic Werner<br \/>(2.Platz im Laufcup)<\/p><\/div>\n<div id=\"attachment_760\" style=\"width: 778px\" class=\"wp-caption alignnone\"><a href=\"https:\/\/www.laufgruppe-Schwerin.de\/wp-content\/uploads\/2014\/09\/usedom-hm-147.jpg\"><img loading=\"lazy\" decoding=\"async\" aria-describedby=\"caption-attachment-760\" class=\"wp-image-760 size-full\" src=\"https:\/\/www.laufgruppe-Schwerin.de\/wp-content\/uploads\/2014\/09\/usedom-hm-147.jpg\" alt=\"\" width=\"768\" height=\"1024\" srcset=\"https:\/\/www.laufgruppe-schwerin.de\/wp-content\/uploads\/2014\/09\/usedom-hm-147.jpg 768w, https:\/\/www.laufgruppe-schwerin.de\/wp-content\/uploads\/2014\/09\/usedom-hm-147-225x300.jpg 225w\" sizes=\"auto, (max-width: 768px) 100vw, 768px\" \/><\/a><p id=\"caption-attachment-760\" class=\"wp-caption-text\">Sieger M35 Birger B\u00f6sel<\/p><\/div>\n<p>&nbsp;<\/p>\n<iframe src=\"http:\/\/www.facebook.com\/plugins\/like.php?href=https%3A%2F%2Fwww.laufgruppe-schwerin.de%2F%3Fp%3D744&amp;layout=standard&amp;show_faces=true&amp;width=450&amp;action=like&amp;colorscheme=light\" scrolling=\"no\" frameborder=\"0\" allowTransparency=\"true\" style=\"border:none; overflow:hidden; width:450px;margin-top:5px;\"><\/iframe>","protected":false},"excerpt":{"rendered":"<p>Unsere L\u00e4uferinnen und L\u00e4ufer mischten beim 24.Usedomer Halbmarathon ganz vorne mit und errangen 3 Altersklassensiege Bei sch\u00f6nstem Sp\u00e4tsommerwetter ging es f\u00fcr 3 L\u00e4uferinnen und 6 L\u00e4ufer beim 24.Usedom -Halbmarathon um wichtige Punkte im Landeslaufcup. Der Usedom-Halbmarathon war der 11.von 14 Wertungsl\u00e4ufen in der diesj\u00e4hrigen VR-Laufcup-Serie von Mecklenburg-Vorpommern. Vom Start im Wolgaster Peene-Stadion f\u00fchrte der leicht [&hellip;]<\/p>\n","protected":false},"author":3,"featured_media":747,"comment_status":"open","ping_status":"open","sticky":false,"template":"","format":"standard","meta":{"ngg_post_thumbnail":0,"footnotes":""},"categories":[3],"tags":[],"class_list":{"0":"post-744","1":"post","2":"type-post","3":"status-publish","4":"format-standard","5":"has-post-thumbnail","7":"category-laufcup-mv","8":"czr-hentry"},"_links":{"self":[{"href":"https:\/\/www.laufgruppe-schwerin.de\/index.php?rest_route=\/wp\/v2\/posts\/744","targetHints":{"allow":["GET"]}}],"collection":[{"href":"https:\/\/www.laufgruppe-schwerin.de\/index.php?rest_route=\/wp\/v2\/posts"}],"about":[{"href":"https:\/\/www.laufgruppe-schwerin.de\/index.php?rest_route=\/wp\/v2\/types\/post"}],"author":[{"embeddable":true,"href":"https:\/\/www.laufgruppe-schwerin.de\/index.php?rest_route=\/wp\/v2\/users\/3"}],"replies":[{"embeddable":true,"href":"https:\/\/www.laufgruppe-schwerin.de\/index.php?rest_route=%2Fwp%2Fv2%2Fcomments&post=744"}],"version-history":[{"count":16,"href":"https:\/\/www.laufgruppe-schwerin.de\/index.php?rest_route=\/wp\/v2\/posts\/744\/revisions"}],"predecessor-version":[{"id":765,"href":"https:\/\/www.laufgruppe-schwerin.de\/index.php?rest_route=\/wp\/v2\/posts\/744\/revisions\/765"}],"wp:featuredmedia":[{"embeddable":true,"href":"https:\/\/www.laufgruppe-schwerin.de\/index.php?rest_route=\/wp\/v2\/media\/747"}],"wp:attachment":[{"href":"https:\/\/www.laufgruppe-schwerin.de\/index.php?rest_route=%2Fwp%2Fv2%2Fmedia&parent=744"}],"wp:term":[{"taxonomy":"category","embeddable":true,"href":"https:\/\/www.laufgruppe-schwerin.de\/index.php?rest_route=%2Fwp%2Fv2%2Fcategories&post=744"},{"taxonomy":"post_tag","embeddable":true,"href":"https:\/\/www.laufgruppe-schwerin.de\/index.php?rest_route=%2Fwp%2Fv2%2Ftags&post=744"}],"curies":[{"name":"wp","href":"https:\/\/api.w.org\/{rel}","templated":true}]}}