{"id":678,"date":"2014-08-10T23:28:10","date_gmt":"2014-08-10T21:28:10","guid":{"rendered":"http:\/\/www.laufgruppe-schwerin.de\/?p=678"},"modified":"2014-08-10T23:28:10","modified_gmt":"2014-08-10T21:28:10","slug":"5-poeler-abendlauf-am-9-august-2014","status":"publish","type":"post","link":"https:\/\/www.laufgruppe-schwerin.de\/?p=678","title":{"rendered":"5.Poeler Abendlauf am 9.August 2014"},"content":{"rendered":"<p>Viele fordere Platzierungen f\u00fcr unsere L\u00e4uferinnen und L\u00e4ufer beim 5.Poeler Abendlauf<br \/>\nWunderbares Sommerabendwetter auf der Insel Poel begleitete die L\u00e4uferinnen und L\u00e4ufer beim 10. Wertungslauf der VR-Cuplaufserie Mecklenburg-Vorpommern.<br \/>\n388 L\u00e4uferinnen und L\u00e4ufer gingen auf den 4 verschiedenen Strecken an den Start, wobei es im Laufcup auf der 5 und 10km-Strecke um die begehrten Punkte ging.<br \/>\nMit 22 L\u00e4uferinnen und L\u00e4ufer war die Laufgruppe Schwerin der Teilnehmerst\u00e4rkste Verein beim 5.Poeler Abendlauf.<br \/>\nF\u00fcr die Jugendlichen, Seniorinnen ab der W60 und den Senioren ab der M75 wurden die Cuppunkte auf der 5km-Strecke vergeben. Im Feld der 87 L\u00e4uferinnen und L\u00e4ufer setzten sich unsere Starter hervorragend in Szene. F\u00fcr Sofie Sch\u00f6ne(WJ U16) in 26:56 min und Waltraut Garnitz (W75) in 34:16 min gab es die maximalen 25 Punkte f\u00fcr ihre Cupsiege. Gabriele Kaletzki (W60) erreichte in 32:19 min den 4.Platz. Egon Kannegie\u00dfer belegte in einer Zeit von 41:52 min den 2.Platz in der M80. In der M75 wurden Horst Garnitz mit 34:46 min Vierter und Dietrich Eggers mit 43:20 min Sechster.<br \/>\nIm Hauptlauf \u00fcber 10km gingen 194 Teilnehmer an den Start. Im L\u00e4uferfeld 2 Frauen und 14 M\u00e4nner unserer\u00a0 Laufgruppe. Anne Prahl lief in der Gesamtcupwertung auf den 7.Platz und gewann in einer Zeit von 48:55 min ihre Altersklasse W30. Ulrike Sch\u00f6ne belegte in der Gesamtcupwertung den 13.Platz und in der W45 den 3.Platz.<br \/>\nBei den M\u00e4nnern gab der mehrmalige Gesamtlaufcupsieger Mathias Ahrenberg seinen Einstand im diesj\u00e4hrigen Landescup. Mathias belegte als bester Schweriner den 8.Platz in der Gesamtwertung und den 2.Platz in der M30.<br \/>\nF\u00fcr die L\u00e4ufer unserer Laufgruppe gab es in der Cupwertung weitere vordere Platzierungen.<br \/>\nTorsten Gunia belegte in der M50 mit 40:57 min den zweiten Platz. Dritte Pl\u00e4tze gab es f\u00fcr Guiseppe Avignone(M30) mit 40:42 min und Sven Jonas mit 43:55 min in der M55. In der M30 belegte Frank Tschersich mit 41:55 min den vierten Platz und Thomas Meyer bei seinem Cupeinstand mit 45:52 min den sechsten Platz. Stephan Krey wurde mit einer Zeit von 40:51 min Vierter in der M35. In der Altersklaas M45 belegten Frank Leonhardt (43:03) den 5.Platz, Mario Rei\u00dfig (45:00 min) den 7.Platz und Christian Briesen (45:16 min) wurde Achter. In der M55 gingen 3 weitere L\u00e4ufer an den Start. Lothar Gajek wurde mit 45:29 min F\u00fcnfter, Udo Hanold (46:52 min) Sechster und Harald Tschersich (48:23 min) belegte den 7.Platz. Horst Sch\u00f6ne belegte mit 1h10:23 den vierten Platz in der M70.<br \/>\nZwei Nachwuchsl\u00e4ufer der Laufgruppe Schwerin gingen auf der 400m und 1,5km-Strecke an den Start. Auf der 400m-Strecke ging Antonio Briesen in der Wertungsklasse m 3-8 an den Start. Er ben\u00f6tigte f\u00fcr die 400m nur 1:51 min und erreichte den 9.Platz. Sein Bruder Tamino ging in der Altersklasse m 6-12 \u00fcber 1,5km an den Start und wurde mit 5:55 min Elfter.<\/p>\n<div id=\"attachment_691\" style=\"width: 778px\" class=\"wp-caption alignleft\"><a href=\"https:\/\/www.laufgruppe-Schwerin.de\/wp-content\/uploads\/2014\/08\/035.jpg\"><img loading=\"lazy\" decoding=\"async\" aria-describedby=\"caption-attachment-691\" class=\"size-full wp-image-691\" src=\"https:\/\/www.laufgruppe-Schwerin.de\/wp-content\/uploads\/2014\/08\/035.jpg\" alt=\"Gabriele Kaletzki (W60) erreichte in 32:19 min den 4.Platz.\" width=\"768\" height=\"1024\" srcset=\"https:\/\/www.laufgruppe-schwerin.de\/wp-content\/uploads\/2014\/08\/035.jpg 768w, https:\/\/www.laufgruppe-schwerin.de\/wp-content\/uploads\/2014\/08\/035-225x300.jpg 225w\" sizes=\"auto, (max-width: 768px) 100vw, 768px\" \/><\/a><p id=\"caption-attachment-691\" class=\"wp-caption-text\">Gabriele Kaletzki (W60) erreichte in 32:19 min den 4.Platz.<\/p><\/div>\n<p>&nbsp;<\/p>\n<div id=\"attachment_692\" style=\"width: 778px\" class=\"wp-caption alignleft\"><a href=\"https:\/\/www.laufgruppe-Schwerin.de\/wp-content\/uploads\/2014\/08\/042.jpg\"><img loading=\"lazy\" decoding=\"async\" aria-describedby=\"caption-attachment-692\" class=\"size-full wp-image-692\" src=\"https:\/\/www.laufgruppe-Schwerin.de\/wp-content\/uploads\/2014\/08\/042.jpg\" alt=\"Waltraut Garnitz in 34:16 min Siegerin W75 \u00fcber 5 km.\" width=\"768\" height=\"1024\" srcset=\"https:\/\/www.laufgruppe-schwerin.de\/wp-content\/uploads\/2014\/08\/042.jpg 768w, https:\/\/www.laufgruppe-schwerin.de\/wp-content\/uploads\/2014\/08\/042-225x300.jpg 225w\" sizes=\"auto, (max-width: 768px) 100vw, 768px\" \/><\/a><p id=\"caption-attachment-692\" class=\"wp-caption-text\">Waltraut Garnitz in 34:16 min Siegerin W75 \u00fcber 5 km.<\/p><\/div>\n<p>&nbsp;<\/p>\n<div id=\"attachment_693\" style=\"width: 778px\" class=\"wp-caption alignleft\"><a href=\"https:\/\/www.laufgruppe-Schwerin.de\/wp-content\/uploads\/2014\/08\/049.jpg\"><img loading=\"lazy\" decoding=\"async\" aria-describedby=\"caption-attachment-693\" class=\"size-full wp-image-693\" src=\"https:\/\/www.laufgruppe-Schwerin.de\/wp-content\/uploads\/2014\/08\/049.jpg\" alt=\"Mathias Ahrenberg belegte als bester Schweriner den 8.Platz in der Gesamtwertung und den 2.Platz in der M30. \" width=\"768\" height=\"1024\" srcset=\"https:\/\/www.laufgruppe-schwerin.de\/wp-content\/uploads\/2014\/08\/049.jpg 768w, https:\/\/www.laufgruppe-schwerin.de\/wp-content\/uploads\/2014\/08\/049-225x300.jpg 225w\" sizes=\"auto, (max-width: 768px) 100vw, 768px\" \/><\/a><p id=\"caption-attachment-693\" class=\"wp-caption-text\">Mathias Ahrenberg belegte als bester Schweriner den 8.Platz in der Gesamtwertung und den 2.Platz in der M30.<\/p><\/div>\n<p>&nbsp;<\/p>\n<div id=\"attachment_694\" style=\"width: 778px\" class=\"wp-caption alignleft\"><a href=\"https:\/\/www.laufgruppe-Schwerin.de\/wp-content\/uploads\/2014\/08\/054.jpg\"><img loading=\"lazy\" decoding=\"async\" aria-describedby=\"caption-attachment-694\" class=\"size-full wp-image-694\" src=\"https:\/\/www.laufgruppe-Schwerin.de\/wp-content\/uploads\/2014\/08\/054.jpg\" alt=\"Guiseppe Avignone(M30) Dritter mit 40:42 min \" width=\"768\" height=\"1024\" srcset=\"https:\/\/www.laufgruppe-schwerin.de\/wp-content\/uploads\/2014\/08\/054.jpg 768w, https:\/\/www.laufgruppe-schwerin.de\/wp-content\/uploads\/2014\/08\/054-225x300.jpg 225w\" sizes=\"auto, (max-width: 768px) 100vw, 768px\" \/><\/a><p id=\"caption-attachment-694\" class=\"wp-caption-text\">Guiseppe Avignone(M30) Dritter mit 40:42 min<\/p><\/div>\n<p>&nbsp;<\/p>\n<div id=\"attachment_695\" style=\"width: 778px\" class=\"wp-caption alignleft\"><a href=\"https:\/\/www.laufgruppe-Schwerin.de\/wp-content\/uploads\/2014\/08\/055.jpg\"><img loading=\"lazy\" decoding=\"async\" aria-describedby=\"caption-attachment-695\" class=\"size-full wp-image-695\" src=\"https:\/\/www.laufgruppe-Schwerin.de\/wp-content\/uploads\/2014\/08\/055.jpg\" alt=\"Stephan Krey wurde mit einer Zeit von 40:51 min Vierter in der M35. \" width=\"768\" height=\"1024\" srcset=\"https:\/\/www.laufgruppe-schwerin.de\/wp-content\/uploads\/2014\/08\/055.jpg 768w, https:\/\/www.laufgruppe-schwerin.de\/wp-content\/uploads\/2014\/08\/055-225x300.jpg 225w\" sizes=\"auto, (max-width: 768px) 100vw, 768px\" \/><\/a><p id=\"caption-attachment-695\" class=\"wp-caption-text\">Stephan Krey wurde mit einer Zeit von 40:51 min Vierter in der M35.<\/p><\/div>\n<p>&nbsp;<\/p>\n<div id=\"attachment_696\" style=\"width: 778px\" class=\"wp-caption alignleft\"><a href=\"https:\/\/www.laufgruppe-Schwerin.de\/wp-content\/uploads\/2014\/08\/058.jpg\"><img loading=\"lazy\" decoding=\"async\" aria-describedby=\"caption-attachment-696\" class=\"size-full wp-image-696\" src=\"https:\/\/www.laufgruppe-Schwerin.de\/wp-content\/uploads\/2014\/08\/058.jpg\" alt=\"Egon Kannegie\u00dfer belegte in einer Zeit von 41:52 min den 2.Platz \u00fcber 5km in der M80.\" width=\"768\" height=\"1024\" srcset=\"https:\/\/www.laufgruppe-schwerin.de\/wp-content\/uploads\/2014\/08\/058.jpg 768w, https:\/\/www.laufgruppe-schwerin.de\/wp-content\/uploads\/2014\/08\/058-225x300.jpg 225w\" sizes=\"auto, (max-width: 768px) 100vw, 768px\" \/><\/a><p id=\"caption-attachment-696\" class=\"wp-caption-text\">Egon Kannegie\u00dfer belegte in einer Zeit von 41:52 min den 2.Platz \u00fcber 5km in der M80.<\/p><\/div>\n<p>&nbsp;<\/p>\n<div id=\"attachment_697\" style=\"width: 778px\" class=\"wp-caption alignleft\"><a href=\"https:\/\/www.laufgruppe-Schwerin.de\/wp-content\/uploads\/2014\/08\/062.jpg\"><img loading=\"lazy\" decoding=\"async\" aria-describedby=\"caption-attachment-697\" class=\"size-full wp-image-697\" src=\"https:\/\/www.laufgruppe-Schwerin.de\/wp-content\/uploads\/2014\/08\/062.jpg\" alt=\"In der Altersklaas M45 belegten Frank Leonhardt (43:03) den 5.Platz\" width=\"768\" height=\"1024\" srcset=\"https:\/\/www.laufgruppe-schwerin.de\/wp-content\/uploads\/2014\/08\/062.jpg 768w, https:\/\/www.laufgruppe-schwerin.de\/wp-content\/uploads\/2014\/08\/062-225x300.jpg 225w\" sizes=\"auto, (max-width: 768px) 100vw, 768px\" \/><\/a><p id=\"caption-attachment-697\" class=\"wp-caption-text\">In der Altersklaas M45 belegten Frank Leonhardt (43:03) den 5.Platz<\/p><\/div>\n<p>&nbsp;<\/p>\n<div id=\"attachment_698\" style=\"width: 778px\" class=\"wp-caption alignleft\"><a href=\"https:\/\/www.laufgruppe-Schwerin.de\/wp-content\/uploads\/2014\/08\/064.jpg\"><img loading=\"lazy\" decoding=\"async\" aria-describedby=\"caption-attachment-698\" class=\"size-full wp-image-698\" src=\"https:\/\/www.laufgruppe-Schwerin.de\/wp-content\/uploads\/2014\/08\/064.jpg\" alt=\"Dietrich Eggers wurde mit 43:20 min Sechster in der M75 \u00fcber 5km\" width=\"768\" height=\"1024\" srcset=\"https:\/\/www.laufgruppe-schwerin.de\/wp-content\/uploads\/2014\/08\/064.jpg 768w, https:\/\/www.laufgruppe-schwerin.de\/wp-content\/uploads\/2014\/08\/064-225x300.jpg 225w\" sizes=\"auto, (max-width: 768px) 100vw, 768px\" \/><\/a><p id=\"caption-attachment-698\" class=\"wp-caption-text\">Dietrich Eggers wurde mit 43:20 min Sechster in der M75 \u00fcber 5km<\/p><\/div>\n<p>&nbsp;<\/p>\n<div id=\"attachment_699\" style=\"width: 1034px\" class=\"wp-caption alignleft\"><a href=\"https:\/\/www.laufgruppe-Schwerin.de\/wp-content\/uploads\/2014\/08\/072.jpg\"><img loading=\"lazy\" decoding=\"async\" aria-describedby=\"caption-attachment-699\" class=\"size-full wp-image-699\" src=\"https:\/\/www.laufgruppe-Schwerin.de\/wp-content\/uploads\/2014\/08\/072.jpg\" alt=\"Christian Briesen (45:16 min) wurde Achter in der M45.\" width=\"1024\" height=\"768\" srcset=\"https:\/\/www.laufgruppe-schwerin.de\/wp-content\/uploads\/2014\/08\/072.jpg 1024w, https:\/\/www.laufgruppe-schwerin.de\/wp-content\/uploads\/2014\/08\/072-300x225.jpg 300w\" sizes=\"auto, (max-width: 1024px) 100vw, 1024px\" \/><\/a><p id=\"caption-attachment-699\" class=\"wp-caption-text\">Christian Briesen (45:16 min) wurde Achter in der M45.<\/p><\/div>\n<p>&nbsp;<\/p>\n<div id=\"attachment_700\" style=\"width: 778px\" class=\"wp-caption alignleft\"><a href=\"https:\/\/www.laufgruppe-Schwerin.de\/wp-content\/uploads\/2014\/08\/074.jpg\"><img loading=\"lazy\" decoding=\"async\" aria-describedby=\"caption-attachment-700\" class=\"size-full wp-image-700\" src=\"https:\/\/www.laufgruppe-Schwerin.de\/wp-content\/uploads\/2014\/08\/074.jpg\" alt=\"Lothar Gajek wurde mit 45:29 min F\u00fcnfter der M55.\" width=\"768\" height=\"1024\" srcset=\"https:\/\/www.laufgruppe-schwerin.de\/wp-content\/uploads\/2014\/08\/074.jpg 768w, https:\/\/www.laufgruppe-schwerin.de\/wp-content\/uploads\/2014\/08\/074-225x300.jpg 225w\" sizes=\"auto, (max-width: 768px) 100vw, 768px\" \/><\/a><p id=\"caption-attachment-700\" class=\"wp-caption-text\">Lothar Gajek wurde mit 45:29 min F\u00fcnfter der M55.<\/p><\/div>\n<p>&nbsp;<\/p>\n<div id=\"attachment_701\" style=\"width: 778px\" class=\"wp-caption alignleft\"><a href=\"https:\/\/www.laufgruppe-Schwerin.de\/wp-content\/uploads\/2014\/08\/075.jpg\"><img loading=\"lazy\" decoding=\"async\" aria-describedby=\"caption-attachment-701\" class=\"size-full wp-image-701\" src=\"https:\/\/www.laufgruppe-Schwerin.de\/wp-content\/uploads\/2014\/08\/075.jpg\" alt=\"Thomas Meyer belegte bei seinem Cupeinstand mit 45:52 min den sechsten Platz in der M30. \" width=\"768\" height=\"1024\" srcset=\"https:\/\/www.laufgruppe-schwerin.de\/wp-content\/uploads\/2014\/08\/075.jpg 768w, https:\/\/www.laufgruppe-schwerin.de\/wp-content\/uploads\/2014\/08\/075-225x300.jpg 225w\" sizes=\"auto, (max-width: 768px) 100vw, 768px\" \/><\/a><p id=\"caption-attachment-701\" class=\"wp-caption-text\">Thomas Meyer belegte bei seinem Cupeinstand mit 45:52 min den sechsten Platz in der M30.<\/p><\/div>\n<p>&nbsp;<\/p>\n<div id=\"attachment_702\" style=\"width: 778px\" class=\"wp-caption alignleft\"><a href=\"https:\/\/www.laufgruppe-Schwerin.de\/wp-content\/uploads\/2014\/08\/078.jpg\"><img loading=\"lazy\" decoding=\"async\" aria-describedby=\"caption-attachment-702\" class=\"size-full wp-image-702\" src=\"https:\/\/www.laufgruppe-Schwerin.de\/wp-content\/uploads\/2014\/08\/078.jpg\" alt=\"Udo Hanold (46:52 min) wurde Sechster in der M55. \" width=\"768\" height=\"1024\" srcset=\"https:\/\/www.laufgruppe-schwerin.de\/wp-content\/uploads\/2014\/08\/078.jpg 768w, https:\/\/www.laufgruppe-schwerin.de\/wp-content\/uploads\/2014\/08\/078-225x300.jpg 225w\" sizes=\"auto, (max-width: 768px) 100vw, 768px\" \/><\/a><p id=\"caption-attachment-702\" class=\"wp-caption-text\">Udo Hanold (46:52 min) wurde Sechster in der M55.<\/p><\/div>\n<p>&nbsp;<\/p>\n<div id=\"attachment_703\" style=\"width: 778px\" class=\"wp-caption alignleft\"><a href=\"https:\/\/www.laufgruppe-Schwerin.de\/wp-content\/uploads\/2014\/08\/082.jpg\"><img loading=\"lazy\" decoding=\"async\" aria-describedby=\"caption-attachment-703\" class=\"size-full wp-image-703\" src=\"https:\/\/www.laufgruppe-Schwerin.de\/wp-content\/uploads\/2014\/08\/082.jpg\" alt=\"Harald Tschersich (48:23 min) belegte den 7.Platz in der M55.\" width=\"768\" height=\"1024\" srcset=\"https:\/\/www.laufgruppe-schwerin.de\/wp-content\/uploads\/2014\/08\/082.jpg 768w, https:\/\/www.laufgruppe-schwerin.de\/wp-content\/uploads\/2014\/08\/082-225x300.jpg 225w\" sizes=\"auto, (max-width: 768px) 100vw, 768px\" \/><\/a><p id=\"caption-attachment-703\" class=\"wp-caption-text\">Harald Tschersich (48:23 min) belegte den 7.Platz in der M55.<\/p><\/div>\n<p>&nbsp;<\/p>\n<div id=\"attachment_704\" style=\"width: 778px\" class=\"wp-caption alignleft\"><a href=\"https:\/\/www.laufgruppe-Schwerin.de\/wp-content\/uploads\/2014\/08\/083.jpg\"><img loading=\"lazy\" decoding=\"async\" aria-describedby=\"caption-attachment-704\" class=\"size-full wp-image-704\" src=\"https:\/\/www.laufgruppe-Schwerin.de\/wp-content\/uploads\/2014\/08\/083.jpg\" alt=\"Anne Prahl lief in der Gesamtcupwertung auf den 7.Platz und gewann in einer Zeit von 48:55 min ihre Altersklasse W30. \" width=\"768\" height=\"1024\" srcset=\"https:\/\/www.laufgruppe-schwerin.de\/wp-content\/uploads\/2014\/08\/083.jpg 768w, https:\/\/www.laufgruppe-schwerin.de\/wp-content\/uploads\/2014\/08\/083-225x300.jpg 225w\" sizes=\"auto, (max-width: 768px) 100vw, 768px\" \/><\/a><p id=\"caption-attachment-704\" class=\"wp-caption-text\">Anne Prahl lief in der Gesamtcupwertung auf den 7.Platz und gewann in einer Zeit von 48:55 min ihre Altersklasse W30.<\/p><\/div>\n<p>&nbsp;<\/p>\n<div id=\"attachment_705\" style=\"width: 778px\" class=\"wp-caption alignleft\"><a href=\"https:\/\/www.laufgruppe-Schwerin.de\/wp-content\/uploads\/2014\/08\/091.jpg\"><img loading=\"lazy\" decoding=\"async\" aria-describedby=\"caption-attachment-705\" class=\"size-full wp-image-705\" src=\"https:\/\/www.laufgruppe-Schwerin.de\/wp-content\/uploads\/2014\/08\/091.jpg\" alt=\"Ulrike Sch\u00f6ne belegte in der Gesamtcupwertung den 13.Platz und in der W45 den 3.Platz.\" width=\"768\" height=\"1024\" srcset=\"https:\/\/www.laufgruppe-schwerin.de\/wp-content\/uploads\/2014\/08\/091.jpg 768w, https:\/\/www.laufgruppe-schwerin.de\/wp-content\/uploads\/2014\/08\/091-225x300.jpg 225w\" sizes=\"auto, (max-width: 768px) 100vw, 768px\" \/><\/a><p id=\"caption-attachment-705\" class=\"wp-caption-text\">Ulrike Sch\u00f6ne belegte in der Gesamtcupwertung den 13.Platz und in der W45 den 3.Platz.<\/p><\/div>\n<p>&nbsp;<\/p>\n<div id=\"attachment_706\" style=\"width: 778px\" class=\"wp-caption alignleft\"><a href=\"https:\/\/www.laufgruppe-Schwerin.de\/wp-content\/uploads\/2014\/08\/126.jpg\"><img loading=\"lazy\" decoding=\"async\" aria-describedby=\"caption-attachment-706\" class=\"size-full wp-image-706\" src=\"https:\/\/www.laufgruppe-Schwerin.de\/wp-content\/uploads\/2014\/08\/126.jpg\" alt=\"Horst Sch\u00f6ne belegte mit 1h10:23 den vierten Platz in der M70.\" width=\"768\" height=\"1024\" srcset=\"https:\/\/www.laufgruppe-schwerin.de\/wp-content\/uploads\/2014\/08\/126.jpg 768w, https:\/\/www.laufgruppe-schwerin.de\/wp-content\/uploads\/2014\/08\/126-225x300.jpg 225w\" sizes=\"auto, (max-width: 768px) 100vw, 768px\" \/><\/a><p id=\"caption-attachment-706\" class=\"wp-caption-text\">Horst Sch\u00f6ne belegte mit 1h10:23 den vierten Platz in der M70.<\/p><\/div>\n<p>&nbsp;<\/p>\n<div id=\"attachment_707\" style=\"width: 778px\" class=\"wp-caption alignleft\"><a href=\"https:\/\/www.laufgruppe-Schwerin.de\/wp-content\/uploads\/2014\/08\/132.jpg\"><img loading=\"lazy\" decoding=\"async\" aria-describedby=\"caption-attachment-707\" class=\"size-full wp-image-707\" src=\"https:\/\/www.laufgruppe-Schwerin.de\/wp-content\/uploads\/2014\/08\/132.jpg\" alt=\"1.Platz in der Cupwertung f\u00fcr Sofie Sch\u00f6ne (WJ U16) in 26:56 min \u00fcber 5km.\" width=\"768\" height=\"1024\" srcset=\"https:\/\/www.laufgruppe-schwerin.de\/wp-content\/uploads\/2014\/08\/132.jpg 768w, https:\/\/www.laufgruppe-schwerin.de\/wp-content\/uploads\/2014\/08\/132-225x300.jpg 225w\" sizes=\"auto, (max-width: 768px) 100vw, 768px\" \/><\/a><p id=\"caption-attachment-707\" class=\"wp-caption-text\">1.Platz in der Cupwertung f\u00fcr Sofie Sch\u00f6ne (WJ U16) in 26:56 min \u00fcber 5km.<\/p><\/div>\n<p>&nbsp;<\/p>\n<div id=\"attachment_708\" style=\"width: 778px\" class=\"wp-caption alignleft\"><a href=\"https:\/\/www.laufgruppe-Schwerin.de\/wp-content\/uploads\/2014\/08\/6575.jpg\"><img loading=\"lazy\" decoding=\"async\" aria-describedby=\"caption-attachment-708\" class=\"size-full wp-image-708\" src=\"https:\/\/www.laufgruppe-Schwerin.de\/wp-content\/uploads\/2014\/08\/6575.jpg\" alt=\"Siegerehrung M80. Zweiter Platz f\u00fcr Egon Kannegie\u00dfer.\" width=\"768\" height=\"1024\" srcset=\"https:\/\/www.laufgruppe-schwerin.de\/wp-content\/uploads\/2014\/08\/6575.jpg 768w, https:\/\/www.laufgruppe-schwerin.de\/wp-content\/uploads\/2014\/08\/6575-225x300.jpg 225w\" sizes=\"auto, (max-width: 768px) 100vw, 768px\" \/><\/a><p id=\"caption-attachment-708\" class=\"wp-caption-text\">Siegerehrung M80. Zweiter Platz f\u00fcr Egon Kannegie\u00dfer.<\/p><\/div>\n<p>&nbsp;<\/p>\n<div id=\"attachment_709\" style=\"width: 778px\" class=\"wp-caption alignleft\"><a href=\"https:\/\/www.laufgruppe-Schwerin.de\/wp-content\/uploads\/2014\/08\/6612.jpg\"><img loading=\"lazy\" decoding=\"async\" aria-describedby=\"caption-attachment-709\" class=\"size-full wp-image-709\" src=\"https:\/\/www.laufgruppe-Schwerin.de\/wp-content\/uploads\/2014\/08\/6612.jpg\" alt=\"1.Platz f\u00fcr Anne Prahl in der W30.\" width=\"768\" height=\"1024\" srcset=\"https:\/\/www.laufgruppe-schwerin.de\/wp-content\/uploads\/2014\/08\/6612.jpg 768w, https:\/\/www.laufgruppe-schwerin.de\/wp-content\/uploads\/2014\/08\/6612-225x300.jpg 225w\" sizes=\"auto, (max-width: 768px) 100vw, 768px\" \/><\/a><p id=\"caption-attachment-709\" class=\"wp-caption-text\">1.Platz f\u00fcr Anne Prahl in der W30.<\/p><\/div>\n<p>&nbsp;<\/p>\n<div id=\"attachment_710\" style=\"width: 1034px\" class=\"wp-caption alignleft\"><a href=\"https:\/\/www.laufgruppe-Schwerin.de\/wp-content\/uploads\/2014\/08\/6625.jpg\"><img loading=\"lazy\" decoding=\"async\" aria-describedby=\"caption-attachment-710\" class=\"size-full wp-image-710\" src=\"https:\/\/www.laufgruppe-Schwerin.de\/wp-content\/uploads\/2014\/08\/6625.jpg\" alt=\"Sven Jonas 3.Platz in der M55.\" width=\"1024\" height=\"768\" srcset=\"https:\/\/www.laufgruppe-schwerin.de\/wp-content\/uploads\/2014\/08\/6625.jpg 1024w, https:\/\/www.laufgruppe-schwerin.de\/wp-content\/uploads\/2014\/08\/6625-300x225.jpg 300w\" sizes=\"auto, (max-width: 1024px) 100vw, 1024px\" \/><\/a><p id=\"caption-attachment-710\" class=\"wp-caption-text\">Sven Jonas 3.Platz in der M55.<\/p><\/div>\n<p>&nbsp;<\/p>\n<div id=\"attachment_711\" style=\"width: 1034px\" class=\"wp-caption alignleft\"><a href=\"https:\/\/www.laufgruppe-Schwerin.de\/wp-content\/uploads\/2014\/08\/6633.jpg\"><img loading=\"lazy\" decoding=\"async\" aria-describedby=\"caption-attachment-711\" class=\"size-full wp-image-711\" src=\"https:\/\/www.laufgruppe-Schwerin.de\/wp-content\/uploads\/2014\/08\/6633.jpg\" alt=\"Unsere L\u00e4uferinnen und L\u00e4ufer mit den L\u00e4ufern der 5-Seen-Laufgruppe.\" width=\"1024\" height=\"768\" srcset=\"https:\/\/www.laufgruppe-schwerin.de\/wp-content\/uploads\/2014\/08\/6633.jpg 1024w, https:\/\/www.laufgruppe-schwerin.de\/wp-content\/uploads\/2014\/08\/6633-300x225.jpg 300w\" sizes=\"auto, (max-width: 1024px) 100vw, 1024px\" \/><\/a><p id=\"caption-attachment-711\" class=\"wp-caption-text\">Unsere L\u00e4uferinnen und L\u00e4ufer mit den L\u00e4ufern der 5-Seen-Laufgruppe.<\/p><\/div>\n<iframe src=\"http:\/\/www.facebook.com\/plugins\/like.php?href=https%3A%2F%2Fwww.laufgruppe-schwerin.de%2F%3Fp%3D678&amp;layout=standard&amp;show_faces=true&amp;width=450&amp;action=like&amp;colorscheme=light\" scrolling=\"no\" frameborder=\"0\" allowTransparency=\"true\" style=\"border:none; overflow:hidden; width:450px;margin-top:5px;\"><\/iframe>","protected":false},"excerpt":{"rendered":"<p>Viele fordere Platzierungen f\u00fcr unsere L\u00e4uferinnen und L\u00e4ufer beim 5.Poeler Abendlauf Wunderbares Sommerabendwetter auf der Insel Poel begleitete die L\u00e4uferinnen und L\u00e4ufer beim 10. Wertungslauf der VR-Cuplaufserie Mecklenburg-Vorpommern. 388 L\u00e4uferinnen und L\u00e4ufer gingen auf den 4 verschiedenen Strecken an den Start, wobei es im Laufcup auf der 5 und 10km-Strecke um die begehrten Punkte ging. [&hellip;]<\/p>\n","protected":false},"author":3,"featured_media":690,"comment_status":"open","ping_status":"open","sticky":false,"template":"","format":"standard","meta":{"ngg_post_thumbnail":0,"footnotes":""},"categories":[3],"tags":[],"class_list":{"0":"post-678","1":"post","2":"type-post","3":"status-publish","4":"format-standard","5":"has-post-thumbnail","7":"category-laufcup-mv","8":"czr-hentry"},"_links":{"self":[{"href":"https:\/\/www.laufgruppe-schwerin.de\/index.php?rest_route=\/wp\/v2\/posts\/678","targetHints":{"allow":["GET"]}}],"collection":[{"href":"https:\/\/www.laufgruppe-schwerin.de\/index.php?rest_route=\/wp\/v2\/posts"}],"about":[{"href":"https:\/\/www.laufgruppe-schwerin.de\/index.php?rest_route=\/wp\/v2\/types\/post"}],"author":[{"embeddable":true,"href":"https:\/\/www.laufgruppe-schwerin.de\/index.php?rest_route=\/wp\/v2\/users\/3"}],"replies":[{"embeddable":true,"href":"https:\/\/www.laufgruppe-schwerin.de\/index.php?rest_route=%2Fwp%2Fv2%2Fcomments&post=678"}],"version-history":[{"count":24,"href":"https:\/\/www.laufgruppe-schwerin.de\/index.php?rest_route=\/wp\/v2\/posts\/678\/revisions"}],"predecessor-version":[{"id":734,"href":"https:\/\/www.laufgruppe-schwerin.de\/index.php?rest_route=\/wp\/v2\/posts\/678\/revisions\/734"}],"wp:featuredmedia":[{"embeddable":true,"href":"https:\/\/www.laufgruppe-schwerin.de\/index.php?rest_route=\/wp\/v2\/media\/690"}],"wp:attachment":[{"href":"https:\/\/www.laufgruppe-schwerin.de\/index.php?rest_route=%2Fwp%2Fv2%2Fmedia&parent=678"}],"wp:term":[{"taxonomy":"category","embeddable":true,"href":"https:\/\/www.laufgruppe-schwerin.de\/index.php?rest_route=%2Fwp%2Fv2%2Fcategories&post=678"},{"taxonomy":"post_tag","embeddable":true,"href":"https:\/\/www.laufgruppe-schwerin.de\/index.php?rest_route=%2Fwp%2Fv2%2Ftags&post=678"}],"curies":[{"name":"wp","href":"https:\/\/api.w.org\/{rel}","templated":true}]}}