{"id":631,"date":"2014-07-24T20:43:56","date_gmt":"2014-07-24T18:43:56","guid":{"rendered":"http:\/\/www.laufgruppe-schwerin.de\/?p=631"},"modified":"2014-07-24T20:43:56","modified_gmt":"2014-07-24T18:43:56","slug":"32-karl-krull-gedenklauf-am-20-07-2014-in-steinhagen","status":"publish","type":"post","link":"https:\/\/www.laufgruppe-schwerin.de\/?p=631","title":{"rendered":"32. Karl-Krull-Gedenklauf am 20.07.2014 in Steinhagen"},"content":{"rendered":"<p>Unsere L\u00e4uferinnen und L\u00e4ufer mischten beim \u201eHitzecuplauf\u201c in Steinhagen ganz vorne mit<br \/>\nBeim 32.Karl-Krull-Gedenklauf in Steinhagen wurden auf den 5-und 10 Kilometerstrecken die begehrten Cuppunkte in den Altersklassen- und Gesamtwertungen vergeben. 17 L\u00e4uferinnen und L\u00e4ufer unserer Laufgruppe gingen beim 9.Wertungslauf des VR-Laufcup Mecklenburg-Vorpommern an den Start.<br \/>\nIn der Gesamtwertung gingen die Siege an den Tri Fun G\u00fcstrow. Sowohl mit Anne-Kathrin Litzenberg in 38:21 min bei den Frauen, als auch mit Stephen Trittin in 36:37 min bei den M\u00e4nnern gab es die erwarteten Favoritensiege. Beide bewiesen mit ihren Zeiten, dass auch bei mehr als Schwei\u00df treibenden Temperaturen Topzeiten m\u00f6glich sind.<br \/>\n4 Frauen und 8 M\u00e4nner unserer Laufgruppe nahmen die 10 Kilometerstrecke in Angriff. Hierbei liefen gleich 3 Frauen in die Top 10 der Gesamtwertung. Schnellste als Gesamtf\u00fcnfte wurde Anja Wittwer in einer Zeit von 44:26 min. In ihrer stark besetzten Altersklasse W20 wurde Anja Dritte. Als Gesamtsechste und Siegerin der W50 kam Manuela Hofmann ins Ziel. In pers\u00f6nlicher Bestzeit von 45:07 min gewann Manuela Hofmannn auch ihren 4.Cuplauf: Als Gesamtsiebente und Altersklassensiegerin der W45 \u00fcberlief Kathrin Schr\u00f6der in einer Zeit von 46:23 min die Ziellinie. Ulrike Sch\u00f6ne erreichte mit 59:02 min in der Cupwertung einen 6.Platz in der W45.<br \/>\nBei den M\u00e4nnern war Birger B\u00f6sel unser schnellster L\u00e4ufer. In pers\u00f6nlicher Bestzeit von 39:29 min erreichte er einen hervorragenden 10.Platz in der Gesamtwertung und wurde in der M35 Zweiter. M60-L\u00e4ufer Rudolf Borchert erlief in der Klassezeit von 42:27 min den 3. Altersklassensieg auf der 10-Kilometerstrecke. Mit 40:54 min gab es f\u00fcr Frank Tschersich in der M30 einen dritten Platz. Frank Leonhardt erreichte im Cup mit einer Zeit von 42:24 min in der M45 den 7.Platz. In der gleichen Altersklasse wurde Christan Stapel in 54:49 min F\u00fcnfzehnter. Lothar Domnick wurde mit 44:33 min Sechster in der M50: Nach l\u00e4ngeren Verletzungspausen gaben Sven Jonas und Lothar Gajek in der M55 ihren diesj\u00e4hrigen Laufcupeinstand. Sven Jonas kam mit 45:31 min als F\u00fcnfter ins Ziel und in einer Zeit von 47:41 min beendete Lothar Gajek als Altersklassensechster den Lauf.<br \/>\nF\u00fcr die Jugendlichen und den Senioren ab der Altersklasse M75; sowie den Seniorinnen ab der Altersklasse W60 wurden die Laufcuppunkte \u00fcber 5 Kilometer vergeben. Auch hier gab es f\u00fcr uns hervorragende Ergebnisse. Waltraut Garnitz gewann auch ihren 4.Cuplauf, nach genau 35 min erreichte sie das Ziel. F\u00fcr U16 L\u00e4uferin Sophie Sch\u00f6ne gab es in 27:38 min einen zweiten Platz. Gabrielle Kaletzki erreichte in einer Zeit von 34:11 min als Sechste der W60 das Ziel. Franziska Dr\u00f6ge startete au\u00dferhalb der Laufcupkonkurrenz ebenfalls \u00fcber die 5 Kilometer. Franziska wurde in 29:27 min Sechste bei den Frauen. Horst Garnitz wurde in 36:34 min Sechster in der M75. In der M80 lief Egon Kannengie\u00dfer in 44:52 min auf den 2.Platz.<\/p>\n<div id=\"attachment_640\" style=\"width: 1034px\" class=\"wp-caption alignleft\"><a href=\"https:\/\/www.laufgruppe-Schwerin.de\/wp-content\/uploads\/2014\/07\/steinhagen-014.jpg\"><img loading=\"lazy\" decoding=\"async\" aria-describedby=\"caption-attachment-640\" class=\"size-full wp-image-640\" src=\"https:\/\/www.laufgruppe-Schwerin.de\/wp-content\/uploads\/2014\/07\/steinhagen-014.jpg\" alt=\"Die L\u00e4uferinnen und L\u00e4ufer unserer und der 5-Seen-Laufgruppe\" width=\"1024\" height=\"667\" srcset=\"https:\/\/www.laufgruppe-schwerin.de\/wp-content\/uploads\/2014\/07\/steinhagen-014.jpg 1024w, https:\/\/www.laufgruppe-schwerin.de\/wp-content\/uploads\/2014\/07\/steinhagen-014-300x195.jpg 300w\" sizes=\"auto, (max-width: 1024px) 100vw, 1024px\" \/><\/a><p id=\"caption-attachment-640\" class=\"wp-caption-text\">Die L\u00e4uferinnen und L\u00e4ufer unserer und der 5-Seen-Laufgruppe<\/p><\/div>\n<p>&nbsp;<\/p>\n<div id=\"attachment_642\" style=\"width: 1034px\" class=\"wp-caption alignleft\"><a href=\"https:\/\/www.laufgruppe-Schwerin.de\/wp-content\/uploads\/2014\/07\/steinhagen-093.jpg\"><img loading=\"lazy\" decoding=\"async\" aria-describedby=\"caption-attachment-642\" class=\"size-full wp-image-642\" src=\"https:\/\/www.laufgruppe-Schwerin.de\/wp-content\/uploads\/2014\/07\/steinhagen-093.jpg\" alt=\"Anja Wittwer (mitte) 3.Platz W20 und Gesamtf\u00fcnfte\" width=\"1024\" height=\"768\" srcset=\"https:\/\/www.laufgruppe-schwerin.de\/wp-content\/uploads\/2014\/07\/steinhagen-093.jpg 1024w, https:\/\/www.laufgruppe-schwerin.de\/wp-content\/uploads\/2014\/07\/steinhagen-093-300x225.jpg 300w\" sizes=\"auto, (max-width: 1024px) 100vw, 1024px\" \/><\/a><p id=\"caption-attachment-642\" class=\"wp-caption-text\">Anja Wittwer (mitte) 3.Platz W20 und Gesamtf\u00fcnfte<\/p><\/div>\n<p>&nbsp;<\/p>\n<div id=\"attachment_645\" style=\"width: 778px\" class=\"wp-caption alignleft\"><a href=\"https:\/\/www.laufgruppe-Schwerin.de\/wp-content\/uploads\/2014\/07\/steinhagen-079.jpg\"><img loading=\"lazy\" decoding=\"async\" aria-describedby=\"caption-attachment-645\" class=\"size-full wp-image-645\" src=\"https:\/\/www.laufgruppe-Schwerin.de\/wp-content\/uploads\/2014\/07\/steinhagen-079.jpg\" alt=\"Manuela Hofmann (links) Siegerin W50 und Gesamtsechste\" width=\"768\" height=\"1024\" srcset=\"https:\/\/www.laufgruppe-schwerin.de\/wp-content\/uploads\/2014\/07\/steinhagen-079.jpg 768w, https:\/\/www.laufgruppe-schwerin.de\/wp-content\/uploads\/2014\/07\/steinhagen-079-225x300.jpg 225w\" sizes=\"auto, (max-width: 768px) 100vw, 768px\" \/><\/a><p id=\"caption-attachment-645\" class=\"wp-caption-text\">Manuela Hofmann (links) Siegerin W50 und Gesamtsechste<\/p><\/div>\n<p>&nbsp;<\/p>\n<div id=\"attachment_648\" style=\"width: 778px\" class=\"wp-caption alignleft\"><a href=\"https:\/\/www.laufgruppe-Schwerin.de\/wp-content\/uploads\/2014\/07\/steinhagen-083.jpg\"><img loading=\"lazy\" decoding=\"async\" aria-describedby=\"caption-attachment-648\" class=\"size-full wp-image-648\" src=\"https:\/\/www.laufgruppe-Schwerin.de\/wp-content\/uploads\/2014\/07\/steinhagen-083.jpg\" alt=\"Kathrin Schr\u00f6der (links) Siegerin W45 und Gesamtsiebente\" width=\"768\" height=\"1024\" srcset=\"https:\/\/www.laufgruppe-schwerin.de\/wp-content\/uploads\/2014\/07\/steinhagen-083.jpg 768w, https:\/\/www.laufgruppe-schwerin.de\/wp-content\/uploads\/2014\/07\/steinhagen-083-225x300.jpg 225w\" sizes=\"auto, (max-width: 768px) 100vw, 768px\" \/><\/a><p id=\"caption-attachment-648\" class=\"wp-caption-text\">Kathrin Schr\u00f6der (links) Siegerin W45 und Gesamtsiebente<\/p><\/div>\n<p>&nbsp;<\/p>\n<div id=\"attachment_650\" style=\"width: 778px\" class=\"wp-caption alignleft\"><a href=\"https:\/\/www.laufgruppe-Schwerin.de\/wp-content\/uploads\/2014\/07\/steinhagen-066.jpg\"><img loading=\"lazy\" decoding=\"async\" aria-describedby=\"caption-attachment-650\" class=\"size-full wp-image-650\" src=\"https:\/\/www.laufgruppe-Schwerin.de\/wp-content\/uploads\/2014\/07\/steinhagen-066.jpg\" alt=\"Birger B\u00f6sel (links) 2.Platz M35 und Gesamtzehnter\" width=\"768\" height=\"1024\" srcset=\"https:\/\/www.laufgruppe-schwerin.de\/wp-content\/uploads\/2014\/07\/steinhagen-066.jpg 768w, https:\/\/www.laufgruppe-schwerin.de\/wp-content\/uploads\/2014\/07\/steinhagen-066-225x300.jpg 225w\" sizes=\"auto, (max-width: 768px) 100vw, 768px\" \/><\/a><p id=\"caption-attachment-650\" class=\"wp-caption-text\">Birger B\u00f6sel (links) 2.Platz M35 und Gesamtzehnter<\/p><\/div>\n<p>&nbsp;<\/p>\n<div id=\"attachment_652\" style=\"width: 778px\" class=\"wp-caption alignleft\"><a href=\"https:\/\/www.laufgruppe-Schwerin.de\/wp-content\/uploads\/2014\/07\/steinhagen-031.jpg\"><img loading=\"lazy\" decoding=\"async\" aria-describedby=\"caption-attachment-652\" class=\"size-full wp-image-652\" src=\"https:\/\/www.laufgruppe-Schwerin.de\/wp-content\/uploads\/2014\/07\/steinhagen-031.jpg\" alt=\"Sofie Sch\u00f6ne (mitte) 2.Platz WJU16 \u00fcber 5km\" width=\"768\" height=\"1024\" srcset=\"https:\/\/www.laufgruppe-schwerin.de\/wp-content\/uploads\/2014\/07\/steinhagen-031.jpg 768w, https:\/\/www.laufgruppe-schwerin.de\/wp-content\/uploads\/2014\/07\/steinhagen-031-225x300.jpg 225w\" sizes=\"auto, (max-width: 768px) 100vw, 768px\" \/><\/a><p id=\"caption-attachment-652\" class=\"wp-caption-text\">Sofie Sch\u00f6ne (mitte) 2.Platz WJU16 \u00fcber 5km<\/p><\/div>\n<p>&nbsp;<\/p>\n<div id=\"attachment_654\" style=\"width: 778px\" class=\"wp-caption alignleft\"><a href=\"https:\/\/www.laufgruppe-Schwerin.de\/wp-content\/uploads\/2014\/07\/steinhagen-044.jpg\"><img loading=\"lazy\" decoding=\"async\" aria-describedby=\"caption-attachment-654\" class=\"size-full wp-image-654\" src=\"https:\/\/www.laufgruppe-Schwerin.de\/wp-content\/uploads\/2014\/07\/steinhagen-044.jpg\" alt=\"Rudi Borchert (links) 1.Platz M60\" width=\"768\" height=\"1024\" srcset=\"https:\/\/www.laufgruppe-schwerin.de\/wp-content\/uploads\/2014\/07\/steinhagen-044.jpg 768w, https:\/\/www.laufgruppe-schwerin.de\/wp-content\/uploads\/2014\/07\/steinhagen-044-225x300.jpg 225w\" sizes=\"auto, (max-width: 768px) 100vw, 768px\" \/><\/a><p id=\"caption-attachment-654\" class=\"wp-caption-text\">Rudi Borchert (links) 1.Platz M60<\/p><\/div>\n<p>&nbsp;<\/p>\n<div id=\"attachment_656\" style=\"width: 778px\" class=\"wp-caption alignleft\"><a href=\"https:\/\/www.laufgruppe-Schwerin.de\/wp-content\/uploads\/2014\/07\/steinhagen-068.jpg\"><img loading=\"lazy\" decoding=\"async\" aria-describedby=\"caption-attachment-656\" class=\"size-full wp-image-656\" src=\"https:\/\/www.laufgruppe-Schwerin.de\/wp-content\/uploads\/2014\/07\/steinhagen-068.jpg\" alt=\"Frank Tschersich (links) 3.Platz M30\" width=\"768\" height=\"1024\" srcset=\"https:\/\/www.laufgruppe-schwerin.de\/wp-content\/uploads\/2014\/07\/steinhagen-068.jpg 768w, https:\/\/www.laufgruppe-schwerin.de\/wp-content\/uploads\/2014\/07\/steinhagen-068-225x300.jpg 225w\" sizes=\"auto, (max-width: 768px) 100vw, 768px\" \/><\/a><p id=\"caption-attachment-656\" class=\"wp-caption-text\">Frank Tschersich (links) 3.Platz M30<\/p><\/div>\n<div id=\"attachment_658\" style=\"width: 778px\" class=\"wp-caption alignleft\"><a href=\"https:\/\/www.laufgruppe-Schwerin.de\/wp-content\/uploads\/2014\/07\/steinhagen-109.jpg\"><img loading=\"lazy\" decoding=\"async\" aria-describedby=\"caption-attachment-658\" class=\"size-full wp-image-658\" src=\"https:\/\/www.laufgruppe-Schwerin.de\/wp-content\/uploads\/2014\/07\/steinhagen-109.jpg\" alt=\"Waltraut Garnitz 1.Platz W75 \u00fcber 5km\" width=\"768\" height=\"1024\" srcset=\"https:\/\/www.laufgruppe-schwerin.de\/wp-content\/uploads\/2014\/07\/steinhagen-109.jpg 768w, https:\/\/www.laufgruppe-schwerin.de\/wp-content\/uploads\/2014\/07\/steinhagen-109-225x300.jpg 225w\" sizes=\"auto, (max-width: 768px) 100vw, 768px\" \/><\/a><p id=\"caption-attachment-658\" class=\"wp-caption-text\">Waltraut Garnitz 1.Platz W75 \u00fcber 5km<\/p><\/div>\n<p>&nbsp;<\/p>\n<div id=\"attachment_660\" style=\"width: 778px\" class=\"wp-caption alignleft\"><a href=\"https:\/\/www.laufgruppe-Schwerin.de\/wp-content\/uploads\/2014\/07\/steinhagen-118.jpg\"><img loading=\"lazy\" decoding=\"async\" aria-describedby=\"caption-attachment-660\" class=\"size-full wp-image-660\" src=\"https:\/\/www.laufgruppe-Schwerin.de\/wp-content\/uploads\/2014\/07\/steinhagen-118.jpg\" alt=\"Egon Kannegie\u00dfer 2.Platz M80 \u00fcber 5km\" width=\"768\" height=\"1024\" srcset=\"https:\/\/www.laufgruppe-schwerin.de\/wp-content\/uploads\/2014\/07\/steinhagen-118.jpg 768w, https:\/\/www.laufgruppe-schwerin.de\/wp-content\/uploads\/2014\/07\/steinhagen-118-225x300.jpg 225w\" sizes=\"auto, (max-width: 768px) 100vw, 768px\" \/><\/a><p id=\"caption-attachment-660\" class=\"wp-caption-text\">Egon Kannegie\u00dfer 2.Platz M80 \u00fcber 5km<\/p><\/div>\n<p>&nbsp;<\/p>\n<div id=\"attachment_662\" style=\"width: 778px\" class=\"wp-caption alignleft\"><a href=\"https:\/\/www.laufgruppe-Schwerin.de\/wp-content\/uploads\/2014\/07\/steinhagen-120.jpg\"><img loading=\"lazy\" decoding=\"async\" aria-describedby=\"caption-attachment-662\" class=\"size-full wp-image-662\" src=\"https:\/\/www.laufgruppe-Schwerin.de\/wp-content\/uploads\/2014\/07\/steinhagen-120.jpg\" alt=\"2 Geburtstage und sehr gute Ergebnisse sind Gr\u00fcnde zum Feiern\" width=\"768\" height=\"1024\" srcset=\"https:\/\/www.laufgruppe-schwerin.de\/wp-content\/uploads\/2014\/07\/steinhagen-120.jpg 768w, https:\/\/www.laufgruppe-schwerin.de\/wp-content\/uploads\/2014\/07\/steinhagen-120-225x300.jpg 225w\" sizes=\"auto, (max-width: 768px) 100vw, 768px\" \/><\/a><p id=\"caption-attachment-662\" class=\"wp-caption-text\">2 Geburtstage und sehr gute Ergebnisse sind Gr\u00fcnde zum Feiern<\/p><\/div>\n<p>&nbsp;<\/p>\n<div id=\"attachment_664\" style=\"width: 1034px\" class=\"wp-caption alignleft\"><a href=\"https:\/\/www.laufgruppe-Schwerin.de\/wp-content\/uploads\/2014\/07\/steinhagen-128.jpg\"><img loading=\"lazy\" decoding=\"async\" aria-describedby=\"caption-attachment-664\" class=\"size-full wp-image-664\" src=\"https:\/\/www.laufgruppe-Schwerin.de\/wp-content\/uploads\/2014\/07\/steinhagen-128.jpg\" alt=\"Die Schweriner L\u00e4uferinnen und L\u00e4ufer in Steinhagen\" width=\"1024\" height=\"768\" srcset=\"https:\/\/www.laufgruppe-schwerin.de\/wp-content\/uploads\/2014\/07\/steinhagen-128.jpg 1024w, https:\/\/www.laufgruppe-schwerin.de\/wp-content\/uploads\/2014\/07\/steinhagen-128-300x225.jpg 300w\" sizes=\"auto, (max-width: 1024px) 100vw, 1024px\" \/><\/a><p id=\"caption-attachment-664\" class=\"wp-caption-text\">Die Schweriner L\u00e4uferinnen und L\u00e4ufer in Steinhagen<\/p><\/div>\n<iframe src=\"http:\/\/www.facebook.com\/plugins\/like.php?href=https%3A%2F%2Fwww.laufgruppe-schwerin.de%2F%3Fp%3D631&amp;layout=standard&amp;show_faces=true&amp;width=450&amp;action=like&amp;colorscheme=light\" scrolling=\"no\" frameborder=\"0\" allowTransparency=\"true\" style=\"border:none; overflow:hidden; width:450px;margin-top:5px;\"><\/iframe>","protected":false},"excerpt":{"rendered":"<p>Unsere L\u00e4uferinnen und L\u00e4ufer mischten beim \u201eHitzecuplauf\u201c in Steinhagen ganz vorne mit Beim 32.Karl-Krull-Gedenklauf in Steinhagen wurden auf den 5-und 10 Kilometerstrecken die begehrten Cuppunkte in den Altersklassen- und Gesamtwertungen vergeben. 17 L\u00e4uferinnen und L\u00e4ufer unserer Laufgruppe gingen beim 9.Wertungslauf des VR-Laufcup Mecklenburg-Vorpommern an den Start. In der Gesamtwertung gingen die Siege an den Tri [&hellip;]<\/p>\n","protected":false},"author":3,"featured_media":638,"comment_status":"open","ping_status":"open","sticky":false,"template":"","format":"standard","meta":{"ngg_post_thumbnail":0,"footnotes":""},"categories":[3],"tags":[],"class_list":{"0":"post-631","1":"post","2":"type-post","3":"status-publish","4":"format-standard","5":"has-post-thumbnail","7":"category-laufcup-mv","8":"czr-hentry"},"_links":{"self":[{"href":"https:\/\/www.laufgruppe-schwerin.de\/index.php?rest_route=\/wp\/v2\/posts\/631","targetHints":{"allow":["GET"]}}],"collection":[{"href":"https:\/\/www.laufgruppe-schwerin.de\/index.php?rest_route=\/wp\/v2\/posts"}],"about":[{"href":"https:\/\/www.laufgruppe-schwerin.de\/index.php?rest_route=\/wp\/v2\/types\/post"}],"author":[{"embeddable":true,"href":"https:\/\/www.laufgruppe-schwerin.de\/index.php?rest_route=\/wp\/v2\/users\/3"}],"replies":[{"embeddable":true,"href":"https:\/\/www.laufgruppe-schwerin.de\/index.php?rest_route=%2Fwp%2Fv2%2Fcomments&post=631"}],"version-history":[{"count":17,"href":"https:\/\/www.laufgruppe-schwerin.de\/index.php?rest_route=\/wp\/v2\/posts\/631\/revisions"}],"predecessor-version":[{"id":665,"href":"https:\/\/www.laufgruppe-schwerin.de\/index.php?rest_route=\/wp\/v2\/posts\/631\/revisions\/665"}],"wp:featuredmedia":[{"embeddable":true,"href":"https:\/\/www.laufgruppe-schwerin.de\/index.php?rest_route=\/wp\/v2\/media\/638"}],"wp:attachment":[{"href":"https:\/\/www.laufgruppe-schwerin.de\/index.php?rest_route=%2Fwp%2Fv2%2Fmedia&parent=631"}],"wp:term":[{"taxonomy":"category","embeddable":true,"href":"https:\/\/www.laufgruppe-schwerin.de\/index.php?rest_route=%2Fwp%2Fv2%2Fcategories&post=631"},{"taxonomy":"post_tag","embeddable":true,"href":"https:\/\/www.laufgruppe-schwerin.de\/index.php?rest_route=%2Fwp%2Fv2%2Ftags&post=631"}],"curies":[{"name":"wp","href":"https:\/\/api.w.org\/{rel}","templated":true}]}}