{"id":614302,"date":"2026-02-12T09:09:35","date_gmt":"2026-02-12T07:09:35","guid":{"rendered":"https:\/\/www.laufgruppe-schwerin.de\/?p=614302"},"modified":"2026-02-23T12:04:49","modified_gmt":"2026-02-23T10:04:49","slug":"vorankuendigung-und-hilfeaufrauf-spendenlauf-sport-und-myositis-am-26-9-2026-in-schwerin","status":"publish","type":"post","link":"https:\/\/www.laufgruppe-schwerin.de\/?p=614302","title":{"rendered":"Vorank\u00fcndigung und Hilfeaufrauf Spendenlauf &#8222;Myositis und Bewegung&#8220; am 26.9.2026 in Schwerin"},"content":{"rendered":"<p>Liebe L\u00e4ufer und L\u00e4uferinnen,<\/p>\n<p>am 26.9.2026 wollen wir wieder einen Spendenlauf organisieren und w\u00fcnschen uns von Euch eine rege Teilnahme sowie Unterst\u00fctzung.<\/p>\n<ol>\n<li>Wer gerne Werbung und Medien wie Instagram und co \u00fcbernehmen m\u00f6chte bzw auch unterst\u00fctzen m\u00f6chte, meldet euch bitte bei Ina.<\/li>\n<\/ol>\n<p>&nbsp; &nbsp; &nbsp; &nbsp; &nbsp; (iokrause@yahoo.de oder 0157-75737462)<\/p>\n<p>&nbsp;<\/p>\n<p>&nbsp;<\/p>\n<p>&nbsp;<\/p>\n<p>&nbsp;<\/p>\n<p>&nbsp;<\/p>\n<p>&nbsp;<\/p>\n<iframe src=\"http:\/\/www.facebook.com\/plugins\/like.php?href=https%3A%2F%2Fwww.laufgruppe-schwerin.de%2F%3Fp%3D614302&amp;layout=standard&amp;show_faces=true&amp;width=450&amp;action=like&amp;colorscheme=light\" scrolling=\"no\" frameborder=\"0\" allowTransparency=\"true\" style=\"border:none; overflow:hidden; width:450px;margin-top:5px;\"><\/iframe>","protected":false},"excerpt":{"rendered":"<p>Liebe L\u00e4ufer und L\u00e4uferinnen, am 26.9.2026 wollen wir wieder einen Spendenlauf organisieren und w\u00fcnschen uns von Euch eine rege Teilnahme sowie Unterst\u00fctzung. Wer gerne Werbung und Medien wie Instagram und co \u00fcbernehmen m\u00f6chte bzw auch unterst\u00fctzen m\u00f6chte, meldet euch bitte bei Ina. &nbsp; &nbsp; &nbsp; &nbsp; &nbsp; (iokrause@yahoo.de oder 0157-75737462) &nbsp; &nbsp; &nbsp; &nbsp; &nbsp; [&hellip;]<\/p>\n","protected":false},"author":4,"featured_media":0,"comment_status":"open","ping_status":"open","sticky":false,"template":"","format":"standard","meta":{"ngg_post_thumbnail":0,"footnotes":""},"categories":[1],"tags":[],"class_list":{"0":"post-614302","1":"post","2":"type-post","3":"status-publish","4":"format-standard","6":"category-beitraege","7":"czr-hentry"},"_links":{"self":[{"href":"https:\/\/www.laufgruppe-schwerin.de\/index.php?rest_route=\/wp\/v2\/posts\/614302","targetHints":{"allow":["GET"]}}],"collection":[{"href":"https:\/\/www.laufgruppe-schwerin.de\/index.php?rest_route=\/wp\/v2\/posts"}],"about":[{"href":"https:\/\/www.laufgruppe-schwerin.de\/index.php?rest_route=\/wp\/v2\/types\/post"}],"author":[{"embeddable":true,"href":"https:\/\/www.laufgruppe-schwerin.de\/index.php?rest_route=\/wp\/v2\/users\/4"}],"replies":[{"embeddable":true,"href":"https:\/\/www.laufgruppe-schwerin.de\/index.php?rest_route=%2Fwp%2Fv2%2Fcomments&post=614302"}],"version-history":[{"count":7,"href":"https:\/\/www.laufgruppe-schwerin.de\/index.php?rest_route=\/wp\/v2\/posts\/614302\/revisions"}],"predecessor-version":[{"id":614341,"href":"https:\/\/www.laufgruppe-schwerin.de\/index.php?rest_route=\/wp\/v2\/posts\/614302\/revisions\/614341"}],"wp:attachment":[{"href":"https:\/\/www.laufgruppe-schwerin.de\/index.php?rest_route=%2Fwp%2Fv2%2Fmedia&parent=614302"}],"wp:term":[{"taxonomy":"category","embeddable":true,"href":"https:\/\/www.laufgruppe-schwerin.de\/index.php?rest_route=%2Fwp%2Fv2%2Fcategories&post=614302"},{"taxonomy":"post_tag","embeddable":true,"href":"https:\/\/www.laufgruppe-schwerin.de\/index.php?rest_route=%2Fwp%2Fv2%2Ftags&post=614302"}],"curies":[{"name":"wp","href":"https:\/\/api.w.org\/{rel}","templated":true}]}}