{"id":614296,"date":"2026-02-12T08:43:55","date_gmt":"2026-02-12T06:43:55","guid":{"rendered":"https:\/\/www.laufgruppe-schwerin.de\/?p=614296"},"modified":"2026-02-13T19:22:56","modified_gmt":"2026-02-13T17:22:56","slug":"termine-laufcup-2026","status":"publish","type":"post","link":"https:\/\/www.laufgruppe-schwerin.de\/?p=614296","title":{"rendered":"Termine Laufcup 2026"},"content":{"rendered":"<p>Liebe L\u00e4uferinnen und L\u00e4ufer,<\/p>\n<p>bald ist es wieder so weit: Der Laufcup Mecklenburg-Vorpommern steht mit neuen Herausforderungen in den Startl\u00f6chern, f\u00fcr jede und jeden Einzelnen genauso wie f\u00fcr uns als Team.<br \/>\nDer 4. Platz in der Gesamtwertung im vergangenen Jahr sollte uns Ansporn sein, 2026 noch ein St\u00fcck h\u00f6her zu schauen<br \/>\nDie offizielle Ausschreibung ist zwar noch nicht ver\u00f6ffentlicht, die Cup-Termine bis zum Sommer stehen mit Ausnahme der Landesmeisterschaften auf der Bahn aber bereits fest:<\/p>\n<p><strong><a href=\"https:\/\/www.laufgruppe-schwerin.de\/wp-content\/uploads\/2026\/01\/LC-Termine-2026.pdf\">LC Termine 2026<\/a><\/strong><\/p>\n<p><span style=\"color: #000000;\"><a style=\"color: #000000;\" href=\"https:\/\/laufgruppe-wittenburg.de\/2.html\">01.03. \u2013 38. Wittenburger M\u00fchlenlauf (Wittenburg)<\/a><\/span><br \/>\n<span style=\"color: #000000;\">14.03. \u2013 <a style=\"color: #000000;\" href=\"https:\/\/sv-turbine.de\/event\/29-neubrandenburger-fruehlingslauf-lc\/\">Walter-Gladrow-Gedenklauf (Neubrandenburg)<\/a><\/span><br \/>\n<span style=\"color: #000000;\">28.03. \u2013 <a style=\"color: #000000;\" href=\"http:\/\/haffmarathon.de\/\">41. Ueckerm\u00fcnder Haffmarathon<\/a> \u2013<span style=\"color: #0000ff;\"> LM Marathon<\/span><\/span><br \/>\n<span style=\"color: #000000;\">11.04. \u2013 <a style=\"color: #000000;\" href=\"http:\/\/my.raceresult.com\/381185\/\">9. Schweriner Schlosslauf<\/a><\/span><br \/>\n<span style=\"color: #000000;\">25.04. \u2013 <a style=\"color: #000000;\" href=\"https:\/\/www.kuestenwaldlauf.de\/startseite\/\">43. Warnem\u00fcnder K\u00fcstenwaldlauf<\/a><\/span><br \/>\n<span style=\"color: #000000;\">02.05. \u2013 <a style=\"color: #000000;\" href=\"https:\/\/my.raceresult.com\/380097\/\">33. Neubrandenburger Kulturparklauf<\/a> \u2013 <span style=\"color: #0000ff;\">LM Halbmarathon<\/span><\/span><br \/>\n<span style=\"color: #000000;\">09.05. \u2013 <span style=\"color: #0000ff;\">Landesmeisterschaften Bahn<\/span> (Bad Doberan)<\/span><br \/>\n<span style=\"color: #000000;\">06.06. \u2013 48. Stadtwerke Inselseelauf (G\u00fcstrow)<\/span><br \/>\n<span style=\"color: #000000;\">20.06. \u2013 <a style=\"color: #000000;\" href=\"https:\/\/my.raceresult.com\/378117\/registration\">5. Sommerlauf Waren (M\u00fcritz)<\/a><\/span><br \/>\n<span style=\"color: #000000;\">27.06. \u2013 <a style=\"color: #000000;\" href=\"https:\/\/my.raceresult.com\/377710\/info\">2. G\u00f6llnitz Schmooksberglauf<\/a><\/span><br \/>\n<span style=\"color: #000000;\">05.07. \u2013 43. Karl-Krull-Gedenklauf<\/span><br \/>\n<span style=\"color: #000000;\">29.08. \u2013 19. Rund um den Tiefwarensee und Melzer See<\/span><br \/>\n<span style=\"color: #000000;\">12.09. \u2013 <a style=\"color: #000000;\" href=\"https:\/\/sv-turbine.de\/event\/25-neubrandenburger-staffelmarathon-lc\/\">30. Neubrandenburger Staffelmarathon<\/a><\/span><br \/>\n<span style=\"color: #000000;\">19.09. &#8211;&nbsp;<a style=\"color: #000000;\" href=\"http:\/\/www.laufteam-ruegen.de\/seite\/765941\/baaber-heidelauf.html\"> 19. Baaber Heidelauf<\/a><\/span><br \/>\n<span style=\"color: #000000;\">11.10. \u2013&nbsp; 25. Sebastian-Fredrich-Gedenklauf \u2013 <span style=\"color: #0000ff;\">LM Stra\u00dfenlauf<\/span><\/span><\/p>\n<p>07.11. &#8211; <span style=\"color: #0000ff;\">LM Cross<\/span> (Rostock)<\/p>\n<p>&nbsp;<\/p>\n<p><a href=\"https:\/\/www.laufgruppe-schwerin.de\/wp-content\/uploads\/2026\/01\/IMG-20251231-WA0003.jpg\"><img loading=\"lazy\" decoding=\"async\" class=\"alignnone size-medium wp-image-614270\" src=\"https:\/\/www.laufgruppe-schwerin.de\/wp-content\/uploads\/2026\/01\/IMG-20251231-WA0003-300x225.jpg\" alt=\"\" width=\"300\" height=\"225\" srcset=\"https:\/\/www.laufgruppe-schwerin.de\/wp-content\/uploads\/2026\/01\/IMG-20251231-WA0003-300x225.jpg 300w, https:\/\/www.laufgruppe-schwerin.de\/wp-content\/uploads\/2026\/01\/IMG-20251231-WA0003-1024x767.jpg 1024w, https:\/\/www.laufgruppe-schwerin.de\/wp-content\/uploads\/2026\/01\/IMG-20251231-WA0003-768x576.jpg 768w, https:\/\/www.laufgruppe-schwerin.de\/wp-content\/uploads\/2026\/01\/IMG-20251231-WA0003-1536x1151.jpg 1536w, https:\/\/www.laufgruppe-schwerin.de\/wp-content\/uploads\/2026\/01\/IMG-20251231-WA0003.jpg 1600w\" sizes=\"auto, (max-width: 300px) 100vw, 300px\" \/><\/a><\/p>\n<p>&nbsp;<\/p>\n<iframe src=\"http:\/\/www.facebook.com\/plugins\/like.php?href=https%3A%2F%2Fwww.laufgruppe-schwerin.de%2F%3Fp%3D614296&amp;layout=standard&amp;show_faces=true&amp;width=450&amp;action=like&amp;colorscheme=light\" scrolling=\"no\" frameborder=\"0\" allowTransparency=\"true\" style=\"border:none; overflow:hidden; width:450px;margin-top:5px;\"><\/iframe>","protected":false},"excerpt":{"rendered":"<p>Liebe L\u00e4uferinnen und L\u00e4ufer, bald ist es wieder so weit: Der Laufcup Mecklenburg-Vorpommern steht mit neuen Herausforderungen in den Startl\u00f6chern, f\u00fcr jede und jeden Einzelnen genauso wie f\u00fcr uns als Team. Der 4. Platz in der Gesamtwertung im vergangenen Jahr sollte uns Ansporn sein, 2026 noch ein St\u00fcck h\u00f6her zu schauen Die offizielle Ausschreibung ist [&hellip;]<\/p>\n","protected":false},"author":4,"featured_media":0,"comment_status":"open","ping_status":"open","sticky":false,"template":"","format":"standard","meta":{"ngg_post_thumbnail":0,"footnotes":""},"categories":[1],"tags":[],"class_list":{"0":"post-614296","1":"post","2":"type-post","3":"status-publish","4":"format-standard","6":"category-beitraege","7":"czr-hentry"},"_links":{"self":[{"href":"https:\/\/www.laufgruppe-schwerin.de\/index.php?rest_route=\/wp\/v2\/posts\/614296","targetHints":{"allow":["GET"]}}],"collection":[{"href":"https:\/\/www.laufgruppe-schwerin.de\/index.php?rest_route=\/wp\/v2\/posts"}],"about":[{"href":"https:\/\/www.laufgruppe-schwerin.de\/index.php?rest_route=\/wp\/v2\/types\/post"}],"author":[{"embeddable":true,"href":"https:\/\/www.laufgruppe-schwerin.de\/index.php?rest_route=\/wp\/v2\/users\/4"}],"replies":[{"embeddable":true,"href":"https:\/\/www.laufgruppe-schwerin.de\/index.php?rest_route=%2Fwp%2Fv2%2Fcomments&post=614296"}],"version-history":[{"count":9,"href":"https:\/\/www.laufgruppe-schwerin.de\/index.php?rest_route=\/wp\/v2\/posts\/614296\/revisions"}],"predecessor-version":[{"id":614329,"href":"https:\/\/www.laufgruppe-schwerin.de\/index.php?rest_route=\/wp\/v2\/posts\/614296\/revisions\/614329"}],"wp:attachment":[{"href":"https:\/\/www.laufgruppe-schwerin.de\/index.php?rest_route=%2Fwp%2Fv2%2Fmedia&parent=614296"}],"wp:term":[{"taxonomy":"category","embeddable":true,"href":"https:\/\/www.laufgruppe-schwerin.de\/index.php?rest_route=%2Fwp%2Fv2%2Fcategories&post=614296"},{"taxonomy":"post_tag","embeddable":true,"href":"https:\/\/www.laufgruppe-schwerin.de\/index.php?rest_route=%2Fwp%2Fv2%2Ftags&post=614296"}],"curies":[{"name":"wp","href":"https:\/\/api.w.org\/{rel}","templated":true}]}}