{"id":614269,"date":"2026-01-01T12:37:24","date_gmt":"2026-01-01T10:37:24","guid":{"rendered":"https:\/\/www.laufgruppe-schwerin.de\/?p=614269"},"modified":"2026-01-01T12:37:24","modified_gmt":"2026-01-01T10:37:24","slug":"silvesterlauf-2025","status":"publish","type":"post","link":"https:\/\/www.laufgruppe-schwerin.de\/?p=614269","title":{"rendered":"Silvesterlauf 2025"},"content":{"rendered":"<p>Der traditionelle Silvesterlauf, organisiert von der 5 Seenlaufgruppe Schwerin,  war wieder Anziehungspunkt f\u00fcr viele L\u00e4ufer, darunter nat\u00fcrlich auch wir von der Laufgruppe Schwerin. <\/p>\n<p><a href=\"https:\/\/www.laufgruppe-schwerin.de\/wp-content\/uploads\/2026\/01\/IMG-20251231-WA0003.jpg\"><img loading=\"lazy\" decoding=\"async\" src=\"https:\/\/www.laufgruppe-schwerin.de\/wp-content\/uploads\/2026\/01\/IMG-20251231-WA0003-300x225.jpg\" alt=\"\" width=\"300\" height=\"225\" class=\"alignnone size-medium wp-image-614270\" srcset=\"https:\/\/www.laufgruppe-schwerin.de\/wp-content\/uploads\/2026\/01\/IMG-20251231-WA0003-300x225.jpg 300w, https:\/\/www.laufgruppe-schwerin.de\/wp-content\/uploads\/2026\/01\/IMG-20251231-WA0003-1024x767.jpg 1024w, https:\/\/www.laufgruppe-schwerin.de\/wp-content\/uploads\/2026\/01\/IMG-20251231-WA0003-768x576.jpg 768w, https:\/\/www.laufgruppe-schwerin.de\/wp-content\/uploads\/2026\/01\/IMG-20251231-WA0003-1536x1151.jpg 1536w, https:\/\/www.laufgruppe-schwerin.de\/wp-content\/uploads\/2026\/01\/IMG-20251231-WA0003.jpg 1600w\" sizes=\"auto, (max-width: 300px) 100vw, 300px\" \/><\/a><\/p>\n<iframe src=\"http:\/\/www.facebook.com\/plugins\/like.php?href=https%3A%2F%2Fwww.laufgruppe-schwerin.de%2F%3Fp%3D614269&amp;layout=standard&amp;show_faces=true&amp;width=450&amp;action=like&amp;colorscheme=light\" scrolling=\"no\" frameborder=\"0\" allowTransparency=\"true\" style=\"border:none; overflow:hidden; width:450px;margin-top:5px;\"><\/iframe>","protected":false},"excerpt":{"rendered":"<p>Der traditionelle Silvesterlauf, organisiert von der 5 Seenlaufgruppe Schwerin, war wieder Anziehungspunkt f\u00fcr viele L\u00e4ufer, darunter nat\u00fcrlich auch wir von der Laufgruppe Schwerin.<\/p>\n","protected":false},"author":4,"featured_media":0,"comment_status":"open","ping_status":"open","sticky":false,"template":"","format":"standard","meta":{"ngg_post_thumbnail":0,"footnotes":""},"categories":[1],"tags":[],"class_list":{"0":"post-614269","1":"post","2":"type-post","3":"status-publish","4":"format-standard","6":"category-beitraege","7":"czr-hentry"},"_links":{"self":[{"href":"https:\/\/www.laufgruppe-schwerin.de\/index.php?rest_route=\/wp\/v2\/posts\/614269","targetHints":{"allow":["GET"]}}],"collection":[{"href":"https:\/\/www.laufgruppe-schwerin.de\/index.php?rest_route=\/wp\/v2\/posts"}],"about":[{"href":"https:\/\/www.laufgruppe-schwerin.de\/index.php?rest_route=\/wp\/v2\/types\/post"}],"author":[{"embeddable":true,"href":"https:\/\/www.laufgruppe-schwerin.de\/index.php?rest_route=\/wp\/v2\/users\/4"}],"replies":[{"embeddable":true,"href":"https:\/\/www.laufgruppe-schwerin.de\/index.php?rest_route=%2Fwp%2Fv2%2Fcomments&post=614269"}],"version-history":[{"count":1,"href":"https:\/\/www.laufgruppe-schwerin.de\/index.php?rest_route=\/wp\/v2\/posts\/614269\/revisions"}],"predecessor-version":[{"id":614271,"href":"https:\/\/www.laufgruppe-schwerin.de\/index.php?rest_route=\/wp\/v2\/posts\/614269\/revisions\/614271"}],"wp:attachment":[{"href":"https:\/\/www.laufgruppe-schwerin.de\/index.php?rest_route=%2Fwp%2Fv2%2Fmedia&parent=614269"}],"wp:term":[{"taxonomy":"category","embeddable":true,"href":"https:\/\/www.laufgruppe-schwerin.de\/index.php?rest_route=%2Fwp%2Fv2%2Fcategories&post=614269"},{"taxonomy":"post_tag","embeddable":true,"href":"https:\/\/www.laufgruppe-schwerin.de\/index.php?rest_route=%2Fwp%2Fv2%2Ftags&post=614269"}],"curies":[{"name":"wp","href":"https:\/\/api.w.org\/{rel}","templated":true}]}}