{"id":614220,"date":"2025-10-14T11:23:02","date_gmt":"2025-10-14T09:23:02","guid":{"rendered":"https:\/\/www.laufgruppe-schwerin.de\/?p=614220"},"modified":"2025-10-14T11:23:02","modified_gmt":"2025-10-14T09:23:02","slug":"unsere-juengste-laeuferin-und-unser-aeltester-laeufer-holen-landesmeistertitel-ueber-5-kilometer","status":"publish","type":"post","link":"https:\/\/www.laufgruppe-schwerin.de\/?p=614220","title":{"rendered":"Unsere j\u00fcngste L\u00e4uferin und unser \u00e4ltester L\u00e4ufer holen Landesmeistertitel \u00fcber 5 Kilometer"},"content":{"rendered":"<p>&nbsp;<\/p>\n<p><a href=\"https:\/\/www.laufgruppe-schwerin.de\/wp-content\/uploads\/2025\/10\/IMG_0199-scaled.jpeg\"><img decoding=\"async\" class=\"alignleft size-full wp-image-614222\" src=\"https:\/\/www.laufgruppe-schwerin.de\/wp-content\/uploads\/2025\/10\/IMG_0199-scaled.jpeg\" alt=\"\"><\/a><\/p>\n<p>Im Rahmen des 24. Sebastian-Fredrich-Gedenklaufs wurden am 12. Oktober im Seebad Lubmin die Landesmeisterschaften im Stra\u00dfenlauf \u00fcber 5 und 10 Kilometer ausgetragen. Bei guten \u00e4u\u00dferen Bedingungen und starker Konkurrenz aus \u00fcber 20 Vereinen zeigten unsere Athletinnen und Athleten einmal mehr hervorragende Leistungen \u2013 und durften sich gleich \u00fcber zwei Landesmeistertitel freuen.<\/p>\n<p><b>Starke Auftritte \u00fcber 10 Kilometer<\/b><\/p>\n<p><a href=\"https:\/\/www.laufgruppe-schwerin.de\/wp-content\/uploads\/2025\/10\/IMG_0264-scaled.jpeg\"><img decoding=\"async\" class=\"alignleft size-full wp-image-614223\" src=\"https:\/\/www.laufgruppe-schwerin.de\/wp-content\/uploads\/2025\/10\/IMG_0264-scaled.jpeg\" alt=\"\"><\/a><\/p>\n<p>Die 10-Kilometer-Strecke war ausgeschrieben f\u00fcr die Altersklassen der m\u00e4nnlichen Jugend U18 bis M65 sowie der weiblichen Jugend U18 bis W55. Der schnelle 2,5-Kilometer-Rundkurs durch das Seebad musste viermal absolviert werden \u2013 eine Herausforderung, die unsere L\u00e4uferinnen und L\u00e4ufer mit Bravour meisterten.<\/p>\n<p><a href=\"https:\/\/www.laufgruppe-schwerin.de\/wp-content\/uploads\/2025\/10\/IMG_0282-scaled.jpeg\"><img loading=\"lazy\" decoding=\"async\" class=\"alignleft size-full wp-image-614236\" src=\"https:\/\/www.laufgruppe-schwerin.de\/wp-content\/uploads\/2025\/10\/IMG_0282-scaled.jpeg\" alt=\"\" width=\"2560\" height=\"1920\" srcset=\"https:\/\/www.laufgruppe-schwerin.de\/wp-content\/uploads\/2025\/10\/IMG_0282-scaled.jpeg 2560w, https:\/\/www.laufgruppe-schwerin.de\/wp-content\/uploads\/2025\/10\/IMG_0282-300x225.jpeg 300w, https:\/\/www.laufgruppe-schwerin.de\/wp-content\/uploads\/2025\/10\/IMG_0282-1024x768.jpeg 1024w, https:\/\/www.laufgruppe-schwerin.de\/wp-content\/uploads\/2025\/10\/IMG_0282-768x576.jpeg 768w, https:\/\/www.laufgruppe-schwerin.de\/wp-content\/uploads\/2025\/10\/IMG_0282-1536x1152.jpeg 1536w, https:\/\/www.laufgruppe-schwerin.de\/wp-content\/uploads\/2025\/10\/IMG_0282-2048x1536.jpeg 2048w\" sizes=\"auto, (max-width: 2560px) 100vw, 2560px\" \/><\/a><\/p>\n<p><a href=\"https:\/\/www.laufgruppe-schwerin.de\/wp-content\/uploads\/2025\/10\/IMG_0351-scaled.jpeg\"><img decoding=\"async\" class=\"alignleft size-full wp-image-614234\" src=\"https:\/\/www.laufgruppe-schwerin.de\/wp-content\/uploads\/2025\/10\/IMG_0351-scaled.jpeg\" alt=\"\"><\/a><\/p>\n<p>Allen voran \u00fcberzeugte Jana Ahrenberg, die als Gesamtsiebte und Zweite ihrer Altersklasse W35 in 43:41 Minuten ein starkes Rennen ablieferte. In der W45 sicherte sich Anja Kattenberg in 46:23 Minuten die Bronzemedaille. Ulrike Sch\u00f6ne (W55) erreichte in 57:18 Minuten Rang vier, w\u00e4hrend Sabrina Klar in der mit 14 Starterinnen stark besetzten W40 mit 50:47 Minuten Siebte wurde.<\/p>\n<div id=\"attachment_614240\" style=\"width: 2190px\" class=\"wp-caption alignleft\"><a href=\"https:\/\/www.laufgruppe-schwerin.de\/wp-content\/uploads\/2025\/10\/IMG_0707.jpeg\"><img loading=\"lazy\" decoding=\"async\" aria-describedby=\"caption-attachment-614240\" class=\"size-full wp-image-614240\" src=\"https:\/\/www.laufgruppe-schwerin.de\/wp-content\/uploads\/2025\/10\/IMG_0707.jpeg\" alt=\"\" width=\"2180\" height=\"1640\" srcset=\"https:\/\/www.laufgruppe-schwerin.de\/wp-content\/uploads\/2025\/10\/IMG_0707.jpeg 2180w, https:\/\/www.laufgruppe-schwerin.de\/wp-content\/uploads\/2025\/10\/IMG_0707-300x226.jpeg 300w, https:\/\/www.laufgruppe-schwerin.de\/wp-content\/uploads\/2025\/10\/IMG_0707-1024x770.jpeg 1024w, https:\/\/www.laufgruppe-schwerin.de\/wp-content\/uploads\/2025\/10\/IMG_0707-768x578.jpeg 768w, https:\/\/www.laufgruppe-schwerin.de\/wp-content\/uploads\/2025\/10\/IMG_0707-1536x1156.jpeg 1536w, https:\/\/www.laufgruppe-schwerin.de\/wp-content\/uploads\/2025\/10\/IMG_0707-2048x1541.jpeg 2048w\" sizes=\"auto, (max-width: 2180px) 100vw, 2180px\" \/><\/a><p id=\"caption-attachment-614240\" class=\"wp-caption-text\">Jana bei der Siegerehrung ihrer W35.<\/p><\/div>\n<div id=\"attachment_614241\" style=\"width: 1737px\" class=\"wp-caption alignleft\"><a href=\"https:\/\/www.laufgruppe-schwerin.de\/wp-content\/uploads\/2025\/10\/IMG_0708.jpeg\"><img loading=\"lazy\" decoding=\"async\" aria-describedby=\"caption-attachment-614241\" class=\"size-full wp-image-614241\" src=\"https:\/\/www.laufgruppe-schwerin.de\/wp-content\/uploads\/2025\/10\/IMG_0708.jpeg\" alt=\"\" width=\"1727\" height=\"1463\" srcset=\"https:\/\/www.laufgruppe-schwerin.de\/wp-content\/uploads\/2025\/10\/IMG_0708.jpeg 1727w, https:\/\/www.laufgruppe-schwerin.de\/wp-content\/uploads\/2025\/10\/IMG_0708-300x254.jpeg 300w, https:\/\/www.laufgruppe-schwerin.de\/wp-content\/uploads\/2025\/10\/IMG_0708-1024x867.jpeg 1024w, https:\/\/www.laufgruppe-schwerin.de\/wp-content\/uploads\/2025\/10\/IMG_0708-768x651.jpeg 768w, https:\/\/www.laufgruppe-schwerin.de\/wp-content\/uploads\/2025\/10\/IMG_0708-1536x1301.jpeg 1536w\" sizes=\"auto, (max-width: 1727px) 100vw, 1727px\" \/><\/a><p id=\"caption-attachment-614241\" class=\"wp-caption-text\">Anja gewinnt Bronze.<\/p><\/div>\n<p>Bei den M\u00e4nnern war erneut Mathias Ahrenberg unser schnellster L\u00e4ufer. Er lief 37:09 Minuten, holte damit Silber in der M45 und belegte Platz 15 im Gesamtklassement. Patrick Paul folgte in 38:57 Minuten als Vierter der M40, Frank Tschersich erreichte in derselben Altersklasse in 42:06 Minuten den siebten Rang. Ein starkes Rennen zeigte auch Frank Leonhardt, der in 43:23 Minuten die Silbermedaille in der M60 gewann.<\/p>\n<div id=\"attachment_614247\" style=\"width: 2190px\" class=\"wp-caption alignleft\"><a href=\"https:\/\/www.laufgruppe-schwerin.de\/wp-content\/uploads\/2025\/10\/IMG_0709.jpeg\"><img loading=\"lazy\" decoding=\"async\" aria-describedby=\"caption-attachment-614247\" class=\"size-full wp-image-614247\" src=\"https:\/\/www.laufgruppe-schwerin.de\/wp-content\/uploads\/2025\/10\/IMG_0709.jpeg\" alt=\"\" width=\"2180\" height=\"1640\" srcset=\"https:\/\/www.laufgruppe-schwerin.de\/wp-content\/uploads\/2025\/10\/IMG_0709.jpeg 2180w, https:\/\/www.laufgruppe-schwerin.de\/wp-content\/uploads\/2025\/10\/IMG_0709-300x226.jpeg 300w, https:\/\/www.laufgruppe-schwerin.de\/wp-content\/uploads\/2025\/10\/IMG_0709-1024x770.jpeg 1024w, https:\/\/www.laufgruppe-schwerin.de\/wp-content\/uploads\/2025\/10\/IMG_0709-768x578.jpeg 768w, https:\/\/www.laufgruppe-schwerin.de\/wp-content\/uploads\/2025\/10\/IMG_0709-1536x1156.jpeg 1536w, https:\/\/www.laufgruppe-schwerin.de\/wp-content\/uploads\/2025\/10\/IMG_0709-2048x1541.jpeg 2048w\" sizes=\"auto, (max-width: 2180px) 100vw, 2180px\" \/><\/a><p id=\"caption-attachment-614247\" class=\"wp-caption-text\">Matze als Zweiter bei seiner Siegerehrung.<\/p><\/div>\n<div id=\"attachment_614248\" style=\"width: 2193px\" class=\"wp-caption alignleft\"><a href=\"https:\/\/www.laufgruppe-schwerin.de\/wp-content\/uploads\/2025\/10\/IMG_0710.jpeg\"><img loading=\"lazy\" decoding=\"async\" aria-describedby=\"caption-attachment-614248\" class=\"size-full wp-image-614248\" src=\"https:\/\/www.laufgruppe-schwerin.de\/wp-content\/uploads\/2025\/10\/IMG_0710.jpeg\" alt=\"\" width=\"2183\" height=\"1640\" srcset=\"https:\/\/www.laufgruppe-schwerin.de\/wp-content\/uploads\/2025\/10\/IMG_0710.jpeg 2183w, https:\/\/www.laufgruppe-schwerin.de\/wp-content\/uploads\/2025\/10\/IMG_0710-300x225.jpeg 300w, https:\/\/www.laufgruppe-schwerin.de\/wp-content\/uploads\/2025\/10\/IMG_0710-1024x769.jpeg 1024w, https:\/\/www.laufgruppe-schwerin.de\/wp-content\/uploads\/2025\/10\/IMG_0710-768x577.jpeg 768w, https:\/\/www.laufgruppe-schwerin.de\/wp-content\/uploads\/2025\/10\/IMG_0710-1536x1154.jpeg 1536w, https:\/\/www.laufgruppe-schwerin.de\/wp-content\/uploads\/2025\/10\/IMG_0710-2048x1539.jpeg 2048w\" sizes=\"auto, (max-width: 2183px) 100vw, 2183px\" \/><\/a><p id=\"caption-attachment-614248\" class=\"wp-caption-text\">F\u00fcr Frank Leonhardt gibt es ebenfalls Silber.<\/p><\/div>\n<div id=\"attachment_614249\" style=\"width: 2195px\" class=\"wp-caption alignleft\"><a href=\"https:\/\/www.laufgruppe-schwerin.de\/wp-content\/uploads\/2025\/10\/IMG_0711.jpeg\"><img loading=\"lazy\" decoding=\"async\" aria-describedby=\"caption-attachment-614249\" class=\"size-full wp-image-614249\" src=\"https:\/\/www.laufgruppe-schwerin.de\/wp-content\/uploads\/2025\/10\/IMG_0711.jpeg\" alt=\"\" width=\"2185\" height=\"1640\" srcset=\"https:\/\/www.laufgruppe-schwerin.de\/wp-content\/uploads\/2025\/10\/IMG_0711.jpeg 2185w, https:\/\/www.laufgruppe-schwerin.de\/wp-content\/uploads\/2025\/10\/IMG_0711-300x225.jpeg 300w, https:\/\/www.laufgruppe-schwerin.de\/wp-content\/uploads\/2025\/10\/IMG_0711-1024x769.jpeg 1024w, https:\/\/www.laufgruppe-schwerin.de\/wp-content\/uploads\/2025\/10\/IMG_0711-768x576.jpeg 768w, https:\/\/www.laufgruppe-schwerin.de\/wp-content\/uploads\/2025\/10\/IMG_0711-1536x1153.jpeg 1536w, https:\/\/www.laufgruppe-schwerin.de\/wp-content\/uploads\/2025\/10\/IMG_0711-2048x1537.jpeg 2048w\" sizes=\"auto, (max-width: 2185px) 100vw, 2185px\" \/><\/a><p id=\"caption-attachment-614249\" class=\"wp-caption-text\">Bronze f\u00fcr Sven.<\/p><\/div>\n<p>In der M65 waren Sven Jonas und Harald Tschersich erfolgreich. Sven lief in 51:53 Minuten zu Bronze, Harald kam in 1:02:25 Stunden als F\u00fcnfter ins Ziel. Andreas Klar komplettierte das gute Teamergebnis mit 50:46 Minuten und Rang elf in der M50.<\/p>\n<p><b>Doppelsieg der Generationen \u00fcber 5 Kilometer<\/b><\/p>\n<p>\u00dcber die k\u00fcrzere 5-Kilometer-Distanz feierten unsere j\u00fcngste und unser \u00e4ltester Starter einen ganz besonderen Erfolg:<\/p>\n<p><a href=\"https:\/\/www.laufgruppe-schwerin.de\/wp-content\/uploads\/2025\/10\/9c4ae259-0914-4db9-958f-a27fbb088c9b.jpeg\"><img decoding=\"async\" class=\"alignleft size-full wp-image-614225\" src=\"https:\/\/www.laufgruppe-schwerin.de\/wp-content\/uploads\/2025\/10\/9c4ae259-0914-4db9-958f-a27fbb088c9b.jpeg\" alt=\"\"><\/a><\/p>\n<p>Johanna Stabenow (WJ U15) und Peter Wiesner (M85) kr\u00f6nten sich jeweils zum Landesmeister! Johanna bew\u00e4ltigte die zwei Runden in 25:45 Minuten, Peter lief nach 34:16 Minuten \u00fcbergl\u00fccklich ins Ziel \u2013 ein beeindruckendes Beispiel f\u00fcr sportliche Leidenschaft \u00fcber Generationen hinweg.<\/p>\n<p>Ebenfalls \u00fcber 5 Kilometer starteten Andrea Bastek (W65) und Ben-Joseph Klar (MJ U16). Andrea belegte in 29:47 Minuten den vierten Platz, Ben-Joseph lief in 24:52 Minuten auf Rang f\u00fcnf.<\/p>\n<p><b>Nachwuchs \u00fcberzeugt im Intersport Nachwuchslaufcup<\/b><\/p>\n<p>Auch der Nachwuchs zeigte starke Leistungen: Theresa Stabenow \u00fcberzeugte \u00fcber 2,5 Kilometer und wurde in 9:39 Minuten Zweite ihrer Altersklasse WJ U14.<\/p>\n<div id=\"attachment_614239\" style=\"width: 2187px\" class=\"wp-caption alignleft\"><a href=\"https:\/\/www.laufgruppe-schwerin.de\/wp-content\/uploads\/2025\/10\/IMG_0706.jpeg\"><img loading=\"lazy\" decoding=\"async\" aria-describedby=\"caption-attachment-614239\" class=\"size-full wp-image-614239\" src=\"https:\/\/www.laufgruppe-schwerin.de\/wp-content\/uploads\/2025\/10\/IMG_0706.jpeg\" alt=\"\" width=\"2177\" height=\"1640\" srcset=\"https:\/\/www.laufgruppe-schwerin.de\/wp-content\/uploads\/2025\/10\/IMG_0706.jpeg 2177w, https:\/\/www.laufgruppe-schwerin.de\/wp-content\/uploads\/2025\/10\/IMG_0706-300x226.jpeg 300w, https:\/\/www.laufgruppe-schwerin.de\/wp-content\/uploads\/2025\/10\/IMG_0706-1024x771.jpeg 1024w, https:\/\/www.laufgruppe-schwerin.de\/wp-content\/uploads\/2025\/10\/IMG_0706-768x579.jpeg 768w, https:\/\/www.laufgruppe-schwerin.de\/wp-content\/uploads\/2025\/10\/IMG_0706-1536x1157.jpeg 1536w, https:\/\/www.laufgruppe-schwerin.de\/wp-content\/uploads\/2025\/10\/IMG_0706-2048x1543.jpeg 2048w\" sizes=\"auto, (max-width: 2177px) 100vw, 2177px\" \/><\/a><p id=\"caption-attachment-614239\" class=\"wp-caption-text\">Theresa bei ihrer Siegerehrung.<\/p><\/div>\n<div id=\"attachment_614238\" style=\"width: 1610px\" class=\"wp-caption alignleft\"><a href=\"https:\/\/www.laufgruppe-schwerin.de\/wp-content\/uploads\/2025\/10\/f8a0be8f-ae68-4093-9923-c9abde343695.jpeg\"><img loading=\"lazy\" decoding=\"async\" aria-describedby=\"caption-attachment-614238\" class=\"size-full wp-image-614238\" src=\"https:\/\/www.laufgruppe-schwerin.de\/wp-content\/uploads\/2025\/10\/f8a0be8f-ae68-4093-9923-c9abde343695.jpeg\" alt=\"\" width=\"1600\" height=\"1200\" srcset=\"https:\/\/www.laufgruppe-schwerin.de\/wp-content\/uploads\/2025\/10\/f8a0be8f-ae68-4093-9923-c9abde343695.jpeg 1600w, https:\/\/www.laufgruppe-schwerin.de\/wp-content\/uploads\/2025\/10\/f8a0be8f-ae68-4093-9923-c9abde343695-300x225.jpeg 300w, https:\/\/www.laufgruppe-schwerin.de\/wp-content\/uploads\/2025\/10\/f8a0be8f-ae68-4093-9923-c9abde343695-1024x768.jpeg 1024w, https:\/\/www.laufgruppe-schwerin.de\/wp-content\/uploads\/2025\/10\/f8a0be8f-ae68-4093-9923-c9abde343695-768x576.jpeg 768w, https:\/\/www.laufgruppe-schwerin.de\/wp-content\/uploads\/2025\/10\/f8a0be8f-ae68-4093-9923-c9abde343695-1536x1152.jpeg 1536w\" sizes=\"auto, (max-width: 1600px) 100vw, 1600px\" \/><\/a><p id=\"caption-attachment-614238\" class=\"wp-caption-text\">GESCHAFFT<\/p><\/div>\n<div id=\"attachment_614233\" style=\"width: 2570px\" class=\"wp-caption alignleft\"><a href=\"https:\/\/www.laufgruppe-schwerin.de\/wp-content\/uploads\/2025\/10\/IMG_0524-scaled.jpeg\"><img loading=\"lazy\" decoding=\"async\" aria-describedby=\"caption-attachment-614233\" class=\"size-full wp-image-614233\" src=\"https:\/\/www.laufgruppe-schwerin.de\/wp-content\/uploads\/2025\/10\/IMG_0524-scaled.jpeg\" alt=\"\" width=\"2560\" height=\"1920\" srcset=\"https:\/\/www.laufgruppe-schwerin.de\/wp-content\/uploads\/2025\/10\/IMG_0524-scaled.jpeg 2560w, https:\/\/www.laufgruppe-schwerin.de\/wp-content\/uploads\/2025\/10\/IMG_0524-300x225.jpeg 300w, https:\/\/www.laufgruppe-schwerin.de\/wp-content\/uploads\/2025\/10\/IMG_0524-1024x768.jpeg 1024w, https:\/\/www.laufgruppe-schwerin.de\/wp-content\/uploads\/2025\/10\/IMG_0524-768x576.jpeg 768w, https:\/\/www.laufgruppe-schwerin.de\/wp-content\/uploads\/2025\/10\/IMG_0524-1536x1152.jpeg 1536w, https:\/\/www.laufgruppe-schwerin.de\/wp-content\/uploads\/2025\/10\/IMG_0524-2048x1536.jpeg 2048w\" sizes=\"auto, (max-width: 2560px) 100vw, 2560px\" \/><\/a><p id=\"caption-attachment-614233\" class=\"wp-caption-text\">Paddy<\/p><\/div>\n<p><b>Ausblick auf das Saisonfinale<\/b><\/p>\n<p>In drei Wochen steht mit den Crosslauf-Landesmeisterschaften in Laage das gro\u00dfe Saisonfinale an. Dort werden die letzten Entscheidungen im Laufcup Mecklenburg-Vorpommern fallen \u2013 unsere L\u00e4uferinnen und L\u00e4ufer sind bestens vorbereitet und hochmotiviert, noch einmal anzugreifen.<\/p>\n<p>&nbsp;<\/p>\n<iframe src=\"http:\/\/www.facebook.com\/plugins\/like.php?href=https%3A%2F%2Fwww.laufgruppe-schwerin.de%2F%3Fp%3D614220&amp;layout=standard&amp;show_faces=true&amp;width=450&amp;action=like&amp;colorscheme=light\" scrolling=\"no\" frameborder=\"0\" allowTransparency=\"true\" style=\"border:none; overflow:hidden; width:450px;margin-top:5px;\"><\/iframe>","protected":false},"excerpt":{"rendered":"<p>&nbsp; Im Rahmen des 24. Sebastian-Fredrich-Gedenklaufs wurden am 12. Oktober im Seebad Lubmin die Landesmeisterschaften im Stra\u00dfenlauf \u00fcber 5 und 10 Kilometer ausgetragen. Bei guten \u00e4u\u00dferen Bedingungen und starker Konkurrenz aus \u00fcber 20 Vereinen zeigten unsere Athletinnen und Athleten einmal mehr hervorragende Leistungen \u2013 und durften sich gleich \u00fcber zwei Landesmeistertitel freuen. Starke Auftritte \u00fcber [&hellip;]<\/p>\n","protected":false},"author":3,"featured_media":614225,"comment_status":"open","ping_status":"open","sticky":false,"template":"","format":"standard","meta":{"ngg_post_thumbnail":0,"footnotes":""},"categories":[3],"tags":[],"class_list":{"0":"post-614220","1":"post","2":"type-post","3":"status-publish","4":"format-standard","5":"has-post-thumbnail","7":"category-laufcup-mv","8":"czr-hentry"},"_links":{"self":[{"href":"https:\/\/www.laufgruppe-schwerin.de\/index.php?rest_route=\/wp\/v2\/posts\/614220","targetHints":{"allow":["GET"]}}],"collection":[{"href":"https:\/\/www.laufgruppe-schwerin.de\/index.php?rest_route=\/wp\/v2\/posts"}],"about":[{"href":"https:\/\/www.laufgruppe-schwerin.de\/index.php?rest_route=\/wp\/v2\/types\/post"}],"author":[{"embeddable":true,"href":"https:\/\/www.laufgruppe-schwerin.de\/index.php?rest_route=\/wp\/v2\/users\/3"}],"replies":[{"embeddable":true,"href":"https:\/\/www.laufgruppe-schwerin.de\/index.php?rest_route=%2Fwp%2Fv2%2Fcomments&post=614220"}],"version-history":[{"count":10,"href":"https:\/\/www.laufgruppe-schwerin.de\/index.php?rest_route=\/wp\/v2\/posts\/614220\/revisions"}],"predecessor-version":[{"id":614256,"href":"https:\/\/www.laufgruppe-schwerin.de\/index.php?rest_route=\/wp\/v2\/posts\/614220\/revisions\/614256"}],"wp:featuredmedia":[{"embeddable":true,"href":"https:\/\/www.laufgruppe-schwerin.de\/index.php?rest_route=\/wp\/v2\/media\/614225"}],"wp:attachment":[{"href":"https:\/\/www.laufgruppe-schwerin.de\/index.php?rest_route=%2Fwp%2Fv2%2Fmedia&parent=614220"}],"wp:term":[{"taxonomy":"category","embeddable":true,"href":"https:\/\/www.laufgruppe-schwerin.de\/index.php?rest_route=%2Fwp%2Fv2%2Fcategories&post=614220"},{"taxonomy":"post_tag","embeddable":true,"href":"https:\/\/www.laufgruppe-schwerin.de\/index.php?rest_route=%2Fwp%2Fv2%2Ftags&post=614220"}],"curies":[{"name":"wp","href":"https:\/\/api.w.org\/{rel}","templated":true}]}}