{"id":614187,"date":"2025-09-22T09:09:55","date_gmt":"2025-09-22T07:09:55","guid":{"rendered":"https:\/\/www.laufgruppe-schwerin.de\/?p=614187"},"modified":"2025-09-22T09:11:32","modified_gmt":"2025-09-22T07:11:32","slug":"erfolgreich-beim-7-schweriner-zoolauf","status":"publish","type":"post","link":"https:\/\/www.laufgruppe-schwerin.de\/?p=614187","title":{"rendered":"Erfolgreich beim 7. Schweriner Zoolauf"},"content":{"rendered":"<div id=\"attachment_614189\" style=\"width: 2570px\" class=\"wp-caption alignleft\"><a href=\"https:\/\/www.laufgruppe-schwerin.de\/wp-content\/uploads\/2025\/09\/IMG_9225-scaled.jpeg\"><img loading=\"lazy\" decoding=\"async\" aria-describedby=\"caption-attachment-614189\" class=\"size-full wp-image-614189\" src=\"https:\/\/www.laufgruppe-schwerin.de\/wp-content\/uploads\/2025\/09\/IMG_9225-scaled.jpeg\" alt=\"\" width=\"2560\" height=\"1920\" srcset=\"https:\/\/www.laufgruppe-schwerin.de\/wp-content\/uploads\/2025\/09\/IMG_9225-scaled.jpeg 2560w, https:\/\/www.laufgruppe-schwerin.de\/wp-content\/uploads\/2025\/09\/IMG_9225-300x225.jpeg 300w, https:\/\/www.laufgruppe-schwerin.de\/wp-content\/uploads\/2025\/09\/IMG_9225-1024x768.jpeg 1024w, https:\/\/www.laufgruppe-schwerin.de\/wp-content\/uploads\/2025\/09\/IMG_9225-768x576.jpeg 768w, https:\/\/www.laufgruppe-schwerin.de\/wp-content\/uploads\/2025\/09\/IMG_9225-1536x1152.jpeg 1536w, https:\/\/www.laufgruppe-schwerin.de\/wp-content\/uploads\/2025\/09\/IMG_9225-2048x1536.jpeg 2048w\" sizes=\"auto, (max-width: 2560px) 100vw, 2560px\" \/><\/a><p id=\"caption-attachment-614189\" class=\"wp-caption-text\">Unsere L\u00e4uferinnen und L\u00e4ufer bestens gelaunt vor dem 7. Schweriner Zoolauf.<\/p><\/div>\n<p>Bei leicht tr\u00fcbem Wetter, jedoch toller Stimmung, waren wir bei der Runde im Schweriner Zoo mit 6 Staffeln dabei. Insgesamt waren 33 Staffeln bei der sehr gut organisierten 7. Auflage dabei. Unsere Sprint &#8211; Staffel konnte dabei in fast identischer Besetzung ihren Titel verteidigen. In 33:11 Minuten holten sich Kilian Kaps, Christian Sch\u00f6nke, Stefan Lange und Eik Sperling den Sieg.<\/p>\n<div id=\"attachment_614190\" style=\"width: 2570px\" class=\"wp-caption alignleft\"><a href=\"https:\/\/www.laufgruppe-schwerin.de\/wp-content\/uploads\/2025\/09\/IMG_9272-scaled.jpeg\"><img loading=\"lazy\" decoding=\"async\" aria-describedby=\"caption-attachment-614190\" class=\"size-full wp-image-614190\" src=\"https:\/\/www.laufgruppe-schwerin.de\/wp-content\/uploads\/2025\/09\/IMG_9272-scaled.jpeg\" alt=\"\" width=\"2560\" height=\"1920\" srcset=\"https:\/\/www.laufgruppe-schwerin.de\/wp-content\/uploads\/2025\/09\/IMG_9272-scaled.jpeg 2560w, https:\/\/www.laufgruppe-schwerin.de\/wp-content\/uploads\/2025\/09\/IMG_9272-300x225.jpeg 300w, https:\/\/www.laufgruppe-schwerin.de\/wp-content\/uploads\/2025\/09\/IMG_9272-1024x768.jpeg 1024w, https:\/\/www.laufgruppe-schwerin.de\/wp-content\/uploads\/2025\/09\/IMG_9272-768x576.jpeg 768w, https:\/\/www.laufgruppe-schwerin.de\/wp-content\/uploads\/2025\/09\/IMG_9272-1536x1152.jpeg 1536w, https:\/\/www.laufgruppe-schwerin.de\/wp-content\/uploads\/2025\/09\/IMG_9272-2048x1536.jpeg 2048w\" sizes=\"auto, (max-width: 2560px) 100vw, 2560px\" \/><\/a><p id=\"caption-attachment-614190\" class=\"wp-caption-text\">Wir konnte unseren Titel vom Vorjahr verteidigen.<\/p><\/div>\n<p>Die Staffel \u201ePaddy All in One\u201c mit unseren Mitgliedern Paddy und Vrony liefen wie im Vorjahr als Zweite \u00fcber die Ziellinie. Dabei blieben die Uhren nach 33:50 Minuten stehen. Unsere Mixed -Staffel lief in der Besetzung Jana Ahrenberg, Fanny Riese, Albrecht H\u00f6hn und Matze Ahrenberg in 37:17 Minuten auf eine tollen 5. Rang. &nbsp;Die L\u00e4ufer-Staffel (Niklas Greiser, Christian Briesen, Toralf Sch\u00fctze, Frank Leonhardt) kam mit 40:36 Minuten als siebte Staffel ins Ziel. &nbsp;Nach 44:37 Minuten war f\u00fcr die L\u00e4uferinnen-Staffel (Anne-Maria Hentschel, Theresa und Johanna Stabenow, Katrin Scharnetzki) auf dem 16. Platz der Wettkampf beendet. &nbsp;47:53 Minuten ben\u00f6tigte unsere the Best of the Rest &#8211; Staffel (Frank Leonhardt, Katja Brodny, Peter Wiesner, Lothar Gajek) f\u00fcr ihren 21. Rang. Unsere L\u00e4uferinnen 2 &#8211; Staffel (Ulrike Sch\u00f6ne, Andrea Bastek, Sarah Oltmanns, Ina Krause) \u00fcberlief nach 52:32 Minuten auf dem 26. Platz die Ziellinie. Die Teilnahme am Zoolauf war f\u00fcr uns wie jeder Jahr ein pures Vergn\u00fcgen und ein toller Wettkampf.<\/p>\n<iframe src=\"http:\/\/www.facebook.com\/plugins\/like.php?href=https%3A%2F%2Fwww.laufgruppe-schwerin.de%2F%3Fp%3D614187&amp;layout=standard&amp;show_faces=true&amp;width=450&amp;action=like&amp;colorscheme=light\" scrolling=\"no\" frameborder=\"0\" allowTransparency=\"true\" style=\"border:none; overflow:hidden; width:450px;margin-top:5px;\"><\/iframe>","protected":false},"excerpt":{"rendered":"<p>Bei leicht tr\u00fcbem Wetter, jedoch toller Stimmung, waren wir bei der Runde im Schweriner Zoo mit 6 Staffeln dabei. Insgesamt waren 33 Staffeln bei der sehr gut organisierten 7. Auflage dabei. Unsere Sprint &#8211; Staffel konnte dabei in fast identischer Besetzung ihren Titel verteidigen. In 33:11 Minuten holten sich Kilian Kaps, Christian Sch\u00f6nke, Stefan Lange [&hellip;]<\/p>\n","protected":false},"author":3,"featured_media":614191,"comment_status":"open","ping_status":"open","sticky":false,"template":"","format":"standard","meta":{"ngg_post_thumbnail":0,"footnotes":""},"categories":[1],"tags":[],"class_list":{"0":"post-614187","1":"post","2":"type-post","3":"status-publish","4":"format-standard","5":"has-post-thumbnail","7":"category-beitraege","8":"czr-hentry"},"_links":{"self":[{"href":"https:\/\/www.laufgruppe-schwerin.de\/index.php?rest_route=\/wp\/v2\/posts\/614187","targetHints":{"allow":["GET"]}}],"collection":[{"href":"https:\/\/www.laufgruppe-schwerin.de\/index.php?rest_route=\/wp\/v2\/posts"}],"about":[{"href":"https:\/\/www.laufgruppe-schwerin.de\/index.php?rest_route=\/wp\/v2\/types\/post"}],"author":[{"embeddable":true,"href":"https:\/\/www.laufgruppe-schwerin.de\/index.php?rest_route=\/wp\/v2\/users\/3"}],"replies":[{"embeddable":true,"href":"https:\/\/www.laufgruppe-schwerin.de\/index.php?rest_route=%2Fwp%2Fv2%2Fcomments&post=614187"}],"version-history":[{"count":2,"href":"https:\/\/www.laufgruppe-schwerin.de\/index.php?rest_route=\/wp\/v2\/posts\/614187\/revisions"}],"predecessor-version":[{"id":614193,"href":"https:\/\/www.laufgruppe-schwerin.de\/index.php?rest_route=\/wp\/v2\/posts\/614187\/revisions\/614193"}],"wp:featuredmedia":[{"embeddable":true,"href":"https:\/\/www.laufgruppe-schwerin.de\/index.php?rest_route=\/wp\/v2\/media\/614191"}],"wp:attachment":[{"href":"https:\/\/www.laufgruppe-schwerin.de\/index.php?rest_route=%2Fwp%2Fv2%2Fmedia&parent=614187"}],"wp:term":[{"taxonomy":"category","embeddable":true,"href":"https:\/\/www.laufgruppe-schwerin.de\/index.php?rest_route=%2Fwp%2Fv2%2Fcategories&post=614187"},{"taxonomy":"post_tag","embeddable":true,"href":"https:\/\/www.laufgruppe-schwerin.de\/index.php?rest_route=%2Fwp%2Fv2%2Ftags&post=614187"}],"curies":[{"name":"wp","href":"https:\/\/api.w.org\/{rel}","templated":true}]}}