{"id":613504,"date":"2023-08-17T09:40:44","date_gmt":"2023-08-17T07:40:44","guid":{"rendered":"https:\/\/www.laufgruppe-schwerin.de\/?p=613504"},"modified":"2023-08-17T09:40:44","modified_gmt":"2023-08-17T07:40:44","slug":"40-karl-krull-gedenklauf-in-steinhagen","status":"publish","type":"post","link":"https:\/\/www.laufgruppe-schwerin.de\/?p=613504","title":{"rendered":"40.Karl-Krull-Gedenklauf in Steinhagen"},"content":{"rendered":"<div id=\"attachment_613505\" style=\"width: 2570px\" class=\"wp-caption alignleft\"><a href=\"https:\/\/www.laufgruppe-schwerin.de\/wp-content\/uploads\/2023\/08\/IMG_3380-scaled.jpeg\"><img loading=\"lazy\" decoding=\"async\" aria-describedby=\"caption-attachment-613505\" class=\"size-full wp-image-613505\" src=\"https:\/\/www.laufgruppe-schwerin.de\/wp-content\/uploads\/2023\/08\/IMG_3380-scaled.jpeg\" alt=\"\" width=\"2560\" height=\"1920\" srcset=\"https:\/\/www.laufgruppe-schwerin.de\/wp-content\/uploads\/2023\/08\/IMG_3380-scaled.jpeg 2560w, https:\/\/www.laufgruppe-schwerin.de\/wp-content\/uploads\/2023\/08\/IMG_3380-300x225.jpeg 300w, https:\/\/www.laufgruppe-schwerin.de\/wp-content\/uploads\/2023\/08\/IMG_3380-1024x768.jpeg 1024w, https:\/\/www.laufgruppe-schwerin.de\/wp-content\/uploads\/2023\/08\/IMG_3380-768x576.jpeg 768w, https:\/\/www.laufgruppe-schwerin.de\/wp-content\/uploads\/2023\/08\/IMG_3380-1536x1152.jpeg 1536w, https:\/\/www.laufgruppe-schwerin.de\/wp-content\/uploads\/2023\/08\/IMG_3380-2048x1536.jpeg 2048w\" sizes=\"auto, (max-width: 2560px) 100vw, 2560px\" \/><\/a><p id=\"caption-attachment-613505\" class=\"wp-caption-text\">Die Schweriner L\u00e4uferinnen und L\u00e4ufer beim Jubil\u00e4umslauf.<\/p><\/div>\n<p>Am 16.Juli ging es f\u00fcr den Cuplauf Mecklenburg-Vorpommern in den Landkreis Vorpommern-R\u00fcgen zum 40. Jubil\u00e4umslauf nach Steinhagen, einer Gemeinde s\u00fcdwestlich von Stralsund. Der Karl-Krull-Gedenklauf geh\u00f6rt seit vielen Jahren zum festen Bestandteil des Laufcups. Es war die 11.Station und damit sind 2\/3 der L\u00e4ufe in dieser Saison bereits geschafft.&nbsp;2 L\u00e4uferinnen und 10 L\u00e4ufer unseres Vereins nahmen die Herausforderung beim Traditionslauf an. Damit brachte wir im Hauptlauf \u00fcber 10 Kilometer nach dm SC Laage und Turbine Neubrandenburg de meist Athleten an die Startlinie. Erfreulicherweise best\u00e4tigte sich auch in Steinhagen der Trend, dass die Lauf-Community sich mit deutlich steigenden Teilnehmerzahlen bei Volksl\u00e4ufen zur\u00fcckmeldet. So gab es \u00fcber 10 Kilometer 162 und \u00fcber 5 Kilometer 84 Teilnehmer. Die Laufcuppunkte wurden den Altersklassen entsprechend \u00fcber 5 und 10 Kilometer vergeben. Wobei unsere L\u00e4uferinnen und L\u00e4ufer alle \u00fcber 10 Kilometer antraten. Bei den L\u00e4ufern erreichten die M65-Starter Lothar Gajek und Harald Tschersich ebenfalls als Zweite und Dritte das Podest. F\u00fcr Lothar bleibt die Uhr bei 49:35 Minuten und f\u00fcr Harald bei 51:18 Minuten. In der gleichen Altersklasse belegte Peter Triller in 56:49 Minuten den 6.Platz. Da der Altersklassensieger nicht im Laufcup gewertet wird, klettern alle f\u00fcr die Cupwertung noch einen Platz h\u00f6her. In der Altersklasse M60 liefen Sven Jonas und Lothar Domnick in 47:57 und 48:06 Minuten auf die Pl\u00e4tze Vier und F\u00fcnf. In der mit 17 L\u00e4ufern sehr stark besetzten M55 erreichte Frank Leonhardt nach 42:32 Minuten als Vierter und Olaf B\u00f6hm in 48:59 Minuten als Elfter das Ziel. Mit 19 L\u00e4ufern war die Altersklasse M50 die am st\u00e4rksten besetzte und hier kam Andreas Klar mit 49:20 Minuten als Zw\u00f6lfter ins Ziel. Einen guten 6.Platz gibt es f\u00fcr Frank Tschersich (42:52 min) in der M40 und Maik Stripp beendet nach 47:07 Minuten als Zehnter seiner M45 den Wettkampf. Unsere beiden L\u00e4uferinnen standen mit ihren Ergebnissen den M\u00e4nnern in nichts nach. Sabrina Klar bleibt mit ihren 49:20 Minuten unter der 50-Minuten-Marke und belohnt sich mit einem dritten Platz in ihrer W40. Ulli Sch\u00f6ne wird in 55:08 Minuten Vierte der W55. Somit wurde im Laufcup flei\u00dfig gepunktet und fast alle konnten sich verbessern. Wir haben damit eine ganz gute Basis f\u00fcr den Lauf-Herbst gelegt, wo der Laufcup am 2.September mit dem 17. Warener Herbstlauf wieder Fahrt aufnimmt.<\/p>\n<iframe src=\"http:\/\/www.facebook.com\/plugins\/like.php?href=https%3A%2F%2Fwww.laufgruppe-schwerin.de%2F%3Fp%3D613504&amp;layout=standard&amp;show_faces=true&amp;width=450&amp;action=like&amp;colorscheme=light\" scrolling=\"no\" frameborder=\"0\" allowTransparency=\"true\" style=\"border:none; overflow:hidden; width:450px;margin-top:5px;\"><\/iframe>","protected":false},"excerpt":{"rendered":"<p>Am 16.Juli ging es f\u00fcr den Cuplauf Mecklenburg-Vorpommern in den Landkreis Vorpommern-R\u00fcgen zum 40. Jubil\u00e4umslauf nach Steinhagen, einer Gemeinde s\u00fcdwestlich von Stralsund. Der Karl-Krull-Gedenklauf geh\u00f6rt seit vielen Jahren zum festen Bestandteil des Laufcups. Es war die 11.Station und damit sind 2\/3 der L\u00e4ufe in dieser Saison bereits geschafft.&nbsp;2 L\u00e4uferinnen und 10 L\u00e4ufer unseres Vereins nahmen [&hellip;]<\/p>\n","protected":false},"author":3,"featured_media":613506,"comment_status":"open","ping_status":"open","sticky":false,"template":"","format":"standard","meta":{"ngg_post_thumbnail":0,"footnotes":""},"categories":[3],"tags":[],"class_list":{"0":"post-613504","1":"post","2":"type-post","3":"status-publish","4":"format-standard","5":"has-post-thumbnail","7":"category-laufcup-mv","8":"czr-hentry"},"_links":{"self":[{"href":"https:\/\/www.laufgruppe-schwerin.de\/index.php?rest_route=\/wp\/v2\/posts\/613504","targetHints":{"allow":["GET"]}}],"collection":[{"href":"https:\/\/www.laufgruppe-schwerin.de\/index.php?rest_route=\/wp\/v2\/posts"}],"about":[{"href":"https:\/\/www.laufgruppe-schwerin.de\/index.php?rest_route=\/wp\/v2\/types\/post"}],"author":[{"embeddable":true,"href":"https:\/\/www.laufgruppe-schwerin.de\/index.php?rest_route=\/wp\/v2\/users\/3"}],"replies":[{"embeddable":true,"href":"https:\/\/www.laufgruppe-schwerin.de\/index.php?rest_route=%2Fwp%2Fv2%2Fcomments&post=613504"}],"version-history":[{"count":1,"href":"https:\/\/www.laufgruppe-schwerin.de\/index.php?rest_route=\/wp\/v2\/posts\/613504\/revisions"}],"predecessor-version":[{"id":613507,"href":"https:\/\/www.laufgruppe-schwerin.de\/index.php?rest_route=\/wp\/v2\/posts\/613504\/revisions\/613507"}],"wp:featuredmedia":[{"embeddable":true,"href":"https:\/\/www.laufgruppe-schwerin.de\/index.php?rest_route=\/wp\/v2\/media\/613506"}],"wp:attachment":[{"href":"https:\/\/www.laufgruppe-schwerin.de\/index.php?rest_route=%2Fwp%2Fv2%2Fmedia&parent=613504"}],"wp:term":[{"taxonomy":"category","embeddable":true,"href":"https:\/\/www.laufgruppe-schwerin.de\/index.php?rest_route=%2Fwp%2Fv2%2Fcategories&post=613504"},{"taxonomy":"post_tag","embeddable":true,"href":"https:\/\/www.laufgruppe-schwerin.de\/index.php?rest_route=%2Fwp%2Fv2%2Ftags&post=613504"}],"curies":[{"name":"wp","href":"https:\/\/api.w.org\/{rel}","templated":true}]}}