{"id":591,"date":"2014-06-16T15:35:55","date_gmt":"2014-06-16T13:35:55","guid":{"rendered":"http:\/\/www.laufgruppe-schwerin.de\/?p=591"},"modified":"2014-06-16T15:46:02","modified_gmt":"2014-06-16T13:46:02","slug":"38-oase-inselseelauf-in-guestrow","status":"publish","type":"post","link":"https:\/\/www.laufgruppe-schwerin.de\/?p=591","title":{"rendered":"38.OASE-Inselseelauf in G\u00fcstrow"},"content":{"rendered":"<p>Im Rahmen des 38.OASE-Inselseelauf in G\u00fcstrow fand \u00fcber 10-und 20km der achte Wertungslauf des VR-Laufcup Mecklenburg-Vorpommern statt.<br \/>\nHochsommerlichen Temperaturen und eine anspruchsvolle Strecke verlangten den L\u00e4uferinnen und L\u00e4ufern alles ab. Im Feld der 114 Teilnehmer \u00fcber 10km und 101 Teilnehmer \u00fcber 20km gingen 107 L\u00e4uferinnen und L\u00e4ufer in die Cupwertung an den Start.<br \/>\nF\u00fcr die Frauenaltersklassen und den M\u00e4nnern ab der Altersklasse M65 ging es \u00fcber 10 Kilometer um wichtige Laufcuppunkte. F\u00fcr alle anderen M\u00e4nneraltersklassen wurden die Laufcuppunkte \u00fcber 20 Kilometer vergeben.<br \/>\nIm Laufcupfeld \u00fcber 10 Kilometer gingen f\u00fcr uns Kathrin Schr\u00f6der, Anrea Bastek und Horst Sch\u00f6ne an den Start. Kathrin kam in einer Zeit von 46:24 min als hervorragende Gesamtdritte und Altersklassensiegerin der W45 ins Ziel. Andrea kam mit 59:52 min in der W55 auf den 3.Platz. In der M70 gab es f\u00fcr unsere Laufgruppe durch Horst einen weiteren Podestplatz. Er wurde in einer Zeit von 1h06:03 Zweiter. Au\u00dferhalb der Cupwertung wurde Lothar Gajek in der M50\/55 mit 52:02 min Vierter.<br \/>\nIm 20-Kilometerfeld ging es f\u00fcr 10 L\u00e4ufer unserer Laufgruppe um die begehrten Laufcuppunkte.<br \/>\nHierbei gab Stefan Lange bei seinem ersten Lauf einen Supereinstand. In einer Zeit von 1h18:31 wurde er Gesamtzweiter in der Laufcupwertung. Rudolf Borchert gewann als zweitbester Schweriner in der Klassezeit von 1h29:18 seine Altersklasse M60. Durch Harald Tschersich und Rainer Bastek gab es zwei dritte Pl\u00e4tze in der Cupwertung. Harald (M55) lief 1h29:58 und Rainer (M60) absolvierte die 20 Kilometer in 1h57:29. Frank Tschersich wurde mit 1h29:58 Vierter in der Altersklasse M30, ebenfalls Vierter wurde Udo Hanold in der M55 mit 1h49:25. In der M45 belegten Frank Leonhardt in 1h30:58 den 8.Platz, Christian Briesen in 1h37:07 den 11.Platz und Mario Rei\u00dfig wurde in 1h40:25 Dreizehnter. Fred Kiesendahl belegte in der M50 mit 1h53:07 den 9.Platz in der Cupwertung.<br \/>\nIn der Vereinswertung liegen wir nach 8 von 14 Cupl\u00e4ufen hinter dem Hochschulsportverein und Turbine Neubrandenburg in der Cupzwischenauswertung auf einen hervorragenden dritten Platz.<\/p>\n<div id=\"attachment_599\" style=\"width: 778px\" class=\"wp-caption alignleft\"><a href=\"https:\/\/www.laufgruppe-Schwerin.de\/wp-content\/uploads\/2014\/06\/6Juni-Inselsseelauf-G\u00fcstrow-006.jpg\"><img loading=\"lazy\" decoding=\"async\" aria-describedby=\"caption-attachment-599\" class=\"size-full wp-image-599\" src=\"https:\/\/www.laufgruppe-Schwerin.de\/wp-content\/uploads\/2014\/06\/6Juni-Inselsseelauf-G\u00fcstrow-006.jpg\" alt=\"Stefan Lange 2.Platz gesamt und 2.Platz M30 in 1h18:31\" width=\"768\" height=\"1024\" srcset=\"https:\/\/www.laufgruppe-schwerin.de\/wp-content\/uploads\/2014\/06\/6Juni-Inselsseelauf-G\u00fcstrow-006.jpg 768w, https:\/\/www.laufgruppe-schwerin.de\/wp-content\/uploads\/2014\/06\/6Juni-Inselsseelauf-G\u00fcstrow-006-225x300.jpg 225w\" sizes=\"auto, (max-width: 768px) 100vw, 768px\" \/><\/a><p id=\"caption-attachment-599\" class=\"wp-caption-text\">Stefan Lange 2.Platz gesamt und 2.Platz M30 in 1h18:31<\/p><\/div>\n<p>&nbsp;<\/p>\n<p>&nbsp;<\/p>\n<div id=\"attachment_601\" style=\"width: 778px\" class=\"wp-caption alignleft\"><a href=\"https:\/\/www.laufgruppe-Schwerin.de\/wp-content\/uploads\/2014\/06\/6Juni-Inselsseelauf-G\u00fcstrow-046.jpg\"><img loading=\"lazy\" decoding=\"async\" aria-describedby=\"caption-attachment-601\" class=\"size-full wp-image-601\" src=\"https:\/\/www.laufgruppe-Schwerin.de\/wp-content\/uploads\/2014\/06\/6Juni-Inselsseelauf-G\u00fcstrow-046.jpg\" alt=\"Frank Tschersich 4.Platz M30 in 1h29:58\" width=\"768\" height=\"1024\" srcset=\"https:\/\/www.laufgruppe-schwerin.de\/wp-content\/uploads\/2014\/06\/6Juni-Inselsseelauf-G\u00fcstrow-046.jpg 768w, https:\/\/www.laufgruppe-schwerin.de\/wp-content\/uploads\/2014\/06\/6Juni-Inselsseelauf-G\u00fcstrow-046-225x300.jpg 225w\" sizes=\"auto, (max-width: 768px) 100vw, 768px\" \/><\/a><p id=\"caption-attachment-601\" class=\"wp-caption-text\">Frank Tschersich 4.Platz M30 in 1h29:58<\/p><\/div>\n<p>&nbsp;<\/p>\n<div id=\"attachment_604\" style=\"width: 778px\" class=\"wp-caption alignleft\"><a href=\"https:\/\/www.laufgruppe-Schwerin.de\/wp-content\/uploads\/2014\/06\/6Juni-Inselsseelauf-G\u00fcstrow-051.jpg\"><img loading=\"lazy\" decoding=\"async\" aria-describedby=\"caption-attachment-604\" class=\"size-full wp-image-604\" src=\"https:\/\/www.laufgruppe-Schwerin.de\/wp-content\/uploads\/2014\/06\/6Juni-Inselsseelauf-G\u00fcstrow-051.jpg\" alt=\"Frank Leonhardt 8.Platz M45 in 1h30:58\" width=\"768\" height=\"1024\" srcset=\"https:\/\/www.laufgruppe-schwerin.de\/wp-content\/uploads\/2014\/06\/6Juni-Inselsseelauf-G\u00fcstrow-051.jpg 768w, https:\/\/www.laufgruppe-schwerin.de\/wp-content\/uploads\/2014\/06\/6Juni-Inselsseelauf-G\u00fcstrow-051-225x300.jpg 225w\" sizes=\"auto, (max-width: 768px) 100vw, 768px\" \/><\/a><p id=\"caption-attachment-604\" class=\"wp-caption-text\">Frank Leonhardt 8.Platz M45 in 1h30:58<\/p><\/div>\n<p>&nbsp;<\/p>\n<div id=\"attachment_607\" style=\"width: 778px\" class=\"wp-caption alignleft\"><a href=\"https:\/\/www.laufgruppe-Schwerin.de\/wp-content\/uploads\/2014\/06\/6Juni-Inselsseelauf-G\u00fcstrow-072.jpg\"><img loading=\"lazy\" decoding=\"async\" aria-describedby=\"caption-attachment-607\" class=\"size-full wp-image-607\" src=\"https:\/\/www.laufgruppe-Schwerin.de\/wp-content\/uploads\/2014\/06\/6Juni-Inselsseelauf-G\u00fcstrow-072.jpg\" alt=\"Christian Briesen 11.Platz M45 in 1h37:07\" width=\"768\" height=\"1024\" srcset=\"https:\/\/www.laufgruppe-schwerin.de\/wp-content\/uploads\/2014\/06\/6Juni-Inselsseelauf-G\u00fcstrow-072.jpg 768w, https:\/\/www.laufgruppe-schwerin.de\/wp-content\/uploads\/2014\/06\/6Juni-Inselsseelauf-G\u00fcstrow-072-225x300.jpg 225w\" sizes=\"auto, (max-width: 768px) 100vw, 768px\" \/><\/a><p id=\"caption-attachment-607\" class=\"wp-caption-text\">Christian Briesen 11.Platz M45 in 1h37:07<\/p><\/div>\n<p>&nbsp;<\/p>\n<div id=\"attachment_609\" style=\"width: 778px\" class=\"wp-caption alignleft\"><a href=\"https:\/\/www.laufgruppe-Schwerin.de\/wp-content\/uploads\/2014\/06\/6Juni-Inselsseelauf-G\u00fcstrow-078.jpg\"><img loading=\"lazy\" decoding=\"async\" aria-describedby=\"caption-attachment-609\" class=\"size-full wp-image-609\" src=\"https:\/\/www.laufgruppe-Schwerin.de\/wp-content\/uploads\/2014\/06\/6Juni-Inselsseelauf-G\u00fcstrow-078.jpg\" alt=\"Harald Tschersich 3.Platz M55 in 1h40:48\" width=\"768\" height=\"1024\" srcset=\"https:\/\/www.laufgruppe-schwerin.de\/wp-content\/uploads\/2014\/06\/6Juni-Inselsseelauf-G\u00fcstrow-078.jpg 768w, https:\/\/www.laufgruppe-schwerin.de\/wp-content\/uploads\/2014\/06\/6Juni-Inselsseelauf-G\u00fcstrow-078-225x300.jpg 225w\" sizes=\"auto, (max-width: 768px) 100vw, 768px\" \/><\/a><p id=\"caption-attachment-609\" class=\"wp-caption-text\">Harald Tschersich 3.Platz M55 in 1h40:48<\/p><\/div>\n<p>&nbsp;<\/p>\n<div id=\"attachment_611\" style=\"width: 778px\" class=\"wp-caption alignleft\"><a href=\"https:\/\/www.laufgruppe-Schwerin.de\/wp-content\/uploads\/2014\/06\/6Juni-Inselsseelauf-G\u00fcstrow-087.jpg\"><img loading=\"lazy\" decoding=\"async\" aria-describedby=\"caption-attachment-611\" class=\"size-full wp-image-611\" src=\"https:\/\/www.laufgruppe-Schwerin.de\/wp-content\/uploads\/2014\/06\/6Juni-Inselsseelauf-G\u00fcstrow-087.jpg\" alt=\"Udo Hanold(rechts) im Ziel.  4.Platz M55 in 1h49:25\" width=\"768\" height=\"1024\" srcset=\"https:\/\/www.laufgruppe-schwerin.de\/wp-content\/uploads\/2014\/06\/6Juni-Inselsseelauf-G\u00fcstrow-087.jpg 768w, https:\/\/www.laufgruppe-schwerin.de\/wp-content\/uploads\/2014\/06\/6Juni-Inselsseelauf-G\u00fcstrow-087-225x300.jpg 225w\" sizes=\"auto, (max-width: 768px) 100vw, 768px\" \/><\/a><p id=\"caption-attachment-611\" class=\"wp-caption-text\">Udo Hanold(rechts) im Ziel. 4.Platz M55 in 1h49:25<\/p><\/div>\n<p>&nbsp;<\/p>\n<div id=\"attachment_613\" style=\"width: 778px\" class=\"wp-caption alignleft\"><a href=\"https:\/\/www.laufgruppe-Schwerin.de\/wp-content\/uploads\/2014\/06\/6Juni-Inselsseelauf-G\u00fcstrow-093.jpg\"><img loading=\"lazy\" decoding=\"async\" aria-describedby=\"caption-attachment-613\" class=\"size-full wp-image-613\" src=\"https:\/\/www.laufgruppe-Schwerin.de\/wp-content\/uploads\/2014\/06\/6Juni-Inselsseelauf-G\u00fcstrow-093.jpg\" alt=\"Rainer Bastek 3.Platz M60 in 1h57:29 \" width=\"768\" height=\"1024\" srcset=\"https:\/\/www.laufgruppe-schwerin.de\/wp-content\/uploads\/2014\/06\/6Juni-Inselsseelauf-G\u00fcstrow-093.jpg 768w, https:\/\/www.laufgruppe-schwerin.de\/wp-content\/uploads\/2014\/06\/6Juni-Inselsseelauf-G\u00fcstrow-093-225x300.jpg 225w\" sizes=\"auto, (max-width: 768px) 100vw, 768px\" \/><\/a><p id=\"caption-attachment-613\" class=\"wp-caption-text\">Rainer Bastek 3.Platz M60 in 1h57:29<\/p><\/div>\n<p>&nbsp;<\/p>\n<div id=\"attachment_615\" style=\"width: 1034px\" class=\"wp-caption alignleft\"><a href=\"https:\/\/www.laufgruppe-Schwerin.de\/wp-content\/uploads\/2014\/06\/6Juni-Inselsseelauf-G\u00fcstrow-110.jpg\"><img loading=\"lazy\" decoding=\"async\" aria-describedby=\"caption-attachment-615\" class=\"size-full wp-image-615\" src=\"https:\/\/www.laufgruppe-Schwerin.de\/wp-content\/uploads\/2014\/06\/6Juni-Inselsseelauf-G\u00fcstrow-110.jpg\" alt=\"Gesamtsiegerehrung rechts Stefan Lange\" width=\"1024\" height=\"768\" srcset=\"https:\/\/www.laufgruppe-schwerin.de\/wp-content\/uploads\/2014\/06\/6Juni-Inselsseelauf-G\u00fcstrow-110.jpg 1024w, https:\/\/www.laufgruppe-schwerin.de\/wp-content\/uploads\/2014\/06\/6Juni-Inselsseelauf-G\u00fcstrow-110-300x225.jpg 300w\" sizes=\"auto, (max-width: 1024px) 100vw, 1024px\" \/><\/a><p id=\"caption-attachment-615\" class=\"wp-caption-text\">Gesamtsiegerehrung rechts Stefan Lange<\/p><\/div>\n<p>&nbsp;<\/p>\n<div id=\"attachment_617\" style=\"width: 778px\" class=\"wp-caption alignleft\"><a href=\"https:\/\/www.laufgruppe-Schwerin.de\/wp-content\/uploads\/2014\/06\/6Juni-Inselsseelauf-G\u00fcstrow-141-e1402925076927.jpg\"><img loading=\"lazy\" decoding=\"async\" aria-describedby=\"caption-attachment-617\" class=\"size-full wp-image-617\" src=\"https:\/\/www.laufgruppe-Schwerin.de\/wp-content\/uploads\/2014\/06\/6Juni-Inselsseelauf-G\u00fcstrow-141-e1402925076927.jpg\" alt=\"Andrea Bastek 3.Platz \u00fcber 10km W55 in 59:52 min\" width=\"768\" height=\"1024\" srcset=\"https:\/\/www.laufgruppe-schwerin.de\/wp-content\/uploads\/2014\/06\/6Juni-Inselsseelauf-G\u00fcstrow-141-e1402925076927.jpg 768w, https:\/\/www.laufgruppe-schwerin.de\/wp-content\/uploads\/2014\/06\/6Juni-Inselsseelauf-G\u00fcstrow-141-e1402925076927-225x300.jpg 225w\" sizes=\"auto, (max-width: 768px) 100vw, 768px\" \/><\/a><p id=\"caption-attachment-617\" class=\"wp-caption-text\">Andrea Bastek 3.Platz \u00fcber 10km W55 in 59:52 min<\/p><\/div>\n<p>&nbsp;<\/p>\n<div id=\"attachment_619\" style=\"width: 778px\" class=\"wp-caption alignleft\"><a href=\"https:\/\/www.laufgruppe-Schwerin.de\/wp-content\/uploads\/2014\/06\/6Juni-Inselsseelauf-G\u00fcstrow-163.jpg\"><img loading=\"lazy\" decoding=\"async\" aria-describedby=\"caption-attachment-619\" class=\"size-full wp-image-619\" src=\"https:\/\/www.laufgruppe-Schwerin.de\/wp-content\/uploads\/2014\/06\/6Juni-Inselsseelauf-G\u00fcstrow-163.jpg\" alt=\"Stefan Lange 2.Platz gesamt und 2.Platz M30 in 1h18:31\" width=\"768\" height=\"1024\" srcset=\"https:\/\/www.laufgruppe-schwerin.de\/wp-content\/uploads\/2014\/06\/6Juni-Inselsseelauf-G\u00fcstrow-163.jpg 768w, https:\/\/www.laufgruppe-schwerin.de\/wp-content\/uploads\/2014\/06\/6Juni-Inselsseelauf-G\u00fcstrow-163-225x300.jpg 225w\" sizes=\"auto, (max-width: 768px) 100vw, 768px\" \/><\/a><p id=\"caption-attachment-619\" class=\"wp-caption-text\">Stefan Lange 2.Platz gesamt und 2.Platz M30 in 1h18:31<\/p><\/div>\n<p>&nbsp;<\/p>\n<div id=\"attachment_621\" style=\"width: 778px\" class=\"wp-caption alignleft\"><a href=\"https:\/\/www.laufgruppe-Schwerin.de\/wp-content\/uploads\/2014\/06\/6Juni-Inselsseelauf-G\u00fcstrow-170-e1402925209223.jpg\"><img loading=\"lazy\" decoding=\"async\" aria-describedby=\"caption-attachment-621\" class=\"size-full wp-image-621\" src=\"https:\/\/www.laufgruppe-Schwerin.de\/wp-content\/uploads\/2014\/06\/6Juni-Inselsseelauf-G\u00fcstrow-170-e1402925209223.jpg\" alt=\"Rudolf Borchert Sieger M60 in 1h29:18\" width=\"768\" height=\"1024\" srcset=\"https:\/\/www.laufgruppe-schwerin.de\/wp-content\/uploads\/2014\/06\/6Juni-Inselsseelauf-G\u00fcstrow-170-e1402925209223.jpg 768w, https:\/\/www.laufgruppe-schwerin.de\/wp-content\/uploads\/2014\/06\/6Juni-Inselsseelauf-G\u00fcstrow-170-e1402925209223-225x300.jpg 225w\" sizes=\"auto, (max-width: 768px) 100vw, 768px\" \/><\/a><p id=\"caption-attachment-621\" class=\"wp-caption-text\">Rudolf Borchert Sieger M60 in 1h29:18<\/p><\/div>\n<p>&nbsp;<\/p>\n<div id=\"attachment_623\" style=\"width: 778px\" class=\"wp-caption alignleft\"><a href=\"https:\/\/www.laufgruppe-Schwerin.de\/wp-content\/uploads\/2014\/06\/IMG_7809.jpg\"><img loading=\"lazy\" decoding=\"async\" aria-describedby=\"caption-attachment-623\" class=\"size-full wp-image-623\" src=\"https:\/\/www.laufgruppe-Schwerin.de\/wp-content\/uploads\/2014\/06\/IMG_7809.jpg\" alt=\"Horst Sch\u00f6ne(links) 2.Platz M70 1h06:03 \" width=\"768\" height=\"1024\" srcset=\"https:\/\/www.laufgruppe-schwerin.de\/wp-content\/uploads\/2014\/06\/IMG_7809.jpg 768w, https:\/\/www.laufgruppe-schwerin.de\/wp-content\/uploads\/2014\/06\/IMG_7809-225x300.jpg 225w\" sizes=\"auto, (max-width: 768px) 100vw, 768px\" \/><\/a><p id=\"caption-attachment-623\" class=\"wp-caption-text\">Horst Sch\u00f6ne(links) 2.Platz M70 1h06:03<\/p><\/div>\n<p>&nbsp;<\/p>\n<div id=\"attachment_625\" style=\"width: 1034px\" class=\"wp-caption alignleft\"><a href=\"https:\/\/www.laufgruppe-Schwerin.de\/wp-content\/uploads\/2014\/06\/IMG_7829.jpg\"><img loading=\"lazy\" decoding=\"async\" aria-describedby=\"caption-attachment-625\" class=\"size-full wp-image-625\" src=\"https:\/\/www.laufgruppe-Schwerin.de\/wp-content\/uploads\/2014\/06\/IMG_7829.jpg\" alt=\"von links Mathias und Jana Ahrenberg, Stefan Lange, Mario Rei\u00dfig, Lothar Gajek, Frank Leonhardt, Horst Sch\u00f6ne, Frank Tschersich, Wolfgang Krull (5-Seen-LG), J\u00fcrgen Raupach (5-Seen-LG) und Fred Kiesendahl\" width=\"1024\" height=\"755\" srcset=\"https:\/\/www.laufgruppe-schwerin.de\/wp-content\/uploads\/2014\/06\/IMG_7829.jpg 1024w, https:\/\/www.laufgruppe-schwerin.de\/wp-content\/uploads\/2014\/06\/IMG_7829-300x221.jpg 300w\" sizes=\"auto, (max-width: 1024px) 100vw, 1024px\" \/><\/a><p id=\"caption-attachment-625\" class=\"wp-caption-text\">von links Mathias und Jana Ahrenberg, Stefan Lange, Mario Rei\u00dfig, Lothar Gajek, Frank Leonhardt, Horst Sch\u00f6ne, Frank Tschersich, Wolfgang Krull (5-Seen-LG), J\u00fcrgen Raupach (5-Seen-LG) und Fred Kiesendahl<\/p><\/div>\n<p>&nbsp;<\/p>\n<iframe src=\"http:\/\/www.facebook.com\/plugins\/like.php?href=https%3A%2F%2Fwww.laufgruppe-schwerin.de%2F%3Fp%3D591&amp;layout=standard&amp;show_faces=true&amp;width=450&amp;action=like&amp;colorscheme=light\" scrolling=\"no\" frameborder=\"0\" allowTransparency=\"true\" style=\"border:none; overflow:hidden; width:450px;margin-top:5px;\"><\/iframe>","protected":false},"excerpt":{"rendered":"<p>Im Rahmen des 38.OASE-Inselseelauf in G\u00fcstrow fand \u00fcber 10-und 20km der achte Wertungslauf des VR-Laufcup Mecklenburg-Vorpommern statt. Hochsommerlichen Temperaturen und eine anspruchsvolle Strecke verlangten den L\u00e4uferinnen und L\u00e4ufern alles ab. Im Feld der 114 Teilnehmer \u00fcber 10km und 101 Teilnehmer \u00fcber 20km gingen 107 L\u00e4uferinnen und L\u00e4ufer in die Cupwertung an den Start. F\u00fcr die [&hellip;]<\/p>\n","protected":false},"author":3,"featured_media":593,"comment_status":"open","ping_status":"open","sticky":false,"template":"","format":"standard","meta":{"ngg_post_thumbnail":0,"footnotes":""},"categories":[3],"tags":[],"class_list":{"0":"post-591","1":"post","2":"type-post","3":"status-publish","4":"format-standard","5":"has-post-thumbnail","7":"category-laufcup-mv","8":"czr-hentry"},"_links":{"self":[{"href":"https:\/\/www.laufgruppe-schwerin.de\/index.php?rest_route=\/wp\/v2\/posts\/591","targetHints":{"allow":["GET"]}}],"collection":[{"href":"https:\/\/www.laufgruppe-schwerin.de\/index.php?rest_route=\/wp\/v2\/posts"}],"about":[{"href":"https:\/\/www.laufgruppe-schwerin.de\/index.php?rest_route=\/wp\/v2\/types\/post"}],"author":[{"embeddable":true,"href":"https:\/\/www.laufgruppe-schwerin.de\/index.php?rest_route=\/wp\/v2\/users\/3"}],"replies":[{"embeddable":true,"href":"https:\/\/www.laufgruppe-schwerin.de\/index.php?rest_route=%2Fwp%2Fv2%2Fcomments&post=591"}],"version-history":[{"count":18,"href":"https:\/\/www.laufgruppe-schwerin.de\/index.php?rest_route=\/wp\/v2\/posts\/591\/revisions"}],"predecessor-version":[{"id":628,"href":"https:\/\/www.laufgruppe-schwerin.de\/index.php?rest_route=\/wp\/v2\/posts\/591\/revisions\/628"}],"wp:featuredmedia":[{"embeddable":true,"href":"https:\/\/www.laufgruppe-schwerin.de\/index.php?rest_route=\/wp\/v2\/media\/593"}],"wp:attachment":[{"href":"https:\/\/www.laufgruppe-schwerin.de\/index.php?rest_route=%2Fwp%2Fv2%2Fmedia&parent=591"}],"wp:term":[{"taxonomy":"category","embeddable":true,"href":"https:\/\/www.laufgruppe-schwerin.de\/index.php?rest_route=%2Fwp%2Fv2%2Fcategories&post=591"},{"taxonomy":"post_tag","embeddable":true,"href":"https:\/\/www.laufgruppe-schwerin.de\/index.php?rest_route=%2Fwp%2Fv2%2Ftags&post=591"}],"curies":[{"name":"wp","href":"https:\/\/api.w.org\/{rel}","templated":true}]}}