{"id":543,"date":"2014-06-05T15:42:25","date_gmt":"2014-06-05T13:42:25","guid":{"rendered":"http:\/\/www.laufgruppe-schwerin.de\/?p=543"},"modified":"2014-06-05T15:42:25","modified_gmt":"2014-06-05T13:42:25","slug":"2-landesmeister-bei-den-5000m-und-10000m-bahnlandesmeisterschaften-in-guestrow","status":"publish","type":"post","link":"https:\/\/www.laufgruppe-schwerin.de\/?p=543","title":{"rendered":"2 Landesmeister bei den 5000m und 10000m Bahnlandesmeisterschaften in G\u00fcstrow"},"content":{"rendered":"<p>Am 31.Mai wurden im G\u00fcstrower Niklotstadion die Landesmeisterschaften \u00fcber 5000m und 10000m ausgetragen. Im Rahmen der Landesmeisterschaft wurden auch wichtige Laufcuppunkte vergeben. Die insgesamt 30 L\u00e4uferinnen und 78 L\u00e4ufer wurden laut ihren Zeitvorgaben in 4 L\u00e4ufen aufgeteilt. Im ersten Lauf gingen ebenfalls die L\u00e4uferinnen ab der Altersklasse W60 aufw\u00e4rts und bei den M\u00e4nnern in den Altersklassen M75 und M80 zu ihren Landesmeisterschaften \u00fcber 5000m an den Start.<br \/>\nIm 10000m-Feld gingen 3 L\u00e4uferinnen und 7 L\u00e4ufer unseres Vereins erfolgreich an den Start. Bei den Frauen liefen Kathrin Schr\u00f6der und Anne Prahl in die Top Ten. Kathrin Schr\u00f6der belegte in einer Zeit von 44:50,64min den 7.Platz in der Gesamtwertung und gewann die Silbermedaille in der W45. Anne Prahl erreichte den 10.Platz in der Gesamtwertung und wurde in pers\u00f6nlicher Bestzeit von 46:53,25min Landesmeisterin in der W30. Andrea Bastek wurde in einer Zeit von 53:40,04min Vierte in der W55.<br \/>\nBei den M\u00e4nnern war Torsten Gunia in einer Zeit von 38:40,25min als Gesamtvierzehnter schnellster Schweriner und gewann in seiner Altersklasse M50 die Bronzemedaille.<br \/>\nNorbert Kaletzki gewann in einer Zeit von 42:45,72min die Silbermedaille in der M60. Eine weitere Bronzemedaille gewann Giuseppe Avignone in der M30 mit einer Zeit von 39:29,41min. Frank Tschersich belegte den 4.Platz der M30 in 41:18,05min, Christian Briesen den 10.Platz in der M45 mit 43:08,79min, Christian Stapel den 15.Platz ebenfalls in der M45 mit 50:57,06min und Rainer Bastek belegte in einer Zeit von 53:06,59min den 8.Platz in der M60.<br \/>\n\u00dcber 5000m gewann Waltraut Garnitz den Landesmeistertitel in ihre Altersklasse W75 mit<br \/>\nEiner Zeit von 33:01,37min.F\u00fcr Egon Kannegie\u00dfer gab es in einer Zeit von 39:36,18min die Silbermedaille in der M80. Jeweils 5.Pl\u00e4tze gab es f\u00fcr Gabriele Kaletzki (W60) in 30:10,15min und Horst Garnitz (M75) in 33:54,27min.<\/p>\n<div id=\"attachment_557\" style=\"width: 778px\" class=\"wp-caption alignleft\"><a href=\"https:\/\/www.laufgruppe-Schwerin.de\/wp-content\/uploads\/2014\/06\/31MAI-LM-Bahn-G\u00fcstrow-117-e1401973926536.jpg\"><img loading=\"lazy\" decoding=\"async\" aria-describedby=\"caption-attachment-557\" class=\"size-full wp-image-557\" src=\"https:\/\/www.laufgruppe-Schwerin.de\/wp-content\/uploads\/2014\/06\/31MAI-LM-Bahn-G\u00fcstrow-117-e1401973926536.jpg\" alt=\"Rainer Bastek 75.Platz gesamt 8.Platz M60 in 53:06,59 min\" width=\"768\" height=\"1024\" srcset=\"https:\/\/www.laufgruppe-schwerin.de\/wp-content\/uploads\/2014\/06\/31MAI-LM-Bahn-G\u00fcstrow-117-e1401973926536.jpg 768w, https:\/\/www.laufgruppe-schwerin.de\/wp-content\/uploads\/2014\/06\/31MAI-LM-Bahn-G\u00fcstrow-117-e1401973926536-225x300.jpg 225w\" sizes=\"auto, (max-width: 768px) 100vw, 768px\" \/><\/a><p id=\"caption-attachment-557\" class=\"wp-caption-text\">Rainer Bastek 75.Platz gesamt 8.Platz M60 in 53:06,59 min<\/p><\/div>\n<p>&nbsp;<\/p>\n<div id=\"attachment_558\" style=\"width: 778px\" class=\"wp-caption alignleft\"><a href=\"https:\/\/www.laufgruppe-Schwerin.de\/wp-content\/uploads\/2014\/06\/31MAI-LM-Bahn-G\u00fcstrow-137-e1401974176719.jpg\"><img loading=\"lazy\" decoding=\"async\" aria-describedby=\"caption-attachment-558\" class=\"size-full wp-image-558\" src=\"https:\/\/www.laufgruppe-Schwerin.de\/wp-content\/uploads\/2014\/06\/31MAI-LM-Bahn-G\u00fcstrow-137-e1401974176719.jpg\" alt=\"Gabi Kaletzki 5.Platz W60 \u00fcber 5000m in 30:10,15 min\" width=\"768\" height=\"1024\" srcset=\"https:\/\/www.laufgruppe-schwerin.de\/wp-content\/uploads\/2014\/06\/31MAI-LM-Bahn-G\u00fcstrow-137-e1401974176719.jpg 768w, https:\/\/www.laufgruppe-schwerin.de\/wp-content\/uploads\/2014\/06\/31MAI-LM-Bahn-G\u00fcstrow-137-e1401974176719-225x300.jpg 225w\" sizes=\"auto, (max-width: 768px) 100vw, 768px\" \/><\/a><p id=\"caption-attachment-558\" class=\"wp-caption-text\">Gabi Kaletzki 5.Platz W60 \u00fcber 5000m in 30:10,15 min<\/p><\/div>\n<p>&nbsp;<\/p>\n<div id=\"attachment_559\" style=\"width: 778px\" class=\"wp-caption alignleft\"><a href=\"https:\/\/www.laufgruppe-Schwerin.de\/wp-content\/uploads\/2014\/06\/31MAI-LM-Bahn-G\u00fcstrow-159.jpg\"><img loading=\"lazy\" decoding=\"async\" aria-describedby=\"caption-attachment-559\" class=\"size-full wp-image-559\" src=\"https:\/\/www.laufgruppe-Schwerin.de\/wp-content\/uploads\/2014\/06\/31MAI-LM-Bahn-G\u00fcstrow-159.jpg\" alt=\"Christian Stapel 73.Platz gesamt 15.Platz M45 in 50:57,06 min\" width=\"768\" height=\"1024\" srcset=\"https:\/\/www.laufgruppe-schwerin.de\/wp-content\/uploads\/2014\/06\/31MAI-LM-Bahn-G\u00fcstrow-159.jpg 768w, https:\/\/www.laufgruppe-schwerin.de\/wp-content\/uploads\/2014\/06\/31MAI-LM-Bahn-G\u00fcstrow-159-225x300.jpg 225w\" sizes=\"auto, (max-width: 768px) 100vw, 768px\" \/><\/a><p id=\"caption-attachment-559\" class=\"wp-caption-text\">Christian Stapel 73.Platz gesamt 15.Platz M45 in 50:57,06 min<\/p><\/div>\n<p>&nbsp;<\/p>\n<div id=\"attachment_560\" style=\"width: 778px\" class=\"wp-caption alignleft\"><a href=\"https:\/\/www.laufgruppe-Schwerin.de\/wp-content\/uploads\/2014\/06\/31MAI-LM-Bahn-G\u00fcstrow-389.jpg\"><img loading=\"lazy\" decoding=\"async\" aria-describedby=\"caption-attachment-560\" class=\"size-full wp-image-560\" src=\"https:\/\/www.laufgruppe-Schwerin.de\/wp-content\/uploads\/2014\/06\/31MAI-LM-Bahn-G\u00fcstrow-389.jpg\" alt=\"Frank Tschersich 35.Platz gesamt 4.Platz M30 in 41:18,05 min\" width=\"768\" height=\"1024\" srcset=\"https:\/\/www.laufgruppe-schwerin.de\/wp-content\/uploads\/2014\/06\/31MAI-LM-Bahn-G\u00fcstrow-389.jpg 768w, https:\/\/www.laufgruppe-schwerin.de\/wp-content\/uploads\/2014\/06\/31MAI-LM-Bahn-G\u00fcstrow-389-225x300.jpg 225w\" sizes=\"auto, (max-width: 768px) 100vw, 768px\" \/><\/a><p id=\"caption-attachment-560\" class=\"wp-caption-text\">Frank Tschersich 35.Platz gesamt 4.Platz M30 in 41:18,05 min<\/p><\/div>\n<p>&nbsp;<\/p>\n<div id=\"attachment_561\" style=\"width: 778px\" class=\"wp-caption alignleft\"><a href=\"https:\/\/www.laufgruppe-Schwerin.de\/wp-content\/uploads\/2014\/06\/31MAI-LM-Bahn-G\u00fcstrow-553.jpg\"><img loading=\"lazy\" decoding=\"async\" aria-describedby=\"caption-attachment-561\" class=\"size-full wp-image-561\" src=\"https:\/\/www.laufgruppe-Schwerin.de\/wp-content\/uploads\/2014\/06\/31MAI-LM-Bahn-G\u00fcstrow-553.jpg\" alt=\"Christian Briesen (in blau) 44.Platz gesamt 10.Platz M45 43:08,79 min\" width=\"768\" height=\"1024\" srcset=\"https:\/\/www.laufgruppe-schwerin.de\/wp-content\/uploads\/2014\/06\/31MAI-LM-Bahn-G\u00fcstrow-553.jpg 768w, https:\/\/www.laufgruppe-schwerin.de\/wp-content\/uploads\/2014\/06\/31MAI-LM-Bahn-G\u00fcstrow-553-225x300.jpg 225w\" sizes=\"auto, (max-width: 768px) 100vw, 768px\" \/><\/a><p id=\"caption-attachment-561\" class=\"wp-caption-text\">Christian Briesen (in blau) 44.Platz gesamt 10.Platz M45 43:08,79 min<\/p><\/div>\n<p>&nbsp;<\/p>\n<div id=\"attachment_562\" style=\"width: 1034px\" class=\"wp-caption alignleft\"><a href=\"https:\/\/www.laufgruppe-Schwerin.de\/wp-content\/uploads\/2014\/06\/31MAI-LM-Bahn-G\u00fcstrow-629.jpg\"><img loading=\"lazy\" decoding=\"async\" aria-describedby=\"caption-attachment-562\" class=\"size-full wp-image-562\" src=\"https:\/\/www.laufgruppe-Schwerin.de\/wp-content\/uploads\/2014\/06\/31MAI-LM-Bahn-G\u00fcstrow-629.jpg\" alt=\"5000m Siegerehrung M75 Horst Garnitz (rechts) 5.Platz in 33:54,27 min\" width=\"1024\" height=\"768\" srcset=\"https:\/\/www.laufgruppe-schwerin.de\/wp-content\/uploads\/2014\/06\/31MAI-LM-Bahn-G\u00fcstrow-629.jpg 1024w, https:\/\/www.laufgruppe-schwerin.de\/wp-content\/uploads\/2014\/06\/31MAI-LM-Bahn-G\u00fcstrow-629-300x225.jpg 300w\" sizes=\"auto, (max-width: 1024px) 100vw, 1024px\" \/><\/a><p id=\"caption-attachment-562\" class=\"wp-caption-text\">5000m Siegerehrung M75 Horst Garnitz (rechts) 5.Platz in 33:54,27 min<\/p><\/div>\n<p>&nbsp;<\/p>\n<div id=\"attachment_563\" style=\"width: 778px\" class=\"wp-caption alignleft\"><a href=\"https:\/\/www.laufgruppe-Schwerin.de\/wp-content\/uploads\/2014\/06\/31MAI-LM-Bahn-G\u00fcstrow-636.jpg\"><img loading=\"lazy\" decoding=\"async\" aria-describedby=\"caption-attachment-563\" class=\"size-full wp-image-563\" src=\"https:\/\/www.laufgruppe-Schwerin.de\/wp-content\/uploads\/2014\/06\/31MAI-LM-Bahn-G\u00fcstrow-636.jpg\" alt=\"5000m Siegerehrung W75 Landesmeisterin Waltraut Garnitz in 33:01,37 min\" width=\"768\" height=\"1024\" srcset=\"https:\/\/www.laufgruppe-schwerin.de\/wp-content\/uploads\/2014\/06\/31MAI-LM-Bahn-G\u00fcstrow-636.jpg 768w, https:\/\/www.laufgruppe-schwerin.de\/wp-content\/uploads\/2014\/06\/31MAI-LM-Bahn-G\u00fcstrow-636-225x300.jpg 225w\" sizes=\"auto, (max-width: 768px) 100vw, 768px\" \/><\/a><p id=\"caption-attachment-563\" class=\"wp-caption-text\">5000m Siegerehrung W75 Landesmeisterin Waltraut Garnitz in 33:01,37 min<\/p><\/div>\n<p>&nbsp;<\/p>\n<div id=\"attachment_564\" style=\"width: 778px\" class=\"wp-caption alignleft\"><a href=\"https:\/\/www.laufgruppe-Schwerin.de\/wp-content\/uploads\/2014\/06\/31MAI-LM-Bahn-G\u00fcstrow-645.jpg\"><img loading=\"lazy\" decoding=\"async\" aria-describedby=\"caption-attachment-564\" class=\"size-full wp-image-564\" src=\"https:\/\/www.laufgruppe-Schwerin.de\/wp-content\/uploads\/2014\/06\/31MAI-LM-Bahn-G\u00fcstrow-645.jpg\" alt=\"5000m Siegerehrung M80 Egon Kannegie\u00dfer 2.Platz in 39:36,18 min\" width=\"768\" height=\"1024\" srcset=\"https:\/\/www.laufgruppe-schwerin.de\/wp-content\/uploads\/2014\/06\/31MAI-LM-Bahn-G\u00fcstrow-645.jpg 768w, https:\/\/www.laufgruppe-schwerin.de\/wp-content\/uploads\/2014\/06\/31MAI-LM-Bahn-G\u00fcstrow-645-225x300.jpg 225w\" sizes=\"auto, (max-width: 768px) 100vw, 768px\" \/><\/a><p id=\"caption-attachment-564\" class=\"wp-caption-text\">5000m Siegerehrung M80 Egon Kannegie\u00dfer 2.Platz in 39:36,18 min<\/p><\/div>\n<p>&nbsp;<\/p>\n<div id=\"attachment_565\" style=\"width: 778px\" class=\"wp-caption alignleft\"><a href=\"https:\/\/www.laufgruppe-Schwerin.de\/wp-content\/uploads\/2014\/06\/31MAI-LM-Bahn-G\u00fcstrow-699.jpg\"><img loading=\"lazy\" decoding=\"async\" aria-describedby=\"caption-attachment-565\" class=\"size-full wp-image-565\" src=\"https:\/\/www.laufgruppe-Schwerin.de\/wp-content\/uploads\/2014\/06\/31MAI-LM-Bahn-G\u00fcstrow-699.jpg\" alt=\"Norbert Kaletzki 41.Platz gesamt 2.Platz M60 42:45,72 min\" width=\"768\" height=\"1024\" srcset=\"https:\/\/www.laufgruppe-schwerin.de\/wp-content\/uploads\/2014\/06\/31MAI-LM-Bahn-G\u00fcstrow-699.jpg 768w, https:\/\/www.laufgruppe-schwerin.de\/wp-content\/uploads\/2014\/06\/31MAI-LM-Bahn-G\u00fcstrow-699-225x300.jpg 225w\" sizes=\"auto, (max-width: 768px) 100vw, 768px\" \/><\/a><p id=\"caption-attachment-565\" class=\"wp-caption-text\">Norbert Kaletzki 41.Platz gesamt 2.Platz M60 42:45,72 min<\/p><\/div>\n<p>&nbsp;<\/p>\n<div id=\"attachment_566\" style=\"width: 778px\" class=\"wp-caption alignleft\"><a href=\"https:\/\/www.laufgruppe-Schwerin.de\/wp-content\/uploads\/2014\/06\/31MAI-LM-Bahn-G\u00fcstrow-734.jpg\"><img loading=\"lazy\" decoding=\"async\" aria-describedby=\"caption-attachment-566\" class=\"size-full wp-image-566\" src=\"https:\/\/www.laufgruppe-Schwerin.de\/wp-content\/uploads\/2014\/06\/31MAI-LM-Bahn-G\u00fcstrow-734.jpg\" alt=\"Torsten Gunia 14.Platz gesamt 3.Platz M50 in 38:40,25 min\" width=\"768\" height=\"1024\" srcset=\"https:\/\/www.laufgruppe-schwerin.de\/wp-content\/uploads\/2014\/06\/31MAI-LM-Bahn-G\u00fcstrow-734.jpg 768w, https:\/\/www.laufgruppe-schwerin.de\/wp-content\/uploads\/2014\/06\/31MAI-LM-Bahn-G\u00fcstrow-734-225x300.jpg 225w\" sizes=\"auto, (max-width: 768px) 100vw, 768px\" \/><\/a><p id=\"caption-attachment-566\" class=\"wp-caption-text\">Torsten Gunia 14.Platz gesamt 3.Platz M50 in 38:40,25 min<\/p><\/div>\n<p>&nbsp;<\/p>\n<div id=\"attachment_567\" style=\"width: 778px\" class=\"wp-caption alignleft\"><a href=\"https:\/\/www.laufgruppe-Schwerin.de\/wp-content\/uploads\/2014\/06\/31MAI-LM-Bahn-G\u00fcstrow-745.jpg\"><img loading=\"lazy\" decoding=\"async\" aria-describedby=\"caption-attachment-567\" class=\"size-full wp-image-567\" src=\"https:\/\/www.laufgruppe-Schwerin.de\/wp-content\/uploads\/2014\/06\/31MAI-LM-Bahn-G\u00fcstrow-745.jpg\" alt=\"Kathrin Schr\u00f6der 7.Platz gesamt 2.Platz W45 in 44:50,64 min\" width=\"768\" height=\"1024\" srcset=\"https:\/\/www.laufgruppe-schwerin.de\/wp-content\/uploads\/2014\/06\/31MAI-LM-Bahn-G\u00fcstrow-745.jpg 768w, https:\/\/www.laufgruppe-schwerin.de\/wp-content\/uploads\/2014\/06\/31MAI-LM-Bahn-G\u00fcstrow-745-225x300.jpg 225w\" sizes=\"auto, (max-width: 768px) 100vw, 768px\" \/><\/a><p id=\"caption-attachment-567\" class=\"wp-caption-text\">Kathrin Schr\u00f6der 7.Platz gesamt 2.Platz W45 in 44:50,64 min<\/p><\/div>\n<p>&nbsp;<\/p>\n<div id=\"attachment_568\" style=\"width: 778px\" class=\"wp-caption alignleft\"><a href=\"https:\/\/www.laufgruppe-Schwerin.de\/wp-content\/uploads\/2014\/06\/31MAI-LM-Bahn-G\u00fcstrow-779-e1401975448409.jpg\"><img loading=\"lazy\" decoding=\"async\" aria-describedby=\"caption-attachment-568\" class=\"size-full wp-image-568\" src=\"https:\/\/www.laufgruppe-Schwerin.de\/wp-content\/uploads\/2014\/06\/31MAI-LM-Bahn-G\u00fcstrow-779-e1401975448409.jpg\" alt=\"Anne Prahl 10.Platz gesamt Landesmeisterin W30 in 46:53,25 min\" width=\"768\" height=\"1024\" srcset=\"https:\/\/www.laufgruppe-schwerin.de\/wp-content\/uploads\/2014\/06\/31MAI-LM-Bahn-G\u00fcstrow-779-e1401975448409.jpg 768w, https:\/\/www.laufgruppe-schwerin.de\/wp-content\/uploads\/2014\/06\/31MAI-LM-Bahn-G\u00fcstrow-779-e1401975448409-225x300.jpg 225w\" sizes=\"auto, (max-width: 768px) 100vw, 768px\" \/><\/a><p id=\"caption-attachment-568\" class=\"wp-caption-text\">Anne Prahl 10.Platz gesamt Landesmeisterin W30 in 46:53,25 min<\/p><\/div>\n<p>&nbsp;<\/p>\n<div id=\"attachment_569\" style=\"width: 778px\" class=\"wp-caption alignleft\"><a href=\"https:\/\/www.laufgruppe-Schwerin.de\/wp-content\/uploads\/2014\/06\/31MAI-LM-Bahn-G\u00fcstrow-786-e1401975539955.jpg\"><img loading=\"lazy\" decoding=\"async\" aria-describedby=\"caption-attachment-569\" class=\"size-full wp-image-569\" src=\"https:\/\/www.laufgruppe-Schwerin.de\/wp-content\/uploads\/2014\/06\/31MAI-LM-Bahn-G\u00fcstrow-786-e1401975539955.jpg\" alt=\"Giuseppe Avignone 20.Platz gesamt 3.Platz M30 in 39:29,41 min\" width=\"768\" height=\"1024\" srcset=\"https:\/\/www.laufgruppe-schwerin.de\/wp-content\/uploads\/2014\/06\/31MAI-LM-Bahn-G\u00fcstrow-786-e1401975539955.jpg 768w, https:\/\/www.laufgruppe-schwerin.de\/wp-content\/uploads\/2014\/06\/31MAI-LM-Bahn-G\u00fcstrow-786-e1401975539955-225x300.jpg 225w\" sizes=\"auto, (max-width: 768px) 100vw, 768px\" \/><\/a><p id=\"caption-attachment-569\" class=\"wp-caption-text\">Giuseppe Avignone 20.Platz gesamt 3.Platz M30 in 39:29,41 min<\/p><\/div>\n<iframe src=\"http:\/\/www.facebook.com\/plugins\/like.php?href=https%3A%2F%2Fwww.laufgruppe-schwerin.de%2F%3Fp%3D543&amp;layout=standard&amp;show_faces=true&amp;width=450&amp;action=like&amp;colorscheme=light\" scrolling=\"no\" frameborder=\"0\" allowTransparency=\"true\" style=\"border:none; overflow:hidden; width:450px;margin-top:5px;\"><\/iframe>","protected":false},"excerpt":{"rendered":"<p>Am 31.Mai wurden im G\u00fcstrower Niklotstadion die Landesmeisterschaften \u00fcber 5000m und 10000m ausgetragen. Im Rahmen der Landesmeisterschaft wurden auch wichtige Laufcuppunkte vergeben. Die insgesamt 30 L\u00e4uferinnen und 78 L\u00e4ufer wurden laut ihren Zeitvorgaben in 4 L\u00e4ufen aufgeteilt. Im ersten Lauf gingen ebenfalls die L\u00e4uferinnen ab der Altersklasse W60 aufw\u00e4rts und bei den M\u00e4nnern in den [&hellip;]<\/p>\n","protected":false},"author":3,"featured_media":545,"comment_status":"open","ping_status":"open","sticky":false,"template":"","format":"standard","meta":{"ngg_post_thumbnail":0,"footnotes":""},"categories":[3],"tags":[],"class_list":{"0":"post-543","1":"post","2":"type-post","3":"status-publish","4":"format-standard","5":"has-post-thumbnail","7":"category-laufcup-mv","8":"czr-hentry"},"_links":{"self":[{"href":"https:\/\/www.laufgruppe-schwerin.de\/index.php?rest_route=\/wp\/v2\/posts\/543","targetHints":{"allow":["GET"]}}],"collection":[{"href":"https:\/\/www.laufgruppe-schwerin.de\/index.php?rest_route=\/wp\/v2\/posts"}],"about":[{"href":"https:\/\/www.laufgruppe-schwerin.de\/index.php?rest_route=\/wp\/v2\/types\/post"}],"author":[{"embeddable":true,"href":"https:\/\/www.laufgruppe-schwerin.de\/index.php?rest_route=\/wp\/v2\/users\/3"}],"replies":[{"embeddable":true,"href":"https:\/\/www.laufgruppe-schwerin.de\/index.php?rest_route=%2Fwp%2Fv2%2Fcomments&post=543"}],"version-history":[{"count":22,"href":"https:\/\/www.laufgruppe-schwerin.de\/index.php?rest_route=\/wp\/v2\/posts\/543\/revisions"}],"predecessor-version":[{"id":588,"href":"https:\/\/www.laufgruppe-schwerin.de\/index.php?rest_route=\/wp\/v2\/posts\/543\/revisions\/588"}],"wp:featuredmedia":[{"embeddable":true,"href":"https:\/\/www.laufgruppe-schwerin.de\/index.php?rest_route=\/wp\/v2\/media\/545"}],"wp:attachment":[{"href":"https:\/\/www.laufgruppe-schwerin.de\/index.php?rest_route=%2Fwp%2Fv2%2Fmedia&parent=543"}],"wp:term":[{"taxonomy":"category","embeddable":true,"href":"https:\/\/www.laufgruppe-schwerin.de\/index.php?rest_route=%2Fwp%2Fv2%2Fcategories&post=543"},{"taxonomy":"post_tag","embeddable":true,"href":"https:\/\/www.laufgruppe-schwerin.de\/index.php?rest_route=%2Fwp%2Fv2%2Ftags&post=543"}],"curies":[{"name":"wp","href":"https:\/\/api.w.org\/{rel}","templated":true}]}}