{"id":2215,"date":"2018-08-06T21:54:34","date_gmt":"2018-08-06T19:54:34","guid":{"rendered":"http:\/\/www.laufgruppe-schwerin.de\/?p=2215"},"modified":"2018-08-06T21:54:34","modified_gmt":"2018-08-06T19:54:34","slug":"mathias-ahrenberg-wird-gesamtzweiter-beim-27-neubrandenburger-halbmarathon-gold-silber-und-bronze-fuer-unsere-laeufer-bei-der-landesmeisterschaft-im-halbmarathon","status":"publish","type":"post","link":"https:\/\/www.laufgruppe-schwerin.de\/?p=2215","title":{"rendered":"Mathias Ahrenberg wird Gesamtzweiter beim 27.Neubrandenburger Halbmarathon \/ Gold, Silber und Bronze f\u00fcr unsere L\u00e4ufer bei der Landesmeisterschaft im Halbmarathon"},"content":{"rendered":"<div id=\"attachment_2216\" style=\"width: 1034px\" class=\"wp-caption alignleft\"><a href=\"https:\/\/www.laufgruppe-Schwerin.de\/wp-content\/uploads\/2018\/08\/LM-HM-2018-340.jpg\"><img loading=\"lazy\" decoding=\"async\" aria-describedby=\"caption-attachment-2216\" class=\"size-full wp-image-2216\" src=\"https:\/\/www.laufgruppe-Schwerin.de\/wp-content\/uploads\/2018\/08\/LM-HM-2018-340.jpg\" alt=\"\" height=\"768\" width=\"1024\" srcset=\"https:\/\/www.laufgruppe-schwerin.de\/wp-content\/uploads\/2018\/08\/LM-HM-2018-340.jpg 1024w, https:\/\/www.laufgruppe-schwerin.de\/wp-content\/uploads\/2018\/08\/LM-HM-2018-340-300x225.jpg 300w, https:\/\/www.laufgruppe-schwerin.de\/wp-content\/uploads\/2018\/08\/LM-HM-2018-340-768x576.jpg 768w\" sizes=\"auto, (max-width: 1024px) 100vw, 1024px\" \/><\/a><p id=\"caption-attachment-2216\" class=\"wp-caption-text\">Lothar (links), Mathias und Stefan (rechts)<\/p><\/div>\n<p>F\u00fcr die L\u00e4uferinnen und L\u00e4ufer im Laufcup Mecklenburg-Vorpommern ging es am 5. Mai in die Vier-Tore-Stadt Neubrandenburg. Hier richtete der Hochschulsportverein den 27.Neubrandenburger Halbmarathon aus. Der Lauf wurde gleichzeitig als Landesmeisterschaft im Halbmarathon und als 6.Wertungslauf im Laufcup ausgetragen. Im Feld der 120 Teilnehmer gingen 26 L\u00e4uferinnen und 50 L\u00e4ufer auf Medaillen-und Punktejagd. Dabei waren mit Mathias Ahrenberg, Stefan Lange und Lothar Gajek drei erfolgreiche Finischer unseres Vereins. Bei sch\u00f6nem fr\u00fchlingshaftem Wetter mussten die Athleten im Neubrandenburger Kulturpark den flachen und schnellen Rundkurs zehnmal umkreisen.&nbsp;Die Halbmarathonmeisterschaft wurde von den L\u00e4ufern des TC FIKO Rostock dominiert. Gleich vier FIKO-L\u00e4ufer schafften es in die TOP 5. Mathias konnte sich jedoch als Gesamtzweiter beim Rundenkarussell gegen diese \u00dcbermacht stemmen. Nur den 10 Jahre j\u00fcngeren Adrian Karnitzki konnte er am Ende keine Paroli mehr bieten. Mathias wird mit 1h16:40Landesmeister seiner Altersklasse M35. Stefan erl\u00e4uft sich in der gleichen Altersklasse in einer Zeit von 1h25:24 min die Silbermedaille, dazu wird er hervorragender Gesamtzehnter. Lothar l\u00e4uft in seiner M60 dank einer Zeit von 1h37:56 zu Bronze. Es gab aber nicht nur Entscheidungen im Halbmarathon, sondern f\u00fcr die L\u00e4uferinnen und L\u00e4ufer der U14 bis U20 wurden die Laufcuppunkte \u00fcber 5 Kilometer vergeben. Hier gingen 29 L\u00e4uferinnen und 32 L\u00e4ufer an den Start. In diesem Feld ging Fanny Riese in ihrer Altersklasse WJ U18 ins Rennen und wird mit 21:04 min hervorragende Gesamtzweite und Siegerin ihrer Altersklasse. Damit ist es im 6. Cuplauf der f\u00fcnfte Altersklassensieg f\u00fcr Fanny.<\/p>\n<div id=\"attachment_2218\" style=\"width: 778px\" class=\"wp-caption alignleft\"><a href=\"https:\/\/www.laufgruppe-Schwerin.de\/wp-content\/uploads\/2018\/08\/LM-HM-2018-175.jpg\"><img loading=\"lazy\" decoding=\"async\" aria-describedby=\"caption-attachment-2218\" class=\"size-full wp-image-2218\" src=\"https:\/\/www.laufgruppe-Schwerin.de\/wp-content\/uploads\/2018\/08\/LM-HM-2018-175.jpg\" alt=\"\" height=\"1024\" width=\"768\" srcset=\"https:\/\/www.laufgruppe-schwerin.de\/wp-content\/uploads\/2018\/08\/LM-HM-2018-175.jpg 768w, https:\/\/www.laufgruppe-schwerin.de\/wp-content\/uploads\/2018\/08\/LM-HM-2018-175-225x300.jpg 225w\" sizes=\"auto, (max-width: 768px) 100vw, 768px\" \/><\/a><p id=\"caption-attachment-2218\" class=\"wp-caption-text\">Gesamtsiegerehrung 1. Adrian Karnitzki, 2. Mathias und 3. Markus Riemer<\/p><\/div>\n<div id=\"attachment_2219\" style=\"width: 778px\" class=\"wp-caption alignleft\"><a href=\"https:\/\/www.laufgruppe-Schwerin.de\/wp-content\/uploads\/2018\/08\/LM-HM-2018-193.jpg\"><img loading=\"lazy\" decoding=\"async\" aria-describedby=\"caption-attachment-2219\" class=\"size-full wp-image-2219\" src=\"https:\/\/www.laufgruppe-Schwerin.de\/wp-content\/uploads\/2018\/08\/LM-HM-2018-193.jpg\" alt=\"\" height=\"1024\" width=\"768\" srcset=\"https:\/\/www.laufgruppe-schwerin.de\/wp-content\/uploads\/2018\/08\/LM-HM-2018-193.jpg 768w, https:\/\/www.laufgruppe-schwerin.de\/wp-content\/uploads\/2018\/08\/LM-HM-2018-193-225x300.jpg 225w\" sizes=\"auto, (max-width: 768px) 100vw, 768px\" \/><\/a><p id=\"caption-attachment-2219\" class=\"wp-caption-text\">Siegerehrung M60 mit Lothar (rechts)<\/p><\/div>\n<div id=\"attachment_2220\" style=\"width: 778px\" class=\"wp-caption alignleft\"><a href=\"https:\/\/www.laufgruppe-Schwerin.de\/wp-content\/uploads\/2018\/08\/LM-HM-2018-334.jpg\"><img loading=\"lazy\" decoding=\"async\" aria-describedby=\"caption-attachment-2220\" class=\"size-full wp-image-2220\" src=\"https:\/\/www.laufgruppe-Schwerin.de\/wp-content\/uploads\/2018\/08\/LM-HM-2018-334.jpg\" alt=\"\" height=\"1024\" width=\"768\" srcset=\"https:\/\/www.laufgruppe-schwerin.de\/wp-content\/uploads\/2018\/08\/LM-HM-2018-334.jpg 768w, https:\/\/www.laufgruppe-schwerin.de\/wp-content\/uploads\/2018\/08\/LM-HM-2018-334-225x300.jpg 225w\" sizes=\"auto, (max-width: 768px) 100vw, 768px\" \/><\/a><p id=\"caption-attachment-2220\" class=\"wp-caption-text\">Siegerehrung M35 mit Mathias und Stefan<\/p><\/div>\n<iframe src=\"http:\/\/www.facebook.com\/plugins\/like.php?href=https%3A%2F%2Fwww.laufgruppe-schwerin.de%2F%3Fp%3D2215&amp;layout=standard&amp;show_faces=true&amp;width=450&amp;action=like&amp;colorscheme=light\" scrolling=\"no\" frameborder=\"0\" allowTransparency=\"true\" style=\"border:none; overflow:hidden; width:450px;margin-top:5px;\"><\/iframe>","protected":false},"excerpt":{"rendered":"<p>F\u00fcr die L\u00e4uferinnen und L\u00e4ufer im Laufcup Mecklenburg-Vorpommern ging es am 5. Mai in die Vier-Tore-Stadt Neubrandenburg. Hier richtete der Hochschulsportverein den 27.Neubrandenburger Halbmarathon aus. Der Lauf wurde gleichzeitig als Landesmeisterschaft im Halbmarathon und als 6.Wertungslauf im Laufcup ausgetragen. Im Feld der 120 Teilnehmer gingen 26 L\u00e4uferinnen und 50 L\u00e4ufer auf Medaillen-und Punktejagd. Dabei waren [&hellip;]<\/p>\n","protected":false},"author":3,"featured_media":2217,"comment_status":"open","ping_status":"open","sticky":false,"template":"","format":"standard","meta":{"ngg_post_thumbnail":0,"footnotes":""},"categories":[3],"tags":[],"class_list":{"0":"post-2215","1":"post","2":"type-post","3":"status-publish","4":"format-standard","5":"has-post-thumbnail","7":"category-laufcup-mv","8":"czr-hentry"},"_links":{"self":[{"href":"https:\/\/www.laufgruppe-schwerin.de\/index.php?rest_route=\/wp\/v2\/posts\/2215","targetHints":{"allow":["GET"]}}],"collection":[{"href":"https:\/\/www.laufgruppe-schwerin.de\/index.php?rest_route=\/wp\/v2\/posts"}],"about":[{"href":"https:\/\/www.laufgruppe-schwerin.de\/index.php?rest_route=\/wp\/v2\/types\/post"}],"author":[{"embeddable":true,"href":"https:\/\/www.laufgruppe-schwerin.de\/index.php?rest_route=\/wp\/v2\/users\/3"}],"replies":[{"embeddable":true,"href":"https:\/\/www.laufgruppe-schwerin.de\/index.php?rest_route=%2Fwp%2Fv2%2Fcomments&post=2215"}],"version-history":[{"count":1,"href":"https:\/\/www.laufgruppe-schwerin.de\/index.php?rest_route=\/wp\/v2\/posts\/2215\/revisions"}],"predecessor-version":[{"id":2221,"href":"https:\/\/www.laufgruppe-schwerin.de\/index.php?rest_route=\/wp\/v2\/posts\/2215\/revisions\/2221"}],"wp:featuredmedia":[{"embeddable":true,"href":"https:\/\/www.laufgruppe-schwerin.de\/index.php?rest_route=\/wp\/v2\/media\/2217"}],"wp:attachment":[{"href":"https:\/\/www.laufgruppe-schwerin.de\/index.php?rest_route=%2Fwp%2Fv2%2Fmedia&parent=2215"}],"wp:term":[{"taxonomy":"category","embeddable":true,"href":"https:\/\/www.laufgruppe-schwerin.de\/index.php?rest_route=%2Fwp%2Fv2%2Fcategories&post=2215"},{"taxonomy":"post_tag","embeddable":true,"href":"https:\/\/www.laufgruppe-schwerin.de\/index.php?rest_route=%2Fwp%2Fv2%2Ftags&post=2215"}],"curies":[{"name":"wp","href":"https:\/\/api.w.org\/{rel}","templated":true}]}}