{"id":2176,"date":"2018-05-03T22:47:13","date_gmt":"2018-05-03T20:47:13","guid":{"rendered":"http:\/\/www.laufgruppe-schwerin.de\/?p=2176"},"modified":"2018-05-03T22:55:29","modified_gmt":"2018-05-03T20:55:29","slug":"37-warnemuender-stoltera-kuestenwaldlauf-erfolgreich-an-der-ostseekueste","status":"publish","type":"post","link":"https:\/\/www.laufgruppe-schwerin.de\/?p=2176","title":{"rendered":"37. Warnem\u00fcnder Stoltera K\u00fcstenwaldlauf &#8211; Erfolgreich an der Ostseek\u00fcste"},"content":{"rendered":"<p><a href=\"https:\/\/www.laufgruppe-Schwerin.de\/wp-content\/uploads\/2018\/05\/01-K\u00fcstenwaldlauf-2018-032.jpg\"><img loading=\"lazy\" decoding=\"async\" class=\"alignleft size-full wp-image-2199\" src=\"https:\/\/www.laufgruppe-Schwerin.de\/wp-content\/uploads\/2018\/05\/01-K\u00fcstenwaldlauf-2018-032.jpg\" alt=\"\" height=\"768\" width=\"1024\" srcset=\"https:\/\/www.laufgruppe-schwerin.de\/wp-content\/uploads\/2018\/05\/01-K\u00fcstenwaldlauf-2018-032.jpg 1024w, https:\/\/www.laufgruppe-schwerin.de\/wp-content\/uploads\/2018\/05\/01-K\u00fcstenwaldlauf-2018-032-300x225.jpg 300w, https:\/\/www.laufgruppe-schwerin.de\/wp-content\/uploads\/2018\/05\/01-K\u00fcstenwaldlauf-2018-032-768x576.jpg 768w\" sizes=\"auto, (max-width: 1024px) 100vw, 1024px\" \/><\/a><\/p>\n<p>Warnem\u00fcndes Ostseek\u00fcste erwartete den Laufcup Mecklenburg-Vorpommern auf seiner f\u00fcnften Station. Bei der Organisation zum 37. Warnem\u00fcnder Stoltera K\u00fcstenwaldlauf &nbsp;war wieder einmal auf die Veranstalter vom SV Warnem\u00fcnde Verlass. 7 L\u00e4uferinnen und 11 L\u00e4ufern unseres Vereins gingen erfolgreich im Hauptlauf \u00fcber 10 Kilometer an den Start. Herrliches Fr\u00fchlingswetter begleitete die 143 L\u00e4uferinnen und 324 L\u00e4ufer auf den Rundkurs an der Ostseek\u00fcste. Am Ende des Wettkampftages stehen jeweils 3 erste und zweite Pl\u00e4tze, sowie 2 dritte Pl\u00e4tze auf der Habenseite. F\u00fcr das herausragende Ergebnis sorgte die W30-Siegerin Anja Wittwer. Mit 44:02 min l\u00e4uft Anja nach dem zweiten Platz vor einer Woche beim Schweriner Schlosslauf auf einen tollen dritten Platz in der Cupgesamtwertung. Ebenfalls wieder in sehr guter Form lief die 15j\u00e4hrige Fanny Riese im Gesamtfeld der Frauen auf einen beachtlichen 17. Platz. Mit 47:58 min musste Fanny nur Lea-Sophie Funk vom TSV Binz den Vorrang in ihrer Altersklasse WJ U18 lassen. Sofie Sch\u00f6ne gewinnt ihre Altersklasse WJ U20 in 49:54 min. In der Altersklasse W50 l\u00e4uft Sabine Bahr als Zweite mit 48:20 min aufs Treppchen. Juliane J\u00e4nisch mit 54:02 min in der W35 und Andrea Bastek durch 58:56 min in ihrer W60 erreichen jeweils vierte Pl\u00e4tze in der Cupwertung. F\u00fcr Ulrike Sch\u00f6ne wird es nach 59:35 min der 6. Platz im Cup. Die M\u00e4nnerwertung wurde zu einem Festival vom TC FIKO Rostock, gleich 7 L\u00e4ufer von Ihnen laufen in die TOP 10 der Gesamtwertung. Dieses Mal musste auch Mathias Ahrenberg als Gesamtelfter, die \u00dcbermacht der Rostocker anerkennen. Seine Altersklasse M35 beherrschte Mathias aber souver\u00e4n und gewinnt in 36:17 min. Unser Zweitbester kommt ebenfalls aus der M35, Frank Tschersich wird mit 39:33 min Dritter seiner Altersklasse. Norbert Kaletzki l\u00e4uft bei seinem Saisoneinstand mit 45:25 min als sehr guter Zweiter seiner M65 durchs Ziel. Lothar Gajek l\u00e4uft ebenfalls aufs Treppchen und wird mit 45:04 min Dritter seiner M60. Der \u00e4lteste Schweriner Cupteilnehmer Horst Sch\u00f6ne wird mit seinen 1:17:16 h F\u00fcnfter in der M75. In 41:18 min finisht Giuseppe Avignone als Sechster seiner M30. Einen Platz dahinter l\u00e4uft Sebastian Scholz in der gleichen Altersklasse mit 42:25 min in die Wertung. Sven Jonas l\u00e4uft nach l\u00e4ngerer Verletzungspause mit ansprechenden 44:25 min auf dem siebenten Platz der M55. 30 Sekunden sp\u00e4ter wird Lothar Domnick in der gleichen Altersklasse Neunter. Frank Riebschl\u00e4ger und Christian Stapel laufen in ihrer M50 mit 55:03 min bzw. 56:12 min auf die Pl\u00e4tze dreizehn und vierzehn. Einen dreizehnten Platz erreicht Volker Zeppelin mit 51:05 min in seiner M45. Das hervorragende Abschneiden unseres Vereins wird durch den ersten Platz, punktgleich mit den FIKO-L\u00e4ufern, in der Mannschaftswertung nochmals besonders hervorgehoben. Au\u00dferhalb der Cupwertung testete Gabi Kaletzki ihre Form \u00fcber 3 Kilometer und gewinnt ihre W60 in 18:04 min.<\/p>\n<div id=\"attachment_2178\" style=\"width: 778px\" class=\"wp-caption alignleft\"><a href=\"https:\/\/www.laufgruppe-Schwerin.de\/wp-content\/uploads\/2018\/05\/02-K\u00fcstenwaldlauf-2018-076.jpg\"><img loading=\"lazy\" decoding=\"async\" aria-describedby=\"caption-attachment-2178\" class=\"size-full wp-image-2178\" src=\"https:\/\/www.laufgruppe-Schwerin.de\/wp-content\/uploads\/2018\/05\/02-K\u00fcstenwaldlauf-2018-076.jpg\" alt=\"\" height=\"1024\" width=\"768\" srcset=\"https:\/\/www.laufgruppe-schwerin.de\/wp-content\/uploads\/2018\/05\/02-K\u00fcstenwaldlauf-2018-076.jpg 768w, https:\/\/www.laufgruppe-schwerin.de\/wp-content\/uploads\/2018\/05\/02-K\u00fcstenwaldlauf-2018-076-225x300.jpg 225w\" sizes=\"auto, (max-width: 768px) 100vw, 768px\" \/><\/a><p id=\"caption-attachment-2178\" class=\"wp-caption-text\">Anja<\/p><\/div>\n<div id=\"attachment_2179\" style=\"width: 778px\" class=\"wp-caption alignleft\"><a href=\"https:\/\/www.laufgruppe-Schwerin.de\/wp-content\/uploads\/2018\/05\/03-K\u00fcstenwaldlauf-2018-087.jpg\"><img loading=\"lazy\" decoding=\"async\" aria-describedby=\"caption-attachment-2179\" class=\"size-full wp-image-2179\" src=\"https:\/\/www.laufgruppe-Schwerin.de\/wp-content\/uploads\/2018\/05\/03-K\u00fcstenwaldlauf-2018-087.jpg\" alt=\"\" height=\"1024\" width=\"768\" srcset=\"https:\/\/www.laufgruppe-schwerin.de\/wp-content\/uploads\/2018\/05\/03-K\u00fcstenwaldlauf-2018-087.jpg 768w, https:\/\/www.laufgruppe-schwerin.de\/wp-content\/uploads\/2018\/05\/03-K\u00fcstenwaldlauf-2018-087-225x300.jpg 225w\" sizes=\"auto, (max-width: 768px) 100vw, 768px\" \/><\/a><p id=\"caption-attachment-2179\" class=\"wp-caption-text\">Mathias<\/p><\/div>\n<div id=\"attachment_2180\" style=\"width: 1010px\" class=\"wp-caption alignleft\"><a href=\"https:\/\/www.laufgruppe-Schwerin.de\/wp-content\/uploads\/2018\/05\/04-Gudrun_6453.jpg\"><img loading=\"lazy\" decoding=\"async\" aria-describedby=\"caption-attachment-2180\" class=\"size-full wp-image-2180\" src=\"https:\/\/www.laufgruppe-Schwerin.de\/wp-content\/uploads\/2018\/05\/04-Gudrun_6453.jpg\" alt=\"\" height=\"667\" width=\"1000\" srcset=\"https:\/\/www.laufgruppe-schwerin.de\/wp-content\/uploads\/2018\/05\/04-Gudrun_6453.jpg 1000w, https:\/\/www.laufgruppe-schwerin.de\/wp-content\/uploads\/2018\/05\/04-Gudrun_6453-300x200.jpg 300w, https:\/\/www.laufgruppe-schwerin.de\/wp-content\/uploads\/2018\/05\/04-Gudrun_6453-768x512.jpg 768w\" sizes=\"auto, (max-width: 1000px) 100vw, 1000px\" \/><\/a><p id=\"caption-attachment-2180\" class=\"wp-caption-text\">Lothar Domnick (138)<\/p><\/div>\n<div id=\"attachment_2181\" style=\"width: 778px\" class=\"wp-caption alignleft\"><a href=\"https:\/\/www.laufgruppe-Schwerin.de\/wp-content\/uploads\/2018\/05\/05-K\u00fcstenwaldlauf-2018-056.jpg\"><img loading=\"lazy\" decoding=\"async\" aria-describedby=\"caption-attachment-2181\" class=\"size-full wp-image-2181\" src=\"https:\/\/www.laufgruppe-Schwerin.de\/wp-content\/uploads\/2018\/05\/05-K\u00fcstenwaldlauf-2018-056.jpg\" alt=\"\" height=\"1024\" width=\"768\" srcset=\"https:\/\/www.laufgruppe-schwerin.de\/wp-content\/uploads\/2018\/05\/05-K\u00fcstenwaldlauf-2018-056.jpg 768w, https:\/\/www.laufgruppe-schwerin.de\/wp-content\/uploads\/2018\/05\/05-K\u00fcstenwaldlauf-2018-056-225x300.jpg 225w\" sizes=\"auto, (max-width: 768px) 100vw, 768px\" \/><\/a><p id=\"caption-attachment-2181\" class=\"wp-caption-text\">Sven<\/p><\/div>\n<div id=\"attachment_2182\" style=\"width: 1010px\" class=\"wp-caption alignleft\"><a href=\"https:\/\/www.laufgruppe-Schwerin.de\/wp-content\/uploads\/2018\/05\/06-Gudrun_6465.jpg\"><img loading=\"lazy\" decoding=\"async\" aria-describedby=\"caption-attachment-2182\" class=\"size-full wp-image-2182\" src=\"https:\/\/www.laufgruppe-Schwerin.de\/wp-content\/uploads\/2018\/05\/06-Gudrun_6465.jpg\" alt=\"\" height=\"667\" width=\"1000\" srcset=\"https:\/\/www.laufgruppe-schwerin.de\/wp-content\/uploads\/2018\/05\/06-Gudrun_6465.jpg 1000w, https:\/\/www.laufgruppe-schwerin.de\/wp-content\/uploads\/2018\/05\/06-Gudrun_6465-300x200.jpg 300w, https:\/\/www.laufgruppe-schwerin.de\/wp-content\/uploads\/2018\/05\/06-Gudrun_6465-768x512.jpg 768w\" sizes=\"auto, (max-width: 1000px) 100vw, 1000px\" \/><\/a><p id=\"caption-attachment-2182\" class=\"wp-caption-text\">Andrea (129)<br \/>Foto \u00a9 sprintefix.de<\/p><\/div>\n<div id=\"attachment_2183\" style=\"width: 510px\" class=\"wp-caption alignleft\"><a href=\"https:\/\/www.laufgruppe-Schwerin.de\/wp-content\/uploads\/2018\/05\/07-Gudrun_6464.jpg\"><img loading=\"lazy\" decoding=\"async\" aria-describedby=\"caption-attachment-2183\" class=\"size-full wp-image-2183\" src=\"https:\/\/www.laufgruppe-Schwerin.de\/wp-content\/uploads\/2018\/05\/07-Gudrun_6464.jpg\" alt=\"\" height=\"750\" width=\"500\" srcset=\"https:\/\/www.laufgruppe-schwerin.de\/wp-content\/uploads\/2018\/05\/07-Gudrun_6464.jpg 500w, https:\/\/www.laufgruppe-schwerin.de\/wp-content\/uploads\/2018\/05\/07-Gudrun_6464-200x300.jpg 200w\" sizes=\"auto, (max-width: 500px) 100vw, 500px\" \/><\/a><p id=\"caption-attachment-2183\" class=\"wp-caption-text\">Frank Riebschl\u00e4ger<br \/>Foto \u00a9 sprintefix.de<\/p><\/div>\n<div id=\"attachment_2184\" style=\"width: 510px\" class=\"wp-caption alignleft\"><a href=\"https:\/\/www.laufgruppe-Schwerin.de\/wp-content\/uploads\/2018\/05\/08-Gudrun_6466.jpg\"><img loading=\"lazy\" decoding=\"async\" aria-describedby=\"caption-attachment-2184\" class=\"size-full wp-image-2184\" src=\"https:\/\/www.laufgruppe-Schwerin.de\/wp-content\/uploads\/2018\/05\/08-Gudrun_6466.jpg\" alt=\"\" height=\"750\" width=\"500\" srcset=\"https:\/\/www.laufgruppe-schwerin.de\/wp-content\/uploads\/2018\/05\/08-Gudrun_6466.jpg 500w, https:\/\/www.laufgruppe-schwerin.de\/wp-content\/uploads\/2018\/05\/08-Gudrun_6466-200x300.jpg 200w\" sizes=\"auto, (max-width: 500px) 100vw, 500px\" \/><\/a><p id=\"caption-attachment-2184\" class=\"wp-caption-text\">Horst<br \/>Foto \u00a9 sprintefix.de<\/p><\/div>\n<div id=\"attachment_2185\" style=\"width: 509px\" class=\"wp-caption alignleft\"><a href=\"https:\/\/www.laufgruppe-Schwerin.de\/wp-content\/uploads\/2018\/05\/09-Gudrun_6458.jpg\"><img loading=\"lazy\" decoding=\"async\" aria-describedby=\"caption-attachment-2185\" class=\"size-full wp-image-2185\" src=\"https:\/\/www.laufgruppe-Schwerin.de\/wp-content\/uploads\/2018\/05\/09-Gudrun_6458.jpg\" alt=\"\" height=\"750\" width=\"499\" srcset=\"https:\/\/www.laufgruppe-schwerin.de\/wp-content\/uploads\/2018\/05\/09-Gudrun_6458.jpg 499w, https:\/\/www.laufgruppe-schwerin.de\/wp-content\/uploads\/2018\/05\/09-Gudrun_6458-200x300.jpg 200w\" sizes=\"auto, (max-width: 499px) 100vw, 499px\" \/><\/a><p id=\"caption-attachment-2185\" class=\"wp-caption-text\">Frank Tschersich<br \/>Foto \u00a9 sprintefix.de<\/p><\/div>\n<div id=\"attachment_2186\" style=\"width: 1010px\" class=\"wp-caption alignleft\"><a href=\"https:\/\/www.laufgruppe-Schwerin.de\/wp-content\/uploads\/2018\/05\/10-Gudrun_6459.jpg\"><img loading=\"lazy\" decoding=\"async\" aria-describedby=\"caption-attachment-2186\" class=\"size-full wp-image-2186\" src=\"https:\/\/www.laufgruppe-Schwerin.de\/wp-content\/uploads\/2018\/05\/10-Gudrun_6459.jpg\" alt=\"\" height=\"666\" width=\"1000\" srcset=\"https:\/\/www.laufgruppe-schwerin.de\/wp-content\/uploads\/2018\/05\/10-Gudrun_6459.jpg 1000w, https:\/\/www.laufgruppe-schwerin.de\/wp-content\/uploads\/2018\/05\/10-Gudrun_6459-300x200.jpg 300w, https:\/\/www.laufgruppe-schwerin.de\/wp-content\/uploads\/2018\/05\/10-Gudrun_6459-768x511.jpg 768w\" sizes=\"auto, (max-width: 1000px) 100vw, 1000px\" \/><\/a><p id=\"caption-attachment-2186\" class=\"wp-caption-text\">Giuseppe<br \/>Foto \u00a9 sprintefix.de<\/p><\/div>\n<div id=\"attachment_2187\" style=\"width: 778px\" class=\"wp-caption alignleft\"><a href=\"https:\/\/www.laufgruppe-Schwerin.de\/wp-content\/uploads\/2018\/05\/12-K\u00fcstenwaldlauf-2018-108.jpg\"><img loading=\"lazy\" decoding=\"async\" aria-describedby=\"caption-attachment-2187\" class=\"size-full wp-image-2187\" src=\"https:\/\/www.laufgruppe-Schwerin.de\/wp-content\/uploads\/2018\/05\/12-K\u00fcstenwaldlauf-2018-108.jpg\" alt=\"\" height=\"1024\" width=\"768\" srcset=\"https:\/\/www.laufgruppe-schwerin.de\/wp-content\/uploads\/2018\/05\/12-K\u00fcstenwaldlauf-2018-108.jpg 768w, https:\/\/www.laufgruppe-schwerin.de\/wp-content\/uploads\/2018\/05\/12-K\u00fcstenwaldlauf-2018-108-225x300.jpg 225w\" sizes=\"auto, (max-width: 768px) 100vw, 768px\" \/><\/a><p id=\"caption-attachment-2187\" class=\"wp-caption-text\">Juliane<\/p><\/div>\n<div id=\"attachment_2188\" style=\"width: 778px\" class=\"wp-caption alignleft\"><a href=\"https:\/\/www.laufgruppe-Schwerin.de\/wp-content\/uploads\/2018\/05\/13-K\u00fcstenwaldlauf-2018-110.jpg\"><img loading=\"lazy\" decoding=\"async\" aria-describedby=\"caption-attachment-2188\" class=\"size-full wp-image-2188\" src=\"https:\/\/www.laufgruppe-Schwerin.de\/wp-content\/uploads\/2018\/05\/13-K\u00fcstenwaldlauf-2018-110.jpg\" alt=\"\" height=\"1024\" width=\"768\" srcset=\"https:\/\/www.laufgruppe-schwerin.de\/wp-content\/uploads\/2018\/05\/13-K\u00fcstenwaldlauf-2018-110.jpg 768w, https:\/\/www.laufgruppe-schwerin.de\/wp-content\/uploads\/2018\/05\/13-K\u00fcstenwaldlauf-2018-110-225x300.jpg 225w\" sizes=\"auto, (max-width: 768px) 100vw, 768px\" \/><\/a><p id=\"caption-attachment-2188\" class=\"wp-caption-text\">Christian<\/p><\/div>\n<div id=\"attachment_2189\" style=\"width: 1010px\" class=\"wp-caption alignleft\"><a href=\"https:\/\/www.laufgruppe-Schwerin.de\/wp-content\/uploads\/2018\/05\/14-Gudrun_6470.jpg\"><img loading=\"lazy\" decoding=\"async\" aria-describedby=\"caption-attachment-2189\" class=\"size-full wp-image-2189\" src=\"https:\/\/www.laufgruppe-Schwerin.de\/wp-content\/uploads\/2018\/05\/14-Gudrun_6470.jpg\" alt=\"\" height=\"667\" width=\"1000\" srcset=\"https:\/\/www.laufgruppe-schwerin.de\/wp-content\/uploads\/2018\/05\/14-Gudrun_6470.jpg 1000w, https:\/\/www.laufgruppe-schwerin.de\/wp-content\/uploads\/2018\/05\/14-Gudrun_6470-300x200.jpg 300w, https:\/\/www.laufgruppe-schwerin.de\/wp-content\/uploads\/2018\/05\/14-Gudrun_6470-768x512.jpg 768w\" sizes=\"auto, (max-width: 1000px) 100vw, 1000px\" \/><\/a><p id=\"caption-attachment-2189\" class=\"wp-caption-text\">Gewinn der Mannschaftswertung.<br \/>Foto \u00a9 sprintefix.de<\/p><\/div>\n<div id=\"attachment_2191\" style=\"width: 778px\" class=\"wp-caption alignleft\"><a href=\"https:\/\/www.laufgruppe-Schwerin.de\/wp-content\/uploads\/2018\/05\/15.jpg\"><img loading=\"lazy\" decoding=\"async\" aria-describedby=\"caption-attachment-2191\" class=\"size-full wp-image-2191\" src=\"https:\/\/www.laufgruppe-Schwerin.de\/wp-content\/uploads\/2018\/05\/15.jpg\" alt=\"\" height=\"1024\" width=\"768\" srcset=\"https:\/\/www.laufgruppe-schwerin.de\/wp-content\/uploads\/2018\/05\/15.jpg 768w, https:\/\/www.laufgruppe-schwerin.de\/wp-content\/uploads\/2018\/05\/15-225x300.jpg 225w\" sizes=\"auto, (max-width: 768px) 100vw, 768px\" \/><\/a><p id=\"caption-attachment-2191\" class=\"wp-caption-text\">Gabi<\/p><\/div>\n<div id=\"attachment_2192\" style=\"width: 1010px\" class=\"wp-caption alignleft\"><a href=\"https:\/\/www.laufgruppe-Schwerin.de\/wp-content\/uploads\/2018\/05\/16-Gudrun_6469.jpg\"><img loading=\"lazy\" decoding=\"async\" aria-describedby=\"caption-attachment-2192\" class=\"size-full wp-image-2192\" src=\"https:\/\/www.laufgruppe-Schwerin.de\/wp-content\/uploads\/2018\/05\/16-Gudrun_6469.jpg\" alt=\"\" height=\"667\" width=\"1000\" srcset=\"https:\/\/www.laufgruppe-schwerin.de\/wp-content\/uploads\/2018\/05\/16-Gudrun_6469.jpg 1000w, https:\/\/www.laufgruppe-schwerin.de\/wp-content\/uploads\/2018\/05\/16-Gudrun_6469-300x200.jpg 300w, https:\/\/www.laufgruppe-schwerin.de\/wp-content\/uploads\/2018\/05\/16-Gudrun_6469-768x512.jpg 768w\" sizes=\"auto, (max-width: 1000px) 100vw, 1000px\" \/><\/a><p id=\"caption-attachment-2192\" class=\"wp-caption-text\">Siegerehrung M60 mit Norbert<br \/>Foto \u00a9 sprintefix.de<\/p><\/div>\n<div id=\"attachment_2193\" style=\"width: 778px\" class=\"wp-caption alignleft\"><a href=\"https:\/\/www.laufgruppe-Schwerin.de\/wp-content\/uploads\/2018\/05\/17-K\u00fcstenwaldlauf-2018-125.jpg\"><img loading=\"lazy\" decoding=\"async\" aria-describedby=\"caption-attachment-2193\" class=\"size-full wp-image-2193\" src=\"https:\/\/www.laufgruppe-Schwerin.de\/wp-content\/uploads\/2018\/05\/17-K\u00fcstenwaldlauf-2018-125.jpg\" alt=\"\" height=\"1024\" width=\"768\" srcset=\"https:\/\/www.laufgruppe-schwerin.de\/wp-content\/uploads\/2018\/05\/17-K\u00fcstenwaldlauf-2018-125.jpg 768w, https:\/\/www.laufgruppe-schwerin.de\/wp-content\/uploads\/2018\/05\/17-K\u00fcstenwaldlauf-2018-125-225x300.jpg 225w\" sizes=\"auto, (max-width: 768px) 100vw, 768px\" \/><\/a><p id=\"caption-attachment-2193\" class=\"wp-caption-text\">Fanny (links)<\/p><\/div>\n<div id=\"attachment_2194\" style=\"width: 778px\" class=\"wp-caption alignleft\"><a href=\"https:\/\/www.laufgruppe-Schwerin.de\/wp-content\/uploads\/2018\/05\/18-K\u00fcstenwaldlauf-2018-130.jpg\"><img loading=\"lazy\" decoding=\"async\" aria-describedby=\"caption-attachment-2194\" class=\"size-full wp-image-2194\" src=\"https:\/\/www.laufgruppe-Schwerin.de\/wp-content\/uploads\/2018\/05\/18-K\u00fcstenwaldlauf-2018-130.jpg\" alt=\"\" height=\"1024\" width=\"768\" srcset=\"https:\/\/www.laufgruppe-schwerin.de\/wp-content\/uploads\/2018\/05\/18-K\u00fcstenwaldlauf-2018-130.jpg 768w, https:\/\/www.laufgruppe-schwerin.de\/wp-content\/uploads\/2018\/05\/18-K\u00fcstenwaldlauf-2018-130-225x300.jpg 225w\" sizes=\"auto, (max-width: 768px) 100vw, 768px\" \/><\/a><p id=\"caption-attachment-2194\" class=\"wp-caption-text\">Sofie<\/p><\/div>\n<div id=\"attachment_2195\" style=\"width: 778px\" class=\"wp-caption alignleft\"><a href=\"https:\/\/www.laufgruppe-Schwerin.de\/wp-content\/uploads\/2018\/05\/19-K\u00fcstenwaldlauf-2018-131.jpg\"><img loading=\"lazy\" decoding=\"async\" aria-describedby=\"caption-attachment-2195\" class=\"size-full wp-image-2195\" src=\"https:\/\/www.laufgruppe-Schwerin.de\/wp-content\/uploads\/2018\/05\/19-K\u00fcstenwaldlauf-2018-131.jpg\" alt=\"\" height=\"1024\" width=\"768\" srcset=\"https:\/\/www.laufgruppe-schwerin.de\/wp-content\/uploads\/2018\/05\/19-K\u00fcstenwaldlauf-2018-131.jpg 768w, https:\/\/www.laufgruppe-schwerin.de\/wp-content\/uploads\/2018\/05\/19-K\u00fcstenwaldlauf-2018-131-225x300.jpg 225w\" sizes=\"auto, (max-width: 768px) 100vw, 768px\" \/><\/a><p id=\"caption-attachment-2195\" class=\"wp-caption-text\">Anja ganz oben.<\/p><\/div>\n<div id=\"attachment_2196\" style=\"width: 778px\" class=\"wp-caption alignleft\"><a href=\"https:\/\/www.laufgruppe-Schwerin.de\/wp-content\/uploads\/2018\/05\/20-K\u00fcstenwaldlauf-2018-139.jpg\"><img loading=\"lazy\" decoding=\"async\" aria-describedby=\"caption-attachment-2196\" class=\"size-full wp-image-2196\" src=\"https:\/\/www.laufgruppe-Schwerin.de\/wp-content\/uploads\/2018\/05\/20-K\u00fcstenwaldlauf-2018-139.jpg\" alt=\"\" height=\"1024\" width=\"768\" srcset=\"https:\/\/www.laufgruppe-schwerin.de\/wp-content\/uploads\/2018\/05\/20-K\u00fcstenwaldlauf-2018-139.jpg 768w, https:\/\/www.laufgruppe-schwerin.de\/wp-content\/uploads\/2018\/05\/20-K\u00fcstenwaldlauf-2018-139-225x300.jpg 225w\" sizes=\"auto, (max-width: 768px) 100vw, 768px\" \/><\/a><p id=\"caption-attachment-2196\" class=\"wp-caption-text\">Sabine (links)<\/p><\/div>\n<div id=\"attachment_2197\" style=\"width: 778px\" class=\"wp-caption alignleft\"><a href=\"https:\/\/www.laufgruppe-Schwerin.de\/wp-content\/uploads\/2018\/05\/21-K\u00fcstenwaldlauf-2018-149.jpg\"><img loading=\"lazy\" decoding=\"async\" aria-describedby=\"caption-attachment-2197\" class=\"size-full wp-image-2197\" src=\"https:\/\/www.laufgruppe-Schwerin.de\/wp-content\/uploads\/2018\/05\/21-K\u00fcstenwaldlauf-2018-149.jpg\" alt=\"\" height=\"1024\" width=\"768\" srcset=\"https:\/\/www.laufgruppe-schwerin.de\/wp-content\/uploads\/2018\/05\/21-K\u00fcstenwaldlauf-2018-149.jpg 768w, https:\/\/www.laufgruppe-schwerin.de\/wp-content\/uploads\/2018\/05\/21-K\u00fcstenwaldlauf-2018-149-225x300.jpg 225w\" sizes=\"auto, (max-width: 768px) 100vw, 768px\" \/><\/a><p id=\"caption-attachment-2197\" class=\"wp-caption-text\">Lothar Gajek (rechts)<\/p><\/div>\n<p>&nbsp;<\/p>\n<iframe src=\"http:\/\/www.facebook.com\/plugins\/like.php?href=https%3A%2F%2Fwww.laufgruppe-schwerin.de%2F%3Fp%3D2176&amp;layout=standard&amp;show_faces=true&amp;width=450&amp;action=like&amp;colorscheme=light\" scrolling=\"no\" frameborder=\"0\" allowTransparency=\"true\" style=\"border:none; overflow:hidden; width:450px;margin-top:5px;\"><\/iframe>","protected":false},"excerpt":{"rendered":"<p>Warnem\u00fcndes Ostseek\u00fcste erwartete den Laufcup Mecklenburg-Vorpommern auf seiner f\u00fcnften Station. Bei der Organisation zum 37. Warnem\u00fcnder Stoltera K\u00fcstenwaldlauf &nbsp;war wieder einmal auf die Veranstalter vom SV Warnem\u00fcnde Verlass. 7 L\u00e4uferinnen und 11 L\u00e4ufern unseres Vereins gingen erfolgreich im Hauptlauf \u00fcber 10 Kilometer an den Start. Herrliches Fr\u00fchlingswetter begleitete die 143 L\u00e4uferinnen und 324 L\u00e4ufer auf [&hellip;]<\/p>\n","protected":false},"author":3,"featured_media":2201,"comment_status":"open","ping_status":"open","sticky":false,"template":"","format":"standard","meta":{"ngg_post_thumbnail":0,"footnotes":""},"categories":[3],"tags":[],"class_list":{"0":"post-2176","1":"post","2":"type-post","3":"status-publish","4":"format-standard","5":"has-post-thumbnail","7":"category-laufcup-mv","8":"czr-hentry"},"_links":{"self":[{"href":"https:\/\/www.laufgruppe-schwerin.de\/index.php?rest_route=\/wp\/v2\/posts\/2176","targetHints":{"allow":["GET"]}}],"collection":[{"href":"https:\/\/www.laufgruppe-schwerin.de\/index.php?rest_route=\/wp\/v2\/posts"}],"about":[{"href":"https:\/\/www.laufgruppe-schwerin.de\/index.php?rest_route=\/wp\/v2\/types\/post"}],"author":[{"embeddable":true,"href":"https:\/\/www.laufgruppe-schwerin.de\/index.php?rest_route=\/wp\/v2\/users\/3"}],"replies":[{"embeddable":true,"href":"https:\/\/www.laufgruppe-schwerin.de\/index.php?rest_route=%2Fwp%2Fv2%2Fcomments&post=2176"}],"version-history":[{"count":4,"href":"https:\/\/www.laufgruppe-schwerin.de\/index.php?rest_route=\/wp\/v2\/posts\/2176\/revisions"}],"predecessor-version":[{"id":2200,"href":"https:\/\/www.laufgruppe-schwerin.de\/index.php?rest_route=\/wp\/v2\/posts\/2176\/revisions\/2200"}],"wp:featuredmedia":[{"embeddable":true,"href":"https:\/\/www.laufgruppe-schwerin.de\/index.php?rest_route=\/wp\/v2\/media\/2201"}],"wp:attachment":[{"href":"https:\/\/www.laufgruppe-schwerin.de\/index.php?rest_route=%2Fwp%2Fv2%2Fmedia&parent=2176"}],"wp:term":[{"taxonomy":"category","embeddable":true,"href":"https:\/\/www.laufgruppe-schwerin.de\/index.php?rest_route=%2Fwp%2Fv2%2Fcategories&post=2176"},{"taxonomy":"post_tag","embeddable":true,"href":"https:\/\/www.laufgruppe-schwerin.de\/index.php?rest_route=%2Fwp%2Fv2%2Ftags&post=2176"}],"curies":[{"name":"wp","href":"https:\/\/api.w.org\/{rel}","templated":true}]}}