{"id":2151,"date":"2018-05-02T23:29:25","date_gmt":"2018-05-02T21:29:25","guid":{"rendered":"http:\/\/www.laufgruppe-schwerin.de\/?p=2151"},"modified":"2018-05-02T23:43:53","modified_gmt":"2018-05-02T21:43:53","slug":"mathias-ahrenberg-gewinnt-zum-5-mal-den-laufcup-in-schwerin","status":"publish","type":"post","link":"https:\/\/www.laufgruppe-schwerin.de\/?p=2151","title":{"rendered":"Mathias Ahrenberg gewinnt zum 5. mal den Laufcup in Schwerin"},"content":{"rendered":"<div id=\"attachment_2152\" style=\"width: 1034px\" class=\"wp-caption alignleft\"><a href=\"https:\/\/www.laufgruppe-Schwerin.de\/wp-content\/uploads\/2018\/05\/01.jpg\"><img loading=\"lazy\" decoding=\"async\" aria-describedby=\"caption-attachment-2152\" class=\"size-full wp-image-2152\" src=\"https:\/\/www.laufgruppe-Schwerin.de\/wp-content\/uploads\/2018\/05\/01.jpg\" alt=\"\" height=\"768\" width=\"1024\" srcset=\"https:\/\/www.laufgruppe-schwerin.de\/wp-content\/uploads\/2018\/05\/01.jpg 1024w, https:\/\/www.laufgruppe-schwerin.de\/wp-content\/uploads\/2018\/05\/01-300x225.jpg 300w, https:\/\/www.laufgruppe-schwerin.de\/wp-content\/uploads\/2018\/05\/01-768x576.jpg 768w\" sizes=\"auto, (max-width: 1024px) 100vw, 1024px\" \/><\/a><p id=\"caption-attachment-2152\" class=\"wp-caption-text\">Kurz voe dem Start.<\/p><\/div>\n<p>Was f\u00fcr ein Tag f\u00fcr unsere Laufgruppe als Veranstalter des 4. Schweriner Schlosslaufs. Der Laufcup Mecklenburg-Vorpommern machte am 21. April auf seiner 4. Station Stop &nbsp;in der Landeshauptstadt. Bei bestem Laufwetter gab es mit 324 L\u00e4uferinnen und L\u00e4ufern einen neuen Teilnehmerrekord. Es wurde die Bestmarke von 2016 mit damals 277 Finishern deutlich \u00fcberboten. Auf vier verschiedenen Strecken wurden die Punkte im Laufcup Mecklenburg-Vorpommern und dem Intersport-Nachwuchslaufcup Mecklenburg-Vorpommern vergeben. Im Hauptlauf \u00fcber 15 Kilometer \u00fcberquerten am Ende 42 L\u00e4uferinnen und 108 L\u00e4ufer erfolgreich die Ziellinie am Faulen See. Der Hauptlauf f\u00fchrte die Sportler auf der landschaftlich sch\u00f6nen Strecke am Faulen See, \u00fcber Zippendorf, dem Franzosenweg, Schlossgarten, Schloss und Burgsee am Ende wieder zur\u00fcck zum Ziel am Faulen See. Auch das Wetter spielte die L\u00e4uferinnen und L\u00e4ufer in die Karten und die sommerlichen Temperaturen waren den fr\u00fchlingshaften gewichen. F\u00fcr uns stand diesmal nicht die sportliche Leistung im Vordergrund, sondern die Organisation unserer Veranstaltung. Trotzdem konnten wir mit 5 L\u00e4uferinnen und 10 L\u00e4ufer ein starkes Team beim Hauptlauf ins Rennen schicken. Dazu ging es f\u00fcr die Nachwuchsl\u00e4uferinnen Fanny Riese und Amanda Lube \u00fcber 8 bzw. 4 Kilometer um die Cuppunkte. F\u00fcr das&nbsp; Highlight bei unserem Schlosslauf sorgte unser Mathias Ahrenberg. Gab es bisher in der im Jahre 2001 beginnenden 18 j\u00e4hrigen Schweriner Laufcupgeschichte mit dem ehemaligen Schweriner Clubl\u00e4ufer Tom Scharff und Mathias Ahrenberg zwei 4-Fach Gesamtsieger, konnte sich Mathias nach 2006, 2008, 2009 und 2012 den f\u00fcnften Gesamtsieg sichern. Er setzte sich in einer Zeit von 55:06 min vor den beiden TC FIKO Rostock-L\u00e4ufern Uwe Kleinschmidt (55:09 min) und Markus Riemer (55:41 min) durch. Mit dem Gesamtf\u00fcnften und M30-Dritten Eik Sperling gibt es f\u00fcr unseren Verein eine weitere Topplatzierung. Eik erreicht mit knapp 2 Minuten R\u00fcckstand hinter dem Gesamtsieger in 57:02 min das Ziel. Bei den Frauen war hingegen von Anfang an klar, dass es eine neue Gesamtsiegerin geben muss. Keine der bisherigen Siegerinnen hatte f\u00fcr den Lauf gemeldet. Anna Brust vom Hochschulverein Neubrandenburg ging als Favoritin ins Rennen und l\u00f6ste diese Herausforderung mit einem souver\u00e4nen Sieg. Anna bleibt mit 1h00:12 nur knapp \u00fcber die Einstundenmarke. Als hervorragende Gesamtzweiter und Altersklassensiegerin ihrer W30 l\u00e4uft unsere Anja Wittwer nach 1h07:02 durchs Ziel. Anja konnte sich damit bei ihrem dritten Lauf im noch jungen Laufcupjahr auch den dritten Altersklassensieg sichern. Dritte in der Gesamtwertung wird Heike Grunow in 1h07:36 von der SV Motor Wolgast und damit auch Siegerin der Altersklasse W45. Mit Manuela Hofmann als Siegerin ihrer W55 und die W45-Dritten Ulrike Schomann laufen zwei weitere L\u00e4uferinnen unseres Vereins als hervorragende Neunte und Zehnte in der Gesamtwertung ein. F\u00fcr Manuela bleibt die Uhr nach 1h12:41 stehen und Ulrike l\u00e4uft nach 1h13:05 \u00fcber die Ziellinie. Beide L\u00e4uferinnen feierten hiermit einen gelungenen Einstand in die Laufcupsaison 2018. Mit Juliane J\u00e4nisch (W35) und Maria Marschner (W20) gaben zwei L\u00e4uferinnen ihre Premiere im Laufcup. Beide L\u00e4uferinnen erreichen jeweils vierte Pl\u00e4tze in der Altersklassenwertung f\u00fcr den Laufcup. Juliane l\u00e4uft hierbei 1h23:01 und Maria ben\u00f6tigt 1h46:44. Bei den M\u00e4nnern gab es f\u00fcr die L\u00e4ufer der Laufgruppe Schwerin dazu noch drei Podestpl\u00e4tze. Stefan Lange wurde in einer Zeit von 1h00:24 ebenso Zweiter seiner M35, wie Birger B\u00f6sel mit 1h00:37 in der M40. Lothar Gajek erreicht in der M60 nach 1h08:43 als Dritter seiner Altersklasse das Ziel am Faulen See. Weitere L\u00e4ufer erreichen in ihren Altersklassen vordere Platzierungen. So wird Giuseppe Avignone in 1h02:41 Sechster der M35, Christian Briesen mit 1h08:48 Siebenter in der M50 und Sebastian Scholz in 1h05:13 Achter bei den M30ern. Wir waren mit 3 Altersklassensiegen der erfolgreichste Verein im Hauptlauf. F\u00fcr den vierten Altersklassensieg sorgt unsere Nachwuchsl\u00e4uferin Fanny Riese. In&nbsp; ihrer Altersklasse WJ U18 wurden die Laufcuppunkte \u00fcber 8 Kilometer vergeben, dazu ging es 2 Runden um den Faulen See. Fanny konnte ihr l\u00e4uferisches K\u00f6nnen mal wieder unter Beweis stellen und wurde in einer Zeit von 35:38 min nicht nur Altersklassensiegerin, sondern auch Gesamtsiegerin. Damit gewinnt die WJ U18-L\u00e4uferin auch den 4. Cuplauf der Saison. Amanda Lube l\u00e4uft \u00fcber 4 Kilometer in der Wertung des Intersport-Nachwuchslaufcup als Zw\u00f6lfte ihrer Altersklasse WJ U14 nach 19:30 min ins Ziel. \u00dcber 4 Kilometer ging Birga Briesen au\u00dfer halb der Cupwertung an den Start und gewinnt ihre W45 in 24:17 min.<\/p>\n<div id=\"attachment_2153\" style=\"width: 1034px\" class=\"wp-caption alignleft\"><a href=\"https:\/\/www.laufgruppe-Schwerin.de\/wp-content\/uploads\/2018\/05\/02.jpg\"><img loading=\"lazy\" decoding=\"async\" aria-describedby=\"caption-attachment-2153\" class=\"size-full wp-image-2153\" src=\"https:\/\/www.laufgruppe-Schwerin.de\/wp-content\/uploads\/2018\/05\/02.jpg\" alt=\"\" height=\"768\" width=\"1024\" srcset=\"https:\/\/www.laufgruppe-schwerin.de\/wp-content\/uploads\/2018\/05\/02.jpg 1024w, https:\/\/www.laufgruppe-schwerin.de\/wp-content\/uploads\/2018\/05\/02-300x225.jpg 300w, https:\/\/www.laufgruppe-schwerin.de\/wp-content\/uploads\/2018\/05\/02-768x576.jpg 768w\" sizes=\"auto, (max-width: 1024px) 100vw, 1024px\" \/><\/a><p id=\"caption-attachment-2153\" class=\"wp-caption-text\">Mathias als Gesamtsieger.<\/p><\/div>\n<div id=\"attachment_2154\" style=\"width: 1034px\" class=\"wp-caption alignleft\"><a href=\"https:\/\/www.laufgruppe-Schwerin.de\/wp-content\/uploads\/2018\/05\/03.jpg\"><img loading=\"lazy\" decoding=\"async\" aria-describedby=\"caption-attachment-2154\" class=\"size-full wp-image-2154\" src=\"https:\/\/www.laufgruppe-Schwerin.de\/wp-content\/uploads\/2018\/05\/03.jpg\" alt=\"\" height=\"768\" width=\"1024\" srcset=\"https:\/\/www.laufgruppe-schwerin.de\/wp-content\/uploads\/2018\/05\/03.jpg 1024w, https:\/\/www.laufgruppe-schwerin.de\/wp-content\/uploads\/2018\/05\/03-300x225.jpg 300w, https:\/\/www.laufgruppe-schwerin.de\/wp-content\/uploads\/2018\/05\/03-768x576.jpg 768w\" sizes=\"auto, (max-width: 1024px) 100vw, 1024px\" \/><\/a><p id=\"caption-attachment-2154\" class=\"wp-caption-text\">Anja wird Gesamtzweite.<\/p><\/div>\n<div id=\"attachment_2155\" style=\"width: 1034px\" class=\"wp-caption alignleft\"><a href=\"https:\/\/www.laufgruppe-Schwerin.de\/wp-content\/uploads\/2018\/05\/04.jpg\"><img loading=\"lazy\" decoding=\"async\" aria-describedby=\"caption-attachment-2155\" class=\"size-full wp-image-2155\" src=\"https:\/\/www.laufgruppe-Schwerin.de\/wp-content\/uploads\/2018\/05\/04.jpg\" alt=\"\" height=\"768\" width=\"1024\" srcset=\"https:\/\/www.laufgruppe-schwerin.de\/wp-content\/uploads\/2018\/05\/04.jpg 1024w, https:\/\/www.laufgruppe-schwerin.de\/wp-content\/uploads\/2018\/05\/04-300x225.jpg 300w, https:\/\/www.laufgruppe-schwerin.de\/wp-content\/uploads\/2018\/05\/04-768x576.jpg 768w\" sizes=\"auto, (max-width: 1024px) 100vw, 1024px\" \/><\/a><p id=\"caption-attachment-2155\" class=\"wp-caption-text\">Birger Zwiter M40.<\/p><\/div>\n<div id=\"attachment_2156\" style=\"width: 778px\" class=\"wp-caption alignleft\"><a href=\"https:\/\/www.laufgruppe-Schwerin.de\/wp-content\/uploads\/2018\/05\/05-Siggi-112.jpg\"><img loading=\"lazy\" decoding=\"async\" aria-describedby=\"caption-attachment-2156\" class=\"size-full wp-image-2156\" src=\"https:\/\/www.laufgruppe-Schwerin.de\/wp-content\/uploads\/2018\/05\/05-Siggi-112.jpg\" alt=\"\" height=\"1024\" width=\"768\" srcset=\"https:\/\/www.laufgruppe-schwerin.de\/wp-content\/uploads\/2018\/05\/05-Siggi-112.jpg 768w, https:\/\/www.laufgruppe-schwerin.de\/wp-content\/uploads\/2018\/05\/05-Siggi-112-225x300.jpg 225w\" sizes=\"auto, (max-width: 768px) 100vw, 768px\" \/><\/a><p id=\"caption-attachment-2156\" class=\"wp-caption-text\">Eik<br \/>Foto \u00a9 Siggi Karow<\/p><\/div>\n<div id=\"attachment_2157\" style=\"width: 778px\" class=\"wp-caption alignleft\"><a href=\"https:\/\/www.laufgruppe-Schwerin.de\/wp-content\/uploads\/2018\/05\/06-Frank.jpg\"><img loading=\"lazy\" decoding=\"async\" aria-describedby=\"caption-attachment-2157\" class=\"size-full wp-image-2157\" src=\"https:\/\/www.laufgruppe-Schwerin.de\/wp-content\/uploads\/2018\/05\/06-Frank.jpg\" alt=\"\" height=\"1024\" width=\"768\" srcset=\"https:\/\/www.laufgruppe-schwerin.de\/wp-content\/uploads\/2018\/05\/06-Frank.jpg 768w, https:\/\/www.laufgruppe-schwerin.de\/wp-content\/uploads\/2018\/05\/06-Frank-225x300.jpg 225w\" sizes=\"auto, (max-width: 768px) 100vw, 768px\" \/><\/a><p id=\"caption-attachment-2157\" class=\"wp-caption-text\">Ulrike<\/p><\/div>\n<div id=\"attachment_2158\" style=\"width: 778px\" class=\"wp-caption alignleft\"><a href=\"https:\/\/www.laufgruppe-Schwerin.de\/wp-content\/uploads\/2018\/05\/07-Siggi-119.jpg\"><img loading=\"lazy\" decoding=\"async\" aria-describedby=\"caption-attachment-2158\" class=\"size-full wp-image-2158\" src=\"https:\/\/www.laufgruppe-Schwerin.de\/wp-content\/uploads\/2018\/05\/07-Siggi-119.jpg\" alt=\"\" height=\"1024\" width=\"768\" srcset=\"https:\/\/www.laufgruppe-schwerin.de\/wp-content\/uploads\/2018\/05\/07-Siggi-119.jpg 768w, https:\/\/www.laufgruppe-schwerin.de\/wp-content\/uploads\/2018\/05\/07-Siggi-119-225x300.jpg 225w\" sizes=\"auto, (max-width: 768px) 100vw, 768px\" \/><\/a><p id=\"caption-attachment-2158\" class=\"wp-caption-text\">Stefan<br \/>Foto \u00a9 Siggi Karow<\/p><\/div>\n<div id=\"attachment_2160\" style=\"width: 778px\" class=\"wp-caption alignleft\"><a href=\"https:\/\/www.laufgruppe-Schwerin.de\/wp-content\/uploads\/2018\/05\/08-Siggi-198.jpg\"><img loading=\"lazy\" decoding=\"async\" aria-describedby=\"caption-attachment-2160\" class=\"size-full wp-image-2160\" src=\"https:\/\/www.laufgruppe-Schwerin.de\/wp-content\/uploads\/2018\/05\/08-Siggi-198.jpg\" alt=\"\" height=\"1024\" width=\"768\" srcset=\"https:\/\/www.laufgruppe-schwerin.de\/wp-content\/uploads\/2018\/05\/08-Siggi-198.jpg 768w, https:\/\/www.laufgruppe-schwerin.de\/wp-content\/uploads\/2018\/05\/08-Siggi-198-225x300.jpg 225w\" sizes=\"auto, (max-width: 768px) 100vw, 768px\" \/><\/a><p id=\"caption-attachment-2160\" class=\"wp-caption-text\">Juliane<br \/>Foto \u00a9 Siggi Karow<\/p><\/div>\n<div id=\"attachment_2161\" style=\"width: 778px\" class=\"wp-caption alignleft\"><a href=\"https:\/\/www.laufgruppe-Schwerin.de\/wp-content\/uploads\/2018\/05\/09-Siggi-126.jpg\"><img loading=\"lazy\" decoding=\"async\" aria-describedby=\"caption-attachment-2161\" class=\"size-full wp-image-2161\" src=\"https:\/\/www.laufgruppe-Schwerin.de\/wp-content\/uploads\/2018\/05\/09-Siggi-126.jpg\" alt=\"\" height=\"1024\" width=\"768\" srcset=\"https:\/\/www.laufgruppe-schwerin.de\/wp-content\/uploads\/2018\/05\/09-Siggi-126.jpg 768w, https:\/\/www.laufgruppe-schwerin.de\/wp-content\/uploads\/2018\/05\/09-Siggi-126-225x300.jpg 225w\" sizes=\"auto, (max-width: 768px) 100vw, 768px\" \/><\/a><p id=\"caption-attachment-2161\" class=\"wp-caption-text\">Giuseppe<br \/>Foto \u00a9 Siggi Karow<\/p><\/div>\n<div id=\"attachment_2162\" style=\"width: 778px\" class=\"wp-caption alignleft\"><a href=\"https:\/\/www.laufgruppe-Schwerin.de\/wp-content\/uploads\/2018\/05\/10-Siggi-153.jpg\"><img loading=\"lazy\" decoding=\"async\" aria-describedby=\"caption-attachment-2162\" class=\"size-full wp-image-2162\" src=\"https:\/\/www.laufgruppe-Schwerin.de\/wp-content\/uploads\/2018\/05\/10-Siggi-153.jpg\" alt=\"\" height=\"1024\" width=\"768\" srcset=\"https:\/\/www.laufgruppe-schwerin.de\/wp-content\/uploads\/2018\/05\/10-Siggi-153.jpg 768w, https:\/\/www.laufgruppe-schwerin.de\/wp-content\/uploads\/2018\/05\/10-Siggi-153-225x300.jpg 225w\" sizes=\"auto, (max-width: 768px) 100vw, 768px\" \/><\/a><p id=\"caption-attachment-2162\" class=\"wp-caption-text\">Lothar<br \/>Foto \u00a9 Siggi Karow<\/p><\/div>\n<div id=\"attachment_2164\" style=\"width: 778px\" class=\"wp-caption alignleft\"><a href=\"https:\/\/www.laufgruppe-Schwerin.de\/wp-content\/uploads\/2018\/05\/11-frank.jpg\"><img loading=\"lazy\" decoding=\"async\" aria-describedby=\"caption-attachment-2164\" class=\"size-full wp-image-2164\" src=\"https:\/\/www.laufgruppe-Schwerin.de\/wp-content\/uploads\/2018\/05\/11-frank.jpg\" alt=\"\" height=\"1024\" width=\"768\" srcset=\"https:\/\/www.laufgruppe-schwerin.de\/wp-content\/uploads\/2018\/05\/11-frank.jpg 768w, https:\/\/www.laufgruppe-schwerin.de\/wp-content\/uploads\/2018\/05\/11-frank-225x300.jpg 225w\" sizes=\"auto, (max-width: 768px) 100vw, 768px\" \/><\/a><p id=\"caption-attachment-2164\" class=\"wp-caption-text\">Maria<\/p><\/div>\n<div id=\"attachment_2165\" style=\"width: 778px\" class=\"wp-caption alignleft\"><a href=\"https:\/\/www.laufgruppe-Schwerin.de\/wp-content\/uploads\/2018\/05\/12-frank.jpg\"><img loading=\"lazy\" decoding=\"async\" aria-describedby=\"caption-attachment-2165\" class=\"size-full wp-image-2165\" src=\"https:\/\/www.laufgruppe-Schwerin.de\/wp-content\/uploads\/2018\/05\/12-frank.jpg\" alt=\"\" height=\"1024\" width=\"768\" srcset=\"https:\/\/www.laufgruppe-schwerin.de\/wp-content\/uploads\/2018\/05\/12-frank.jpg 768w, https:\/\/www.laufgruppe-schwerin.de\/wp-content\/uploads\/2018\/05\/12-frank-225x300.jpg 225w\" sizes=\"auto, (max-width: 768px) 100vw, 768px\" \/><\/a><p id=\"caption-attachment-2165\" class=\"wp-caption-text\">Christian Briesen<\/p><\/div>\n<p>&nbsp;<\/p>\n<div id=\"attachment_2168\" style=\"width: 778px\" class=\"wp-caption alignleft\"><a href=\"https:\/\/www.laufgruppe-Schwerin.de\/wp-content\/uploads\/2018\/05\/13-Siggi-201.jpg\"><img loading=\"lazy\" decoding=\"async\" aria-describedby=\"caption-attachment-2168\" class=\"size-full wp-image-2168\" src=\"https:\/\/www.laufgruppe-Schwerin.de\/wp-content\/uploads\/2018\/05\/13-Siggi-201.jpg\" alt=\"\" height=\"1024\" width=\"768\" srcset=\"https:\/\/www.laufgruppe-schwerin.de\/wp-content\/uploads\/2018\/05\/13-Siggi-201.jpg 768w, https:\/\/www.laufgruppe-schwerin.de\/wp-content\/uploads\/2018\/05\/13-Siggi-201-225x300.jpg 225w\" sizes=\"auto, (max-width: 768px) 100vw, 768px\" \/><\/a><p id=\"caption-attachment-2168\" class=\"wp-caption-text\">Christian Stapel<br \/>Foto \u00a9 Siggi Karow<\/p><\/div>\n<div id=\"attachment_2167\" style=\"width: 1034px\" class=\"wp-caption alignleft\"><a href=\"https:\/\/www.laufgruppe-Schwerin.de\/wp-content\/uploads\/2018\/05\/14-Siggi-248.jpg\"><img loading=\"lazy\" decoding=\"async\" aria-describedby=\"caption-attachment-2167\" class=\"size-full wp-image-2167\" src=\"https:\/\/www.laufgruppe-Schwerin.de\/wp-content\/uploads\/2018\/05\/14-Siggi-248.jpg\" alt=\"\" height=\"768\" width=\"1024\" srcset=\"https:\/\/www.laufgruppe-schwerin.de\/wp-content\/uploads\/2018\/05\/14-Siggi-248.jpg 1024w, https:\/\/www.laufgruppe-schwerin.de\/wp-content\/uploads\/2018\/05\/14-Siggi-248-300x225.jpg 300w, https:\/\/www.laufgruppe-schwerin.de\/wp-content\/uploads\/2018\/05\/14-Siggi-248-768x576.jpg 768w\" sizes=\"auto, (max-width: 1024px) 100vw, 1024px\" \/><\/a><p id=\"caption-attachment-2167\" class=\"wp-caption-text\">Abschlussfoto<br \/>Foto \u00a9 Siggi Karow<\/p><\/div>\n<p>&nbsp;<\/p>\n<iframe src=\"http:\/\/www.facebook.com\/plugins\/like.php?href=https%3A%2F%2Fwww.laufgruppe-schwerin.de%2F%3Fp%3D2151&amp;layout=standard&amp;show_faces=true&amp;width=450&amp;action=like&amp;colorscheme=light\" scrolling=\"no\" frameborder=\"0\" allowTransparency=\"true\" style=\"border:none; overflow:hidden; width:450px;margin-top:5px;\"><\/iframe>","protected":false},"excerpt":{"rendered":"<p>Was f\u00fcr ein Tag f\u00fcr unsere Laufgruppe als Veranstalter des 4. Schweriner Schlosslaufs. Der Laufcup Mecklenburg-Vorpommern machte am 21. April auf seiner 4. Station Stop &nbsp;in der Landeshauptstadt. Bei bestem Laufwetter gab es mit 324 L\u00e4uferinnen und L\u00e4ufern einen neuen Teilnehmerrekord. Es wurde die Bestmarke von 2016 mit damals 277 Finishern deutlich \u00fcberboten. Auf vier [&hellip;]<\/p>\n","protected":false},"author":3,"featured_media":2170,"comment_status":"open","ping_status":"open","sticky":false,"template":"","format":"standard","meta":{"ngg_post_thumbnail":0,"footnotes":""},"categories":[3],"tags":[],"class_list":{"0":"post-2151","1":"post","2":"type-post","3":"status-publish","4":"format-standard","5":"has-post-thumbnail","7":"category-laufcup-mv","8":"czr-hentry"},"_links":{"self":[{"href":"https:\/\/www.laufgruppe-schwerin.de\/index.php?rest_route=\/wp\/v2\/posts\/2151","targetHints":{"allow":["GET"]}}],"collection":[{"href":"https:\/\/www.laufgruppe-schwerin.de\/index.php?rest_route=\/wp\/v2\/posts"}],"about":[{"href":"https:\/\/www.laufgruppe-schwerin.de\/index.php?rest_route=\/wp\/v2\/types\/post"}],"author":[{"embeddable":true,"href":"https:\/\/www.laufgruppe-schwerin.de\/index.php?rest_route=\/wp\/v2\/users\/3"}],"replies":[{"embeddable":true,"href":"https:\/\/www.laufgruppe-schwerin.de\/index.php?rest_route=%2Fwp%2Fv2%2Fcomments&post=2151"}],"version-history":[{"count":6,"href":"https:\/\/www.laufgruppe-schwerin.de\/index.php?rest_route=\/wp\/v2\/posts\/2151\/revisions"}],"predecessor-version":[{"id":2172,"href":"https:\/\/www.laufgruppe-schwerin.de\/index.php?rest_route=\/wp\/v2\/posts\/2151\/revisions\/2172"}],"wp:featuredmedia":[{"embeddable":true,"href":"https:\/\/www.laufgruppe-schwerin.de\/index.php?rest_route=\/wp\/v2\/media\/2170"}],"wp:attachment":[{"href":"https:\/\/www.laufgruppe-schwerin.de\/index.php?rest_route=%2Fwp%2Fv2%2Fmedia&parent=2151"}],"wp:term":[{"taxonomy":"category","embeddable":true,"href":"https:\/\/www.laufgruppe-schwerin.de\/index.php?rest_route=%2Fwp%2Fv2%2Fcategories&post=2151"},{"taxonomy":"post_tag","embeddable":true,"href":"https:\/\/www.laufgruppe-schwerin.de\/index.php?rest_route=%2Fwp%2Fv2%2Ftags&post=2151"}],"curies":[{"name":"wp","href":"https:\/\/api.w.org\/{rel}","templated":true}]}}