{"id":2141,"date":"2018-05-02T19:31:30","date_gmt":"2018-05-02T17:31:30","guid":{"rendered":"http:\/\/www.laufgruppe-schwerin.de\/?p=2141"},"modified":"2018-05-02T19:31:30","modified_gmt":"2018-05-02T17:31:30","slug":"2-landesmeister-beim-35-haffmarathon-am-34-maerz-in-ueckermuende","status":"publish","type":"post","link":"https:\/\/www.laufgruppe-schwerin.de\/?p=2141","title":{"rendered":"2 Landesmeister beim 35. Haffmarathon am 34. M\u00e4rz in Ueckerm\u00fcnde"},"content":{"rendered":"<div id=\"attachment_2142\" style=\"width: 1034px\" class=\"wp-caption alignleft\"><a href=\"https:\/\/www.laufgruppe-Schwerin.de\/wp-content\/uploads\/2018\/05\/haffmarathon-2018-134.jpg\"><img loading=\"lazy\" decoding=\"async\" aria-describedby=\"caption-attachment-2142\" class=\"size-full wp-image-2142\" src=\"https:\/\/www.laufgruppe-Schwerin.de\/wp-content\/uploads\/2018\/05\/haffmarathon-2018-134.jpg\" alt=\"\" height=\"768\" width=\"1024\" srcset=\"https:\/\/www.laufgruppe-schwerin.de\/wp-content\/uploads\/2018\/05\/haffmarathon-2018-134.jpg 1024w, https:\/\/www.laufgruppe-schwerin.de\/wp-content\/uploads\/2018\/05\/haffmarathon-2018-134-300x225.jpg 300w, https:\/\/www.laufgruppe-schwerin.de\/wp-content\/uploads\/2018\/05\/haffmarathon-2018-134-768x576.jpg 768w\" sizes=\"auto, (max-width: 1024px) 100vw, 1024px\" \/><\/a><p id=\"caption-attachment-2142\" class=\"wp-caption-text\">Vor dem Lauf.<br \/>F\u00fcr 5 L\u00e4uferinnen und 7 L\u00e4ufer ging es am letzten Wochenende ins vorpommersche Ueckerm\u00fcnde. Der 35. Haffmarathon war Austragungsort der Marathon-Landesmeisterschaft und gleichzeitig die 3.Station in der noch jungen Laufcupsaison. Die L\u00e4uferinnen und L\u00e4ufer ab der Altersklasse 20 bis zur Altersklasse W55 und die L\u00e4ufer bis zur Altersklasse M65 wurden f\u00fcr den Laufcup im Marathon gewertet. Beim Nachwuchs und den \u00e4lteren Altersklassen wurden die Cuppunkte \u00fcber 5 Kilometer vergeben. Dazu boten die Veranstalter au\u00dferhalb der Cupwertung die Halbmarathondistanz an.<br \/>Ulrike Sch\u00f6ne, Mathias Ahrenberg, Birger B\u00f6sel, Stefan Lange und Lothar Gajek wollten es auf der Marathondistanz wissen. Der flache asphaltierte Rundkurs von 7033 Meter musste 6-mal bew\u00e4ltigt werden. Im dritten Cuplauf des Jahres passte nach den frostigen Temperaturen von Wittenburg und Neubrandenburg auch erstmals das Wetter. Viel Sonne, fast windstill und endlich Plusgrade. Damit waren beste Voraussetzungen f\u00fcr Topresultate gegeben. Erstmals in der 35j\u00e4hrigen Geschichte des Haffmarathon unterschreiten dann auch gleich 9 L\u00e4ufer die \u201emagischen\u201c 3-Stundenmarke. Bei den Frauen wurde Ulrike mit 4h00:22 hervorragende Gesamtzweite und sicherte sich die Landesmeisterschaft ihrer Altersklasse W50. Gleich 3 unserer Marathonis laufen ganz Vorne mit ein. Mathias wird mit 2h53:05 Gesamtdritter und Vizelandesmeister seiner M35. Einen Platz dahinter l\u00e4uft Birger in 2h56:18 als Landesmeister seiner M40 durch Ziel. Stefan finisht nach 2h57:39 und erreicht in seiner M35 Bronze. Lothar l\u00e4uft in 3h53:32 auf den vierten Platz seiner M60. \u00dcber 5 Kilometer ging es f\u00fcr 3 L\u00e4uferinnen und 2 L\u00e4ufer um die begehrten Punkte im Laufcup. Waltraud Garnitz wurde bei ihrem Saisoneinstand mit 39:50 min Zweite ihrer Altersklasse W75. Nachwuchsl\u00e4uferin Fanny Riese ist auch in Ueckerm\u00fcnde nicht zu halten. In der WJ U18 startend, wird Fanny in 21:07 min Gesamtsiegerin bei den Frauen. Damit hat Fanny alle bisherigen Cupl\u00e4ufe ihrer Altersklasse im noch jungen Laufjahr gewonnen. Auch Sofie Sch\u00f6ne erl\u00e4uft einen&nbsp; Altersklassensieg und siegt in ihrer WJ U20 mit 24:36 min. Die beiden M75-Oldies Horst Sch\u00f6ne und Horst Garnitz laufen auf die Pl\u00e4tze Vier und F\u00fcnf. Horst Sch\u00f6ne absolvierte die 5 Kilometer in 33:36 min und Horst Garnitz in 42:05 min. Au\u00dferhalb der Cupwertung nutzten Veronika Eyerer und Patrick Paul den Halbmarathon als letzten Formtest f\u00fcr den Hamburg-Marathon. Veronika absolvierte als Siegerin ihrer Altersklasse W20 die 3 Runden in1h55:32 und Patrick l\u00e4uft als Sieger seiner M35 in&nbsp; hervorragenden 1h26:14 als Gesamtvierter durchs Ziel.&nbsp;<\/p><\/div>\n<div id=\"attachment_2147\" style=\"width: 1034px\" class=\"wp-caption alignleft\"><a href=\"https:\/\/www.laufgruppe-Schwerin.de\/wp-content\/uploads\/2018\/05\/haffmarathon-2018-151.jpg\"><img loading=\"lazy\" decoding=\"async\" aria-describedby=\"caption-attachment-2147\" class=\"size-full wp-image-2147\" src=\"https:\/\/www.laufgruppe-Schwerin.de\/wp-content\/uploads\/2018\/05\/haffmarathon-2018-151.jpg\" alt=\"\" height=\"768\" width=\"1024\" srcset=\"https:\/\/www.laufgruppe-schwerin.de\/wp-content\/uploads\/2018\/05\/haffmarathon-2018-151.jpg 1024w, https:\/\/www.laufgruppe-schwerin.de\/wp-content\/uploads\/2018\/05\/haffmarathon-2018-151-300x225.jpg 300w, https:\/\/www.laufgruppe-schwerin.de\/wp-content\/uploads\/2018\/05\/haffmarathon-2018-151-768x576.jpg 768w\" sizes=\"auto, (max-width: 1024px) 100vw, 1024px\" \/><\/a><p id=\"caption-attachment-2147\" class=\"wp-caption-text\">Unsere Titeltr\u00e4ger.<\/p><\/div>\n<div id=\"attachment_2144\" style=\"width: 778px\" class=\"wp-caption alignleft\"><a href=\"https:\/\/www.laufgruppe-Schwerin.de\/wp-content\/uploads\/2018\/05\/haffmarathon-2018-142.jpg\"><img loading=\"lazy\" decoding=\"async\" aria-describedby=\"caption-attachment-2144\" class=\"size-full wp-image-2144\" src=\"https:\/\/www.laufgruppe-Schwerin.de\/wp-content\/uploads\/2018\/05\/haffmarathon-2018-142.jpg\" alt=\"\" height=\"1024\" width=\"768\" srcset=\"https:\/\/www.laufgruppe-schwerin.de\/wp-content\/uploads\/2018\/05\/haffmarathon-2018-142.jpg 768w, https:\/\/www.laufgruppe-schwerin.de\/wp-content\/uploads\/2018\/05\/haffmarathon-2018-142-225x300.jpg 225w\" sizes=\"auto, (max-width: 768px) 100vw, 768px\" \/><\/a><p id=\"caption-attachment-2144\" class=\"wp-caption-text\">Ulrike<\/p><\/div>\n<div id=\"attachment_2145\" style=\"width: 778px\" class=\"wp-caption alignleft\"><a href=\"https:\/\/www.laufgruppe-Schwerin.de\/wp-content\/uploads\/2018\/05\/haffmarathon-2018-144.jpg\"><img loading=\"lazy\" decoding=\"async\" aria-describedby=\"caption-attachment-2145\" class=\"size-full wp-image-2145\" src=\"https:\/\/www.laufgruppe-Schwerin.de\/wp-content\/uploads\/2018\/05\/haffmarathon-2018-144.jpg\" alt=\"\" height=\"1024\" width=\"768\" srcset=\"https:\/\/www.laufgruppe-schwerin.de\/wp-content\/uploads\/2018\/05\/haffmarathon-2018-144.jpg 768w, https:\/\/www.laufgruppe-schwerin.de\/wp-content\/uploads\/2018\/05\/haffmarathon-2018-144-225x300.jpg 225w\" sizes=\"auto, (max-width: 768px) 100vw, 768px\" \/><\/a><p id=\"caption-attachment-2145\" class=\"wp-caption-text\">Stefan (links) Dritter der M35.<\/p><\/div>\n<div id=\"attachment_2146\" style=\"width: 778px\" class=\"wp-caption alignleft\"><a href=\"https:\/\/www.laufgruppe-Schwerin.de\/wp-content\/uploads\/2018\/05\/haffmarathon-2018-145.jpg\"><img loading=\"lazy\" decoding=\"async\" aria-describedby=\"caption-attachment-2146\" class=\"size-full wp-image-2146\" src=\"https:\/\/www.laufgruppe-Schwerin.de\/wp-content\/uploads\/2018\/05\/haffmarathon-2018-145.jpg\" alt=\"\" height=\"1024\" width=\"768\" srcset=\"https:\/\/www.laufgruppe-schwerin.de\/wp-content\/uploads\/2018\/05\/haffmarathon-2018-145.jpg 768w, https:\/\/www.laufgruppe-schwerin.de\/wp-content\/uploads\/2018\/05\/haffmarathon-2018-145-225x300.jpg 225w\" sizes=\"auto, (max-width: 768px) 100vw, 768px\" \/><\/a><p id=\"caption-attachment-2146\" class=\"wp-caption-text\">Birger<\/p><\/div>\n<p>&nbsp;<\/p>\n<p>&nbsp;<\/p>\n<p>&nbsp;<\/p>\n<p>&nbsp;<\/p>\n<p>&nbsp;<\/p>\n<p>&nbsp;<\/p>\n<iframe src=\"http:\/\/www.facebook.com\/plugins\/like.php?href=https%3A%2F%2Fwww.laufgruppe-schwerin.de%2F%3Fp%3D2141&amp;layout=standard&amp;show_faces=true&amp;width=450&amp;action=like&amp;colorscheme=light\" scrolling=\"no\" frameborder=\"0\" allowTransparency=\"true\" style=\"border:none; overflow:hidden; width:450px;margin-top:5px;\"><\/iframe>","protected":false},"excerpt":{"rendered":"<p>&nbsp; &nbsp; &nbsp; &nbsp; &nbsp; &nbsp;<\/p>\n","protected":false},"author":3,"featured_media":2149,"comment_status":"open","ping_status":"open","sticky":false,"template":"","format":"standard","meta":{"ngg_post_thumbnail":0,"footnotes":""},"categories":[3],"tags":[],"class_list":{"0":"post-2141","1":"post","2":"type-post","3":"status-publish","4":"format-standard","5":"has-post-thumbnail","7":"category-laufcup-mv","8":"czr-hentry"},"_links":{"self":[{"href":"https:\/\/www.laufgruppe-schwerin.de\/index.php?rest_route=\/wp\/v2\/posts\/2141","targetHints":{"allow":["GET"]}}],"collection":[{"href":"https:\/\/www.laufgruppe-schwerin.de\/index.php?rest_route=\/wp\/v2\/posts"}],"about":[{"href":"https:\/\/www.laufgruppe-schwerin.de\/index.php?rest_route=\/wp\/v2\/types\/post"}],"author":[{"embeddable":true,"href":"https:\/\/www.laufgruppe-schwerin.de\/index.php?rest_route=\/wp\/v2\/users\/3"}],"replies":[{"embeddable":true,"href":"https:\/\/www.laufgruppe-schwerin.de\/index.php?rest_route=%2Fwp%2Fv2%2Fcomments&post=2141"}],"version-history":[{"count":2,"href":"https:\/\/www.laufgruppe-schwerin.de\/index.php?rest_route=\/wp\/v2\/posts\/2141\/revisions"}],"predecessor-version":[{"id":2148,"href":"https:\/\/www.laufgruppe-schwerin.de\/index.php?rest_route=\/wp\/v2\/posts\/2141\/revisions\/2148"}],"wp:featuredmedia":[{"embeddable":true,"href":"https:\/\/www.laufgruppe-schwerin.de\/index.php?rest_route=\/wp\/v2\/media\/2149"}],"wp:attachment":[{"href":"https:\/\/www.laufgruppe-schwerin.de\/index.php?rest_route=%2Fwp%2Fv2%2Fmedia&parent=2141"}],"wp:term":[{"taxonomy":"category","embeddable":true,"href":"https:\/\/www.laufgruppe-schwerin.de\/index.php?rest_route=%2Fwp%2Fv2%2Fcategories&post=2141"},{"taxonomy":"post_tag","embeddable":true,"href":"https:\/\/www.laufgruppe-schwerin.de\/index.php?rest_route=%2Fwp%2Fv2%2Ftags&post=2141"}],"curies":[{"name":"wp","href":"https:\/\/api.w.org\/{rel}","templated":true}]}}