{"id":2131,"date":"2018-05-02T18:55:51","date_gmt":"2018-05-02T16:55:51","guid":{"rendered":"http:\/\/www.laufgruppe-schwerin.de\/?p=2131"},"modified":"2018-05-02T18:55:51","modified_gmt":"2018-05-02T16:55:51","slug":"4-altersklassensiege-fuer-unsere-laeuferinnen-und-laeufer-beim-27-neubrandenburger-fruehlingslauf-am-18-03-2017","status":"publish","type":"post","link":"https:\/\/www.laufgruppe-schwerin.de\/?p=2131","title":{"rendered":"4 Altersklassensiege f\u00fcr unsere L\u00e4uferinnen und L\u00e4ufer beim 27. Neubrandenburger Fr\u00fchlingslauf am 18.03.2017"},"content":{"rendered":"<p>Auch beim 2.Wertungslauf des Laufcup Mecklenburg-Vorpommern konnten unsere L\u00e4uferinnen und L\u00e4ufer wieder flei\u00dfig Punkte sammeln. 4 L\u00e4uferinnen und 3 L\u00e4ufer gingen beim 27. Neubrandenburger Fr\u00fchlingslauf an den Start. An Fr\u00fchling erinnerte aber nur die Dauersonne. Minusgerade und sehr kalter frischer Wind verlangten den L\u00e4uferinnen und L\u00e4ufer auf der anspruchsvollen und sehr h\u00f6henlastigen Strecke alles ab. Trotzdem nahmen 206 L\u00e4uferinnen und L\u00e4ufer im Hauptlauf die schwere 15-Kilometerstrecke durch den Kulturpark zum Strandbad Broda auf den Tollenseseerundweg und wieder zur\u00fcck in den Kulturpark in Angriff. Unsere L\u00e4uferinnen und L\u00e4ufer zeigten dass sie die Trainingshausaufgaben im Winter gut erledigt haben und konnten bei den Platzierungen in den Altersklassen ein gutes Wort mitreden. Wie schon beim Laufcupauftakt in Wittenburg lief Mathias Ahrenberg in der Gesamtwertung auf einen sehr guten zweiten Platz. In der absoluten Topzeit von 54:26 min gewann Mathias seine Altersklasse M35. Patrick Paul lief in der gleichen Altersklasse mit&nbsp; 1h01:30 auf den dritten Platz. Anja Wittwer beendete als f\u00fcnft beste Frau nach 1h10:44 den Lauf. Damit holte Anja &nbsp;auch den Altersklassensieg ihrer W30. Sabine Bahr stieg gleich mit einem Sieg in die neue Laufcupsaison ein und gewann mit 1h15:22 W50. Lothar Gajek belegte wie schon im letzten Jahr den 2. Platz seiner M60. F\u00fcr Lothar blieb die Uhr nach 1h09:33 stehen. F\u00fcr Nachwuchsl\u00e4uferin Fanny Riese und Andrea Bastek wurden die Cuppunkte \u00fcber 5 Kilometer vergeben. Fanny wird hier im Feld von 66 L\u00e4uferinnen hervorragende Gesamtsiegerin und gewinnt&nbsp; in 22:51 min nat\u00fcrlich auch ihre Altersklasse WJ U18. Andrea wird mit 30:46 min Zweite ihrer Altersklasse. Mit diesen Ergebnissen l\u00e4uft das gesamte Team der Laufgruppe Schwerin auf das Podest.<\/p>\n<div id=\"attachment_2132\" style=\"width: 1034px\" class=\"wp-caption alignleft\"><a href=\"https:\/\/www.laufgruppe-Schwerin.de\/wp-content\/uploads\/2018\/05\/Fr\u00fchlingslauf-Neubrandenburg-2018-130.jpg\"><img loading=\"lazy\" decoding=\"async\" aria-describedby=\"caption-attachment-2132\" class=\"size-full wp-image-2132\" src=\"https:\/\/www.laufgruppe-Schwerin.de\/wp-content\/uploads\/2018\/05\/Fr\u00fchlingslauf-Neubrandenburg-2018-130.jpg\" alt=\"\" height=\"768\" width=\"1024\" srcset=\"https:\/\/www.laufgruppe-schwerin.de\/wp-content\/uploads\/2018\/05\/Fr\u00fchlingslauf-Neubrandenburg-2018-130.jpg 1024w, https:\/\/www.laufgruppe-schwerin.de\/wp-content\/uploads\/2018\/05\/Fr\u00fchlingslauf-Neubrandenburg-2018-130-300x225.jpg 300w, https:\/\/www.laufgruppe-schwerin.de\/wp-content\/uploads\/2018\/05\/Fr\u00fchlingslauf-Neubrandenburg-2018-130-768x576.jpg 768w\" sizes=\"auto, (max-width: 1024px) 100vw, 1024px\" \/><\/a><p id=\"caption-attachment-2132\" class=\"wp-caption-text\">Das Foto zeigt unsere gl\u00fccklichen Sportler nach erfolgreichem Wettkampf.<\/p><\/div>\n<div id=\"attachment_2133\" style=\"width: 1034px\" class=\"wp-caption alignleft\"><a href=\"https:\/\/www.laufgruppe-Schwerin.de\/wp-content\/uploads\/2018\/05\/Fr\u00fchlingslauf-Neubrandenburg-2018-113.jpg\"><img loading=\"lazy\" decoding=\"async\" aria-describedby=\"caption-attachment-2133\" class=\"size-full wp-image-2133\" src=\"https:\/\/www.laufgruppe-Schwerin.de\/wp-content\/uploads\/2018\/05\/Fr\u00fchlingslauf-Neubrandenburg-2018-113.jpg\" alt=\"\" height=\"768\" width=\"1024\" srcset=\"https:\/\/www.laufgruppe-schwerin.de\/wp-content\/uploads\/2018\/05\/Fr\u00fchlingslauf-Neubrandenburg-2018-113.jpg 1024w, https:\/\/www.laufgruppe-schwerin.de\/wp-content\/uploads\/2018\/05\/Fr\u00fchlingslauf-Neubrandenburg-2018-113-300x225.jpg 300w, https:\/\/www.laufgruppe-schwerin.de\/wp-content\/uploads\/2018\/05\/Fr\u00fchlingslauf-Neubrandenburg-2018-113-768x576.jpg 768w\" sizes=\"auto, (max-width: 1024px) 100vw, 1024px\" \/><\/a><p id=\"caption-attachment-2133\" class=\"wp-caption-text\">Gesamtsiegerehrung mit Mathias auf dem 2. Platz.<\/p><\/div>\n<div id=\"attachment_2135\" style=\"width: 778px\" class=\"wp-caption alignleft\"><a href=\"https:\/\/www.laufgruppe-Schwerin.de\/wp-content\/uploads\/2018\/05\/Fr\u00fchlingslauf-Neubrandenburg-2018-118.jpg\"><img loading=\"lazy\" decoding=\"async\" aria-describedby=\"caption-attachment-2135\" class=\"size-full wp-image-2135\" src=\"https:\/\/www.laufgruppe-Schwerin.de\/wp-content\/uploads\/2018\/05\/Fr\u00fchlingslauf-Neubrandenburg-2018-118.jpg\" alt=\"\" height=\"1024\" width=\"768\" srcset=\"https:\/\/www.laufgruppe-schwerin.de\/wp-content\/uploads\/2018\/05\/Fr\u00fchlingslauf-Neubrandenburg-2018-118.jpg 768w, https:\/\/www.laufgruppe-schwerin.de\/wp-content\/uploads\/2018\/05\/Fr\u00fchlingslauf-Neubrandenburg-2018-118-225x300.jpg 225w\" sizes=\"auto, (max-width: 768px) 100vw, 768px\" \/><\/a><p id=\"caption-attachment-2135\" class=\"wp-caption-text\">Anja gewinnt ihre W30.<\/p><\/div>\n<div id=\"attachment_2136\" style=\"width: 778px\" class=\"wp-caption alignleft\"><a href=\"https:\/\/www.laufgruppe-Schwerin.de\/wp-content\/uploads\/2018\/05\/Fr\u00fchlingslauf-Neubrandenburg-2018-119.jpg\"><img loading=\"lazy\" decoding=\"async\" aria-describedby=\"caption-attachment-2136\" class=\"size-full wp-image-2136\" src=\"https:\/\/www.laufgruppe-Schwerin.de\/wp-content\/uploads\/2018\/05\/Fr\u00fchlingslauf-Neubrandenburg-2018-119.jpg\" alt=\"\" height=\"1024\" width=\"768\" srcset=\"https:\/\/www.laufgruppe-schwerin.de\/wp-content\/uploads\/2018\/05\/Fr\u00fchlingslauf-Neubrandenburg-2018-119.jpg 768w, https:\/\/www.laufgruppe-schwerin.de\/wp-content\/uploads\/2018\/05\/Fr\u00fchlingslauf-Neubrandenburg-2018-119-225x300.jpg 225w\" sizes=\"auto, (max-width: 768px) 100vw, 768px\" \/><\/a><p id=\"caption-attachment-2136\" class=\"wp-caption-text\">Siegerehrung M35 mit Mathias als Sieger und Patrick wird Dritter.<\/p><\/div>\n<div id=\"attachment_2137\" style=\"width: 778px\" class=\"wp-caption alignleft\"><a href=\"https:\/\/www.laufgruppe-Schwerin.de\/wp-content\/uploads\/2018\/05\/Fr\u00fchlingslauf-Neubrandenburg-2018-128.jpg\"><img loading=\"lazy\" decoding=\"async\" aria-describedby=\"caption-attachment-2137\" class=\"size-full wp-image-2137\" src=\"https:\/\/www.laufgruppe-Schwerin.de\/wp-content\/uploads\/2018\/05\/Fr\u00fchlingslauf-Neubrandenburg-2018-128.jpg\" alt=\"\" height=\"1024\" width=\"768\" srcset=\"https:\/\/www.laufgruppe-schwerin.de\/wp-content\/uploads\/2018\/05\/Fr\u00fchlingslauf-Neubrandenburg-2018-128.jpg 768w, https:\/\/www.laufgruppe-schwerin.de\/wp-content\/uploads\/2018\/05\/Fr\u00fchlingslauf-Neubrandenburg-2018-128-225x300.jpg 225w\" sizes=\"auto, (max-width: 768px) 100vw, 768px\" \/><\/a><p id=\"caption-attachment-2137\" class=\"wp-caption-text\">Sabine gewinnt die W50.<\/p><\/div>\n<div id=\"attachment_2138\" style=\"width: 778px\" class=\"wp-caption alignleft\"><a href=\"https:\/\/www.laufgruppe-Schwerin.de\/wp-content\/uploads\/2018\/05\/Fr\u00fchlingslauf-Neubrandenburg-2018-123.jpg\"><img loading=\"lazy\" decoding=\"async\" aria-describedby=\"caption-attachment-2138\" class=\"size-full wp-image-2138\" src=\"https:\/\/www.laufgruppe-Schwerin.de\/wp-content\/uploads\/2018\/05\/Fr\u00fchlingslauf-Neubrandenburg-2018-123.jpg\" alt=\"\" height=\"1024\" width=\"768\" srcset=\"https:\/\/www.laufgruppe-schwerin.de\/wp-content\/uploads\/2018\/05\/Fr\u00fchlingslauf-Neubrandenburg-2018-123.jpg 768w, https:\/\/www.laufgruppe-schwerin.de\/wp-content\/uploads\/2018\/05\/Fr\u00fchlingslauf-Neubrandenburg-2018-123-225x300.jpg 225w\" sizes=\"auto, (max-width: 768px) 100vw, 768px\" \/><\/a><p id=\"caption-attachment-2138\" class=\"wp-caption-text\">Lothar wird Zweiter der M60.<\/p><\/div>\n<iframe src=\"http:\/\/www.facebook.com\/plugins\/like.php?href=https%3A%2F%2Fwww.laufgruppe-schwerin.de%2F%3Fp%3D2131&amp;layout=standard&amp;show_faces=true&amp;width=450&amp;action=like&amp;colorscheme=light\" scrolling=\"no\" frameborder=\"0\" allowTransparency=\"true\" style=\"border:none; overflow:hidden; width:450px;margin-top:5px;\"><\/iframe>","protected":false},"excerpt":{"rendered":"<p>Auch beim 2.Wertungslauf des Laufcup Mecklenburg-Vorpommern konnten unsere L\u00e4uferinnen und L\u00e4ufer wieder flei\u00dfig Punkte sammeln. 4 L\u00e4uferinnen und 3 L\u00e4ufer gingen beim 27. Neubrandenburger Fr\u00fchlingslauf an den Start. An Fr\u00fchling erinnerte aber nur die Dauersonne. Minusgerade und sehr kalter frischer Wind verlangten den L\u00e4uferinnen und L\u00e4ufer auf der anspruchsvollen und sehr h\u00f6henlastigen Strecke alles ab. [&hellip;]<\/p>\n","protected":false},"author":3,"featured_media":2140,"comment_status":"open","ping_status":"open","sticky":false,"template":"","format":"standard","meta":{"ngg_post_thumbnail":0,"footnotes":""},"categories":[3],"tags":[],"class_list":{"0":"post-2131","1":"post","2":"type-post","3":"status-publish","4":"format-standard","5":"has-post-thumbnail","7":"category-laufcup-mv","8":"czr-hentry"},"_links":{"self":[{"href":"https:\/\/www.laufgruppe-schwerin.de\/index.php?rest_route=\/wp\/v2\/posts\/2131","targetHints":{"allow":["GET"]}}],"collection":[{"href":"https:\/\/www.laufgruppe-schwerin.de\/index.php?rest_route=\/wp\/v2\/posts"}],"about":[{"href":"https:\/\/www.laufgruppe-schwerin.de\/index.php?rest_route=\/wp\/v2\/types\/post"}],"author":[{"embeddable":true,"href":"https:\/\/www.laufgruppe-schwerin.de\/index.php?rest_route=\/wp\/v2\/users\/3"}],"replies":[{"embeddable":true,"href":"https:\/\/www.laufgruppe-schwerin.de\/index.php?rest_route=%2Fwp%2Fv2%2Fcomments&post=2131"}],"version-history":[{"count":1,"href":"https:\/\/www.laufgruppe-schwerin.de\/index.php?rest_route=\/wp\/v2\/posts\/2131\/revisions"}],"predecessor-version":[{"id":2139,"href":"https:\/\/www.laufgruppe-schwerin.de\/index.php?rest_route=\/wp\/v2\/posts\/2131\/revisions\/2139"}],"wp:featuredmedia":[{"embeddable":true,"href":"https:\/\/www.laufgruppe-schwerin.de\/index.php?rest_route=\/wp\/v2\/media\/2140"}],"wp:attachment":[{"href":"https:\/\/www.laufgruppe-schwerin.de\/index.php?rest_route=%2Fwp%2Fv2%2Fmedia&parent=2131"}],"wp:term":[{"taxonomy":"category","embeddable":true,"href":"https:\/\/www.laufgruppe-schwerin.de\/index.php?rest_route=%2Fwp%2Fv2%2Fcategories&post=2131"},{"taxonomy":"post_tag","embeddable":true,"href":"https:\/\/www.laufgruppe-schwerin.de\/index.php?rest_route=%2Fwp%2Fv2%2Ftags&post=2131"}],"curies":[{"name":"wp","href":"https:\/\/api.w.org\/{rel}","templated":true}]}}