{"id":2104,"date":"2018-05-02T18:25:45","date_gmt":"2018-05-02T16:25:45","guid":{"rendered":"http:\/\/www.laufgruppe-schwerin.de\/?p=2104"},"modified":"2018-05-02T18:25:45","modified_gmt":"2018-05-02T16:25:45","slug":"4-cupsiege-fuer-unsere-laeuferinnen-und-laeufer-beim-laufcupauftakt-am-4-maerz-in-wittenburg","status":"publish","type":"post","link":"https:\/\/www.laufgruppe-schwerin.de\/?p=2104","title":{"rendered":"4 Cupsiege f\u00fcr unsere L\u00e4uferinnen und L\u00e4ufer beim Laufcupauftakt am 4. M\u00e4rz in Wittenburg"},"content":{"rendered":"<div id=\"attachment_2105\" style=\"width: 1010px\" class=\"wp-caption alignleft\"><a href=\"https:\/\/www.laufgruppe-Schwerin.de\/wp-content\/uploads\/2018\/05\/01-Gudrun.jpg\"><img loading=\"lazy\" decoding=\"async\" aria-describedby=\"caption-attachment-2105\" class=\"size-full wp-image-2105\" src=\"https:\/\/www.laufgruppe-Schwerin.de\/wp-content\/uploads\/2018\/05\/01-Gudrun.jpg\" alt=\"\" height=\"667\" width=\"1000\" srcset=\"https:\/\/www.laufgruppe-schwerin.de\/wp-content\/uploads\/2018\/05\/01-Gudrun.jpg 1000w, https:\/\/www.laufgruppe-schwerin.de\/wp-content\/uploads\/2018\/05\/01-Gudrun-300x200.jpg 300w, https:\/\/www.laufgruppe-schwerin.de\/wp-content\/uploads\/2018\/05\/01-Gudrun-768x512.jpg 768w\" sizes=\"auto, (max-width: 1000px) 100vw, 1000px\" \/><\/a><p id=\"caption-attachment-2105\" class=\"wp-caption-text\">Unser Verein beim 30. Wittenburger M\u00fchlenlauf.<br \/>Foto \u00a9sprintefix.de<\/p><\/div>\n<p>&nbsp;<\/p>\n<p>Bei Temperaturen um &#8211; 5 Grad begr\u00fc\u00dfte Wittenburg die L\u00e4uferscharr zum Laufcupauftakt und dem Laufjubil\u00e4um zum 30. Wittenburger M\u00fchlenlauf. Von den kalten Temperaturen und recht frischem Wind lie\u00dfen sich die L\u00e4uferinnen und L\u00e4ufer aber nicht abschrecken und die r\u00fchrseligen Veranstalter von der TSG Wittenburg durften sich \u00fcber einen neuen Teilnehmerrekord freuen. Hierzu trugen auch unsere Sportlerinnen und Sportler bei. F\u00fcr unseren Verein gingen 2 L\u00e4uferinnen und 17 L\u00e4ufer beim Auftakt zum Laufcup Mecklenburg-Vorpommern an den Start. Dazu kamen mit Antonio und Tamino Briesen zwei Teilnehmer beim Intersport-Nachwuchslaufcup von Mecklenburg-Vorpommern. Auf der Schnee- und Eisfreien Strecke gab es trotz der frostigen Temperaturen hervorragende Zeiten und Ergebnisse f\u00fcr unsere L\u00e4uferinnen und L\u00e4ufer. Im Hauptlauf \u00fcber 10 Kilometer laufen Anja Wittwer, Mathias Ahrenberg und Eik Sperling in die TOP 10 der Gesamtwertung. Anja Wittwer wird mit 43:19 min Gesamtvierte und Siegerin ihrer Altersklasse W30 im Laufcup. Da die Gesamtzweite Justyna Kwiatkowska vom LG Nordheide nicht f\u00fcr den Laufcup MV startberechtigt ist, r\u00fcckt Anja in der Cupgesamtwertung einen Platz hoch. Mathias Ahrenberg lief in der Topzeit von 34:51min als Gesamtdritter und Sieger seiner Altersklasse M35 ins Ziel. Da aber der Zweitplatzierte Christoph Deppe aus Hamburg nicht im Laufcup MV startet, gibt es in der&nbsp; Laufcupgesamtwertung den zweiten Platz. Im Cup als sehr guter Gesamtsechster und Sieger seiner M30 beendete Eik Sperling in 36:17 min erfolgreich den Wettkampf. Lothar Gajek wird in 44:54 min Zweiter seiner M60. Dritte Pl\u00e4tze in der Laufcupwertung gibt es f\u00fcr Ulrike Sch\u00f6ne (52:17 min) in der W50, Birger B\u00f6sel (38:55 min) in der M40, Giuseppe Avignone (41:55 min) in der M30 und Horst Sch\u00f6ne (1h12:44) in der M75. Mit ihren vierten Pl\u00e4tzen ging es f\u00fcr Harald Tschersich (M60) und Patrick Paul (M35) knapp am Podest vorbei. Harald lief 36:38 min und Patrick glatte 39 min. M30-L\u00e4ufer Sebastian Scholz erreicht bei seinem Laufcupdeb\u00fct in 43:53 min einen 6. Platz. Frank Tschersich l\u00e4uft in seiner M35 mit 41:29 min durchs Ziel. In der M50 gibt es durch Frank Leonhardt (43:32 min), Christian Briesen (44:39 min), Frank Riebschl\u00e4ger (54:39 min) und Christian Stapel (55:50 min) die Pl\u00e4tze 5, 7, 9 und 10. Lothar Domnick wird mit genau 44 min Neunter seiner M55. In der gleichen Altersklasse wird Sven Jonas in 48:04 min Elfter und Fred Kiesendahl mit 52:41 min F\u00fcnfzehnter. Den 4. Altersklassensieg f\u00fcr unseren Verein erl\u00e4uft U 18-L\u00e4uferin Fanny Riese auf der 4,8 Kilometerstrecke. In Fannys Altersklasse erfolgte die Laufcupwertung \u00fcber 4,8 Kilometer und sie siegte bei ihrer Laufcuppr\u00e4miere in 20:25 min. In der Altersklasse U16 wurden die Punkte auch auf der 4,8 Kilometerstrecke vergeben und Tamino wurde mit 28:54 min F\u00fcnfter. M80-Oldie Egon Kannengie\u00dfer und W45-L\u00e4uferin Birga Briesen liefen au\u00dferhalb des Cups ebenfalls \u00fcber 4,8 Kilometer. Egon Kannegie\u00dfer, als \u00e4ltester Teilnehmer des 30. Wittenburger M\u00fchlenlauf, siegte hier in seine Altersklasse mit 43:54 min. Birga Briesen wurde F\u00fcnfte in 29:18 min. F\u00fcr Antonio ging es im Nachwuchscup in der Altersklasse U12 \u00fcber 1,5 km und mit seinen 8:03 min bedeuteten wurde er Achter.<\/p>\n<div id=\"attachment_2109\" style=\"width: 1010px\" class=\"wp-caption alignleft\"><a href=\"https:\/\/www.laufgruppe-Schwerin.de\/wp-content\/uploads\/2018\/05\/02-Gudrun..jpg\"><img loading=\"lazy\" decoding=\"async\" aria-describedby=\"caption-attachment-2109\" class=\"size-full wp-image-2109\" src=\"https:\/\/www.laufgruppe-Schwerin.de\/wp-content\/uploads\/2018\/05\/02-Gudrun..jpg\" alt=\"\" height=\"666\" width=\"1000\" srcset=\"https:\/\/www.laufgruppe-schwerin.de\/wp-content\/uploads\/2018\/05\/02-Gudrun..jpg 1000w, https:\/\/www.laufgruppe-schwerin.de\/wp-content\/uploads\/2018\/05\/02-Gudrun.-300x200.jpg 300w, https:\/\/www.laufgruppe-schwerin.de\/wp-content\/uploads\/2018\/05\/02-Gudrun.-768x511.jpg 768w\" sizes=\"auto, (max-width: 1000px) 100vw, 1000px\" \/><\/a><p id=\"caption-attachment-2109\" class=\"wp-caption-text\">Mathias (rechts)<br \/>Foto \u00a9sprintefix.de<\/p><\/div>\n<div id=\"attachment_2110\" style=\"width: 511px\" class=\"wp-caption alignleft\"><a href=\"https:\/\/www.laufgruppe-Schwerin.de\/wp-content\/uploads\/2018\/05\/03-Gudrun..jpg\"><img loading=\"lazy\" decoding=\"async\" aria-describedby=\"caption-attachment-2110\" class=\"size-full wp-image-2110\" src=\"https:\/\/www.laufgruppe-Schwerin.de\/wp-content\/uploads\/2018\/05\/03-Gudrun..jpg\" alt=\"\" height=\"750\" width=\"501\" srcset=\"https:\/\/www.laufgruppe-schwerin.de\/wp-content\/uploads\/2018\/05\/03-Gudrun..jpg 501w, https:\/\/www.laufgruppe-schwerin.de\/wp-content\/uploads\/2018\/05\/03-Gudrun.-200x300.jpg 200w\" sizes=\"auto, (max-width: 501px) 100vw, 501px\" \/><\/a><p id=\"caption-attachment-2110\" class=\"wp-caption-text\">Anla (169)<br \/>Foto \u00a9sprintefix.de<\/p><\/div>\n<div id=\"attachment_2111\" style=\"width: 1010px\" class=\"wp-caption alignleft\"><a href=\"https:\/\/www.laufgruppe-Schwerin.de\/wp-content\/uploads\/2018\/05\/04-Gudrun..jpg\"><img loading=\"lazy\" decoding=\"async\" aria-describedby=\"caption-attachment-2111\" class=\"size-full wp-image-2111\" src=\"https:\/\/www.laufgruppe-Schwerin.de\/wp-content\/uploads\/2018\/05\/04-Gudrun..jpg\" alt=\"\" height=\"666\" width=\"1000\" srcset=\"https:\/\/www.laufgruppe-schwerin.de\/wp-content\/uploads\/2018\/05\/04-Gudrun..jpg 1000w, https:\/\/www.laufgruppe-schwerin.de\/wp-content\/uploads\/2018\/05\/04-Gudrun.-300x200.jpg 300w, https:\/\/www.laufgruppe-schwerin.de\/wp-content\/uploads\/2018\/05\/04-Gudrun.-768x511.jpg 768w\" sizes=\"auto, (max-width: 1000px) 100vw, 1000px\" \/><\/a><p id=\"caption-attachment-2111\" class=\"wp-caption-text\">Eik (rechts)<br \/>Foto \u00a9sprintefix.de<\/p><\/div>\n<div id=\"attachment_2112\" style=\"width: 1010px\" class=\"wp-caption alignleft\"><a href=\"https:\/\/www.laufgruppe-Schwerin.de\/wp-content\/uploads\/2018\/05\/05-Gudrun..jpg\"><img loading=\"lazy\" decoding=\"async\" aria-describedby=\"caption-attachment-2112\" class=\"size-full wp-image-2112\" src=\"https:\/\/www.laufgruppe-Schwerin.de\/wp-content\/uploads\/2018\/05\/05-Gudrun..jpg\" alt=\"\" height=\"667\" width=\"1000\" srcset=\"https:\/\/www.laufgruppe-schwerin.de\/wp-content\/uploads\/2018\/05\/05-Gudrun..jpg 1000w, https:\/\/www.laufgruppe-schwerin.de\/wp-content\/uploads\/2018\/05\/05-Gudrun.-300x200.jpg 300w, https:\/\/www.laufgruppe-schwerin.de\/wp-content\/uploads\/2018\/05\/05-Gudrun.-768x512.jpg 768w\" sizes=\"auto, (max-width: 1000px) 100vw, 1000px\" \/><\/a><p id=\"caption-attachment-2112\" class=\"wp-caption-text\">Lothar Gajek<br \/>Foto \u00a9sprintefix.de<\/p><\/div>\n<div id=\"attachment_2126\" style=\"width: 1174px\" class=\"wp-caption alignleft\"><a href=\"https:\/\/www.laufgruppe-Schwerin.de\/wp-content\/uploads\/2018\/05\/21-TSG-Egon.jpg\"><img loading=\"lazy\" decoding=\"async\" aria-describedby=\"caption-attachment-2126\" class=\"size-full wp-image-2126\" src=\"https:\/\/www.laufgruppe-Schwerin.de\/wp-content\/uploads\/2018\/05\/21-TSG-Egon.jpg\" alt=\"\" height=\"1551\" width=\"1164\" srcset=\"https:\/\/www.laufgruppe-schwerin.de\/wp-content\/uploads\/2018\/05\/21-TSG-Egon.jpg 1164w, https:\/\/www.laufgruppe-schwerin.de\/wp-content\/uploads\/2018\/05\/21-TSG-Egon-225x300.jpg 225w, https:\/\/www.laufgruppe-schwerin.de\/wp-content\/uploads\/2018\/05\/21-TSG-Egon-768x1024.jpg 768w\" sizes=\"auto, (max-width: 1164px) 100vw, 1164px\" \/><\/a><p id=\"caption-attachment-2126\" class=\"wp-caption-text\">Egon<br \/>Foto \u00a9TSG Wittenburg<\/p><\/div>\n<div id=\"attachment_2108\" style=\"width: 778px\" class=\"wp-caption alignleft\"><a href=\"https:\/\/www.laufgruppe-Schwerin.de\/wp-content\/uploads\/2018\/05\/22.jpg\"><img loading=\"lazy\" decoding=\"async\" aria-describedby=\"caption-attachment-2108\" class=\"size-full wp-image-2108\" src=\"https:\/\/www.laufgruppe-Schwerin.de\/wp-content\/uploads\/2018\/05\/22.jpg\" alt=\"\" height=\"1024\" width=\"768\" srcset=\"https:\/\/www.laufgruppe-schwerin.de\/wp-content\/uploads\/2018\/05\/22.jpg 768w, https:\/\/www.laufgruppe-schwerin.de\/wp-content\/uploads\/2018\/05\/22-225x300.jpg 225w\" sizes=\"auto, (max-width: 768px) 100vw, 768px\" \/><\/a><p id=\"caption-attachment-2108\" class=\"wp-caption-text\">Fanny<\/p><\/div>\n<div id=\"attachment_2113\" style=\"width: 1010px\" class=\"wp-caption alignleft\"><a href=\"https:\/\/www.laufgruppe-Schwerin.de\/wp-content\/uploads\/2018\/05\/06-Gudrun..jpg\"><img loading=\"lazy\" decoding=\"async\" aria-describedby=\"caption-attachment-2113\" class=\"size-full wp-image-2113\" src=\"https:\/\/www.laufgruppe-Schwerin.de\/wp-content\/uploads\/2018\/05\/06-Gudrun..jpg\" alt=\"\" height=\"667\" width=\"1000\" srcset=\"https:\/\/www.laufgruppe-schwerin.de\/wp-content\/uploads\/2018\/05\/06-Gudrun..jpg 1000w, https:\/\/www.laufgruppe-schwerin.de\/wp-content\/uploads\/2018\/05\/06-Gudrun.-300x200.jpg 300w, https:\/\/www.laufgruppe-schwerin.de\/wp-content\/uploads\/2018\/05\/06-Gudrun.-768x512.jpg 768w\" sizes=\"auto, (max-width: 1000px) 100vw, 1000px\" \/><\/a><p id=\"caption-attachment-2113\" class=\"wp-caption-text\">Ulrike (rechts)<br \/>Foto \u00a9sprintefix.de<\/p><\/div>\n<div id=\"attachment_2114\" style=\"width: 510px\" class=\"wp-caption alignleft\"><a href=\"https:\/\/www.laufgruppe-Schwerin.de\/wp-content\/uploads\/2018\/05\/07-Gudrun..jpg\"><img loading=\"lazy\" decoding=\"async\" aria-describedby=\"caption-attachment-2114\" class=\"size-full wp-image-2114\" src=\"https:\/\/www.laufgruppe-Schwerin.de\/wp-content\/uploads\/2018\/05\/07-Gudrun..jpg\" alt=\"\" height=\"750\" width=\"500\" srcset=\"https:\/\/www.laufgruppe-schwerin.de\/wp-content\/uploads\/2018\/05\/07-Gudrun..jpg 500w, https:\/\/www.laufgruppe-schwerin.de\/wp-content\/uploads\/2018\/05\/07-Gudrun.-200x300.jpg 200w\" sizes=\"auto, (max-width: 500px) 100vw, 500px\" \/><\/a><p id=\"caption-attachment-2114\" class=\"wp-caption-text\">Birger<br \/>Foto \u00a9sprintefix.de<\/p><\/div>\n<div id=\"attachment_2115\" style=\"width: 1010px\" class=\"wp-caption alignleft\"><a href=\"https:\/\/www.laufgruppe-Schwerin.de\/wp-content\/uploads\/2018\/05\/08-Gudrun..jpg\"><img loading=\"lazy\" decoding=\"async\" aria-describedby=\"caption-attachment-2115\" class=\"size-full wp-image-2115\" src=\"https:\/\/www.laufgruppe-Schwerin.de\/wp-content\/uploads\/2018\/05\/08-Gudrun..jpg\" alt=\"\" height=\"668\" width=\"1000\" srcset=\"https:\/\/www.laufgruppe-schwerin.de\/wp-content\/uploads\/2018\/05\/08-Gudrun..jpg 1000w, https:\/\/www.laufgruppe-schwerin.de\/wp-content\/uploads\/2018\/05\/08-Gudrun.-300x200.jpg 300w, https:\/\/www.laufgruppe-schwerin.de\/wp-content\/uploads\/2018\/05\/08-Gudrun.-768x513.jpg 768w\" sizes=\"auto, (max-width: 1000px) 100vw, 1000px\" \/><\/a><p id=\"caption-attachment-2115\" class=\"wp-caption-text\">Giuseppe<br \/>Foto \u00a9sprintefix.de<\/p><\/div>\n<div id=\"attachment_2116\" style=\"width: 510px\" class=\"wp-caption alignleft\"><a href=\"https:\/\/www.laufgruppe-Schwerin.de\/wp-content\/uploads\/2018\/05\/09-Gudrun..jpg\"><img loading=\"lazy\" decoding=\"async\" aria-describedby=\"caption-attachment-2116\" class=\"size-full wp-image-2116\" src=\"https:\/\/www.laufgruppe-Schwerin.de\/wp-content\/uploads\/2018\/05\/09-Gudrun..jpg\" alt=\"\" height=\"750\" width=\"500\" srcset=\"https:\/\/www.laufgruppe-schwerin.de\/wp-content\/uploads\/2018\/05\/09-Gudrun..jpg 500w, https:\/\/www.laufgruppe-schwerin.de\/wp-content\/uploads\/2018\/05\/09-Gudrun.-200x300.jpg 200w\" sizes=\"auto, (max-width: 500px) 100vw, 500px\" \/><\/a><p id=\"caption-attachment-2116\" class=\"wp-caption-text\">Horst Sch\u00f6ne<br \/>Foto \u00a9sprintefix.de<\/p><\/div>\n<div id=\"attachment_2117\" style=\"width: 1010px\" class=\"wp-caption alignleft\"><a href=\"https:\/\/www.laufgruppe-Schwerin.de\/wp-content\/uploads\/2018\/05\/10-Gudrun..jpg\"><img loading=\"lazy\" decoding=\"async\" aria-describedby=\"caption-attachment-2117\" class=\"size-full wp-image-2117\" src=\"https:\/\/www.laufgruppe-Schwerin.de\/wp-content\/uploads\/2018\/05\/10-Gudrun..jpg\" alt=\"\" height=\"667\" width=\"1000\" srcset=\"https:\/\/www.laufgruppe-schwerin.de\/wp-content\/uploads\/2018\/05\/10-Gudrun..jpg 1000w, https:\/\/www.laufgruppe-schwerin.de\/wp-content\/uploads\/2018\/05\/10-Gudrun.-300x200.jpg 300w, https:\/\/www.laufgruppe-schwerin.de\/wp-content\/uploads\/2018\/05\/10-Gudrun.-768x512.jpg 768w\" sizes=\"auto, (max-width: 1000px) 100vw, 1000px\" \/><\/a><p id=\"caption-attachment-2117\" class=\"wp-caption-text\">Harald (166)<br \/>Foto \u00a9sprintefix.de<\/p><\/div>\n<div id=\"attachment_2118\" style=\"width: 1010px\" class=\"wp-caption alignleft\"><a href=\"https:\/\/www.laufgruppe-Schwerin.de\/wp-content\/uploads\/2018\/05\/11-Gudrun..jpg\"><img loading=\"lazy\" decoding=\"async\" aria-describedby=\"caption-attachment-2118\" class=\"size-full wp-image-2118\" src=\"https:\/\/www.laufgruppe-Schwerin.de\/wp-content\/uploads\/2018\/05\/11-Gudrun..jpg\" alt=\"\" height=\"667\" width=\"1000\" srcset=\"https:\/\/www.laufgruppe-schwerin.de\/wp-content\/uploads\/2018\/05\/11-Gudrun..jpg 1000w, https:\/\/www.laufgruppe-schwerin.de\/wp-content\/uploads\/2018\/05\/11-Gudrun.-300x200.jpg 300w, https:\/\/www.laufgruppe-schwerin.de\/wp-content\/uploads\/2018\/05\/11-Gudrun.-768x512.jpg 768w\" sizes=\"auto, (max-width: 1000px) 100vw, 1000px\" \/><\/a><p id=\"caption-attachment-2118\" class=\"wp-caption-text\">Paddy (162) und Birger (165)<br \/>Foto \u00a9sprintefix.de<\/p><\/div>\n<div id=\"attachment_2119\" style=\"width: 1010px\" class=\"wp-caption alignleft\"><a href=\"https:\/\/www.laufgruppe-Schwerin.de\/wp-content\/uploads\/2018\/05\/12-Gudrun..jpg\"><img loading=\"lazy\" decoding=\"async\" aria-describedby=\"caption-attachment-2119\" class=\"size-full wp-image-2119\" src=\"https:\/\/www.laufgruppe-Schwerin.de\/wp-content\/uploads\/2018\/05\/12-Gudrun..jpg\" alt=\"\" height=\"667\" width=\"1000\" srcset=\"https:\/\/www.laufgruppe-schwerin.de\/wp-content\/uploads\/2018\/05\/12-Gudrun..jpg 1000w, https:\/\/www.laufgruppe-schwerin.de\/wp-content\/uploads\/2018\/05\/12-Gudrun.-300x200.jpg 300w, https:\/\/www.laufgruppe-schwerin.de\/wp-content\/uploads\/2018\/05\/12-Gudrun.-768x512.jpg 768w\" sizes=\"auto, (max-width: 1000px) 100vw, 1000px\" \/><\/a><p id=\"caption-attachment-2119\" class=\"wp-caption-text\">Frank Leonhardt (156)<br \/>Foto \u00a9sprintefix.de<\/p><\/div>\n<div id=\"attachment_2120\" style=\"width: 1010px\" class=\"wp-caption alignleft\"><a href=\"https:\/\/www.laufgruppe-Schwerin.de\/wp-content\/uploads\/2018\/05\/14-Gudrun..jpg\"><img loading=\"lazy\" decoding=\"async\" aria-describedby=\"caption-attachment-2120\" class=\"size-full wp-image-2120\" src=\"https:\/\/www.laufgruppe-Schwerin.de\/wp-content\/uploads\/2018\/05\/14-Gudrun..jpg\" alt=\"\" height=\"668\" width=\"1000\" srcset=\"https:\/\/www.laufgruppe-schwerin.de\/wp-content\/uploads\/2018\/05\/14-Gudrun..jpg 1000w, https:\/\/www.laufgruppe-schwerin.de\/wp-content\/uploads\/2018\/05\/14-Gudrun.-300x200.jpg 300w, https:\/\/www.laufgruppe-schwerin.de\/wp-content\/uploads\/2018\/05\/14-Gudrun.-768x513.jpg 768w\" sizes=\"auto, (max-width: 1000px) 100vw, 1000px\" \/><\/a><p id=\"caption-attachment-2120\" class=\"wp-caption-text\">Christian Briesen<br \/>Foto \u00a9sprintefix.de<\/p><\/div>\n<div id=\"attachment_2121\" style=\"width: 510px\" class=\"wp-caption alignleft\"><a href=\"https:\/\/www.laufgruppe-Schwerin.de\/wp-content\/uploads\/2018\/05\/15-Gudrun..jpg\"><img loading=\"lazy\" decoding=\"async\" aria-describedby=\"caption-attachment-2121\" class=\"size-full wp-image-2121\" src=\"https:\/\/www.laufgruppe-Schwerin.de\/wp-content\/uploads\/2018\/05\/15-Gudrun..jpg\" alt=\"\" height=\"750\" width=\"500\" srcset=\"https:\/\/www.laufgruppe-schwerin.de\/wp-content\/uploads\/2018\/05\/15-Gudrun..jpg 500w, https:\/\/www.laufgruppe-schwerin.de\/wp-content\/uploads\/2018\/05\/15-Gudrun.-200x300.jpg 200w\" sizes=\"auto, (max-width: 500px) 100vw, 500px\" \/><\/a><p id=\"caption-attachment-2121\" class=\"wp-caption-text\">Christian Stapel<br \/>Foto \u00a9sprintefix.de<\/p><\/div>\n<div id=\"attachment_2122\" style=\"width: 1010px\" class=\"wp-caption alignleft\"><a href=\"https:\/\/www.laufgruppe-Schwerin.de\/wp-content\/uploads\/2018\/05\/16-Gudrun..jpg\"><img loading=\"lazy\" decoding=\"async\" aria-describedby=\"caption-attachment-2122\" class=\"size-full wp-image-2122\" src=\"https:\/\/www.laufgruppe-Schwerin.de\/wp-content\/uploads\/2018\/05\/16-Gudrun..jpg\" alt=\"\" height=\"667\" width=\"1000\" srcset=\"https:\/\/www.laufgruppe-schwerin.de\/wp-content\/uploads\/2018\/05\/16-Gudrun..jpg 1000w, https:\/\/www.laufgruppe-schwerin.de\/wp-content\/uploads\/2018\/05\/16-Gudrun.-300x200.jpg 300w, https:\/\/www.laufgruppe-schwerin.de\/wp-content\/uploads\/2018\/05\/16-Gudrun.-768x512.jpg 768w\" sizes=\"auto, (max-width: 1000px) 100vw, 1000px\" \/><\/a><p id=\"caption-attachment-2122\" class=\"wp-caption-text\">Frank Tschersich<br \/>Foto \u00a9sprintefix.de<\/p><\/div>\n<div id=\"attachment_2123\" style=\"width: 1010px\" class=\"wp-caption alignleft\"><a href=\"https:\/\/www.laufgruppe-Schwerin.de\/wp-content\/uploads\/2018\/05\/17-Gudrun..jpg\"><img loading=\"lazy\" decoding=\"async\" aria-describedby=\"caption-attachment-2123\" class=\"size-full wp-image-2123\" src=\"https:\/\/www.laufgruppe-Schwerin.de\/wp-content\/uploads\/2018\/05\/17-Gudrun..jpg\" alt=\"\" height=\"666\" width=\"1000\" srcset=\"https:\/\/www.laufgruppe-schwerin.de\/wp-content\/uploads\/2018\/05\/17-Gudrun..jpg 1000w, https:\/\/www.laufgruppe-schwerin.de\/wp-content\/uploads\/2018\/05\/17-Gudrun.-300x200.jpg 300w, https:\/\/www.laufgruppe-schwerin.de\/wp-content\/uploads\/2018\/05\/17-Gudrun.-768x511.jpg 768w\" sizes=\"auto, (max-width: 1000px) 100vw, 1000px\" \/><\/a><p id=\"caption-attachment-2123\" class=\"wp-caption-text\">Fred (161)<br \/>Foto \u00a9sprintefix.de<\/p><\/div>\n<div id=\"attachment_2124\" style=\"width: 1010px\" class=\"wp-caption alignleft\"><a href=\"https:\/\/www.laufgruppe-Schwerin.de\/wp-content\/uploads\/2018\/05\/18-Gudrun..jpg\"><img loading=\"lazy\" decoding=\"async\" aria-describedby=\"caption-attachment-2124\" class=\"size-full wp-image-2124\" src=\"https:\/\/www.laufgruppe-Schwerin.de\/wp-content\/uploads\/2018\/05\/18-Gudrun..jpg\" alt=\"\" height=\"667\" width=\"1000\" srcset=\"https:\/\/www.laufgruppe-schwerin.de\/wp-content\/uploads\/2018\/05\/18-Gudrun..jpg 1000w, https:\/\/www.laufgruppe-schwerin.de\/wp-content\/uploads\/2018\/05\/18-Gudrun.-300x200.jpg 300w, https:\/\/www.laufgruppe-schwerin.de\/wp-content\/uploads\/2018\/05\/18-Gudrun.-768x512.jpg 768w\" sizes=\"auto, (max-width: 1000px) 100vw, 1000px\" \/><\/a><p id=\"caption-attachment-2124\" class=\"wp-caption-text\">Lothar Domnick (170)<br \/>Foto \u00a9sprintefix.de<\/p><\/div>\n<div id=\"attachment_2125\" style=\"width: 1010px\" class=\"wp-caption alignleft\"><a href=\"https:\/\/www.laufgruppe-Schwerin.de\/wp-content\/uploads\/2018\/05\/19-Gudrun..jpg\"><img loading=\"lazy\" decoding=\"async\" aria-describedby=\"caption-attachment-2125\" class=\"size-full wp-image-2125\" src=\"https:\/\/www.laufgruppe-Schwerin.de\/wp-content\/uploads\/2018\/05\/19-Gudrun..jpg\" alt=\"\" height=\"668\" width=\"1000\" srcset=\"https:\/\/www.laufgruppe-schwerin.de\/wp-content\/uploads\/2018\/05\/19-Gudrun..jpg 1000w, https:\/\/www.laufgruppe-schwerin.de\/wp-content\/uploads\/2018\/05\/19-Gudrun.-300x200.jpg 300w, https:\/\/www.laufgruppe-schwerin.de\/wp-content\/uploads\/2018\/05\/19-Gudrun.-768x513.jpg 768w\" sizes=\"auto, (max-width: 1000px) 100vw, 1000px\" \/><\/a><p id=\"caption-attachment-2125\" class=\"wp-caption-text\">Sven<br \/>Foto \u00a9sprintefix.de<\/p><\/div>\n<p>&nbsp;<\/p>\n<p>&nbsp;<\/p>\n<p>&nbsp;<\/p>\n<iframe src=\"http:\/\/www.facebook.com\/plugins\/like.php?href=https%3A%2F%2Fwww.laufgruppe-schwerin.de%2F%3Fp%3D2104&amp;layout=standard&amp;show_faces=true&amp;width=450&amp;action=like&amp;colorscheme=light\" scrolling=\"no\" frameborder=\"0\" allowTransparency=\"true\" style=\"border:none; overflow:hidden; width:450px;margin-top:5px;\"><\/iframe>","protected":false},"excerpt":{"rendered":"<p>&nbsp; Bei Temperaturen um &#8211; 5 Grad begr\u00fc\u00dfte Wittenburg die L\u00e4uferscharr zum Laufcupauftakt und dem Laufjubil\u00e4um zum 30. Wittenburger M\u00fchlenlauf. Von den kalten Temperaturen und recht frischem Wind lie\u00dfen sich die L\u00e4uferinnen und L\u00e4ufer aber nicht abschrecken und die r\u00fchrseligen Veranstalter von der TSG Wittenburg durften sich \u00fcber einen neuen Teilnehmerrekord freuen. Hierzu trugen auch [&hellip;]<\/p>\n","protected":false},"author":3,"featured_media":2107,"comment_status":"open","ping_status":"open","sticky":false,"template":"","format":"standard","meta":{"ngg_post_thumbnail":0,"footnotes":""},"categories":[3],"tags":[],"class_list":{"0":"post-2104","1":"post","2":"type-post","3":"status-publish","4":"format-standard","5":"has-post-thumbnail","7":"category-laufcup-mv","8":"czr-hentry"},"_links":{"self":[{"href":"https:\/\/www.laufgruppe-schwerin.de\/index.php?rest_route=\/wp\/v2\/posts\/2104","targetHints":{"allow":["GET"]}}],"collection":[{"href":"https:\/\/www.laufgruppe-schwerin.de\/index.php?rest_route=\/wp\/v2\/posts"}],"about":[{"href":"https:\/\/www.laufgruppe-schwerin.de\/index.php?rest_route=\/wp\/v2\/types\/post"}],"author":[{"embeddable":true,"href":"https:\/\/www.laufgruppe-schwerin.de\/index.php?rest_route=\/wp\/v2\/users\/3"}],"replies":[{"embeddable":true,"href":"https:\/\/www.laufgruppe-schwerin.de\/index.php?rest_route=%2Fwp%2Fv2%2Fcomments&post=2104"}],"version-history":[{"count":5,"href":"https:\/\/www.laufgruppe-schwerin.de\/index.php?rest_route=\/wp\/v2\/posts\/2104\/revisions"}],"predecessor-version":[{"id":2130,"href":"https:\/\/www.laufgruppe-schwerin.de\/index.php?rest_route=\/wp\/v2\/posts\/2104\/revisions\/2130"}],"wp:featuredmedia":[{"embeddable":true,"href":"https:\/\/www.laufgruppe-schwerin.de\/index.php?rest_route=\/wp\/v2\/media\/2107"}],"wp:attachment":[{"href":"https:\/\/www.laufgruppe-schwerin.de\/index.php?rest_route=%2Fwp%2Fv2%2Fmedia&parent=2104"}],"wp:term":[{"taxonomy":"category","embeddable":true,"href":"https:\/\/www.laufgruppe-schwerin.de\/index.php?rest_route=%2Fwp%2Fv2%2Fcategories&post=2104"},{"taxonomy":"post_tag","embeddable":true,"href":"https:\/\/www.laufgruppe-schwerin.de\/index.php?rest_route=%2Fwp%2Fv2%2Ftags&post=2104"}],"curies":[{"name":"wp","href":"https:\/\/api.w.org\/{rel}","templated":true}]}}