{"id":2091,"date":"2018-04-19T10:14:42","date_gmt":"2018-04-19T08:14:42","guid":{"rendered":"http:\/\/www.laufgruppe-schwerin.de\/?p=2091"},"modified":"2018-04-19T17:34:09","modified_gmt":"2018-04-19T15:34:09","slug":"letzte-informationen-zu-unserem-4-schweriner-schlosslauf","status":"publish","type":"post","link":"https:\/\/www.laufgruppe-schwerin.de\/?p=2091","title":{"rendered":"Letzte Informationen zu unserem 4. Schweriner Schlosslauf"},"content":{"rendered":"<p>Kurzfristig gibt es auf Grund von Aufbauarbeiten f\u00fcr das Pressefest der Schweriner Volkszeitung am Bertha-Klingberg-Platz eine kleine Strecken\u00e4nderung im Bereich des Burgsees. So wird der Burgsee nicht vollst\u00e4ndig umlaufen, sondern in der Graf-Schaak-Allee gewendet. Die Strecken\u00e4nderung betrifft nur die 15 Kilometerstrecke. Achtet bitte im Bereich des Schweriner Schlosses auf die entgegenkommenden L\u00e4uferInnen.<\/p>\n<div id=\"attachment_2092\" style=\"width: 1034px\" class=\"wp-caption alignleft\"><a href=\"https:\/\/www.laufgruppe-Schwerin.de\/wp-content\/uploads\/2018\/04\/A4-verkleinert.jpg\"><img loading=\"lazy\" decoding=\"async\" aria-describedby=\"caption-attachment-2092\" class=\"size-full wp-image-2092\" src=\"https:\/\/www.laufgruppe-Schwerin.de\/wp-content\/uploads\/2018\/04\/A4-verkleinert.jpg\" alt=\"\" height=\"690\" width=\"1024\" srcset=\"https:\/\/www.laufgruppe-schwerin.de\/wp-content\/uploads\/2018\/04\/A4-verkleinert.jpg 1024w, https:\/\/www.laufgruppe-schwerin.de\/wp-content\/uploads\/2018\/04\/A4-verkleinert-300x202.jpg 300w, https:\/\/www.laufgruppe-schwerin.de\/wp-content\/uploads\/2018\/04\/A4-verkleinert-768x518.jpg 768w\" sizes=\"auto, (max-width: 1024px) 100vw, 1024px\" \/><\/a><p id=\"caption-attachment-2092\" class=\"wp-caption-text\">Laufstrecke 2018<\/p><\/div>\n<div id=\"attachment_2093\" style=\"width: 1133px\" class=\"wp-caption alignleft\"><a href=\"https:\/\/www.laufgruppe-Schwerin.de\/wp-content\/uploads\/2018\/04\/Wende-Graf-Schack-Allee.jpg\"><img loading=\"lazy\" decoding=\"async\" aria-describedby=\"caption-attachment-2093\" class=\"size-full wp-image-2093\" src=\"https:\/\/www.laufgruppe-Schwerin.de\/wp-content\/uploads\/2018\/04\/Wende-Graf-Schack-Allee.jpg\" alt=\"\" height=\"1123\" width=\"1123\" srcset=\"https:\/\/www.laufgruppe-schwerin.de\/wp-content\/uploads\/2018\/04\/Wende-Graf-Schack-Allee.jpg 1123w, https:\/\/www.laufgruppe-schwerin.de\/wp-content\/uploads\/2018\/04\/Wende-Graf-Schack-Allee-150x150.jpg 150w, https:\/\/www.laufgruppe-schwerin.de\/wp-content\/uploads\/2018\/04\/Wende-Graf-Schack-Allee-300x300.jpg 300w, https:\/\/www.laufgruppe-schwerin.de\/wp-content\/uploads\/2018\/04\/Wende-Graf-Schack-Allee-768x768.jpg 768w, https:\/\/www.laufgruppe-schwerin.de\/wp-content\/uploads\/2018\/04\/Wende-Graf-Schack-Allee-1024x1024.jpg 1024w\" sizes=\"auto, (max-width: 1123px) 100vw, 1123px\" \/><\/a><p id=\"caption-attachment-2093\" class=\"wp-caption-text\">Wende Graf-Schack-Allee<\/p><\/div>\n<div id=\"attachment_2094\" style=\"width: 1146px\" class=\"wp-caption alignleft\"><a href=\"https:\/\/www.laufgruppe-Schwerin.de\/wp-content\/uploads\/2018\/04\/Strecke-Schloss.jpg\"><img loading=\"lazy\" decoding=\"async\" aria-describedby=\"caption-attachment-2094\" class=\"size-full wp-image-2094\" src=\"https:\/\/www.laufgruppe-Schwerin.de\/wp-content\/uploads\/2018\/04\/Strecke-Schloss.jpg\" alt=\"\" height=\"1136\" width=\"1136\" srcset=\"https:\/\/www.laufgruppe-schwerin.de\/wp-content\/uploads\/2018\/04\/Strecke-Schloss.jpg 1136w, https:\/\/www.laufgruppe-schwerin.de\/wp-content\/uploads\/2018\/04\/Strecke-Schloss-150x150.jpg 150w, https:\/\/www.laufgruppe-schwerin.de\/wp-content\/uploads\/2018\/04\/Strecke-Schloss-300x300.jpg 300w, https:\/\/www.laufgruppe-schwerin.de\/wp-content\/uploads\/2018\/04\/Strecke-Schloss-768x768.jpg 768w, https:\/\/www.laufgruppe-schwerin.de\/wp-content\/uploads\/2018\/04\/Strecke-Schloss-1024x1024.jpg 1024w\" sizes=\"auto, (max-width: 1136px) 100vw, 1136px\" \/><\/a><p id=\"caption-attachment-2094\" class=\"wp-caption-text\">Streckenf\u00fchrunng im Schlossbereich. Bitte auf die entgegenkommenden L\u00e4uferInnen achten!<\/p>\n<dd class=\"wp-caption-dd\"><strong>Wir sind am Veranstaltungstag ab 8.00 Uhr f\u00fcr Euch da. Das Meldeb\u00fcro befindet sich im Santit\u00e4rgeb\u00e4ude der Kanurenngemeinschaft, Schleifm\u00fchlenweg 38. Der Parkplatz ist gegen\u00fcber auf dem Sportplatz Paulsh\u00f6he.<\/strong><br \/><strong>Im Meldeb\u00fcro gibt es von 8.00 bis 9.30 Uhr die Startunterlagen. Hier befinden sich auch die Umkleider\u00e4ume und Duschen.<\/strong><br \/><strong>Zum Start\/Ziel sind es ca. 200 Meter.<\/strong><br \/>Wir haben 5 Strecken im Angebot:<br \/>-1 km im Rahmen des Intersport-Nachwuchslaufcup Mecklenburg-Vorpommern.<br \/>-Eine Runde (4 km) um den Faulen im Rahmen des Intersport-Nachwuchslaufcup Mecklenburg-Vorpommern.<br \/>-Zwei Runden (8 km) im Rahmen des Laufcup Mecklenburg-Vorpommern.<br \/>-15 km im Rahmen des Laufcup Mecklenburg-Vorpommern.<br \/>-F\u00fcr die ganz Kleinen ist noch ein 500 Meter langer \u201eFlitzilauf\u201c kostenfrei im Angebot.<br \/><strong>Alle Freizeitl\u00e4uferInnen k\u00f6nnen nat\u00fcrlich auf jeder beliebigen Strecke an den Start gehen.<\/strong><br \/><strong>Startzeiten:<\/strong><br \/><strong>09.45 Uhr 500 m Flitzilauf<\/strong><br \/><strong>10.00 Uhr 15 km<\/strong><br \/><strong>10.10 Uhr 4 km, 8 km und Walking<\/strong><br \/><strong>10.15 Uhr 1 km<\/strong><br \/>Die Teilnahmegeb\u00fchr betr\u00e4gt f\u00fcr Kinder bis Jahrgang 2005 2 \u20ac. Alle anderen Teilnehmer zahlen f\u00fcr die ein und vier Kilometer 5 \u20ac. F\u00fcr 8 und 15 Kilometer betr\u00e4gt das Startgeld 10 \u20ac.&nbsp; Nachnahmegeb\u00fchren fallen nicht an.<br \/>Wir w\u00fcnschen allen TeilnehmerInnen einen sch\u00f6nen Lauf.<\/p><\/div>\n<p>&nbsp;<\/p>\n<p>&nbsp;<\/p>\n<p>&nbsp;<\/p>\n<p>&nbsp;<\/p>\n<p>&nbsp;<\/p>\n<p>&nbsp;<\/p>\n<p>&nbsp;<\/p>\n<p>&nbsp;<\/p>\n<p>&nbsp;<\/p>\n<p>&nbsp;<\/p>\n<p>&nbsp;<\/p>\n<p>&nbsp;<\/p>\n<p>&nbsp;<\/p>\n<p>&nbsp;<\/p>\n<p>&nbsp;<\/p>\n<p>&nbsp;<\/p>\n<p>&nbsp;<\/p>\n<p>&nbsp;<\/p>\n<p>&nbsp;<\/dd>\n<iframe src=\"http:\/\/www.facebook.com\/plugins\/like.php?href=https%3A%2F%2Fwww.laufgruppe-schwerin.de%2F%3Fp%3D2091&amp;layout=standard&amp;show_faces=true&amp;width=450&amp;action=like&amp;colorscheme=light\" scrolling=\"no\" frameborder=\"0\" allowTransparency=\"true\" style=\"border:none; overflow:hidden; width:450px;margin-top:5px;\"><\/iframe>","protected":false},"excerpt":{"rendered":"<p>Kurzfristig gibt es auf Grund von Aufbauarbeiten f\u00fcr das Pressefest der Schweriner Volkszeitung am Bertha-Klingberg-Platz eine kleine Strecken\u00e4nderung im Bereich des Burgsees. So wird der Burgsee nicht vollst\u00e4ndig umlaufen, sondern in der Graf-Schaak-Allee gewendet. Die Strecken\u00e4nderung betrifft nur die 15 Kilometerstrecke. Achtet bitte im Bereich des Schweriner Schlosses auf die entgegenkommenden L\u00e4uferInnen. &nbsp; &nbsp; &nbsp; [&hellip;]<\/p>\n","protected":false},"author":3,"featured_media":0,"comment_status":"open","ping_status":"open","sticky":false,"template":"","format":"standard","meta":{"ngg_post_thumbnail":0,"footnotes":""},"categories":[1,3],"tags":[],"class_list":{"0":"post-2091","1":"post","2":"type-post","3":"status-publish","4":"format-standard","6":"category-beitraege","7":"category-laufcup-mv","8":"czr-hentry"},"_links":{"self":[{"href":"https:\/\/www.laufgruppe-schwerin.de\/index.php?rest_route=\/wp\/v2\/posts\/2091","targetHints":{"allow":["GET"]}}],"collection":[{"href":"https:\/\/www.laufgruppe-schwerin.de\/index.php?rest_route=\/wp\/v2\/posts"}],"about":[{"href":"https:\/\/www.laufgruppe-schwerin.de\/index.php?rest_route=\/wp\/v2\/types\/post"}],"author":[{"embeddable":true,"href":"https:\/\/www.laufgruppe-schwerin.de\/index.php?rest_route=\/wp\/v2\/users\/3"}],"replies":[{"embeddable":true,"href":"https:\/\/www.laufgruppe-schwerin.de\/index.php?rest_route=%2Fwp%2Fv2%2Fcomments&post=2091"}],"version-history":[{"count":8,"href":"https:\/\/www.laufgruppe-schwerin.de\/index.php?rest_route=\/wp\/v2\/posts\/2091\/revisions"}],"predecessor-version":[{"id":2102,"href":"https:\/\/www.laufgruppe-schwerin.de\/index.php?rest_route=\/wp\/v2\/posts\/2091\/revisions\/2102"}],"wp:attachment":[{"href":"https:\/\/www.laufgruppe-schwerin.de\/index.php?rest_route=%2Fwp%2Fv2%2Fmedia&parent=2091"}],"wp:term":[{"taxonomy":"category","embeddable":true,"href":"https:\/\/www.laufgruppe-schwerin.de\/index.php?rest_route=%2Fwp%2Fv2%2Fcategories&post=2091"},{"taxonomy":"post_tag","embeddable":true,"href":"https:\/\/www.laufgruppe-schwerin.de\/index.php?rest_route=%2Fwp%2Fv2%2Ftags&post=2091"}],"curies":[{"name":"wp","href":"https:\/\/api.w.org\/{rel}","templated":true}]}}