{"id":2081,"date":"2018-02-24T13:21:24","date_gmt":"2018-02-24T11:21:24","guid":{"rendered":"http:\/\/www.laufgruppe-schwerin.de\/?p=2081"},"modified":"2018-02-24T13:41:33","modified_gmt":"2018-02-24T11:41:33","slug":"4-schweriner-schlosslauf-am-21-april-2018","status":"publish","type":"post","link":"https:\/\/www.laufgruppe-schwerin.de\/?p=2081","title":{"rendered":"4. Schweriner Schlosslauf am 21. April 2018"},"content":{"rendered":"<p style=\"margin: 0px; font-stretch: normal; font-size: 11px; line-height: normal; font-family: Helvetica; color: #000000; -webkit-text-stroke-width: initial; -webkit-text-stroke-color: #000000;\"><span style=\"font-size: 11pt; -webkit-font-kerning: none;\">Jedes Jahr im April ist es soweit, die besten L\u00e4uferinnen und L\u00e4ufer aus Mecklenburg-Vorpommern treffen sich mit ihren G\u00e4sten in der Landeshauptstadt Schwerin zum Schlosslauf.<\/span><\/p>\n<p><a href=\"https:\/\/www.laufgruppe-Schwerin.de\/wp-content\/uploads\/2018\/02\/A662DFAC-7006-49DB-A510-4490A464A6EE.jpeg\"><img loading=\"lazy\" decoding=\"async\" class=\"alignleft size-full wp-image-2082\" src=\"https:\/\/www.laufgruppe-Schwerin.de\/wp-content\/uploads\/2018\/02\/A662DFAC-7006-49DB-A510-4490A464A6EE.jpeg\" alt=\"\" width=\"723\" height=\"407\" srcset=\"https:\/\/www.laufgruppe-schwerin.de\/wp-content\/uploads\/2018\/02\/A662DFAC-7006-49DB-A510-4490A464A6EE.jpeg 723w, https:\/\/www.laufgruppe-schwerin.de\/wp-content\/uploads\/2018\/02\/A662DFAC-7006-49DB-A510-4490A464A6EE-300x169.jpeg 300w\" sizes=\"auto, (max-width: 723px) 100vw, 723px\" \/><\/a><\/p>\n<p style=\"margin: 0px; font-stretch: normal; font-size: 11px; line-height: normal; font-family: Helvetica; color: #000000; -webkit-text-stroke-width: initial; -webkit-text-stroke-color: #000000;\"><span style=\"font-size: 11pt; -webkit-font-kerning: none;\">2001 fand die Premiere als &#8222;Post Telekom Lauf&#8220; statt und seit diesem Jahr ist der Lauf auch fester Bestandteil des Laufcup Mecklenburg-Vorpommern.&nbsp;<\/span><\/p>\n<p style=\"margin: 0px; font-stretch: normal; font-size: 11px; line-height: normal; font-family: Helvetica; color: #000000; -webkit-text-stroke-width: initial; -webkit-text-stroke-color: #000000;\"><span style=\"font-size: 11pt; -webkit-font-kerning: none;\">Seit 2014 richtet die 2013 gegr\u00fcndete Laufgruppe Schwerin e.V. diesen landschaftlich reizvollen Lauf aus. Im Jahr 2015 wurde der Lauf in Schweriner Schlosslauf umbenannt.&nbsp;<\/span><\/p>\n<p style=\"margin: 0px; font-stretch: normal; font-size: 11px; line-height: normal; font-family: Helvetica; color: #000000; -webkit-text-stroke-width: initial; -webkit-text-stroke-color: #000000;\"><span style=\"font-size: 11pt; -webkit-font-kerning: none;\">Seit 2016 gibt es eine neue Streckenf\u00fchrung vorbei am Schweriner Schloss, um den Burgsee und durch den Schlossgarten.<\/span><\/p>\n<p style=\"margin: 0px; font-stretch: normal; font-size: 11px; line-height: normal; font-family: Helvetica; color: #000000; -webkit-text-stroke-width: initial; -webkit-text-stroke-color: #000000;\"><span style=\"font-size: 11pt; -webkit-font-kerning: none;\">Unterst\u00fctzung bei der Ausrichtung findet die Laufgruppe bei der Sparkasse Mecklenburg-Schwerin, vom DRK und der Kanurenngemeinschaft Schwerin.<\/span><\/p>\n<p><a href=\"https:\/\/www.laufgruppe-Schwerin.de\/wp-content\/uploads\/2018\/02\/CB32C7C5-3E8C-403D-8C8B-ECD97901B194.jpeg\"><img loading=\"lazy\" decoding=\"async\" class=\"alignleft size-full wp-image-2085\" src=\"https:\/\/www.laufgruppe-Schwerin.de\/wp-content\/uploads\/2018\/02\/CB32C7C5-3E8C-403D-8C8B-ECD97901B194.jpeg\" alt=\"\" width=\"1853\" height=\"1390\" srcset=\"https:\/\/www.laufgruppe-schwerin.de\/wp-content\/uploads\/2018\/02\/CB32C7C5-3E8C-403D-8C8B-ECD97901B194.jpeg 1853w, https:\/\/www.laufgruppe-schwerin.de\/wp-content\/uploads\/2018\/02\/CB32C7C5-3E8C-403D-8C8B-ECD97901B194-300x225.jpeg 300w, https:\/\/www.laufgruppe-schwerin.de\/wp-content\/uploads\/2018\/02\/CB32C7C5-3E8C-403D-8C8B-ECD97901B194-768x576.jpeg 768w, https:\/\/www.laufgruppe-schwerin.de\/wp-content\/uploads\/2018\/02\/CB32C7C5-3E8C-403D-8C8B-ECD97901B194-1024x768.jpeg 1024w\" sizes=\"auto, (max-width: 1853px) 100vw, 1853px\" \/><\/a><\/p>\n<p style=\"margin: 0px; font-stretch: normal; font-size: 11px; line-height: normal; font-family: Helvetica; color: #000000; -webkit-text-stroke-width: initial; -webkit-text-stroke-color: #000000;\"><span style=\"font-size: 11pt; -webkit-font-kerning: none;\">Seit der Einf\u00fchrung des Intersport-Nachwuchslaufcup Mecklenburg-Vorpommern im Jahr 2015 wurde f\u00fcr diese Altersgruppen eine 1 km-Strecke und 4 km-Strecke in die Veranstaltung aufgenommen. So gibt es jetzt 4 Strecken:<\/span><\/p>\n<p style=\"margin: 0px; font-stretch: normal; font-size: 11px; line-height: normal; font-family: Helvetica; color: #000000; -webkit-text-stroke-width: initial; -webkit-text-stroke-color: #000000;\"><span style=\"font-size: 11pt; -webkit-font-kerning: none;\">1 km im Rahmen des Intersport-Nachwuchslaufcup Mecklenburg-Vorpommern<\/span><\/p>\n<p style=\"margin: 0px; font-stretch: normal; font-size: 11px; line-height: normal; font-family: Helvetica; color: #000000; -webkit-text-stroke-width: initial; -webkit-text-stroke-color: #000000;\"><span style=\"font-size: 11pt; -webkit-font-kerning: none;\">4 km im Rahmen des Intersport-Nachwuchslaufcup Mecklenburg-Vorpommern<\/span><\/p>\n<p style=\"margin: 0px; font-stretch: normal; font-size: 11px; line-height: normal; font-family: Helvetica; color: #000000; -webkit-text-stroke-width: initial; -webkit-text-stroke-color: #000000;\"><span style=\"font-size: 11pt; -webkit-font-kerning: none;\">8 km im Rahmen des Laufcup Mecklenburg-Vorpommern<\/span><\/p>\n<p style=\"margin: 0px; font-stretch: normal; font-size: 11px; line-height: normal; font-family: Helvetica; color: #000000; -webkit-text-stroke-width: initial; -webkit-text-stroke-color: #000000;\"><span style=\"font-size: 11pt; -webkit-font-kerning: none;\">15 km im Rahmen des Laufcup Mecklenburg-Vorpommern<\/span><\/p>\n<p style=\"margin: 0px; font-stretch: normal; font-size: 11px; line-height: normal; font-family: Helvetica; color: #000000; -webkit-text-stroke-width: initial; -webkit-text-stroke-color: #000000;\"><span style=\"font-size: 11pt; -webkit-font-kerning: none;\">F\u00fcr die Vergabe der Laufcuppunkte sind die daf\u00fcr vorgeschriebenen Strecken in den entsprechenden Altersklassen vorgesehen.<\/span><\/p>\n<p style=\"margin: 0px; font-stretch: normal; font-size: 11px; line-height: normal; font-family: Helvetica; color: #000000; -webkit-text-stroke-width: initial; -webkit-text-stroke-color: #000000;\"><span style=\"font-size: 11pt; -webkit-font-kerning: none;\">F\u00fcr alle Freizeitl\u00e4ufer ist nat\u00fcrlich ein Start auf jeder beliebigen Strecke freigestellt.<\/span><\/p>\n<p style=\"margin: 0px; font-stretch: normal; font-size: 11px; line-height: normal; font-family: Helvetica; color: #000000; -webkit-text-stroke-width: initial; -webkit-text-stroke-color: #000000;\"><span style=\"font-size: 11pt; -webkit-font-kerning: none;\">Da es sich um einen DLV-Lauf handelt gelten hier auch die Richtlinien des DLV.<\/span><\/p>\n<p style=\"margin: 0px; font-stretch: normal; font-size: 11px; line-height: normal; font-family: Helvetica; color: #000000; -webkit-text-stroke-width: initial; -webkit-text-stroke-color: #000000;\"><span style=\"font-size: 11pt; -webkit-font-kerning: none;\">Die 15 Kilometerstrecke ist offiziell vom LVMV vermessen.<\/span><\/p>\n<p style=\"margin: 0px; font-stretch: normal; font-size: 11px; line-height: normal; font-family: Helvetica; color: #000000; -webkit-text-stroke-width: initial; -webkit-text-stroke-color: #000000;\"><span style=\"font-size: 11pt; -webkit-font-kerning: none;\">Gleiches gilt f\u00fcr die 1 Kilometerstrecke.<\/span><\/p>\n<p style=\"margin: 0px; font-stretch: normal; font-size: 11px; line-height: normal; font-family: Helvetica; color: #000000; -webkit-text-stroke-width: initial; -webkit-text-stroke-color: #000000; min-height: 12.7px;\">&nbsp;<\/p>\n<p style=\"margin: 0px; font-stretch: normal; font-size: 11px; line-height: normal; font-family: Helvetica; color: #000000; -webkit-text-stroke-width: initial; -webkit-text-stroke-color: #000000;\"><span style=\"font-size: 11pt; -webkit-font-kerning: none;\">Startzeiten:<\/span><\/p>\n<p style=\"margin: 0px; font-stretch: normal; font-size: 11px; line-height: normal; font-family: Helvetica; color: #000000; -webkit-text-stroke-width: initial; -webkit-text-stroke-color: #000000;\"><span style=\"font-size: 11pt; -webkit-font-kerning: none;\">09:45 Uhr 500 m Flitzilauf<\/span><\/p>\n<p style=\"margin: 0px; font-stretch: normal; font-size: 11px; line-height: normal; font-family: Helvetica; color: #000000; -webkit-text-stroke-width: initial; -webkit-text-stroke-color: #000000;\"><span style=\"font-size: 11pt; -webkit-font-kerning: none;\">10:00 Uhr 15 km<\/span><\/p>\n<p style=\"margin: 0px; font-stretch: normal; font-size: 11px; line-height: normal; font-family: Helvetica; color: #000000; -webkit-text-stroke-width: initial; -webkit-text-stroke-color: #000000;\"><span style=\"font-size: 11pt; -webkit-font-kerning: none;\">10:10 Uhr 4 km, 8 km und Walking<\/span><\/p>\n<p style=\"margin: 0px; font-stretch: normal; font-size: 11px; line-height: normal; font-family: Helvetica; color: #000000; -webkit-text-stroke-width: initial; -webkit-text-stroke-color: #000000;\"><span style=\"font-size: 11pt; -webkit-font-kerning: none;\">10:15 Uhr 1 km<\/span><\/p>\n<p style=\"margin: 0px; font-stretch: normal; font-size: 11px; line-height: normal; font-family: Helvetica; color: #000000; -webkit-text-stroke-width: initial; -webkit-text-stroke-color: #000000; min-height: 12.7px;\">&nbsp;<\/p>\n<p style=\"margin: 0px; font-stretch: normal; font-size: 11px; line-height: normal; font-family: Helvetica; color: #000000; -webkit-text-stroke-width: initial; -webkit-text-stroke-color: #000000;\"><span style=\"font-size: 11pt; -webkit-font-kerning: none;\">Teilnahmegeb\u00fchr 2018<\/span><\/p>\n<p style=\"margin: 0px; font-stretch: normal; font-size: 11px; line-height: normal; font-family: Helvetica; color: #000000; -webkit-text-stroke-width: initial; -webkit-text-stroke-color: #000000;\"><span style=\"font-size: 11pt; -webkit-font-kerning: none;\">Kinder bis Jahrgang 2005 2 \u20ac<\/span><\/p>\n<p style=\"margin: 0px; font-stretch: normal; font-size: 11px; line-height: normal; font-family: Helvetica; color: #000000; -webkit-text-stroke-width: initial; -webkit-text-stroke-color: #000000;\"><span style=\"font-size: 11pt; -webkit-font-kerning: none;\">1 und 4 km 5 \u20ac<\/span><\/p>\n<p style=\"margin: 0px; font-stretch: normal; font-size: 11px; line-height: normal; font-family: Helvetica; color: #000000; -webkit-text-stroke-width: initial; -webkit-text-stroke-color: #000000;\"><span style=\"font-size: 11pt; -webkit-font-kerning: none;\">8 und 15 km 10 \u20ac<\/span><\/p>\n<p style=\"margin: 0px; font-stretch: normal; font-size: 11px; line-height: normal; font-family: Helvetica; color: #000000; -webkit-text-stroke-width: initial; -webkit-text-stroke-color: #000000; min-height: 12.7px;\">&nbsp;<\/p>\n<p style=\"margin: 0px; font-stretch: normal; font-size: 11px; line-height: normal; font-family: Helvetica; color: #000000; -webkit-text-stroke-width: initial; -webkit-text-stroke-color: #000000;\"><span style=\"font-size: 11pt; -webkit-font-kerning: none;\">Anmeldung unter:<\/span><\/p>\n<p style=\"margin: 0px; font-stretch: normal; font-size: 11px; line-height: normal; font-family: Helvetica; color: #000000; -webkit-text-stroke-width: initial; -webkit-text-stroke-color: #000000;\"><span style=\"font-size: 11pt; text-decoration: underline; -webkit-font-kerning: none;\"><a href=\"http:\/\/my3.raceresult.com\/86733\/?lang=de\">http:\/\/my3.raceresult.com\/86733\/?lang=de<\/a><\/span><\/p>\n<p style=\"margin: 0px; font-stretch: normal; font-size: 11px; line-height: normal; font-family: Helvetica; color: #000000; -webkit-text-stroke-width: initial; -webkit-text-stroke-color: #000000; min-height: 12.7px;\">&nbsp;<\/p>\n<p style=\"margin: 0px; font-stretch: normal; font-size: 11px; line-height: normal; font-family: Helvetica; color: #000000; -webkit-text-stroke-width: initial; -webkit-text-stroke-color: #000000;\"><span style=\"font-size: 11pt; -webkit-font-kerning: none;\">Das Meldeb\u00fcro ist am Veranstaltungstag von 8:00 bis 9:30 Uhr ge\u00f6ffnet.<\/span><\/p>\n<p style=\"margin: 0px; font-stretch: normal; font-size: 11px; line-height: normal; font-family: Helvetica; color: #000000; -webkit-text-stroke-width: initial; -webkit-text-stroke-color: #000000;\"><span style=\"font-size: 11pt; -webkit-font-kerning: none;\">Nachnahmegeb\u00fchren fallen nicht an.<\/span><\/p>\n<p>&nbsp;<\/p>\n<p style=\"margin: 0px; font-stretch: normal; font-size: 11px; line-height: normal; font-family: Helvetica; color: #000000; -webkit-text-stroke-width: initial; -webkit-text-stroke-color: #000000; min-height: 12.7px;\"><span style=\"font-size: 11pt; -webkit-font-kerning: none;\">&nbsp;<\/span><\/p>\n<iframe src=\"http:\/\/www.facebook.com\/plugins\/like.php?href=https%3A%2F%2Fwww.laufgruppe-schwerin.de%2F%3Fp%3D2081&amp;layout=standard&amp;show_faces=true&amp;width=450&amp;action=like&amp;colorscheme=light\" scrolling=\"no\" frameborder=\"0\" allowTransparency=\"true\" style=\"border:none; overflow:hidden; width:450px;margin-top:5px;\"><\/iframe>","protected":false},"excerpt":{"rendered":"<p>Jedes Jahr im April ist es soweit, die besten L\u00e4uferinnen und L\u00e4ufer aus Mecklenburg-Vorpommern treffen sich mit ihren G\u00e4sten in der Landeshauptstadt Schwerin zum Schlosslauf. 2001 fand die Premiere als &#8222;Post Telekom Lauf&#8220; statt und seit diesem Jahr ist der Lauf auch fester Bestandteil des Laufcup Mecklenburg-Vorpommern.&nbsp; Seit 2014 richtet die 2013 gegr\u00fcndete Laufgruppe Schwerin [&hellip;]<\/p>\n","protected":false},"author":3,"featured_media":0,"comment_status":"open","ping_status":"open","sticky":false,"template":"","format":"standard","meta":{"ngg_post_thumbnail":0,"footnotes":""},"categories":[3],"tags":[],"class_list":{"0":"post-2081","1":"post","2":"type-post","3":"status-publish","4":"format-standard","6":"category-laufcup-mv","7":"czr-hentry"},"_links":{"self":[{"href":"https:\/\/www.laufgruppe-schwerin.de\/index.php?rest_route=\/wp\/v2\/posts\/2081","targetHints":{"allow":["GET"]}}],"collection":[{"href":"https:\/\/www.laufgruppe-schwerin.de\/index.php?rest_route=\/wp\/v2\/posts"}],"about":[{"href":"https:\/\/www.laufgruppe-schwerin.de\/index.php?rest_route=\/wp\/v2\/types\/post"}],"author":[{"embeddable":true,"href":"https:\/\/www.laufgruppe-schwerin.de\/index.php?rest_route=\/wp\/v2\/users\/3"}],"replies":[{"embeddable":true,"href":"https:\/\/www.laufgruppe-schwerin.de\/index.php?rest_route=%2Fwp%2Fv2%2Fcomments&post=2081"}],"version-history":[{"count":3,"href":"https:\/\/www.laufgruppe-schwerin.de\/index.php?rest_route=\/wp\/v2\/posts\/2081\/revisions"}],"predecessor-version":[{"id":2087,"href":"https:\/\/www.laufgruppe-schwerin.de\/index.php?rest_route=\/wp\/v2\/posts\/2081\/revisions\/2087"}],"wp:attachment":[{"href":"https:\/\/www.laufgruppe-schwerin.de\/index.php?rest_route=%2Fwp%2Fv2%2Fmedia&parent=2081"}],"wp:term":[{"taxonomy":"category","embeddable":true,"href":"https:\/\/www.laufgruppe-schwerin.de\/index.php?rest_route=%2Fwp%2Fv2%2Fcategories&post=2081"},{"taxonomy":"post_tag","embeddable":true,"href":"https:\/\/www.laufgruppe-schwerin.de\/index.php?rest_route=%2Fwp%2Fv2%2Ftags&post=2081"}],"curies":[{"name":"wp","href":"https:\/\/api.w.org\/{rel}","templated":true}]}}