{"id":2046,"date":"2017-11-09T21:52:40","date_gmt":"2017-11-09T19:52:40","guid":{"rendered":"http:\/\/www.laufgruppe-schwerin.de\/?p=2046"},"modified":"2017-11-09T21:52:40","modified_gmt":"2017-11-09T19:52:40","slug":"landesmeisterschaften-im-cross-happyend-in-der-vereinswertung","status":"publish","type":"post","link":"https:\/\/www.laufgruppe-schwerin.de\/?p=2046","title":{"rendered":"Landesmeisterschaften im Cross &#8211; Happyend in der Vereinswertung"},"content":{"rendered":"<p>Im Endspurt sichert sich unsere Laufgruppe den 3. Platz in der Vereinswertung im Laufcup Mecklenburg-Vorpommern. Mit den Landesmeisterschaften im Cross endete am letzten Samstag auch die diesj\u00e4hrige Laufcupserie Mecklenburg-Vorpommern. 3 L\u00e4uferinnen und 14 L\u00e4ufer unseres Vereins gingen beim Laufcupfinale 2017 erfolgreich f\u00fcr die Landeshauptstadt an den Start. Im 2. Lauf des langen Wettkampftages durften um halb Elf unsere ersten L\u00e4uferinnen und L\u00e4ufer auf die Strecke. In den Frauen-Altersklassen W20 bis W75 und bei den M\u00e4nnern ab der M75 ging es auf 3 gro\u00dfen Runden und einer Gesamtstrecke von 5.000 Metern\u00fcber die &#8222;Bad Doberaner Berge&#8220; durch den Kellerswald. Sonnenschein und angenehme Lauftemperaturen um 10 Grad sorgten f\u00fcr eine gute Laufstimmung und unsere L\u00e4uferinnen und L\u00e4ufer waren hochmotiviert, war doch noch vieles m\u00f6glich. Anja Wittwer (W30), Ute Neumann (W40), Andrea Bastek (W55), Peter Wiesner (M75) und Egon Kannegie\u00dfer (M80) gaben ihr Bestes.Schnellste war schon wie vor einer Woche beim Fachhochschullauf in Stralsund&nbsp; Anja. Als hervorragende Gesamtsechste und Landesmeisterin erreichte sie in einer Zeit von 20:24 min das Ziel. Damit sicherte sich Anja auch den Gesamtsieg ihrer Altersklasse im diesj\u00e4hrigen Laufcup. Ute Neumann (21:35 min) wurde nach l\u00e4ngerer Verletzungspause rechtzeitig f\u00fcr das Cupfinale fit. Mit dem 12. Platz in der Gesamtwertung und der Bronzemedaille konnte Ute in der Cupwertung noch den Sprung auf den 3. Platz schaffen. F\u00fcr Andrea Bastek gibt es nach 27:58 min Bronze. Egon Kannegie\u00dfer l\u00e4uft als \u00e4ltester Schweriner Starter in 45:57 min auf das Silbertreppchen und Peter Wiesner erl\u00e4uft sich mit 25:54 min Bronze. Beim 3.Start des Tages kurz nach 11 Uhr ging das leistungsst\u00e4rkste M\u00e4nnerfeld mit 6 L\u00e4ufern unserer Laufgruppe&nbsp; \u00fcber 4 Runden mit 6.700 Meter ins Rennen. Hier schwebte Marten Lamschus in fantastischen 22:46 min als Gesamtf\u00fcnfter nur so \u00fcber die Berge und zum Titel seiner M30. Mathias Ahrenberg kann sich mit 23:17 min als Gesamtneunter und Vize&nbsp; seiner Altersklasse M35 hervorragend platzieren. F\u00fcr Marco Wien (M40) bleiben die Uhren nach 24:16 min stehen und daf\u00fcr gibt es eine Bronzemedaille. Knapp an den Medaillenr\u00e4ngen laufen als jeweils Vierte ihrer Altersklasse Giuseppe Avignone (M30) mit 26:14 min, Stefan Lange (M35) in 25:02 min und Birger B\u00f6sel (M40) nach 25:35 min vorbei. Aber alle sammeln flei\u00dfig Punkte f\u00fcr die Vereinswertung. Beim 4. Lauf des Tages gingen die L\u00e4ufer der Altersklassen M50 bis M70 ebenfalls \u00fcber 4 Runden an den Start und mittendrin 5 L\u00e4ufer von uns. In diesem Lauf ist Lothar Gajek (M60) schnellster Schweriner und f\u00fcr 28:39 min gibt es Silber. Damit ist Lothar Gajek auch der einzige L\u00e4ufer von MV, der bei allen 5 Landesmeisterschaften, zu Edelmetall l\u00e4uft. In der gleichen Altersklasse gibt es f\u00fcr Norbert Kaletzki mit 29:31 min Bronze. Mit diesem Ergebnis verabschiedet sich Norbert mit einen beachtlichen 3 Platz in der Abschlusswertung des Laufcups aus der M60. Ebenfalls in der M60 l\u00e4uft Rainer Bastek in 37:49 min auf den 12. Platz und steuert auch hier wichtige Punkte f\u00fcr die Vereinswertung bei. Lothar Domnick (M55) erreicht nach 28:45 min als F\u00fcnfter das Ziel und Christian Briesen (M50) l\u00e4uft nach glatt 31 Minuten als Siebenter \u00fcber die Ziellinie.Antonio Briesen l\u00e4uft als letzter Schweriner am fr\u00fchen Nachmittag \u00fcber 1.600 Meter in der M10 mit 6:51 min auf den 17. Platz. Das herausragende an diesen Ergebnissen ist aber die Summe der vielen sehr guten Einzelergebnissen. Hiermit konnten wir in der Vereinswertung am SC Laage vorbei ziehen und den dritten Platz erk\u00e4mpfen.&nbsp;&nbsp;&nbsp;&nbsp;&nbsp;&nbsp;&nbsp;&nbsp;&nbsp;&nbsp;&nbsp;&nbsp;&nbsp;&nbsp;&nbsp;&nbsp;&nbsp;&nbsp;&nbsp;&nbsp;&nbsp;&nbsp;&nbsp;&nbsp;&nbsp;&nbsp;&nbsp;&nbsp;&nbsp;&nbsp;&nbsp;&nbsp;&nbsp;&nbsp;&nbsp;&nbsp;&nbsp;&nbsp;&nbsp;&nbsp;&nbsp;&nbsp;&nbsp;&nbsp;&nbsp;&nbsp;&nbsp;&nbsp;&nbsp;&nbsp;&nbsp;&nbsp;&nbsp;&nbsp;&nbsp;&nbsp;&nbsp;&nbsp;&nbsp;&nbsp;&nbsp;&nbsp;&nbsp;&nbsp;&nbsp;&nbsp;&nbsp;&nbsp;&nbsp;&nbsp;&nbsp;&nbsp;&nbsp;&nbsp;&nbsp;&nbsp;&nbsp;&nbsp;&nbsp;&nbsp; Vereinsvorsitzender Lothar Gajek: \u201eWir haben das fast Unm\u00f6gliche noch wahr gemacht und uns im letzten Cuplauf mit einer geschlossenen Teamleistung den dritten Platz hinter den beiden Neubrandenburger Laufdinos Turbine und HSV erk\u00e4mpft.\u201c<\/p>\n<div id=\"attachment_2047\" style=\"width: 1034px\" class=\"wp-caption alignleft\"><a href=\"https:\/\/www.laufgruppe-Schwerin.de\/wp-content\/uploads\/2017\/11\/01.jpg\"><img loading=\"lazy\" decoding=\"async\" aria-describedby=\"caption-attachment-2047\" class=\"size-full wp-image-2047\" src=\"https:\/\/www.laufgruppe-Schwerin.de\/wp-content\/uploads\/2017\/11\/01.jpg\" alt=\"\" height=\"768\" width=\"1024\" srcset=\"https:\/\/www.laufgruppe-schwerin.de\/wp-content\/uploads\/2017\/11\/01.jpg 1024w, https:\/\/www.laufgruppe-schwerin.de\/wp-content\/uploads\/2017\/11\/01-300x225.jpg 300w, https:\/\/www.laufgruppe-schwerin.de\/wp-content\/uploads\/2017\/11\/01-768x576.jpg 768w\" sizes=\"auto, (max-width: 1024px) 100vw, 1024px\" \/><\/a><p id=\"caption-attachment-2047\" class=\"wp-caption-text\">Der Laufcup 2017 ist Geschichte<\/p><\/div>\n<div id=\"attachment_2048\" style=\"width: 778px\" class=\"wp-caption alignleft\"><a href=\"https:\/\/www.laufgruppe-Schwerin.de\/wp-content\/uploads\/2017\/11\/05.jpg\"><img loading=\"lazy\" decoding=\"async\" aria-describedby=\"caption-attachment-2048\" class=\"size-full wp-image-2048\" src=\"https:\/\/www.laufgruppe-Schwerin.de\/wp-content\/uploads\/2017\/11\/05.jpg\" alt=\"\" height=\"1024\" width=\"768\" srcset=\"https:\/\/www.laufgruppe-schwerin.de\/wp-content\/uploads\/2017\/11\/05.jpg 768w, https:\/\/www.laufgruppe-schwerin.de\/wp-content\/uploads\/2017\/11\/05-225x300.jpg 225w\" sizes=\"auto, (max-width: 768px) 100vw, 768px\" \/><\/a><p id=\"caption-attachment-2048\" class=\"wp-caption-text\">Peter im Ziel<\/p><\/div>\n<div id=\"attachment_2049\" style=\"width: 778px\" class=\"wp-caption alignleft\"><a href=\"https:\/\/www.laufgruppe-Schwerin.de\/wp-content\/uploads\/2017\/11\/10.jpg\"><img loading=\"lazy\" decoding=\"async\" aria-describedby=\"caption-attachment-2049\" class=\"size-full wp-image-2049\" src=\"https:\/\/www.laufgruppe-Schwerin.de\/wp-content\/uploads\/2017\/11\/10.jpg\" alt=\"\" height=\"1024\" width=\"768\" srcset=\"https:\/\/www.laufgruppe-schwerin.de\/wp-content\/uploads\/2017\/11\/10.jpg 768w, https:\/\/www.laufgruppe-schwerin.de\/wp-content\/uploads\/2017\/11\/10-225x300.jpg 225w\" sizes=\"auto, (max-width: 768px) 100vw, 768px\" \/><\/a><p id=\"caption-attachment-2049\" class=\"wp-caption-text\">Lothar Domnick<\/p><\/div>\n<div id=\"attachment_2051\" style=\"width: 778px\" class=\"wp-caption alignleft\"><a href=\"https:\/\/www.laufgruppe-Schwerin.de\/wp-content\/uploads\/2017\/11\/14.jpg\"><img loading=\"lazy\" decoding=\"async\" aria-describedby=\"caption-attachment-2051\" class=\"size-full wp-image-2051\" src=\"https:\/\/www.laufgruppe-Schwerin.de\/wp-content\/uploads\/2017\/11\/14.jpg\" alt=\"\" height=\"1024\" width=\"768\" srcset=\"https:\/\/www.laufgruppe-schwerin.de\/wp-content\/uploads\/2017\/11\/14.jpg 768w, https:\/\/www.laufgruppe-schwerin.de\/wp-content\/uploads\/2017\/11\/14-225x300.jpg 225w\" sizes=\"auto, (max-width: 768px) 100vw, 768px\" \/><\/a><p id=\"caption-attachment-2051\" class=\"wp-caption-text\">Landesmeisterin Anja<\/p><\/div>\n<div id=\"attachment_2053\" style=\"width: 778px\" class=\"wp-caption alignleft\"><a href=\"https:\/\/www.laufgruppe-Schwerin.de\/wp-content\/uploads\/2017\/11\/15.jpg\"><img loading=\"lazy\" decoding=\"async\" aria-describedby=\"caption-attachment-2053\" class=\"size-full wp-image-2053\" src=\"https:\/\/www.laufgruppe-Schwerin.de\/wp-content\/uploads\/2017\/11\/15.jpg\" alt=\"\" height=\"1024\" width=\"768\" srcset=\"https:\/\/www.laufgruppe-schwerin.de\/wp-content\/uploads\/2017\/11\/15.jpg 768w, https:\/\/www.laufgruppe-schwerin.de\/wp-content\/uploads\/2017\/11\/15-225x300.jpg 225w\" sizes=\"auto, (max-width: 768px) 100vw, 768px\" \/><\/a><p id=\"caption-attachment-2053\" class=\"wp-caption-text\">Bronze f\u00fcr Ute<\/p><\/div>\n<div id=\"attachment_2055\" style=\"width: 778px\" class=\"wp-caption alignleft\"><a href=\"https:\/\/www.laufgruppe-Schwerin.de\/wp-content\/uploads\/2017\/11\/16.jpg\"><img loading=\"lazy\" decoding=\"async\" aria-describedby=\"caption-attachment-2055\" class=\"size-full wp-image-2055\" src=\"https:\/\/www.laufgruppe-Schwerin.de\/wp-content\/uploads\/2017\/11\/16.jpg\" alt=\"\" height=\"1024\" width=\"768\" srcset=\"https:\/\/www.laufgruppe-schwerin.de\/wp-content\/uploads\/2017\/11\/16.jpg 768w, https:\/\/www.laufgruppe-schwerin.de\/wp-content\/uploads\/2017\/11\/16-225x300.jpg 225w\" sizes=\"auto, (max-width: 768px) 100vw, 768px\" \/><\/a><p id=\"caption-attachment-2055\" class=\"wp-caption-text\">Bronze f\u00fcr Andrea<\/p><\/div>\n<div id=\"attachment_2056\" style=\"width: 778px\" class=\"wp-caption alignleft\"><a href=\"https:\/\/www.laufgruppe-Schwerin.de\/wp-content\/uploads\/2017\/11\/17.jpg\"><img loading=\"lazy\" decoding=\"async\" aria-describedby=\"caption-attachment-2056\" class=\"size-full wp-image-2056\" src=\"https:\/\/www.laufgruppe-Schwerin.de\/wp-content\/uploads\/2017\/11\/17.jpg\" alt=\"\" height=\"1024\" width=\"768\" srcset=\"https:\/\/www.laufgruppe-schwerin.de\/wp-content\/uploads\/2017\/11\/17.jpg 768w, https:\/\/www.laufgruppe-schwerin.de\/wp-content\/uploads\/2017\/11\/17-225x300.jpg 225w\" sizes=\"auto, (max-width: 768px) 100vw, 768px\" \/><\/a><p id=\"caption-attachment-2056\" class=\"wp-caption-text\">Vize Egon (rechts)<\/p><\/div>\n<div id=\"attachment_2057\" style=\"width: 778px\" class=\"wp-caption alignleft\"><a href=\"https:\/\/www.laufgruppe-Schwerin.de\/wp-content\/uploads\/2017\/11\/18.jpg\"><img loading=\"lazy\" decoding=\"async\" aria-describedby=\"caption-attachment-2057\" class=\"size-full wp-image-2057\" src=\"https:\/\/www.laufgruppe-Schwerin.de\/wp-content\/uploads\/2017\/11\/18.jpg\" alt=\"\" height=\"1024\" width=\"768\" srcset=\"https:\/\/www.laufgruppe-schwerin.de\/wp-content\/uploads\/2017\/11\/18.jpg 768w, https:\/\/www.laufgruppe-schwerin.de\/wp-content\/uploads\/2017\/11\/18-225x300.jpg 225w\" sizes=\"auto, (max-width: 768px) 100vw, 768px\" \/><\/a><p id=\"caption-attachment-2057\" class=\"wp-caption-text\">Bronze f\u00fcr Peter<\/p><\/div>\n<div id=\"attachment_2058\" style=\"width: 1034px\" class=\"wp-caption alignleft\"><a href=\"https:\/\/www.laufgruppe-Schwerin.de\/wp-content\/uploads\/2017\/11\/25.jpg\"><img loading=\"lazy\" decoding=\"async\" aria-describedby=\"caption-attachment-2058\" class=\"size-full wp-image-2058\" src=\"https:\/\/www.laufgruppe-Schwerin.de\/wp-content\/uploads\/2017\/11\/25.jpg\" alt=\"\" height=\"768\" width=\"1024\" srcset=\"https:\/\/www.laufgruppe-schwerin.de\/wp-content\/uploads\/2017\/11\/25.jpg 1024w, https:\/\/www.laufgruppe-schwerin.de\/wp-content\/uploads\/2017\/11\/25-300x225.jpg 300w, https:\/\/www.laufgruppe-schwerin.de\/wp-content\/uploads\/2017\/11\/25-768x576.jpg 768w\" sizes=\"auto, (max-width: 1024px) 100vw, 1024px\" \/><\/a><p id=\"caption-attachment-2058\" class=\"wp-caption-text\">Landesmeister Marten<\/p><\/div>\n<div id=\"attachment_2059\" style=\"width: 778px\" class=\"wp-caption alignleft\"><a href=\"https:\/\/www.laufgruppe-Schwerin.de\/wp-content\/uploads\/2017\/11\/26.jpg\"><img loading=\"lazy\" decoding=\"async\" aria-describedby=\"caption-attachment-2059\" class=\"size-full wp-image-2059\" src=\"https:\/\/www.laufgruppe-Schwerin.de\/wp-content\/uploads\/2017\/11\/26.jpg\" alt=\"\" height=\"1024\" width=\"768\" srcset=\"https:\/\/www.laufgruppe-schwerin.de\/wp-content\/uploads\/2017\/11\/26.jpg 768w, https:\/\/www.laufgruppe-schwerin.de\/wp-content\/uploads\/2017\/11\/26-225x300.jpg 225w\" sizes=\"auto, (max-width: 768px) 100vw, 768px\" \/><\/a><p id=\"caption-attachment-2059\" class=\"wp-caption-text\">Bronze f\u00fcr Marco<\/p><\/div>\n<div id=\"attachment_2060\" style=\"width: 1034px\" class=\"wp-caption alignleft\"><a href=\"https:\/\/www.laufgruppe-Schwerin.de\/wp-content\/uploads\/2017\/11\/82.jpg\"><img loading=\"lazy\" decoding=\"async\" aria-describedby=\"caption-attachment-2060\" class=\"size-full wp-image-2060\" src=\"https:\/\/www.laufgruppe-Schwerin.de\/wp-content\/uploads\/2017\/11\/82.jpg\" alt=\"\" height=\"768\" width=\"1024\" srcset=\"https:\/\/www.laufgruppe-schwerin.de\/wp-content\/uploads\/2017\/11\/82.jpg 1024w, https:\/\/www.laufgruppe-schwerin.de\/wp-content\/uploads\/2017\/11\/82-300x225.jpg 300w, https:\/\/www.laufgruppe-schwerin.de\/wp-content\/uploads\/2017\/11\/82-768x576.jpg 768w\" sizes=\"auto, (max-width: 1024px) 100vw, 1024px\" \/><\/a><p id=\"caption-attachment-2060\" class=\"wp-caption-text\">Silber f\u00fcr Lothar Gajek und Bronze f\u00fcr Norbert<\/p><\/div>\n<iframe src=\"http:\/\/www.facebook.com\/plugins\/like.php?href=https%3A%2F%2Fwww.laufgruppe-schwerin.de%2F%3Fp%3D2046&amp;layout=standard&amp;show_faces=true&amp;width=450&amp;action=like&amp;colorscheme=light\" scrolling=\"no\" frameborder=\"0\" allowTransparency=\"true\" style=\"border:none; overflow:hidden; width:450px;margin-top:5px;\"><\/iframe>","protected":false},"excerpt":{"rendered":"<p>Im Endspurt sichert sich unsere Laufgruppe den 3. Platz in der Vereinswertung im Laufcup Mecklenburg-Vorpommern. Mit den Landesmeisterschaften im Cross endete am letzten Samstag auch die diesj\u00e4hrige Laufcupserie Mecklenburg-Vorpommern. 3 L\u00e4uferinnen und 14 L\u00e4ufer unseres Vereins gingen beim Laufcupfinale 2017 erfolgreich f\u00fcr die Landeshauptstadt an den Start. Im 2. Lauf des langen Wettkampftages durften um [&hellip;]<\/p>\n","protected":false},"author":3,"featured_media":2062,"comment_status":"open","ping_status":"open","sticky":false,"template":"","format":"standard","meta":{"ngg_post_thumbnail":0,"footnotes":""},"categories":[3],"tags":[],"class_list":{"0":"post-2046","1":"post","2":"type-post","3":"status-publish","4":"format-standard","5":"has-post-thumbnail","7":"category-laufcup-mv","8":"czr-hentry"},"_links":{"self":[{"href":"https:\/\/www.laufgruppe-schwerin.de\/index.php?rest_route=\/wp\/v2\/posts\/2046","targetHints":{"allow":["GET"]}}],"collection":[{"href":"https:\/\/www.laufgruppe-schwerin.de\/index.php?rest_route=\/wp\/v2\/posts"}],"about":[{"href":"https:\/\/www.laufgruppe-schwerin.de\/index.php?rest_route=\/wp\/v2\/types\/post"}],"author":[{"embeddable":true,"href":"https:\/\/www.laufgruppe-schwerin.de\/index.php?rest_route=\/wp\/v2\/users\/3"}],"replies":[{"embeddable":true,"href":"https:\/\/www.laufgruppe-schwerin.de\/index.php?rest_route=%2Fwp%2Fv2%2Fcomments&post=2046"}],"version-history":[{"count":4,"href":"https:\/\/www.laufgruppe-schwerin.de\/index.php?rest_route=\/wp\/v2\/posts\/2046\/revisions"}],"predecessor-version":[{"id":2061,"href":"https:\/\/www.laufgruppe-schwerin.de\/index.php?rest_route=\/wp\/v2\/posts\/2046\/revisions\/2061"}],"wp:featuredmedia":[{"embeddable":true,"href":"https:\/\/www.laufgruppe-schwerin.de\/index.php?rest_route=\/wp\/v2\/media\/2062"}],"wp:attachment":[{"href":"https:\/\/www.laufgruppe-schwerin.de\/index.php?rest_route=%2Fwp%2Fv2%2Fmedia&parent=2046"}],"wp:term":[{"taxonomy":"category","embeddable":true,"href":"https:\/\/www.laufgruppe-schwerin.de\/index.php?rest_route=%2Fwp%2Fv2%2Fcategories&post=2046"},{"taxonomy":"post_tag","embeddable":true,"href":"https:\/\/www.laufgruppe-schwerin.de\/index.php?rest_route=%2Fwp%2Fv2%2Ftags&post=2046"}],"curies":[{"name":"wp","href":"https:\/\/api.w.org\/{rel}","templated":true}]}}