{"id":2022,"date":"2017-11-09T20:33:07","date_gmt":"2017-11-09T18:33:07","guid":{"rendered":"http:\/\/www.laufgruppe-schwerin.de\/?p=2022"},"modified":"2017-11-09T20:33:07","modified_gmt":"2017-11-09T18:33:07","slug":"4-altersklassensiege-beim-24-stralsunder-fachhochschullauf-2017","status":"publish","type":"post","link":"https:\/\/www.laufgruppe-schwerin.de\/?p=2022","title":{"rendered":"4 Altersklassensiege beim 24.Stralsunder Fachhochschullauf 2017"},"content":{"rendered":"<p>Der 24. Fachhochschullauf in der Hansestadt Stralsund war zugleich die vorletzte und 14.Station im diesj\u00e4hrigen Laufcup Mecklenburg-Vorpommern. Auf der anspruchsvollen 10-Meilenstrecke gingen im Teilnehmerfeld des Hauptlaufes 3 L\u00e4uferin und 8 L\u00e4ufer unserer Laufgruppe an den Start. Auf der 8 Kilometerstrecke gingen 2 L\u00e4uferinnen ins Rennen. Die ersten b\u00f6igen Ausl\u00e4ufer von Sturmtief \u201eHerwart\u201c begr\u00fc\u00dften die L\u00e4uferinnen und L\u00e4ufer am Strelasund und machten ihnen das Laufen, vor allem auf der ersten H\u00e4lfte, mehr als schwer. Der stark b\u00f6ige Wind und die vielen kleinen Anstiege lie\u00dfen schnell die ersten Kr\u00e4fte schwinden. Wie schwierig die Bedingungen waren, sieht man auch an der Siegerzeit. Liefen die Spitzenl\u00e4ufer in den vergangenen Jahren immer unter einer Stunde, blieb diesmal kein L\u00e4ufer unter dieser Marke. F\u00fcr Sofie Sch\u00f6ne und Gabi Kaletzki wurden die Cuppunkte auf der 8-Kilometerstrecke vergeben. Beide konnten sich im Vorderfeld ihrer Altersklasse platzieren. Sofie wurde Gesamtvierte und gewann ihre Altersklasse WJ U20 in 40:21 min. Gabi belegte in ihrer Altersklasse W60 in 53:29 min einen tollen 3.Platz. \u00dcber 10 Meilen konnten sich die L\u00e4uferinnen und L\u00e4ufer der Landeshauptstadt trotz widriger Bedingungen hervorragend in Szene setzen. Bei den Frauen best\u00e4tigten Anja Wittwer und Sabine Bahr ihre gute Form mit TOP 10-Pl\u00e4tze in der Gesamtwertung. Anja lief hier auf den vierten&nbsp; Platz und gewann ihre W30 mit 1h14:22. Dieses war im sechsten Cuplauf auch der sechste Altersklassensieg. Sabine gewinnt ihre Altersklasse W50 in 1h18:34 und wird Siebente der Gesamtwertung. Die dritte Schweriner L\u00e4uferin \u00fcber 10 Meilen, Ulrike Sch\u00f6ne, wird mit 1h29:59 Sechste ihrer W45. F\u00fcr Mathias Ahrenberg war es nach auskuriertem Fersensporn der vierte Cuplauf im Jahr 2017. In der Gesamtwertung l\u00e4uft der mehrfache Gesamt-Cuplaufgewinner in 1h03:39 auf einen hervorragenden siebenten Platz und wird in seiner M35 Zweiter. In der gleichen Altersklasse l\u00e4uft Patrick Paul glatt 70 Minuten und wird daf\u00fcr mit dem dritten&nbsp;Platz der M35 belohnt. In der M60 gibt es einen Schweriner Doppelsieg, Lothar Gajek gewinnt in 1h15:15 vor Norbert Kaletzki mit 1h17:47. Zweitschnellster Schweriner am Strelasund wird M45-L\u00e4ufer Oliver Kahl mit 1h08:28 als F\u00fcnfzehnter der Gesamtwertung und F\u00fcnfter seiner Altersklasse. In der gleichen Altersklasse wird Frank Riebschl\u00e4ger mit 1h33:34 Neunter. Christian Stapel wird in 1h31:07 F\u00fcnfter der M50 und erreicht damit seine beste Platzierung im diesj\u00e4hrigen Wettbewerb. Fred Kiesendahl finisht als Zehnter seiner M55 mit 1h27:17. In der Mannschaftswertung \u00fcber 10 Meilen, hier&nbsp; wurden die 4 schnellsten L\u00e4uferInnen eines Vereins gewertet, kam die Laufgruppe Schwerin auf den 3. Platz.<\/p>\n<p>Fotos: \u00a9 sprintefix.de<\/p>\n<div id=\"attachment_2024\" style=\"width: 1010px\" class=\"wp-caption alignleft\"><a href=\"https:\/\/www.laufgruppe-Schwerin.de\/wp-content\/uploads\/2017\/11\/IMG_9708.jpg\"><img loading=\"lazy\" decoding=\"async\" aria-describedby=\"caption-attachment-2024\" class=\"size-full wp-image-2024\" src=\"https:\/\/www.laufgruppe-Schwerin.de\/wp-content\/uploads\/2017\/11\/IMG_9708.jpg\" alt=\"\" height=\"667\" width=\"1000\" srcset=\"https:\/\/www.laufgruppe-schwerin.de\/wp-content\/uploads\/2017\/11\/IMG_9708.jpg 1000w, https:\/\/www.laufgruppe-schwerin.de\/wp-content\/uploads\/2017\/11\/IMG_9708-300x200.jpg 300w, https:\/\/www.laufgruppe-schwerin.de\/wp-content\/uploads\/2017\/11\/IMG_9708-768x512.jpg 768w\" sizes=\"auto, (max-width: 1000px) 100vw, 1000px\" \/><\/a><p id=\"caption-attachment-2024\" class=\"wp-caption-text\">Nach erfolgreichem Lauf Foto: \u00a9 sprintefix.de<\/p><\/div>\n<div id=\"attachment_2025\" style=\"width: 1010px\" class=\"wp-caption alignleft\"><a href=\"https:\/\/www.laufgruppe-Schwerin.de\/wp-content\/uploads\/2017\/11\/IMG_8803.jpg\"><img loading=\"lazy\" decoding=\"async\" aria-describedby=\"caption-attachment-2025\" class=\"size-full wp-image-2025\" src=\"https:\/\/www.laufgruppe-Schwerin.de\/wp-content\/uploads\/2017\/11\/IMG_8803.jpg\" alt=\"\" height=\"666\" width=\"1000\" srcset=\"https:\/\/www.laufgruppe-schwerin.de\/wp-content\/uploads\/2017\/11\/IMG_8803.jpg 1000w, https:\/\/www.laufgruppe-schwerin.de\/wp-content\/uploads\/2017\/11\/IMG_8803-300x200.jpg 300w, https:\/\/www.laufgruppe-schwerin.de\/wp-content\/uploads\/2017\/11\/IMG_8803-768x511.jpg 768w\" sizes=\"auto, (max-width: 1000px) 100vw, 1000px\" \/><\/a><p id=\"caption-attachment-2025\" class=\"wp-caption-text\">Anja Foto: \u00a9 sprintefix.de<\/p><\/div>\n<div id=\"attachment_2026\" style=\"width: 1010px\" class=\"wp-caption alignleft\"><a href=\"https:\/\/www.laufgruppe-Schwerin.de\/wp-content\/uploads\/2017\/11\/IMG_7637.jpg\"><img loading=\"lazy\" decoding=\"async\" aria-describedby=\"caption-attachment-2026\" class=\"size-full wp-image-2026\" src=\"https:\/\/www.laufgruppe-Schwerin.de\/wp-content\/uploads\/2017\/11\/IMG_7637.jpg\" alt=\"\" height=\"667\" width=\"1000\" srcset=\"https:\/\/www.laufgruppe-schwerin.de\/wp-content\/uploads\/2017\/11\/IMG_7637.jpg 1000w, https:\/\/www.laufgruppe-schwerin.de\/wp-content\/uploads\/2017\/11\/IMG_7637-300x200.jpg 300w, https:\/\/www.laufgruppe-schwerin.de\/wp-content\/uploads\/2017\/11\/IMG_7637-768x512.jpg 768w\" sizes=\"auto, (max-width: 1000px) 100vw, 1000px\" \/><\/a><p id=\"caption-attachment-2026\" class=\"wp-caption-text\">Christian (85) und Frank (rechts) Foto: \u00a9 sprintefix.de<\/p><\/div>\n<div id=\"attachment_2027\" style=\"width: 1010px\" class=\"wp-caption alignleft\"><a href=\"https:\/\/www.laufgruppe-Schwerin.de\/wp-content\/uploads\/2017\/11\/IMG_9406.jpg\"><img loading=\"lazy\" decoding=\"async\" aria-describedby=\"caption-attachment-2027\" class=\"size-full wp-image-2027\" src=\"https:\/\/www.laufgruppe-Schwerin.de\/wp-content\/uploads\/2017\/11\/IMG_9406.jpg\" alt=\"\" height=\"667\" width=\"1000\" srcset=\"https:\/\/www.laufgruppe-schwerin.de\/wp-content\/uploads\/2017\/11\/IMG_9406.jpg 1000w, https:\/\/www.laufgruppe-schwerin.de\/wp-content\/uploads\/2017\/11\/IMG_9406-300x200.jpg 300w, https:\/\/www.laufgruppe-schwerin.de\/wp-content\/uploads\/2017\/11\/IMG_9406-768x512.jpg 768w\" sizes=\"auto, (max-width: 1000px) 100vw, 1000px\" \/><\/a><p id=\"caption-attachment-2027\" class=\"wp-caption-text\">Fred Foto: \u00a9 sprintefix.de<\/p><\/div>\n<div id=\"attachment_2029\" style=\"width: 510px\" class=\"wp-caption alignleft\"><a href=\"https:\/\/www.laufgruppe-Schwerin.de\/wp-content\/uploads\/2017\/11\/IMG_8294.jpg\"><img loading=\"lazy\" decoding=\"async\" aria-describedby=\"caption-attachment-2029\" class=\"size-full wp-image-2029\" src=\"https:\/\/www.laufgruppe-Schwerin.de\/wp-content\/uploads\/2017\/11\/IMG_8294.jpg\" alt=\"\" height=\"750\" width=\"500\" srcset=\"https:\/\/www.laufgruppe-schwerin.de\/wp-content\/uploads\/2017\/11\/IMG_8294.jpg 500w, https:\/\/www.laufgruppe-schwerin.de\/wp-content\/uploads\/2017\/11\/IMG_8294-200x300.jpg 200w\" sizes=\"auto, (max-width: 500px) 100vw, 500px\" \/><\/a><p id=\"caption-attachment-2029\" class=\"wp-caption-text\">Gabi Foto: \u00a9 sprintefix.de<\/p><\/div>\n<div id=\"attachment_2030\" style=\"width: 1010px\" class=\"wp-caption alignleft\"><a href=\"https:\/\/www.laufgruppe-Schwerin.de\/wp-content\/uploads\/2017\/11\/IMG_7546.jpg\"><img loading=\"lazy\" decoding=\"async\" aria-describedby=\"caption-attachment-2030\" class=\"size-full wp-image-2030\" src=\"https:\/\/www.laufgruppe-Schwerin.de\/wp-content\/uploads\/2017\/11\/IMG_7546.jpg\" alt=\"\" height=\"666\" width=\"1000\" srcset=\"https:\/\/www.laufgruppe-schwerin.de\/wp-content\/uploads\/2017\/11\/IMG_7546.jpg 1000w, https:\/\/www.laufgruppe-schwerin.de\/wp-content\/uploads\/2017\/11\/IMG_7546-300x200.jpg 300w, https:\/\/www.laufgruppe-schwerin.de\/wp-content\/uploads\/2017\/11\/IMG_7546-768x511.jpg 768w\" sizes=\"auto, (max-width: 1000px) 100vw, 1000px\" \/><\/a><p id=\"caption-attachment-2030\" class=\"wp-caption-text\">Lothar (76) Foto: \u00a9 sprintefix.de<\/p><\/div>\n<div id=\"attachment_2031\" style=\"width: 1010px\" class=\"wp-caption alignleft\"><a href=\"https:\/\/www.laufgruppe-Schwerin.de\/wp-content\/uploads\/2017\/11\/IMG_7523.jpg\"><img loading=\"lazy\" decoding=\"async\" aria-describedby=\"caption-attachment-2031\" class=\"size-full wp-image-2031\" src=\"https:\/\/www.laufgruppe-Schwerin.de\/wp-content\/uploads\/2017\/11\/IMG_7523.jpg\" alt=\"\" height=\"667\" width=\"1000\" srcset=\"https:\/\/www.laufgruppe-schwerin.de\/wp-content\/uploads\/2017\/11\/IMG_7523.jpg 1000w, https:\/\/www.laufgruppe-schwerin.de\/wp-content\/uploads\/2017\/11\/IMG_7523-300x200.jpg 300w, https:\/\/www.laufgruppe-schwerin.de\/wp-content\/uploads\/2017\/11\/IMG_7523-768x512.jpg 768w\" sizes=\"auto, (max-width: 1000px) 100vw, 1000px\" \/><\/a><p id=\"caption-attachment-2031\" class=\"wp-caption-text\">Mathias (74) Foto: \u00a9 sprintefix.de<\/p><\/div>\n<div id=\"attachment_2033\" style=\"width: 1010px\" class=\"wp-caption alignleft\"><a href=\"https:\/\/www.laufgruppe-Schwerin.de\/wp-content\/uploads\/2017\/11\/IMG_8950.jpg\"><img loading=\"lazy\" decoding=\"async\" aria-describedby=\"caption-attachment-2033\" class=\"size-full wp-image-2033\" src=\"https:\/\/www.laufgruppe-Schwerin.de\/wp-content\/uploads\/2017\/11\/IMG_8950.jpg\" alt=\"\" height=\"666\" width=\"1000\" srcset=\"https:\/\/www.laufgruppe-schwerin.de\/wp-content\/uploads\/2017\/11\/IMG_8950.jpg 1000w, https:\/\/www.laufgruppe-schwerin.de\/wp-content\/uploads\/2017\/11\/IMG_8950-300x200.jpg 300w, https:\/\/www.laufgruppe-schwerin.de\/wp-content\/uploads\/2017\/11\/IMG_8950-768x511.jpg 768w\" sizes=\"auto, (max-width: 1000px) 100vw, 1000px\" \/><\/a><p id=\"caption-attachment-2033\" class=\"wp-caption-text\">Norbert Foto: \u00a9 sprintefix.de<\/p><\/div>\n<div id=\"attachment_2034\" style=\"width: 1010px\" class=\"wp-caption alignleft\"><a href=\"https:\/\/www.laufgruppe-Schwerin.de\/wp-content\/uploads\/2017\/11\/IMG_8620.jpg\"><img loading=\"lazy\" decoding=\"async\" aria-describedby=\"caption-attachment-2034\" class=\"size-full wp-image-2034\" src=\"https:\/\/www.laufgruppe-Schwerin.de\/wp-content\/uploads\/2017\/11\/IMG_8620.jpg\" alt=\"\" height=\"665\" width=\"1000\" srcset=\"https:\/\/www.laufgruppe-schwerin.de\/wp-content\/uploads\/2017\/11\/IMG_8620.jpg 1000w, https:\/\/www.laufgruppe-schwerin.de\/wp-content\/uploads\/2017\/11\/IMG_8620-300x200.jpg 300w, https:\/\/www.laufgruppe-schwerin.de\/wp-content\/uploads\/2017\/11\/IMG_8620-768x511.jpg 768w\" sizes=\"auto, (max-width: 1000px) 100vw, 1000px\" \/><\/a><p id=\"caption-attachment-2034\" class=\"wp-caption-text\">Oliver (links) Foto: \u00a9 sprintefix.de<\/p><\/div>\n<div id=\"attachment_2036\" style=\"width: 1010px\" class=\"wp-caption alignleft\"><a href=\"https:\/\/www.laufgruppe-Schwerin.de\/wp-content\/uploads\/2017\/11\/IMG_7533.jpg\"><img loading=\"lazy\" decoding=\"async\" aria-describedby=\"caption-attachment-2036\" class=\"size-full wp-image-2036\" src=\"https:\/\/www.laufgruppe-Schwerin.de\/wp-content\/uploads\/2017\/11\/IMG_7533.jpg\" alt=\"\" height=\"667\" width=\"1000\" srcset=\"https:\/\/www.laufgruppe-schwerin.de\/wp-content\/uploads\/2017\/11\/IMG_7533.jpg 1000w, https:\/\/www.laufgruppe-schwerin.de\/wp-content\/uploads\/2017\/11\/IMG_7533-300x200.jpg 300w, https:\/\/www.laufgruppe-schwerin.de\/wp-content\/uploads\/2017\/11\/IMG_7533-768x512.jpg 768w\" sizes=\"auto, (max-width: 1000px) 100vw, 1000px\" \/><\/a><p id=\"caption-attachment-2036\" class=\"wp-caption-text\">Patrick (81) Foto: \u00a9 sprintefix.de<\/p><\/div>\n<div id=\"attachment_2037\" style=\"width: 1010px\" class=\"wp-caption alignleft\"><a href=\"https:\/\/www.laufgruppe-Schwerin.de\/wp-content\/uploads\/2017\/11\/IMG_8989.jpg\"><img loading=\"lazy\" decoding=\"async\" aria-describedby=\"caption-attachment-2037\" class=\"size-full wp-image-2037\" src=\"https:\/\/www.laufgruppe-Schwerin.de\/wp-content\/uploads\/2017\/11\/IMG_8989.jpg\" alt=\"\" height=\"667\" width=\"1000\" srcset=\"https:\/\/www.laufgruppe-schwerin.de\/wp-content\/uploads\/2017\/11\/IMG_8989.jpg 1000w, https:\/\/www.laufgruppe-schwerin.de\/wp-content\/uploads\/2017\/11\/IMG_8989-300x200.jpg 300w, https:\/\/www.laufgruppe-schwerin.de\/wp-content\/uploads\/2017\/11\/IMG_8989-768x512.jpg 768w\" sizes=\"auto, (max-width: 1000px) 100vw, 1000px\" \/><\/a><p id=\"caption-attachment-2037\" class=\"wp-caption-text\">Sabine Foto: \u00a9 sprintefix.de<\/p><\/div>\n<div id=\"attachment_2039\" style=\"width: 1010px\" class=\"wp-caption alignleft\"><a href=\"https:\/\/www.laufgruppe-Schwerin.de\/wp-content\/uploads\/2017\/11\/IMG_8084.jpg\"><img loading=\"lazy\" decoding=\"async\" aria-describedby=\"caption-attachment-2039\" class=\"size-full wp-image-2039\" src=\"https:\/\/www.laufgruppe-Schwerin.de\/wp-content\/uploads\/2017\/11\/IMG_8084.jpg\" alt=\"\" height=\"667\" width=\"1000\" srcset=\"https:\/\/www.laufgruppe-schwerin.de\/wp-content\/uploads\/2017\/11\/IMG_8084.jpg 1000w, https:\/\/www.laufgruppe-schwerin.de\/wp-content\/uploads\/2017\/11\/IMG_8084-300x200.jpg 300w, https:\/\/www.laufgruppe-schwerin.de\/wp-content\/uploads\/2017\/11\/IMG_8084-768x512.jpg 768w\" sizes=\"auto, (max-width: 1000px) 100vw, 1000px\" \/><\/a><p id=\"caption-attachment-2039\" class=\"wp-caption-text\">Sofie Foto: \u00a9 sprintefix.de<\/p><\/div>\n<div id=\"attachment_2040\" style=\"width: 1010px\" class=\"wp-caption alignleft\"><a href=\"https:\/\/www.laufgruppe-Schwerin.de\/wp-content\/uploads\/2017\/11\/IMG_9595.jpg\"><img loading=\"lazy\" decoding=\"async\" aria-describedby=\"caption-attachment-2040\" class=\"size-full wp-image-2040\" src=\"https:\/\/www.laufgruppe-Schwerin.de\/wp-content\/uploads\/2017\/11\/IMG_9595.jpg\" alt=\"\" height=\"667\" width=\"1000\" srcset=\"https:\/\/www.laufgruppe-schwerin.de\/wp-content\/uploads\/2017\/11\/IMG_9595.jpg 1000w, https:\/\/www.laufgruppe-schwerin.de\/wp-content\/uploads\/2017\/11\/IMG_9595-300x200.jpg 300w, https:\/\/www.laufgruppe-schwerin.de\/wp-content\/uploads\/2017\/11\/IMG_9595-768x512.jpg 768w\" sizes=\"auto, (max-width: 1000px) 100vw, 1000px\" \/><\/a><p id=\"caption-attachment-2040\" class=\"wp-caption-text\">Christian Foto: \u00a9 sprintefix.de<\/p><\/div>\n<div id=\"attachment_2041\" style=\"width: 1010px\" class=\"wp-caption alignleft\"><a href=\"https:\/\/www.laufgruppe-Schwerin.de\/wp-content\/uploads\/2017\/11\/IMG_9625.jpg\"><img loading=\"lazy\" decoding=\"async\" aria-describedby=\"caption-attachment-2041\" class=\"size-full wp-image-2041\" src=\"https:\/\/www.laufgruppe-Schwerin.de\/wp-content\/uploads\/2017\/11\/IMG_9625.jpg\" alt=\"\" height=\"668\" width=\"1000\" srcset=\"https:\/\/www.laufgruppe-schwerin.de\/wp-content\/uploads\/2017\/11\/IMG_9625.jpg 1000w, https:\/\/www.laufgruppe-schwerin.de\/wp-content\/uploads\/2017\/11\/IMG_9625-300x200.jpg 300w, https:\/\/www.laufgruppe-schwerin.de\/wp-content\/uploads\/2017\/11\/IMG_9625-768x513.jpg 768w\" sizes=\"auto, (max-width: 1000px) 100vw, 1000px\" \/><\/a><p id=\"caption-attachment-2041\" class=\"wp-caption-text\">Frank Foto: \u00a9 sprintefix.de<\/p><\/div>\n<div id=\"attachment_2043\" style=\"width: 1010px\" class=\"wp-caption alignleft\"><a href=\"https:\/\/www.laufgruppe-Schwerin.de\/wp-content\/uploads\/2017\/11\/IMG_9575.jpg\"><img loading=\"lazy\" decoding=\"async\" aria-describedby=\"caption-attachment-2043\" class=\"size-full wp-image-2043\" src=\"https:\/\/www.laufgruppe-Schwerin.de\/wp-content\/uploads\/2017\/11\/IMG_9575.jpg\" alt=\"\" height=\"666\" width=\"1000\" srcset=\"https:\/\/www.laufgruppe-schwerin.de\/wp-content\/uploads\/2017\/11\/IMG_9575.jpg 1000w, https:\/\/www.laufgruppe-schwerin.de\/wp-content\/uploads\/2017\/11\/IMG_9575-300x200.jpg 300w, https:\/\/www.laufgruppe-schwerin.de\/wp-content\/uploads\/2017\/11\/IMG_9575-768x511.jpg 768w\" sizes=\"auto, (max-width: 1000px) 100vw, 1000px\" \/><\/a><p id=\"caption-attachment-2043\" class=\"wp-caption-text\">Ulrike (84) und Sofie<\/p><\/div>\n<p>&nbsp;<\/p>\n<p>&nbsp;<\/p>\n<iframe src=\"http:\/\/www.facebook.com\/plugins\/like.php?href=https%3A%2F%2Fwww.laufgruppe-schwerin.de%2F%3Fp%3D2022&amp;layout=standard&amp;show_faces=true&amp;width=450&amp;action=like&amp;colorscheme=light\" scrolling=\"no\" frameborder=\"0\" allowTransparency=\"true\" style=\"border:none; overflow:hidden; width:450px;margin-top:5px;\"><\/iframe>","protected":false},"excerpt":{"rendered":"<p>Der 24. Fachhochschullauf in der Hansestadt Stralsund war zugleich die vorletzte und 14.Station im diesj\u00e4hrigen Laufcup Mecklenburg-Vorpommern. Auf der anspruchsvollen 10-Meilenstrecke gingen im Teilnehmerfeld des Hauptlaufes 3 L\u00e4uferin und 8 L\u00e4ufer unserer Laufgruppe an den Start. Auf der 8 Kilometerstrecke gingen 2 L\u00e4uferinnen ins Rennen. Die ersten b\u00f6igen Ausl\u00e4ufer von Sturmtief \u201eHerwart\u201c begr\u00fc\u00dften die L\u00e4uferinnen [&hellip;]<\/p>\n","protected":false},"author":3,"featured_media":2045,"comment_status":"open","ping_status":"open","sticky":false,"template":"","format":"standard","meta":{"ngg_post_thumbnail":0,"footnotes":""},"categories":[3],"tags":[],"class_list":{"0":"post-2022","1":"post","2":"type-post","3":"status-publish","4":"format-standard","5":"has-post-thumbnail","7":"category-laufcup-mv","8":"czr-hentry"},"_links":{"self":[{"href":"https:\/\/www.laufgruppe-schwerin.de\/index.php?rest_route=\/wp\/v2\/posts\/2022","targetHints":{"allow":["GET"]}}],"collection":[{"href":"https:\/\/www.laufgruppe-schwerin.de\/index.php?rest_route=\/wp\/v2\/posts"}],"about":[{"href":"https:\/\/www.laufgruppe-schwerin.de\/index.php?rest_route=\/wp\/v2\/types\/post"}],"author":[{"embeddable":true,"href":"https:\/\/www.laufgruppe-schwerin.de\/index.php?rest_route=\/wp\/v2\/users\/3"}],"replies":[{"embeddable":true,"href":"https:\/\/www.laufgruppe-schwerin.de\/index.php?rest_route=%2Fwp%2Fv2%2Fcomments&post=2022"}],"version-history":[{"count":7,"href":"https:\/\/www.laufgruppe-schwerin.de\/index.php?rest_route=\/wp\/v2\/posts\/2022\/revisions"}],"predecessor-version":[{"id":2044,"href":"https:\/\/www.laufgruppe-schwerin.de\/index.php?rest_route=\/wp\/v2\/posts\/2022\/revisions\/2044"}],"wp:featuredmedia":[{"embeddable":true,"href":"https:\/\/www.laufgruppe-schwerin.de\/index.php?rest_route=\/wp\/v2\/media\/2045"}],"wp:attachment":[{"href":"https:\/\/www.laufgruppe-schwerin.de\/index.php?rest_route=%2Fwp%2Fv2%2Fmedia&parent=2022"}],"wp:term":[{"taxonomy":"category","embeddable":true,"href":"https:\/\/www.laufgruppe-schwerin.de\/index.php?rest_route=%2Fwp%2Fv2%2Fcategories&post=2022"},{"taxonomy":"post_tag","embeddable":true,"href":"https:\/\/www.laufgruppe-schwerin.de\/index.php?rest_route=%2Fwp%2Fv2%2Ftags&post=2022"}],"curies":[{"name":"wp","href":"https:\/\/api.w.org\/{rel}","templated":true}]}}