{"id":1998,"date":"2017-10-27T20:15:02","date_gmt":"2017-10-27T18:15:02","guid":{"rendered":"http:\/\/www.laufgruppe-schwerin.de\/?p=1998"},"modified":"2017-10-27T20:15:02","modified_gmt":"2017-10-27T18:15:02","slug":"einen-titel-und-drei-dritte-plaetze-bei-den-landesmeisterschaften-im-10-kilometer-strassenlauf","status":"publish","type":"post","link":"https:\/\/www.laufgruppe-schwerin.de\/?p=1998","title":{"rendered":"Einen Titel und drei dritte Pl\u00e4tze bei den Landesmeisterschaften im 10 Kilometer-Stra\u00dfenlauf"},"content":{"rendered":"<p>F\u00fcr eine L\u00e4uferin und 10 L\u00e4ufer ging es am 8. Oktober ins Seebad Lubmin. Hier wurden im Rahmen des 16. Sebastian-Fredrich-Gedenklauf die Landesmeisterschaften im 10 Kilometer-Stra\u00dfenlauf ausgetragen. Gleichzeitig gab es auf der 13. und drittletzten Station im Laufcup Mecklenburg-Vorpommern wichtige Cuppunkte. Im Hauptlauf \u00fcber 10 Kilometer erreichten insgesamt 271 (95 w \/ 176 m) L\u00e4uferinnen und L\u00e4ufer auf dem schnellen Rundkurs von 2500 Meter nach 4 Umrundungen das Ziel, darunter 173 (62 w&nbsp; \/ 111 m) in den Wertungen f\u00fcr Landesmeisterschaft und Cup. An der Ostseek\u00fcste herrschte, nach dem verregneten Samstag, am Sonntag sonniges und windiges Wetter bei Temperaturen um 10 Grad. Sabine Bahr finishte in 46:27 min auf den Bronzerang ihrer W50 und als Elfte in der Gesamtwertung. Von unseren L\u00e4ufern sorgte wieder Marco Wien f\u00fcr das Topergebnis. In 37:20 min erl\u00e4uft sich Marco Wien den Titel in seiner M40 und in der Gesamtwertung erreicht er den 13. Platz. F\u00fcr Frank Tschersich (M30) und Lothar Gajek (M60) &nbsp;gibt es jeweils Bronze. Frank ben\u00f6tigt f\u00fcr die 4 Runden durch das Seebad Lubmin 43:48 min und Lothar 44:50 min. Harald Tschersich wird in 46:02 min Vierter seiner M60. Sechste Pl\u00e4tze gibt es f\u00fcr Frank Leonhardt (M50) in 42:08 min und Lothar Domnick (M55) mit 44:04 min. Frank Riebschl\u00e4ger l\u00e4uft 54:12 min und damit auf den 16. Platz seiner M45. Christian Stapel erreichte in seiner M50 durch 53:43 min den 12. Platz. In der Altersklasse M55 l\u00e4uft Fred Kiesendahl mit 51:43 min als Dreizehnter ins Ziel. Rainer Bastek kam in 59:54 min als Dreizehnter der M60 durchs Ziel.<\/p>\n<p><a href=\"https:\/\/www.laufgruppe-Schwerin.de\/wp-content\/uploads\/2017\/10\/LM-Lubmin-2017-129.jpg\"><img loading=\"lazy\" decoding=\"async\" class=\"alignleft size-full wp-image-1999\" src=\"https:\/\/www.laufgruppe-Schwerin.de\/wp-content\/uploads\/2017\/10\/LM-Lubmin-2017-129.jpg\" alt=\"\" height=\"768\" width=\"1024\" srcset=\"https:\/\/www.laufgruppe-schwerin.de\/wp-content\/uploads\/2017\/10\/LM-Lubmin-2017-129.jpg 1024w, https:\/\/www.laufgruppe-schwerin.de\/wp-content\/uploads\/2017\/10\/LM-Lubmin-2017-129-300x225.jpg 300w, https:\/\/www.laufgruppe-schwerin.de\/wp-content\/uploads\/2017\/10\/LM-Lubmin-2017-129-768x576.jpg 768w\" sizes=\"auto, (max-width: 1024px) 100vw, 1024px\" \/><\/a><\/p>\n<p>&nbsp;<\/p>\n<div id=\"attachment_2001\" style=\"width: 1010px\" class=\"wp-caption alignleft\"><a href=\"https:\/\/www.laufgruppe-Schwerin.de\/wp-content\/uploads\/2017\/10\/IMG_3731.jpg\"><img loading=\"lazy\" decoding=\"async\" aria-describedby=\"caption-attachment-2001\" class=\"size-full wp-image-2001\" src=\"https:\/\/www.laufgruppe-Schwerin.de\/wp-content\/uploads\/2017\/10\/IMG_3731.jpg\" alt=\"\" height=\"667\" width=\"1000\" srcset=\"https:\/\/www.laufgruppe-schwerin.de\/wp-content\/uploads\/2017\/10\/IMG_3731.jpg 1000w, https:\/\/www.laufgruppe-schwerin.de\/wp-content\/uploads\/2017\/10\/IMG_3731-300x200.jpg 300w, https:\/\/www.laufgruppe-schwerin.de\/wp-content\/uploads\/2017\/10\/IMG_3731-768x512.jpg 768w\" sizes=\"auto, (max-width: 1000px) 100vw, 1000px\" \/><\/a><p id=\"caption-attachment-2001\" class=\"wp-caption-text\">Harald (160) Foto: \u00a9 sprintefix.de<\/p><\/div>\n<div id=\"attachment_2002\" style=\"width: 1010px\" class=\"wp-caption alignleft\"><a href=\"https:\/\/www.laufgruppe-Schwerin.de\/wp-content\/uploads\/2017\/10\/IMG_3733.jpg\"><img loading=\"lazy\" decoding=\"async\" aria-describedby=\"caption-attachment-2002\" class=\"size-full wp-image-2002\" src=\"https:\/\/www.laufgruppe-Schwerin.de\/wp-content\/uploads\/2017\/10\/IMG_3733.jpg\" alt=\"\" height=\"667\" width=\"1000\" srcset=\"https:\/\/www.laufgruppe-schwerin.de\/wp-content\/uploads\/2017\/10\/IMG_3733.jpg 1000w, https:\/\/www.laufgruppe-schwerin.de\/wp-content\/uploads\/2017\/10\/IMG_3733-300x200.jpg 300w, https:\/\/www.laufgruppe-schwerin.de\/wp-content\/uploads\/2017\/10\/IMG_3733-768x512.jpg 768w\" sizes=\"auto, (max-width: 1000px) 100vw, 1000px\" \/><\/a><p id=\"caption-attachment-2002\" class=\"wp-caption-text\">Fred (155) Foto: \u00a9 sprintefix.de<\/p><\/div>\n<div id=\"attachment_2004\" style=\"width: 1010px\" class=\"wp-caption alignleft\"><a href=\"https:\/\/www.laufgruppe-Schwerin.de\/wp-content\/uploads\/2017\/10\/IMG_3734.jpg\"><img loading=\"lazy\" decoding=\"async\" aria-describedby=\"caption-attachment-2004\" class=\"size-full wp-image-2004\" src=\"https:\/\/www.laufgruppe-Schwerin.de\/wp-content\/uploads\/2017\/10\/IMG_3734.jpg\" alt=\"\" height=\"667\" width=\"1000\" srcset=\"https:\/\/www.laufgruppe-schwerin.de\/wp-content\/uploads\/2017\/10\/IMG_3734.jpg 1000w, https:\/\/www.laufgruppe-schwerin.de\/wp-content\/uploads\/2017\/10\/IMG_3734-300x200.jpg 300w, https:\/\/www.laufgruppe-schwerin.de\/wp-content\/uploads\/2017\/10\/IMG_3734-768x512.jpg 768w\" sizes=\"auto, (max-width: 1000px) 100vw, 1000px\" \/><\/a><p id=\"caption-attachment-2004\" class=\"wp-caption-text\">Frank Riebschl\u00e4ger (links) und Christian Foto: \u00a9 sprintefix.de<\/p><\/div>\n<div id=\"attachment_2006\" style=\"width: 1010px\" class=\"wp-caption alignleft\"><a href=\"https:\/\/www.laufgruppe-Schwerin.de\/wp-content\/uploads\/2017\/10\/IMG_3736.jpg\"><img loading=\"lazy\" decoding=\"async\" aria-describedby=\"caption-attachment-2006\" class=\"size-full wp-image-2006\" src=\"https:\/\/www.laufgruppe-Schwerin.de\/wp-content\/uploads\/2017\/10\/IMG_3736.jpg\" alt=\"\" height=\"666\" width=\"1000\" srcset=\"https:\/\/www.laufgruppe-schwerin.de\/wp-content\/uploads\/2017\/10\/IMG_3736.jpg 1000w, https:\/\/www.laufgruppe-schwerin.de\/wp-content\/uploads\/2017\/10\/IMG_3736-300x200.jpg 300w, https:\/\/www.laufgruppe-schwerin.de\/wp-content\/uploads\/2017\/10\/IMG_3736-768x511.jpg 768w\" sizes=\"auto, (max-width: 1000px) 100vw, 1000px\" \/><\/a><p id=\"caption-attachment-2006\" class=\"wp-caption-text\">Rainer (152) Foto: \u00a9 sprintefix.de<\/p><\/div>\n<div id=\"attachment_2007\" style=\"width: 1010px\" class=\"wp-caption alignleft\"><a href=\"https:\/\/www.laufgruppe-Schwerin.de\/wp-content\/uploads\/2017\/10\/IMG_3739.jpg\"><img loading=\"lazy\" decoding=\"async\" aria-describedby=\"caption-attachment-2007\" class=\"size-full wp-image-2007\" src=\"https:\/\/www.laufgruppe-Schwerin.de\/wp-content\/uploads\/2017\/10\/IMG_3739.jpg\" alt=\"\" height=\"667\" width=\"1000\" srcset=\"https:\/\/www.laufgruppe-schwerin.de\/wp-content\/uploads\/2017\/10\/IMG_3739.jpg 1000w, https:\/\/www.laufgruppe-schwerin.de\/wp-content\/uploads\/2017\/10\/IMG_3739-300x200.jpg 300w, https:\/\/www.laufgruppe-schwerin.de\/wp-content\/uploads\/2017\/10\/IMG_3739-768x512.jpg 768w\" sizes=\"auto, (max-width: 1000px) 100vw, 1000px\" \/><\/a><p id=\"caption-attachment-2007\" class=\"wp-caption-text\">Frank Leonhardt Foto: \u00a9 sprintefix.de<\/p><\/div>\n<div id=\"attachment_2009\" style=\"width: 1010px\" class=\"wp-caption alignleft\"><a href=\"https:\/\/www.laufgruppe-Schwerin.de\/wp-content\/uploads\/2017\/10\/IMG_3740.jpg\"><img loading=\"lazy\" decoding=\"async\" aria-describedby=\"caption-attachment-2009\" class=\"size-full wp-image-2009\" src=\"https:\/\/www.laufgruppe-Schwerin.de\/wp-content\/uploads\/2017\/10\/IMG_3740.jpg\" alt=\"\" height=\"668\" width=\"1000\" srcset=\"https:\/\/www.laufgruppe-schwerin.de\/wp-content\/uploads\/2017\/10\/IMG_3740.jpg 1000w, https:\/\/www.laufgruppe-schwerin.de\/wp-content\/uploads\/2017\/10\/IMG_3740-300x200.jpg 300w, https:\/\/www.laufgruppe-schwerin.de\/wp-content\/uploads\/2017\/10\/IMG_3740-768x513.jpg 768w\" sizes=\"auto, (max-width: 1000px) 100vw, 1000px\" \/><\/a><p id=\"caption-attachment-2009\" class=\"wp-caption-text\">Lothar Domnick (152) Foto: \u00a9 sprintefix.de<\/p><\/div>\n<div id=\"attachment_2010\" style=\"width: 778px\" class=\"wp-caption alignleft\"><a href=\"https:\/\/www.laufgruppe-Schwerin.de\/wp-content\/uploads\/2017\/10\/LM-Lubmin-2017-113-e1509127257654.jpg\"><img loading=\"lazy\" decoding=\"async\" aria-describedby=\"caption-attachment-2010\" class=\"size-full wp-image-2010\" src=\"https:\/\/www.laufgruppe-Schwerin.de\/wp-content\/uploads\/2017\/10\/LM-Lubmin-2017-113-e1509127257654.jpg\" alt=\"\" height=\"1024\" width=\"768\" srcset=\"https:\/\/www.laufgruppe-schwerin.de\/wp-content\/uploads\/2017\/10\/LM-Lubmin-2017-113-e1509127257654.jpg 768w, https:\/\/www.laufgruppe-schwerin.de\/wp-content\/uploads\/2017\/10\/LM-Lubmin-2017-113-e1509127257654-225x300.jpg 225w\" sizes=\"auto, (max-width: 768px) 100vw, 768px\" \/><\/a><p id=\"caption-attachment-2010\" class=\"wp-caption-text\">Frank Tschersich (rechts)<\/p><\/div>\n<div id=\"attachment_2012\" style=\"width: 778px\" class=\"wp-caption alignleft\"><a href=\"https:\/\/www.laufgruppe-Schwerin.de\/wp-content\/uploads\/2017\/10\/LM-Lubmin-2017-119-e1509127333932.jpg\"><img loading=\"lazy\" decoding=\"async\" aria-describedby=\"caption-attachment-2012\" class=\"size-full wp-image-2012\" src=\"https:\/\/www.laufgruppe-Schwerin.de\/wp-content\/uploads\/2017\/10\/LM-Lubmin-2017-119-e1509127333932.jpg\" alt=\"\" height=\"1024\" width=\"768\" srcset=\"https:\/\/www.laufgruppe-schwerin.de\/wp-content\/uploads\/2017\/10\/LM-Lubmin-2017-119-e1509127333932.jpg 768w, https:\/\/www.laufgruppe-schwerin.de\/wp-content\/uploads\/2017\/10\/LM-Lubmin-2017-119-e1509127333932-225x300.jpg 225w\" sizes=\"auto, (max-width: 768px) 100vw, 768px\" \/><\/a><p id=\"caption-attachment-2012\" class=\"wp-caption-text\">Landesmeister Marco (Mitte)<\/p><\/div>\n<div id=\"attachment_2014\" style=\"width: 778px\" class=\"wp-caption alignleft\"><a href=\"https:\/\/www.laufgruppe-Schwerin.de\/wp-content\/uploads\/2017\/10\/LM-Lubmin-2017-121-e1509127413880.jpg\"><img loading=\"lazy\" decoding=\"async\" aria-describedby=\"caption-attachment-2014\" class=\"size-full wp-image-2014\" src=\"https:\/\/www.laufgruppe-Schwerin.de\/wp-content\/uploads\/2017\/10\/LM-Lubmin-2017-121-e1509127413880.jpg\" alt=\"\" height=\"1024\" width=\"768\" srcset=\"https:\/\/www.laufgruppe-schwerin.de\/wp-content\/uploads\/2017\/10\/LM-Lubmin-2017-121-e1509127413880.jpg 768w, https:\/\/www.laufgruppe-schwerin.de\/wp-content\/uploads\/2017\/10\/LM-Lubmin-2017-121-e1509127413880-225x300.jpg 225w\" sizes=\"auto, (max-width: 768px) 100vw, 768px\" \/><\/a><p id=\"caption-attachment-2014\" class=\"wp-caption-text\">Sabine (rechts)<\/p><\/div>\n<div id=\"attachment_2015\" style=\"width: 778px\" class=\"wp-caption alignleft\"><a href=\"https:\/\/www.laufgruppe-Schwerin.de\/wp-content\/uploads\/2017\/10\/LM-Lubmin-2017-127.jpg\"><img loading=\"lazy\" decoding=\"async\" aria-describedby=\"caption-attachment-2015\" class=\"size-full wp-image-2015\" src=\"https:\/\/www.laufgruppe-Schwerin.de\/wp-content\/uploads\/2017\/10\/LM-Lubmin-2017-127.jpg\" alt=\"\" height=\"1024\" width=\"768\" srcset=\"https:\/\/www.laufgruppe-schwerin.de\/wp-content\/uploads\/2017\/10\/LM-Lubmin-2017-127.jpg 768w, https:\/\/www.laufgruppe-schwerin.de\/wp-content\/uploads\/2017\/10\/LM-Lubmin-2017-127-225x300.jpg 225w\" sizes=\"auto, (max-width: 768px) 100vw, 768px\" \/><\/a><p id=\"caption-attachment-2015\" class=\"wp-caption-text\">Lothar Gajek (rechts)<\/p><\/div>\n<p>&nbsp;<\/p>\n<p>&nbsp;<\/p>\n<p>&nbsp;<\/p>\n<iframe src=\"http:\/\/www.facebook.com\/plugins\/like.php?href=https%3A%2F%2Fwww.laufgruppe-schwerin.de%2F%3Fp%3D1998&amp;layout=standard&amp;show_faces=true&amp;width=450&amp;action=like&amp;colorscheme=light\" scrolling=\"no\" frameborder=\"0\" allowTransparency=\"true\" style=\"border:none; overflow:hidden; width:450px;margin-top:5px;\"><\/iframe>","protected":false},"excerpt":{"rendered":"<p>F\u00fcr eine L\u00e4uferin und 10 L\u00e4ufer ging es am 8. Oktober ins Seebad Lubmin. Hier wurden im Rahmen des 16. Sebastian-Fredrich-Gedenklauf die Landesmeisterschaften im 10 Kilometer-Stra\u00dfenlauf ausgetragen. Gleichzeitig gab es auf der 13. und drittletzten Station im Laufcup Mecklenburg-Vorpommern wichtige Cuppunkte. Im Hauptlauf \u00fcber 10 Kilometer erreichten insgesamt 271 (95 w \/ 176 m) L\u00e4uferinnen [&hellip;]<\/p>\n","protected":false},"author":3,"featured_media":2017,"comment_status":"open","ping_status":"open","sticky":false,"template":"","format":"standard","meta":{"ngg_post_thumbnail":0,"footnotes":""},"categories":[3],"tags":[],"class_list":{"0":"post-1998","1":"post","2":"type-post","3":"status-publish","4":"format-standard","5":"has-post-thumbnail","7":"category-laufcup-mv","8":"czr-hentry"},"_links":{"self":[{"href":"https:\/\/www.laufgruppe-schwerin.de\/index.php?rest_route=\/wp\/v2\/posts\/1998","targetHints":{"allow":["GET"]}}],"collection":[{"href":"https:\/\/www.laufgruppe-schwerin.de\/index.php?rest_route=\/wp\/v2\/posts"}],"about":[{"href":"https:\/\/www.laufgruppe-schwerin.de\/index.php?rest_route=\/wp\/v2\/types\/post"}],"author":[{"embeddable":true,"href":"https:\/\/www.laufgruppe-schwerin.de\/index.php?rest_route=\/wp\/v2\/users\/3"}],"replies":[{"embeddable":true,"href":"https:\/\/www.laufgruppe-schwerin.de\/index.php?rest_route=%2Fwp%2Fv2%2Fcomments&post=1998"}],"version-history":[{"count":7,"href":"https:\/\/www.laufgruppe-schwerin.de\/index.php?rest_route=\/wp\/v2\/posts\/1998\/revisions"}],"predecessor-version":[{"id":2016,"href":"https:\/\/www.laufgruppe-schwerin.de\/index.php?rest_route=\/wp\/v2\/posts\/1998\/revisions\/2016"}],"wp:featuredmedia":[{"embeddable":true,"href":"https:\/\/www.laufgruppe-schwerin.de\/index.php?rest_route=\/wp\/v2\/media\/2017"}],"wp:attachment":[{"href":"https:\/\/www.laufgruppe-schwerin.de\/index.php?rest_route=%2Fwp%2Fv2%2Fmedia&parent=1998"}],"wp:term":[{"taxonomy":"category","embeddable":true,"href":"https:\/\/www.laufgruppe-schwerin.de\/index.php?rest_route=%2Fwp%2Fv2%2Fcategories&post=1998"},{"taxonomy":"post_tag","embeddable":true,"href":"https:\/\/www.laufgruppe-schwerin.de\/index.php?rest_route=%2Fwp%2Fv2%2Ftags&post=1998"}],"curies":[{"name":"wp","href":"https:\/\/api.w.org\/{rel}","templated":true}]}}