{"id":1989,"date":"2017-09-28T10:50:56","date_gmt":"2017-09-28T08:50:56","guid":{"rendered":"http:\/\/www.laufgruppe-schwerin.de\/?p=1989"},"modified":"2017-09-28T10:50:56","modified_gmt":"2017-09-28T08:50:56","slug":"11-baaber-heidelauf-alle-aufs-podest","status":"publish","type":"post","link":"https:\/\/www.laufgruppe-schwerin.de\/?p=1989","title":{"rendered":"11. Baaber Heidelauf  &#8211; Alle aufs Podest"},"content":{"rendered":"<p>Einmal im Jahr werden auch auf der Ostseeinsel R\u00fcgen Laufcuppunkte vergeben.<\/p>\n<p>Mit dem 11. Baaber Heidelauf &nbsp;legte der Laufcup Mecklenburg-Vorpommern auf seiner diesj\u00e4hrigen 12. Station auf der Insel R\u00fcgen an. Anja Wittwer, Marten Lamschus, Frank und Harald Tschersich von unserer Laufgruppe stellten sich der Herausforderung und nahmen daf\u00fcr den weiten Anfahrtsweg in Kauf. Im Hauptlauf \u00fcber 15 Kilometer gingen insgesamt 22 Frauen und 66 M\u00e4nner an den Start. Hierbei verlief die Strecke nach dem Start im Stadion auf der dreimal zu laufenden abwechslungsreichen 4 km-Runde durch die Baaber Heide und entlang der Strandpromenade, bevor es zum Zieleinlauf wieder ins Stadion ging. Anja wurde hervorragende Gesamtf\u00fcnfte und gewann in 1h08:44 ihre Altersklasse W30. Damit konnte Anja auch die F\u00fchrung in ihrer Altersklassewertung&nbsp; \u00fcbernehmen. Marten Lamschus lief als Gesamtsiebenter und Sieger seiner M30 in schnellen 57:49 min durchs Ziel. In der gleichen Altersklasse wurde Frank Tschersich in 1h10:39 Zweiter und Harald Tschersich erreichte in seiner M60 nach 1h11:30 als Dritter die Ziellinie. Damit konnten wir auf R\u00fcgen auch den Abstand zum SC Laage, Dritter in der Mannschaftswertung, verk\u00fcrzen.<\/p>\n<div id=\"attachment_1990\" style=\"width: 1034px\" class=\"wp-caption alignleft\"><a href=\"https:\/\/www.laufgruppe-Schwerin.de\/wp-content\/uploads\/2017\/09\/DSC01489.jpg\"><img loading=\"lazy\" decoding=\"async\" aria-describedby=\"caption-attachment-1990\" class=\"size-full wp-image-1990\" src=\"https:\/\/www.laufgruppe-Schwerin.de\/wp-content\/uploads\/2017\/09\/DSC01489.jpg\" alt=\"\" height=\"768\" width=\"1024\" srcset=\"https:\/\/www.laufgruppe-schwerin.de\/wp-content\/uploads\/2017\/09\/DSC01489.jpg 1024w, https:\/\/www.laufgruppe-schwerin.de\/wp-content\/uploads\/2017\/09\/DSC01489-300x225.jpg 300w, https:\/\/www.laufgruppe-schwerin.de\/wp-content\/uploads\/2017\/09\/DSC01489-768x576.jpg 768w\" sizes=\"auto, (max-width: 1024px) 100vw, 1024px\" \/><\/a><p id=\"caption-attachment-1990\" class=\"wp-caption-text\">Unsere R\u00fcgenstarter<br \/>v.l. Frank Tschersich, Anja Wittwer, Marten Lamschus und Harald Tschersich<\/p><\/div>\n<div id=\"attachment_1992\" style=\"width: 778px\" class=\"wp-caption alignleft\"><a href=\"https:\/\/www.laufgruppe-Schwerin.de\/wp-content\/uploads\/2017\/09\/DSC01495.jpg\"><img loading=\"lazy\" decoding=\"async\" aria-describedby=\"caption-attachment-1992\" class=\"size-full wp-image-1992\" src=\"https:\/\/www.laufgruppe-Schwerin.de\/wp-content\/uploads\/2017\/09\/DSC01495.jpg\" alt=\"\" height=\"1024\" width=\"768\" srcset=\"https:\/\/www.laufgruppe-schwerin.de\/wp-content\/uploads\/2017\/09\/DSC01495.jpg 768w, https:\/\/www.laufgruppe-schwerin.de\/wp-content\/uploads\/2017\/09\/DSC01495-225x300.jpg 225w\" sizes=\"auto, (max-width: 768px) 100vw, 768px\" \/><\/a><p id=\"caption-attachment-1992\" class=\"wp-caption-text\">Anja Siegerin W30<\/p><\/div>\n<div id=\"attachment_1993\" style=\"width: 778px\" class=\"wp-caption alignleft\"><a href=\"https:\/\/www.laufgruppe-Schwerin.de\/wp-content\/uploads\/2017\/09\/DSC01496.jpg\"><img loading=\"lazy\" decoding=\"async\" aria-describedby=\"caption-attachment-1993\" class=\"size-full wp-image-1993\" src=\"https:\/\/www.laufgruppe-Schwerin.de\/wp-content\/uploads\/2017\/09\/DSC01496.jpg\" alt=\"\" height=\"1024\" width=\"768\" srcset=\"https:\/\/www.laufgruppe-schwerin.de\/wp-content\/uploads\/2017\/09\/DSC01496.jpg 768w, https:\/\/www.laufgruppe-schwerin.de\/wp-content\/uploads\/2017\/09\/DSC01496-225x300.jpg 225w\" sizes=\"auto, (max-width: 768px) 100vw, 768px\" \/><\/a><p id=\"caption-attachment-1993\" class=\"wp-caption-text\">Marten Erster und Frank Zweiter M30<\/p><\/div>\n<div id=\"attachment_1994\" style=\"width: 1034px\" class=\"wp-caption alignleft\"><a href=\"https:\/\/www.laufgruppe-Schwerin.de\/wp-content\/uploads\/2017\/09\/DSC01497.jpg\"><img loading=\"lazy\" decoding=\"async\" aria-describedby=\"caption-attachment-1994\" class=\"size-full wp-image-1994\" src=\"https:\/\/www.laufgruppe-Schwerin.de\/wp-content\/uploads\/2017\/09\/DSC01497.jpg\" alt=\"\" height=\"768\" width=\"1024\" srcset=\"https:\/\/www.laufgruppe-schwerin.de\/wp-content\/uploads\/2017\/09\/DSC01497.jpg 1024w, https:\/\/www.laufgruppe-schwerin.de\/wp-content\/uploads\/2017\/09\/DSC01497-300x225.jpg 300w, https:\/\/www.laufgruppe-schwerin.de\/wp-content\/uploads\/2017\/09\/DSC01497-768x576.jpg 768w\" sizes=\"auto, (max-width: 1024px) 100vw, 1024px\" \/><\/a><p id=\"caption-attachment-1994\" class=\"wp-caption-text\">Harald Dritter M60<\/p><\/div>\n<iframe src=\"http:\/\/www.facebook.com\/plugins\/like.php?href=https%3A%2F%2Fwww.laufgruppe-schwerin.de%2F%3Fp%3D1989&amp;layout=standard&amp;show_faces=true&amp;width=450&amp;action=like&amp;colorscheme=light\" scrolling=\"no\" frameborder=\"0\" allowTransparency=\"true\" style=\"border:none; overflow:hidden; width:450px;margin-top:5px;\"><\/iframe>","protected":false},"excerpt":{"rendered":"<p>Einmal im Jahr werden auch auf der Ostseeinsel R\u00fcgen Laufcuppunkte vergeben. Mit dem 11. Baaber Heidelauf &nbsp;legte der Laufcup Mecklenburg-Vorpommern auf seiner diesj\u00e4hrigen 12. Station auf der Insel R\u00fcgen an. Anja Wittwer, Marten Lamschus, Frank und Harald Tschersich von unserer Laufgruppe stellten sich der Herausforderung und nahmen daf\u00fcr den weiten Anfahrtsweg in Kauf. Im Hauptlauf [&hellip;]<\/p>\n","protected":false},"author":3,"featured_media":1995,"comment_status":"open","ping_status":"open","sticky":false,"template":"","format":"standard","meta":{"ngg_post_thumbnail":0,"footnotes":""},"categories":[3],"tags":[],"class_list":{"0":"post-1989","1":"post","2":"type-post","3":"status-publish","4":"format-standard","5":"has-post-thumbnail","7":"category-laufcup-mv","8":"czr-hentry"},"_links":{"self":[{"href":"https:\/\/www.laufgruppe-schwerin.de\/index.php?rest_route=\/wp\/v2\/posts\/1989","targetHints":{"allow":["GET"]}}],"collection":[{"href":"https:\/\/www.laufgruppe-schwerin.de\/index.php?rest_route=\/wp\/v2\/posts"}],"about":[{"href":"https:\/\/www.laufgruppe-schwerin.de\/index.php?rest_route=\/wp\/v2\/types\/post"}],"author":[{"embeddable":true,"href":"https:\/\/www.laufgruppe-schwerin.de\/index.php?rest_route=\/wp\/v2\/users\/3"}],"replies":[{"embeddable":true,"href":"https:\/\/www.laufgruppe-schwerin.de\/index.php?rest_route=%2Fwp%2Fv2%2Fcomments&post=1989"}],"version-history":[{"count":2,"href":"https:\/\/www.laufgruppe-schwerin.de\/index.php?rest_route=\/wp\/v2\/posts\/1989\/revisions"}],"predecessor-version":[{"id":1996,"href":"https:\/\/www.laufgruppe-schwerin.de\/index.php?rest_route=\/wp\/v2\/posts\/1989\/revisions\/1996"}],"wp:featuredmedia":[{"embeddable":true,"href":"https:\/\/www.laufgruppe-schwerin.de\/index.php?rest_route=\/wp\/v2\/media\/1995"}],"wp:attachment":[{"href":"https:\/\/www.laufgruppe-schwerin.de\/index.php?rest_route=%2Fwp%2Fv2%2Fmedia&parent=1989"}],"wp:term":[{"taxonomy":"category","embeddable":true,"href":"https:\/\/www.laufgruppe-schwerin.de\/index.php?rest_route=%2Fwp%2Fv2%2Fcategories&post=1989"},{"taxonomy":"post_tag","embeddable":true,"href":"https:\/\/www.laufgruppe-schwerin.de\/index.php?rest_route=%2Fwp%2Fv2%2Ftags&post=1989"}],"curies":[{"name":"wp","href":"https:\/\/api.w.org\/{rel}","templated":true}]}}