{"id":1952,"date":"2017-09-15T19:48:14","date_gmt":"2017-09-15T17:48:14","guid":{"rendered":"http:\/\/www.laufgruppe-schwerin.de\/?p=1952"},"modified":"2017-09-15T19:48:14","modified_gmt":"2017-09-15T17:48:14","slug":"2-altersklassensiege-und-weitere-fordere-ergebnisse-fuer-unsere-laeuferinnen-und-laeufer-beim-8-poeler-abendlauf","status":"publish","type":"post","link":"https:\/\/www.laufgruppe-schwerin.de\/?p=1952","title":{"rendered":"2 Altersklassensiege und weitere fordere Ergebnisse f\u00fcr unsere L\u00e4uferinnen und L\u00e4ufer beim 8. Poeler Abendlauf"},"content":{"rendered":"<p>Der Laufcup Mecklenburg-Vorpommern ist auf der Ostseeinsel ins letzte Drittel eingebogen und Schwerin wurde durch 2 Nachwuchsl\u00e4ufer, 2 L\u00e4uferinnen und 11 L\u00e4ufer unserer Laufgruppe hervorragend vertreten. Bei angenehmen Lauftemperaturen und noch trockenem Wetter begann der Lauf. Aber schon bald setzte der Regen ein und vor allem auf dem 2. Teil der 10 Kilometerrunde hatten die L\u00e4uferinnen und L\u00e4ufer auf dem schwersten Teil der Strecke auch noch mit dem Gegenwind zu k\u00e4mpfen. Auf der 1,6 Kilometerstrecke wurde Antonio Briesen in seiner Altersklasse MK U12 in 7:58 min Elfter. Auf der 5 Kilomterstrecke ging es f\u00fcr Sofie Sch\u00f6ne, Tamino Briesen, Egon Kannegie\u00dfer, Dietrich Eggers, Horst Garnitz &nbsp;um die Cuppunkte. Hier konnte Sofie Sch\u00f6ne in ihrer WK U18\/20 mit 24:05 min als Siegerin durchs Ziel laufen. Siebenter seiner Altersklasse M75 wurde Horst in 40:56 min. Die M80-Oldies Egon und Dietrich belegten mit 44:13 min bzw. 57:54 min die Pl\u00e4tze Zwei und Drei. Tamino Briesen lief in 26:43 min auf den dritten Platz seiner Altersklasse MJ U14. Au\u00dferhalb der Cupwertung ging Jana Ahrenberg von der Laufgruppe Schwerin \u00fcber 5 Kilometer an den Start und belegte in 24:50 min den 4. Platz der W20 bis W45. Im Hauptlauf \u00fcber 10 Kilometer ging es f\u00fcr Ulrike Sch\u00f6ne und 8 L\u00e4ufer um gute Zeiten, Pl\u00e4tze und Punkte. Marco Wien unterstrich einmal mehr seine gute Form und lief auf der nicht geraden schnellen Strecke in einer Zeit von 38:30 min als Gesamtsiebenter ins Ziel. F\u00fcr seine Altersklasse M40 bedeutete dieses den 2. Platz. Ebenfalls Zweiter seiner Altersklasse wurde Giuseppe Avignone mit 42:18 min in der M30. Als Gesamtachtzehnter schaffte es Giuseppe Avignone auch noch in die Top 20. Seinen ersten Laufcupsieg \u00fcberhaupt feierte M60-L\u00e4ufer Harald Tschersich in 47:33 min. Ulrike beendete in 52:44 min als F\u00fcnfte ihrer W45 und als Dreizehnte in der Gesamtwertung den Lauf. Frank Riebschl\u00e4ger lief in 56:05 min als Achter seiner M45 durchs Ziel. In der M50 gingen mit Frank Leonhardt, Mario Rei\u00dfig, Christian Briesen und Christian Stapel vier L\u00e4ufer unserer Laufgruppe auf Punktejagd. Hier kam Frank als Sechster in 42:57 min am besten mit den Bedingungen zurecht. Mario wurde in 48:36 min vor Christian Briesen (50:22 min) Neunter. Auf den 12. Platz kam Christian Stapel in 55:32 min. Durch das gute Abschneiden auf der Ostseeinsel konnten wir uns hinter den beiden Neubrandenburger Vereinen Turbine und Hochschulsportverein, auf den dritten Platz in der Mannschaftswertung vorarbeiten. Damit sind nun 11 von 15 Einzelentscheidungen im Laufcup Mecklenburg-Vorpommern 2017gefallen und am 9. September geht es beim 22. Neubrandenburger Staffelmarathon um wichtige Punkte f\u00fcr die Mannschaftswertung.<\/p>\n<p>Fotos: Siegfried Karow<\/p>\n<div id=\"attachment_1954\" style=\"width: 1034px\" class=\"wp-caption alignleft\"><a href=\"https:\/\/www.laufgruppe-Schwerin.de\/wp-content\/uploads\/2017\/09\/01.jpg\"><img loading=\"lazy\" decoding=\"async\" aria-describedby=\"caption-attachment-1954\" class=\"size-full wp-image-1954\" src=\"https:\/\/www.laufgruppe-Schwerin.de\/wp-content\/uploads\/2017\/09\/01.jpg\" alt=\"\" height=\"768\" width=\"1024\" srcset=\"https:\/\/www.laufgruppe-schwerin.de\/wp-content\/uploads\/2017\/09\/01.jpg 1024w, https:\/\/www.laufgruppe-schwerin.de\/wp-content\/uploads\/2017\/09\/01-300x225.jpg 300w, https:\/\/www.laufgruppe-schwerin.de\/wp-content\/uploads\/2017\/09\/01-768x576.jpg 768w\" sizes=\"auto, (max-width: 1024px) 100vw, 1024px\" \/><\/a><p id=\"caption-attachment-1954\" class=\"wp-caption-text\">Wir auf der Ostseeinsel Poel<\/p><\/div>\n<div id=\"attachment_1956\" style=\"width: 1159px\" class=\"wp-caption alignleft\"><a href=\"https:\/\/www.laufgruppe-Schwerin.de\/wp-content\/uploads\/2017\/09\/02.jpg\"><img loading=\"lazy\" decoding=\"async\" aria-describedby=\"caption-attachment-1956\" class=\"size-full wp-image-1956\" src=\"https:\/\/www.laufgruppe-Schwerin.de\/wp-content\/uploads\/2017\/09\/02.jpg\" alt=\"\" height=\"1532\" width=\"1149\" srcset=\"https:\/\/www.laufgruppe-schwerin.de\/wp-content\/uploads\/2017\/09\/02.jpg 1149w, https:\/\/www.laufgruppe-schwerin.de\/wp-content\/uploads\/2017\/09\/02-225x300.jpg 225w, https:\/\/www.laufgruppe-schwerin.de\/wp-content\/uploads\/2017\/09\/02-768x1024.jpg 768w\" sizes=\"auto, (max-width: 1149px) 100vw, 1149px\" \/><\/a><p id=\"caption-attachment-1956\" class=\"wp-caption-text\">Sofie Sch\u00f6ne gewinnt ihrer WK U18\/20.<\/p><\/div>\n<div id=\"attachment_1957\" style=\"width: 778px\" class=\"wp-caption alignleft\"><a href=\"https:\/\/www.laufgruppe-Schwerin.de\/wp-content\/uploads\/2017\/09\/03.jpg\"><img loading=\"lazy\" decoding=\"async\" aria-describedby=\"caption-attachment-1957\" class=\"size-full wp-image-1957\" src=\"https:\/\/www.laufgruppe-Schwerin.de\/wp-content\/uploads\/2017\/09\/03.jpg\" alt=\"\" height=\"1024\" width=\"768\" srcset=\"https:\/\/www.laufgruppe-schwerin.de\/wp-content\/uploads\/2017\/09\/03.jpg 768w, https:\/\/www.laufgruppe-schwerin.de\/wp-content\/uploads\/2017\/09\/03-225x300.jpg 225w\" sizes=\"auto, (max-width: 768px) 100vw, 768px\" \/><\/a><p id=\"caption-attachment-1957\" class=\"wp-caption-text\">Marco als Gesamtsiebenter.<\/p><\/div>\n<div id=\"attachment_1959\" style=\"width: 1034px\" class=\"wp-caption alignleft\"><a href=\"https:\/\/www.laufgruppe-Schwerin.de\/wp-content\/uploads\/2017\/09\/04.jpg\"><img loading=\"lazy\" decoding=\"async\" aria-describedby=\"caption-attachment-1959\" class=\"size-full wp-image-1959\" src=\"https:\/\/www.laufgruppe-Schwerin.de\/wp-content\/uploads\/2017\/09\/04.jpg\" alt=\"\" height=\"768\" width=\"1024\" srcset=\"https:\/\/www.laufgruppe-schwerin.de\/wp-content\/uploads\/2017\/09\/04.jpg 1024w, https:\/\/www.laufgruppe-schwerin.de\/wp-content\/uploads\/2017\/09\/04-300x225.jpg 300w, https:\/\/www.laufgruppe-schwerin.de\/wp-content\/uploads\/2017\/09\/04-768x576.jpg 768w\" sizes=\"auto, (max-width: 1024px) 100vw, 1024px\" \/><\/a><p id=\"caption-attachment-1959\" class=\"wp-caption-text\">Unsere M80-Oldies Egon (links) und Dietrich (rechts).<\/p><\/div>\n<div id=\"attachment_1961\" style=\"width: 1034px\" class=\"wp-caption alignleft\"><a href=\"https:\/\/www.laufgruppe-Schwerin.de\/wp-content\/uploads\/2017\/09\/05.jpg\"><img loading=\"lazy\" decoding=\"async\" aria-describedby=\"caption-attachment-1961\" class=\"size-full wp-image-1961\" src=\"https:\/\/www.laufgruppe-Schwerin.de\/wp-content\/uploads\/2017\/09\/05.jpg\" alt=\"\" height=\"768\" width=\"1024\" srcset=\"https:\/\/www.laufgruppe-schwerin.de\/wp-content\/uploads\/2017\/09\/05.jpg 1024w, https:\/\/www.laufgruppe-schwerin.de\/wp-content\/uploads\/2017\/09\/05-300x225.jpg 300w, https:\/\/www.laufgruppe-schwerin.de\/wp-content\/uploads\/2017\/09\/05-768x576.jpg 768w\" sizes=\"auto, (max-width: 1024px) 100vw, 1024px\" \/><\/a><p id=\"caption-attachment-1961\" class=\"wp-caption-text\">Guiseppe (links) Zweiter seiner Altersklasse.<\/p><\/div>\n<div id=\"attachment_1963\" style=\"width: 784px\" class=\"wp-caption alignleft\"><a href=\"https:\/\/www.laufgruppe-Schwerin.de\/wp-content\/uploads\/2017\/09\/06.jpg\"><img loading=\"lazy\" decoding=\"async\" aria-describedby=\"caption-attachment-1963\" class=\"size-full wp-image-1963\" src=\"https:\/\/www.laufgruppe-Schwerin.de\/wp-content\/uploads\/2017\/09\/06.jpg\" alt=\"\" height=\"768\" width=\"774\" srcset=\"https:\/\/www.laufgruppe-schwerin.de\/wp-content\/uploads\/2017\/09\/06.jpg 774w, https:\/\/www.laufgruppe-schwerin.de\/wp-content\/uploads\/2017\/09\/06-150x150.jpg 150w, https:\/\/www.laufgruppe-schwerin.de\/wp-content\/uploads\/2017\/09\/06-300x298.jpg 300w, https:\/\/www.laufgruppe-schwerin.de\/wp-content\/uploads\/2017\/09\/06-768x762.jpg 768w\" sizes=\"auto, (max-width: 774px) 100vw, 774px\" \/><\/a><p id=\"caption-attachment-1963\" class=\"wp-caption-text\">Marco Zweiter in der M35.<\/p><\/div>\n<div id=\"attachment_1965\" style=\"width: 778px\" class=\"wp-caption alignleft\"><a href=\"https:\/\/www.laufgruppe-Schwerin.de\/wp-content\/uploads\/2017\/09\/07.jpg\"><img loading=\"lazy\" decoding=\"async\" aria-describedby=\"caption-attachment-1965\" class=\"size-full wp-image-1965\" src=\"https:\/\/www.laufgruppe-Schwerin.de\/wp-content\/uploads\/2017\/09\/07.jpg\" alt=\"\" height=\"1024\" width=\"768\" srcset=\"https:\/\/www.laufgruppe-schwerin.de\/wp-content\/uploads\/2017\/09\/07.jpg 768w, https:\/\/www.laufgruppe-schwerin.de\/wp-content\/uploads\/2017\/09\/07-225x300.jpg 225w\" sizes=\"auto, (max-width: 768px) 100vw, 768px\" \/><\/a><p id=\"caption-attachment-1965\" class=\"wp-caption-text\">Harald feierte auf Poel seinen ersten Laufcupsieg.<\/p><\/div>\n<iframe src=\"http:\/\/www.facebook.com\/plugins\/like.php?href=https%3A%2F%2Fwww.laufgruppe-schwerin.de%2F%3Fp%3D1952&amp;layout=standard&amp;show_faces=true&amp;width=450&amp;action=like&amp;colorscheme=light\" scrolling=\"no\" frameborder=\"0\" allowTransparency=\"true\" style=\"border:none; overflow:hidden; width:450px;margin-top:5px;\"><\/iframe>","protected":false},"excerpt":{"rendered":"<p>Der Laufcup Mecklenburg-Vorpommern ist auf der Ostseeinsel ins letzte Drittel eingebogen und Schwerin wurde durch 2 Nachwuchsl\u00e4ufer, 2 L\u00e4uferinnen und 11 L\u00e4ufer unserer Laufgruppe hervorragend vertreten. Bei angenehmen Lauftemperaturen und noch trockenem Wetter begann der Lauf. Aber schon bald setzte der Regen ein und vor allem auf dem 2. Teil der 10 Kilometerrunde hatten die [&hellip;]<\/p>\n","protected":false},"author":3,"featured_media":1953,"comment_status":"open","ping_status":"open","sticky":false,"template":"","format":"standard","meta":{"ngg_post_thumbnail":0,"footnotes":""},"categories":[1],"tags":[],"class_list":{"0":"post-1952","1":"post","2":"type-post","3":"status-publish","4":"format-standard","5":"has-post-thumbnail","7":"category-beitraege","8":"czr-hentry"},"_links":{"self":[{"href":"https:\/\/www.laufgruppe-schwerin.de\/index.php?rest_route=\/wp\/v2\/posts\/1952","targetHints":{"allow":["GET"]}}],"collection":[{"href":"https:\/\/www.laufgruppe-schwerin.de\/index.php?rest_route=\/wp\/v2\/posts"}],"about":[{"href":"https:\/\/www.laufgruppe-schwerin.de\/index.php?rest_route=\/wp\/v2\/types\/post"}],"author":[{"embeddable":true,"href":"https:\/\/www.laufgruppe-schwerin.de\/index.php?rest_route=\/wp\/v2\/users\/3"}],"replies":[{"embeddable":true,"href":"https:\/\/www.laufgruppe-schwerin.de\/index.php?rest_route=%2Fwp%2Fv2%2Fcomments&post=1952"}],"version-history":[{"count":9,"href":"https:\/\/www.laufgruppe-schwerin.de\/index.php?rest_route=\/wp\/v2\/posts\/1952\/revisions"}],"predecessor-version":[{"id":1973,"href":"https:\/\/www.laufgruppe-schwerin.de\/index.php?rest_route=\/wp\/v2\/posts\/1952\/revisions\/1973"}],"wp:featuredmedia":[{"embeddable":true,"href":"https:\/\/www.laufgruppe-schwerin.de\/index.php?rest_route=\/wp\/v2\/media\/1953"}],"wp:attachment":[{"href":"https:\/\/www.laufgruppe-schwerin.de\/index.php?rest_route=%2Fwp%2Fv2%2Fmedia&parent=1952"}],"wp:term":[{"taxonomy":"category","embeddable":true,"href":"https:\/\/www.laufgruppe-schwerin.de\/index.php?rest_route=%2Fwp%2Fv2%2Fcategories&post=1952"},{"taxonomy":"post_tag","embeddable":true,"href":"https:\/\/www.laufgruppe-schwerin.de\/index.php?rest_route=%2Fwp%2Fv2%2Ftags&post=1952"}],"curies":[{"name":"wp","href":"https:\/\/api.w.org\/{rel}","templated":true}]}}