{"id":1917,"date":"2017-08-03T20:09:21","date_gmt":"2017-08-03T18:09:21","guid":{"rendered":"http:\/\/www.laufgruppe-schwerin.de\/?p=1917"},"modified":"2017-08-03T20:09:21","modified_gmt":"2017-08-03T18:09:21","slug":"4-altersklassensiege-beim-35-karl-krull-gedenklauf-in-steinhagen","status":"publish","type":"post","link":"https:\/\/www.laufgruppe-schwerin.de\/?p=1917","title":{"rendered":"4  Altersklassensiege beim 35.Karl-Krull-Gedenklauf in Steinhagen"},"content":{"rendered":"<p>Der Karl-Krull-Gedenklauf ist jetzt schon seit mehreren Jahren fester Bestandteil im Laufcup des Landes Mecklenburg-Vorpommern. Der Run auf Laufveranstaltungen ist auch im kleinen \u00d6rtchen am Rande von Stralsund zu merken. Beim 35. Jubil\u00e4umslauf durfte sich das Organisationsteam \u00fcber einen neuen Teilnehmerrekord freuen. Der Sommer l\u00e4sst auch im Nordosten von M-V auf sich warten, dieses hei\u00dft im Umkehrschluss: Sehr gute Laufbedingungen bei bew\u00f6lkten, windstillen 18 Grad. 3 L\u00e4uferinnen und 14 L\u00e4ufer unserer Laufgruppe lie\u00dfen sich den Jubil\u00e4umslauf nicht entgehen. F\u00fcr die Altersklassen ab W60 und M75 wurden die Cuppunkte \u00fcber 5 Kilometer vergeben. Hier gewann Waltraud Garnitz in sehr guten 35:13 min ihre W75. Gabi Kaletzki erreicht durch 30:23 min den f\u00fcnften Platz der W60. Horst Sch\u00f6ne (32:52 min) und Horst Garnitz (40:43 min) belegen die Pl\u00e4tze Sieben und Neun der M75. Die beiden M80-Oldies Egon Kannegie\u00dfer (43:15 min) und Dietrich Eggers (54:44 min) erlaufen den vierten und f\u00fcnften Rang. Mit Anja Wittwer gingen 10 L\u00e4ufer \u00fcber den schnellen 10 Kilometer langen Wendekurs auf Punktejagd. Anja Wittwer siegte in ihrem Altersklasse W30 &nbsp;und wurde mit 43:47 min hervorragende Gesamtsechste. Schnellster Schweriner L\u00e4ufer wurde Marco Wien in 37:59 min als Zw\u00f6lfter der Gesamtwertung. Mit dieser Zeit erreicht Marco in seinem zweiten Laufcupjahr erstmals einen Sieg in seiner Altersklasse M40. Unsere M60-L\u00e4ufer waren wieder eine Klasse f\u00fcr sich. Lothar Gajek (43:00), Norbert Kaletzki (44:31 min) und Harald Tschersich (46:17 min) laufen auf die Pl\u00e4tze Eins bis Drei. Seine gute Form beweist einmal mehr Frank Leonhardt und l\u00e4uft in pers\u00f6nlicher Bestzeit von 40:36 min als F\u00fcnfter der M50 durchs Ziel. In der gleichen Altersklasse erreichen Christian Briesen (47:08 min) und Christian Stapel (55:46 min) die Pl\u00e4tze&nbsp; 12 und 16. Den 7. und 13. Platz in der M55 gibt es f\u00fcr Lothar Domnick (43:45 min) und Fred Kiesendahl (52:31 min). Frank Riebschl\u00e4ger erreich mit 53:44 min den 16. Platz seiner M45.<\/p>\n<div id=\"attachment_1919\" style=\"width: 1010px\" class=\"wp-caption alignleft\"><a href=\"https:\/\/www.laufgruppe-Schwerin.de\/wp-content\/uploads\/2017\/08\/IMG_2453.jpg\"><img loading=\"lazy\" decoding=\"async\" aria-describedby=\"caption-attachment-1919\" class=\"size-full wp-image-1919\" src=\"https:\/\/www.laufgruppe-Schwerin.de\/wp-content\/uploads\/2017\/08\/IMG_2453.jpg\" alt=\"\" height=\"667\" width=\"1000\" srcset=\"https:\/\/www.laufgruppe-schwerin.de\/wp-content\/uploads\/2017\/08\/IMG_2453.jpg 1000w, https:\/\/www.laufgruppe-schwerin.de\/wp-content\/uploads\/2017\/08\/IMG_2453-300x200.jpg 300w, https:\/\/www.laufgruppe-schwerin.de\/wp-content\/uploads\/2017\/08\/IMG_2453-768x512.jpg 768w\" sizes=\"auto, (max-width: 1000px) 100vw, 1000px\" \/><\/a><p id=\"caption-attachment-1919\" class=\"wp-caption-text\">Horst Sch\u00f6ne<br \/>Foto: sprintefix.de<\/p><\/div>\n<div id=\"attachment_1920\" style=\"width: 1010px\" class=\"wp-caption alignleft\"><a href=\"https:\/\/www.laufgruppe-Schwerin.de\/wp-content\/uploads\/2017\/08\/IMG_2458.jpg\"><img loading=\"lazy\" decoding=\"async\" aria-describedby=\"caption-attachment-1920\" class=\"size-full wp-image-1920\" src=\"https:\/\/www.laufgruppe-Schwerin.de\/wp-content\/uploads\/2017\/08\/IMG_2458.jpg\" alt=\"\" height=\"667\" width=\"1000\" srcset=\"https:\/\/www.laufgruppe-schwerin.de\/wp-content\/uploads\/2017\/08\/IMG_2458.jpg 1000w, https:\/\/www.laufgruppe-schwerin.de\/wp-content\/uploads\/2017\/08\/IMG_2458-300x200.jpg 300w, https:\/\/www.laufgruppe-schwerin.de\/wp-content\/uploads\/2017\/08\/IMG_2458-768x512.jpg 768w\" sizes=\"auto, (max-width: 1000px) 100vw, 1000px\" \/><\/a><p id=\"caption-attachment-1920\" class=\"wp-caption-text\">Dietrich<br \/>Foto: sprintefix.de<\/p><\/div>\n<div id=\"attachment_1922\" style=\"width: 510px\" class=\"wp-caption alignleft\"><a href=\"https:\/\/www.laufgruppe-Schwerin.de\/wp-content\/uploads\/2017\/08\/IMG_2460.jpg\"><img loading=\"lazy\" decoding=\"async\" aria-describedby=\"caption-attachment-1922\" class=\"size-full wp-image-1922\" src=\"https:\/\/www.laufgruppe-Schwerin.de\/wp-content\/uploads\/2017\/08\/IMG_2460.jpg\" alt=\"\" height=\"750\" width=\"500\" srcset=\"https:\/\/www.laufgruppe-schwerin.de\/wp-content\/uploads\/2017\/08\/IMG_2460.jpg 500w, https:\/\/www.laufgruppe-schwerin.de\/wp-content\/uploads\/2017\/08\/IMG_2460-200x300.jpg 200w\" sizes=\"auto, (max-width: 500px) 100vw, 500px\" \/><\/a><p id=\"caption-attachment-1922\" class=\"wp-caption-text\">Gabi<br \/>Foto: sprintefix.de<\/p><\/div>\n<div id=\"attachment_1924\" style=\"width: 510px\" class=\"wp-caption alignleft\"><a href=\"https:\/\/www.laufgruppe-Schwerin.de\/wp-content\/uploads\/2017\/08\/IMG_2464.jpg\"><img loading=\"lazy\" decoding=\"async\" aria-describedby=\"caption-attachment-1924\" class=\"size-full wp-image-1924\" src=\"https:\/\/www.laufgruppe-Schwerin.de\/wp-content\/uploads\/2017\/08\/IMG_2464.jpg\" alt=\"\" height=\"750\" width=\"500\" srcset=\"https:\/\/www.laufgruppe-schwerin.de\/wp-content\/uploads\/2017\/08\/IMG_2464.jpg 500w, https:\/\/www.laufgruppe-schwerin.de\/wp-content\/uploads\/2017\/08\/IMG_2464-200x300.jpg 200w\" sizes=\"auto, (max-width: 500px) 100vw, 500px\" \/><\/a><p id=\"caption-attachment-1924\" class=\"wp-caption-text\">Waltraud<br \/>Foto: sprintefix.de<\/p><\/div>\n<div id=\"attachment_1925\" style=\"width: 510px\" class=\"wp-caption alignleft\"><a href=\"https:\/\/www.laufgruppe-Schwerin.de\/wp-content\/uploads\/2017\/08\/IMG_2466.jpg\"><img loading=\"lazy\" decoding=\"async\" aria-describedby=\"caption-attachment-1925\" class=\"size-full wp-image-1925\" src=\"https:\/\/www.laufgruppe-Schwerin.de\/wp-content\/uploads\/2017\/08\/IMG_2466.jpg\" alt=\"\" height=\"750\" width=\"500\" srcset=\"https:\/\/www.laufgruppe-schwerin.de\/wp-content\/uploads\/2017\/08\/IMG_2466.jpg 500w, https:\/\/www.laufgruppe-schwerin.de\/wp-content\/uploads\/2017\/08\/IMG_2466-200x300.jpg 200w\" sizes=\"auto, (max-width: 500px) 100vw, 500px\" \/><\/a><p id=\"caption-attachment-1925\" class=\"wp-caption-text\">Horst Garnitz<br \/>Foto: sprintefix.de<\/p><\/div>\n<div id=\"attachment_1927\" style=\"width: 510px\" class=\"wp-caption alignleft\"><a href=\"https:\/\/www.laufgruppe-Schwerin.de\/wp-content\/uploads\/2017\/08\/IMG_2467.jpg\"><img loading=\"lazy\" decoding=\"async\" aria-describedby=\"caption-attachment-1927\" class=\"size-full wp-image-1927\" src=\"https:\/\/www.laufgruppe-Schwerin.de\/wp-content\/uploads\/2017\/08\/IMG_2467.jpg\" alt=\"\" height=\"750\" width=\"500\" srcset=\"https:\/\/www.laufgruppe-schwerin.de\/wp-content\/uploads\/2017\/08\/IMG_2467.jpg 500w, https:\/\/www.laufgruppe-schwerin.de\/wp-content\/uploads\/2017\/08\/IMG_2467-200x300.jpg 200w\" sizes=\"auto, (max-width: 500px) 100vw, 500px\" \/><\/a><p id=\"caption-attachment-1927\" class=\"wp-caption-text\">Frank Leonhardt<br \/>Foto: sprintefix.de<\/p><\/div>\n<div id=\"attachment_1929\" style=\"width: 1010px\" class=\"wp-caption alignleft\"><a href=\"https:\/\/www.laufgruppe-Schwerin.de\/wp-content\/uploads\/2017\/08\/IMG_2468.jpg\"><img loading=\"lazy\" decoding=\"async\" aria-describedby=\"caption-attachment-1929\" class=\"size-full wp-image-1929\" src=\"https:\/\/www.laufgruppe-Schwerin.de\/wp-content\/uploads\/2017\/08\/IMG_2468.jpg\" alt=\"\" height=\"667\" width=\"1000\" srcset=\"https:\/\/www.laufgruppe-schwerin.de\/wp-content\/uploads\/2017\/08\/IMG_2468.jpg 1000w, https:\/\/www.laufgruppe-schwerin.de\/wp-content\/uploads\/2017\/08\/IMG_2468-300x200.jpg 300w, https:\/\/www.laufgruppe-schwerin.de\/wp-content\/uploads\/2017\/08\/IMG_2468-768x512.jpg 768w\" sizes=\"auto, (max-width: 1000px) 100vw, 1000px\" \/><\/a><p id=\"caption-attachment-1929\" class=\"wp-caption-text\">Egon<br \/>Foto: sprintefix.de<\/p><\/div>\n<div id=\"attachment_1931\" style=\"width: 509px\" class=\"wp-caption alignleft\"><a href=\"https:\/\/www.laufgruppe-Schwerin.de\/wp-content\/uploads\/2017\/08\/IMG_2470.jpg\"><img loading=\"lazy\" decoding=\"async\" aria-describedby=\"caption-attachment-1931\" class=\"size-full wp-image-1931\" src=\"https:\/\/www.laufgruppe-Schwerin.de\/wp-content\/uploads\/2017\/08\/IMG_2470.jpg\" alt=\"\" height=\"750\" width=\"499\" srcset=\"https:\/\/www.laufgruppe-schwerin.de\/wp-content\/uploads\/2017\/08\/IMG_2470.jpg 499w, https:\/\/www.laufgruppe-schwerin.de\/wp-content\/uploads\/2017\/08\/IMG_2470-200x300.jpg 200w\" sizes=\"auto, (max-width: 499px) 100vw, 499px\" \/><\/a><p id=\"caption-attachment-1931\" class=\"wp-caption-text\">Lothar Domnick<br \/>Foto: sprintefix.de<\/p><\/div>\n<div id=\"attachment_1933\" style=\"width: 1010px\" class=\"wp-caption alignleft\"><a href=\"https:\/\/www.laufgruppe-Schwerin.de\/wp-content\/uploads\/2017\/08\/IMG_2471.jpg\"><img loading=\"lazy\" decoding=\"async\" aria-describedby=\"caption-attachment-1933\" class=\"size-full wp-image-1933\" src=\"https:\/\/www.laufgruppe-Schwerin.de\/wp-content\/uploads\/2017\/08\/IMG_2471.jpg\" alt=\"\" height=\"667\" width=\"1000\" srcset=\"https:\/\/www.laufgruppe-schwerin.de\/wp-content\/uploads\/2017\/08\/IMG_2471.jpg 1000w, https:\/\/www.laufgruppe-schwerin.de\/wp-content\/uploads\/2017\/08\/IMG_2471-300x200.jpg 300w, https:\/\/www.laufgruppe-schwerin.de\/wp-content\/uploads\/2017\/08\/IMG_2471-768x512.jpg 768w\" sizes=\"auto, (max-width: 1000px) 100vw, 1000px\" \/><\/a><p id=\"caption-attachment-1933\" class=\"wp-caption-text\">Anja<br \/>Foto: sprintefix.de<\/p><\/div>\n<div id=\"attachment_1935\" style=\"width: 510px\" class=\"wp-caption alignleft\"><a href=\"https:\/\/www.laufgruppe-Schwerin.de\/wp-content\/uploads\/2017\/08\/IMG_2476.jpg\"><img loading=\"lazy\" decoding=\"async\" aria-describedby=\"caption-attachment-1935\" class=\"size-full wp-image-1935\" src=\"https:\/\/www.laufgruppe-Schwerin.de\/wp-content\/uploads\/2017\/08\/IMG_2476.jpg\" alt=\"\" height=\"750\" width=\"500\" srcset=\"https:\/\/www.laufgruppe-schwerin.de\/wp-content\/uploads\/2017\/08\/IMG_2476.jpg 500w, https:\/\/www.laufgruppe-schwerin.de\/wp-content\/uploads\/2017\/08\/IMG_2476-200x300.jpg 200w\" sizes=\"auto, (max-width: 500px) 100vw, 500px\" \/><\/a><p id=\"caption-attachment-1935\" class=\"wp-caption-text\">Christian Briesen<br \/>Foto: sprintefix.de<\/p><\/div>\n<div id=\"attachment_1937\" style=\"width: 510px\" class=\"wp-caption alignleft\"><a href=\"https:\/\/www.laufgruppe-Schwerin.de\/wp-content\/uploads\/2017\/08\/IMG_2479.jpg\"><img loading=\"lazy\" decoding=\"async\" aria-describedby=\"caption-attachment-1937\" class=\"size-full wp-image-1937\" src=\"https:\/\/www.laufgruppe-Schwerin.de\/wp-content\/uploads\/2017\/08\/IMG_2479.jpg\" alt=\"\" height=\"750\" width=\"500\" srcset=\"https:\/\/www.laufgruppe-schwerin.de\/wp-content\/uploads\/2017\/08\/IMG_2479.jpg 500w, https:\/\/www.laufgruppe-schwerin.de\/wp-content\/uploads\/2017\/08\/IMG_2479-200x300.jpg 200w\" sizes=\"auto, (max-width: 500px) 100vw, 500px\" \/><\/a><p id=\"caption-attachment-1937\" class=\"wp-caption-text\">Fred<br \/>Foto: sprintefix.de<\/p><\/div>\n<div id=\"attachment_1939\" style=\"width: 1010px\" class=\"wp-caption alignleft\"><a href=\"https:\/\/www.laufgruppe-Schwerin.de\/wp-content\/uploads\/2017\/08\/IMG_2481.jpg\"><img loading=\"lazy\" decoding=\"async\" aria-describedby=\"caption-attachment-1939\" class=\"size-full wp-image-1939\" src=\"https:\/\/www.laufgruppe-Schwerin.de\/wp-content\/uploads\/2017\/08\/IMG_2481.jpg\" alt=\"\" height=\"667\" width=\"1000\" srcset=\"https:\/\/www.laufgruppe-schwerin.de\/wp-content\/uploads\/2017\/08\/IMG_2481.jpg 1000w, https:\/\/www.laufgruppe-schwerin.de\/wp-content\/uploads\/2017\/08\/IMG_2481-300x200.jpg 300w, https:\/\/www.laufgruppe-schwerin.de\/wp-content\/uploads\/2017\/08\/IMG_2481-768x512.jpg 768w\" sizes=\"auto, (max-width: 1000px) 100vw, 1000px\" \/><\/a><p id=\"caption-attachment-1939\" class=\"wp-caption-text\">Frank Riebschl\u00e4ger<br \/>Foto: sprintefix.de<\/p><\/div>\n<div id=\"attachment_1941\" style=\"width: 1010px\" class=\"wp-caption alignleft\"><a href=\"https:\/\/www.laufgruppe-Schwerin.de\/wp-content\/uploads\/2017\/08\/IMG_2482.jpg\"><img loading=\"lazy\" decoding=\"async\" aria-describedby=\"caption-attachment-1941\" class=\"size-full wp-image-1941\" src=\"https:\/\/www.laufgruppe-Schwerin.de\/wp-content\/uploads\/2017\/08\/IMG_2482.jpg\" alt=\"\" height=\"666\" width=\"1000\" srcset=\"https:\/\/www.laufgruppe-schwerin.de\/wp-content\/uploads\/2017\/08\/IMG_2482.jpg 1000w, https:\/\/www.laufgruppe-schwerin.de\/wp-content\/uploads\/2017\/08\/IMG_2482-300x200.jpg 300w, https:\/\/www.laufgruppe-schwerin.de\/wp-content\/uploads\/2017\/08\/IMG_2482-768x511.jpg 768w\" sizes=\"auto, (max-width: 1000px) 100vw, 1000px\" \/><\/a><p id=\"caption-attachment-1941\" class=\"wp-caption-text\">Christian Stapel<br \/>Foto: sprintefix.de<\/p><\/div>\n<div id=\"attachment_1943\" style=\"width: 778px\" class=\"wp-caption alignleft\"><a href=\"https:\/\/www.laufgruppe-Schwerin.de\/wp-content\/uploads\/2017\/08\/Steinhagen-LC-2017-149-e1501783463211.jpg\"><img loading=\"lazy\" decoding=\"async\" aria-describedby=\"caption-attachment-1943\" class=\"size-full wp-image-1943\" src=\"https:\/\/www.laufgruppe-Schwerin.de\/wp-content\/uploads\/2017\/08\/Steinhagen-LC-2017-149-e1501783463211.jpg\" alt=\"\" height=\"1024\" width=\"768\" srcset=\"https:\/\/www.laufgruppe-schwerin.de\/wp-content\/uploads\/2017\/08\/Steinhagen-LC-2017-149-e1501783463211.jpg 768w, https:\/\/www.laufgruppe-schwerin.de\/wp-content\/uploads\/2017\/08\/Steinhagen-LC-2017-149-e1501783463211-225x300.jpg 225w\" sizes=\"auto, (max-width: 768px) 100vw, 768px\" \/><\/a><p id=\"caption-attachment-1943\" class=\"wp-caption-text\">Marco Sieger M40<\/p><\/div>\n<div id=\"attachment_1945\" style=\"width: 1034px\" class=\"wp-caption alignleft\"><a href=\"https:\/\/www.laufgruppe-Schwerin.de\/wp-content\/uploads\/2017\/08\/Steinhagen-LC-2017-151.jpg\"><img loading=\"lazy\" decoding=\"async\" aria-describedby=\"caption-attachment-1945\" class=\"size-full wp-image-1945\" src=\"https:\/\/www.laufgruppe-Schwerin.de\/wp-content\/uploads\/2017\/08\/Steinhagen-LC-2017-151.jpg\" alt=\"\" height=\"768\" width=\"1024\" srcset=\"https:\/\/www.laufgruppe-schwerin.de\/wp-content\/uploads\/2017\/08\/Steinhagen-LC-2017-151.jpg 1024w, https:\/\/www.laufgruppe-schwerin.de\/wp-content\/uploads\/2017\/08\/Steinhagen-LC-2017-151-300x225.jpg 300w, https:\/\/www.laufgruppe-schwerin.de\/wp-content\/uploads\/2017\/08\/Steinhagen-LC-2017-151-768x576.jpg 768w\" sizes=\"auto, (max-width: 1024px) 100vw, 1024px\" \/><\/a><p id=\"caption-attachment-1945\" class=\"wp-caption-text\">Platz 1 bis 3 in der M60 f\u00fcr Lothar, Norbert und Harald (von rechts)<\/p><\/div>\n<div id=\"attachment_1947\" style=\"width: 1010px\" class=\"wp-caption alignleft\"><a href=\"https:\/\/www.laufgruppe-Schwerin.de\/wp-content\/uploads\/2017\/08\/IMG_2485.jpg\"><img loading=\"lazy\" decoding=\"async\" aria-describedby=\"caption-attachment-1947\" class=\"size-full wp-image-1947\" src=\"https:\/\/www.laufgruppe-Schwerin.de\/wp-content\/uploads\/2017\/08\/IMG_2485.jpg\" alt=\"\" height=\"667\" width=\"1000\" srcset=\"https:\/\/www.laufgruppe-schwerin.de\/wp-content\/uploads\/2017\/08\/IMG_2485.jpg 1000w, https:\/\/www.laufgruppe-schwerin.de\/wp-content\/uploads\/2017\/08\/IMG_2485-300x200.jpg 300w, https:\/\/www.laufgruppe-schwerin.de\/wp-content\/uploads\/2017\/08\/IMG_2485-768x512.jpg 768w\" sizes=\"auto, (max-width: 1000px) 100vw, 1000px\" \/><\/a><p id=\"caption-attachment-1947\" class=\"wp-caption-text\">Abschlussfoto<br \/>Foto: sprintefix.de<\/p><\/div>\n<p>&nbsp;<\/p>\n<iframe src=\"http:\/\/www.facebook.com\/plugins\/like.php?href=https%3A%2F%2Fwww.laufgruppe-schwerin.de%2F%3Fp%3D1917&amp;layout=standard&amp;show_faces=true&amp;width=450&amp;action=like&amp;colorscheme=light\" scrolling=\"no\" frameborder=\"0\" allowTransparency=\"true\" style=\"border:none; overflow:hidden; width:450px;margin-top:5px;\"><\/iframe>","protected":false},"excerpt":{"rendered":"<p>Der Karl-Krull-Gedenklauf ist jetzt schon seit mehreren Jahren fester Bestandteil im Laufcup des Landes Mecklenburg-Vorpommern. Der Run auf Laufveranstaltungen ist auch im kleinen \u00d6rtchen am Rande von Stralsund zu merken. Beim 35. Jubil\u00e4umslauf durfte sich das Organisationsteam \u00fcber einen neuen Teilnehmerrekord freuen. Der Sommer l\u00e4sst auch im Nordosten von M-V auf sich warten, dieses hei\u00dft [&hellip;]<\/p>\n","protected":false},"author":3,"featured_media":1949,"comment_status":"open","ping_status":"open","sticky":false,"template":"","format":"standard","meta":{"ngg_post_thumbnail":0,"footnotes":""},"categories":[3],"tags":[],"class_list":{"0":"post-1917","1":"post","2":"type-post","3":"status-publish","4":"format-standard","5":"has-post-thumbnail","7":"category-laufcup-mv","8":"czr-hentry"},"_links":{"self":[{"href":"https:\/\/www.laufgruppe-schwerin.de\/index.php?rest_route=\/wp\/v2\/posts\/1917","targetHints":{"allow":["GET"]}}],"collection":[{"href":"https:\/\/www.laufgruppe-schwerin.de\/index.php?rest_route=\/wp\/v2\/posts"}],"about":[{"href":"https:\/\/www.laufgruppe-schwerin.de\/index.php?rest_route=\/wp\/v2\/types\/post"}],"author":[{"embeddable":true,"href":"https:\/\/www.laufgruppe-schwerin.de\/index.php?rest_route=\/wp\/v2\/users\/3"}],"replies":[{"embeddable":true,"href":"https:\/\/www.laufgruppe-schwerin.de\/index.php?rest_route=%2Fwp%2Fv2%2Fcomments&post=1917"}],"version-history":[{"count":15,"href":"https:\/\/www.laufgruppe-schwerin.de\/index.php?rest_route=\/wp\/v2\/posts\/1917\/revisions"}],"predecessor-version":[{"id":1948,"href":"https:\/\/www.laufgruppe-schwerin.de\/index.php?rest_route=\/wp\/v2\/posts\/1917\/revisions\/1948"}],"wp:featuredmedia":[{"embeddable":true,"href":"https:\/\/www.laufgruppe-schwerin.de\/index.php?rest_route=\/wp\/v2\/media\/1949"}],"wp:attachment":[{"href":"https:\/\/www.laufgruppe-schwerin.de\/index.php?rest_route=%2Fwp%2Fv2%2Fmedia&parent=1917"}],"wp:term":[{"taxonomy":"category","embeddable":true,"href":"https:\/\/www.laufgruppe-schwerin.de\/index.php?rest_route=%2Fwp%2Fv2%2Fcategories&post=1917"},{"taxonomy":"post_tag","embeddable":true,"href":"https:\/\/www.laufgruppe-schwerin.de\/index.php?rest_route=%2Fwp%2Fv2%2Ftags&post=1917"}],"curies":[{"name":"wp","href":"https:\/\/api.w.org\/{rel}","templated":true}]}}