{"id":1887,"date":"2017-08-03T18:56:35","date_gmt":"2017-08-03T16:56:35","guid":{"rendered":"http:\/\/www.laufgruppe-schwerin.de\/?p=1887"},"modified":"2017-08-03T18:56:35","modified_gmt":"2017-08-03T16:56:35","slug":"medaillenregen-fuer-schweriner-laeuferinnen-und-laeufer-bei-den-landesmeisterschaften-ueber-5-00010-000-meter-auf-der-bahn-in-wismar","status":"publish","type":"post","link":"https:\/\/www.laufgruppe-schwerin.de\/?p=1887","title":{"rendered":"Medaillenregen f\u00fcr Schweriner L\u00e4uferinnen und L\u00e4ufer bei den Landesmeisterschaften \u00fcber 5.000\/10.000 Meter auf der Bahn in Wismar"},"content":{"rendered":"<p>Am zweiten Juliwochenende wurden die Landesmeisterschaften \u00fcber 5.000 und 10.000 Meter erstmals in Wismar ausgetragen. Gleichzeitig war es die 9. Station im Landeslaufcup von Mecklenburg-Vorpommern. Bei den m\u00e4nnlichen Altersklassen bis M70 und bei den weiblichen Altersklassen bis W55 wurden die Titel \u00fcber 10.000 Meter vergeben. Die \u00e4lteren L\u00e4uferinnen und L\u00e4ufer absolvierten 5.000 Meter f\u00fcr Ihre Titelk\u00e4mpfe. F\u00fcr die Organisatoren, L\u00e4uferinnen und L\u00e4ufern, mit 5 L\u00e4ufen von 9:30 Uhr bis 15 Uhr und anschlie\u00dfenden Siegerehrungen, wurde es ein langer Sporttag. Gleich im ersten Lauf vielen die Entscheidungen \u00fcber 5.000 Meter. 2 L\u00e4uferinnen und 2 L\u00e4ufer unserer Laufgruppe konnten sich hier hervorragend platzieren. Der \u00e4lteste Schweriner Teilnehmer Egon Kannegie\u00dfer wurde in seiner M80 in 42:45,57 min Landesmeister. F\u00fcr Waltraud Garnitz bedeuteten ihre 35:21,21 min die Vizelandesmeisterschaft ihrer W75. F\u00fcr Gabi Kaletzki (W60) in 30:22,05 min und Peter Wiesner (M75) mit 26:11,16 gab es jeweils Bronze. Von Lauf zu Lauf stiegen dazu die Temperaturen auf weit \u00fcber 20 Grad und der Wind klaute auch so manche L\u00e4ufersekunde. In den anschlie\u00dfenden L\u00e4ufen \u00fcber 10.000 Meter konnten sich 2 L\u00e4uferinnen und 9 L\u00e4ufer von uns im Vorderfeld platzieren. Hierbei ist das Ergebnis von Lothar Gajek hervorzuheben. In einem kontrollierten Lauf gewann Lothar Gajek in 44:08,07 min und sicherte sich damit, neben den Titel als Landesmeister, bereits vorzeitig den Gesamtsieg seiner Altersklasse M60 im Laufcup Mecklenburg-Vorpommern. In der gleichen Altersklasse wurde Norbert Kaletzki (44:57,82 min) hervorragender Zweiter und&nbsp; Rainer Bastek mit 59:34,67 min Sechster. Schnellster Schweriner war der M40-Vizelandesmeister Marco Wien in einer tollen Zeit von 37:59,25 min. Ebenfalls in der M40 wurde Birger B\u00f6sel mit 40:39,55 min F\u00fcnfter. Bronzemedaillen erliefen sich Andrea Bastek (W55) in 58:50,13 min und Frank Leonhardt (M50) mit 41:54,23 min. Bei Beiden war die Freude besonders gro\u00df, sind es doch ihre ersten Medaillen bei Landesmeisterschaften. Ulrike Sch\u00f6ne l\u00e4uft in einer Zeit von 54:41,35 min als F\u00fcnfte ihrer W45 durchs Ziel. Christian Briesen (44:21,68 min) und Christian Stapel (58:33,91min) laufen auf die Pl\u00e4tze Sieben und Acht ihrer M50. Frank Riebschl\u00e4ger l\u00e4uft in 56:16,11 min auf den 10. Platz seiner M45.<\/p>\n<div id=\"attachment_1888\" style=\"width: 1034px\" class=\"wp-caption alignleft\"><a href=\"https:\/\/www.laufgruppe-Schwerin.de\/wp-content\/uploads\/2017\/08\/01.jpg\"><img loading=\"lazy\" decoding=\"async\" aria-describedby=\"caption-attachment-1888\" class=\"size-full wp-image-1888\" src=\"https:\/\/www.laufgruppe-Schwerin.de\/wp-content\/uploads\/2017\/08\/01.jpg\" alt=\"\" height=\"768\" width=\"1024\" srcset=\"https:\/\/www.laufgruppe-schwerin.de\/wp-content\/uploads\/2017\/08\/01.jpg 1024w, https:\/\/www.laufgruppe-schwerin.de\/wp-content\/uploads\/2017\/08\/01-300x225.jpg 300w, https:\/\/www.laufgruppe-schwerin.de\/wp-content\/uploads\/2017\/08\/01-768x576.jpg 768w\" sizes=\"auto, (max-width: 1024px) 100vw, 1024px\" \/><\/a><p id=\"caption-attachment-1888\" class=\"wp-caption-text\">Laufgruppe Schwerin<\/p><\/div>\n<div id=\"attachment_1889\" style=\"width: 1034px\" class=\"wp-caption alignleft\"><a href=\"https:\/\/www.laufgruppe-Schwerin.de\/wp-content\/uploads\/2017\/08\/02.jpeg\"><img loading=\"lazy\" decoding=\"async\" aria-describedby=\"caption-attachment-1889\" class=\"size-full wp-image-1889\" src=\"https:\/\/www.laufgruppe-Schwerin.de\/wp-content\/uploads\/2017\/08\/02.jpeg\" alt=\"\" height=\"768\" width=\"1024\" srcset=\"https:\/\/www.laufgruppe-schwerin.de\/wp-content\/uploads\/2017\/08\/02.jpeg 1024w, https:\/\/www.laufgruppe-schwerin.de\/wp-content\/uploads\/2017\/08\/02-300x225.jpeg 300w, https:\/\/www.laufgruppe-schwerin.de\/wp-content\/uploads\/2017\/08\/02-768x576.jpeg 768w\" sizes=\"auto, (max-width: 1024px) 100vw, 1024px\" \/><\/a><p id=\"caption-attachment-1889\" class=\"wp-caption-text\">von links: Horst, Waltraud, Peter, Gabi und Egon<\/p><\/div>\n<div id=\"attachment_1891\" style=\"width: 778px\" class=\"wp-caption alignleft\"><a href=\"https:\/\/www.laufgruppe-Schwerin.de\/wp-content\/uploads\/2017\/08\/03.jpg\"><img loading=\"lazy\" decoding=\"async\" aria-describedby=\"caption-attachment-1891\" class=\"size-full wp-image-1891\" src=\"https:\/\/www.laufgruppe-Schwerin.de\/wp-content\/uploads\/2017\/08\/03.jpg\" alt=\"\" height=\"1024\" width=\"768\" srcset=\"https:\/\/www.laufgruppe-schwerin.de\/wp-content\/uploads\/2017\/08\/03.jpg 768w, https:\/\/www.laufgruppe-schwerin.de\/wp-content\/uploads\/2017\/08\/03-225x300.jpg 225w\" sizes=\"auto, (max-width: 768px) 100vw, 768px\" \/><\/a><p id=\"caption-attachment-1891\" class=\"wp-caption-text\">Christian Stapel<\/p><\/div>\n<div id=\"attachment_1892\" style=\"width: 778px\" class=\"wp-caption alignleft\"><a href=\"https:\/\/www.laufgruppe-Schwerin.de\/wp-content\/uploads\/2017\/08\/04.jpg\"><img loading=\"lazy\" decoding=\"async\" aria-describedby=\"caption-attachment-1892\" class=\"size-full wp-image-1892\" src=\"https:\/\/www.laufgruppe-Schwerin.de\/wp-content\/uploads\/2017\/08\/04.jpg\" alt=\"\" height=\"1024\" width=\"768\" srcset=\"https:\/\/www.laufgruppe-schwerin.de\/wp-content\/uploads\/2017\/08\/04.jpg 768w, https:\/\/www.laufgruppe-schwerin.de\/wp-content\/uploads\/2017\/08\/04-225x300.jpg 225w\" sizes=\"auto, (max-width: 768px) 100vw, 768px\" \/><\/a><p id=\"caption-attachment-1892\" class=\"wp-caption-text\">Frank Riebschl\u00e4ger<\/p><\/div>\n<div id=\"attachment_1893\" style=\"width: 778px\" class=\"wp-caption alignleft\"><a href=\"https:\/\/www.laufgruppe-Schwerin.de\/wp-content\/uploads\/2017\/08\/05.jpg\"><img loading=\"lazy\" decoding=\"async\" aria-describedby=\"caption-attachment-1893\" class=\"size-full wp-image-1893\" src=\"https:\/\/www.laufgruppe-Schwerin.de\/wp-content\/uploads\/2017\/08\/05.jpg\" alt=\"\" height=\"1024\" width=\"768\" srcset=\"https:\/\/www.laufgruppe-schwerin.de\/wp-content\/uploads\/2017\/08\/05.jpg 768w, https:\/\/www.laufgruppe-schwerin.de\/wp-content\/uploads\/2017\/08\/05-225x300.jpg 225w\" sizes=\"auto, (max-width: 768px) 100vw, 768px\" \/><\/a><p id=\"caption-attachment-1893\" class=\"wp-caption-text\">Ulli Sch\u00f6ne<\/p><\/div>\n<div id=\"attachment_1895\" style=\"width: 778px\" class=\"wp-caption alignleft\"><a href=\"https:\/\/www.laufgruppe-Schwerin.de\/wp-content\/uploads\/2017\/08\/06-e1501778082250.jpg\"><img loading=\"lazy\" decoding=\"async\" aria-describedby=\"caption-attachment-1895\" class=\"size-full wp-image-1895\" src=\"https:\/\/www.laufgruppe-Schwerin.de\/wp-content\/uploads\/2017\/08\/06-e1501778082250.jpg\" alt=\"\" height=\"1024\" width=\"768\" srcset=\"https:\/\/www.laufgruppe-schwerin.de\/wp-content\/uploads\/2017\/08\/06-e1501778082250.jpg 768w, https:\/\/www.laufgruppe-schwerin.de\/wp-content\/uploads\/2017\/08\/06-e1501778082250-225x300.jpg 225w\" sizes=\"auto, (max-width: 768px) 100vw, 768px\" \/><\/a><p id=\"caption-attachment-1895\" class=\"wp-caption-text\">Landesmeister Egon M80<\/p><\/div>\n<div id=\"attachment_1896\" style=\"width: 778px\" class=\"wp-caption alignleft\"><a href=\"https:\/\/www.laufgruppe-Schwerin.de\/wp-content\/uploads\/2017\/08\/07-e1501778138209.jpg\"><img loading=\"lazy\" decoding=\"async\" aria-describedby=\"caption-attachment-1896\" class=\"size-full wp-image-1896\" src=\"https:\/\/www.laufgruppe-Schwerin.de\/wp-content\/uploads\/2017\/08\/07-e1501778138209.jpg\" alt=\"\" height=\"1024\" width=\"768\" srcset=\"https:\/\/www.laufgruppe-schwerin.de\/wp-content\/uploads\/2017\/08\/07-e1501778138209.jpg 768w, https:\/\/www.laufgruppe-schwerin.de\/wp-content\/uploads\/2017\/08\/07-e1501778138209-225x300.jpg 225w\" sizes=\"auto, (max-width: 768px) 100vw, 768px\" \/><\/a><p id=\"caption-attachment-1896\" class=\"wp-caption-text\">Waltraud wird Vize in ihrer W75<\/p><\/div>\n<div id=\"attachment_1898\" style=\"width: 778px\" class=\"wp-caption alignleft\"><a href=\"https:\/\/www.laufgruppe-Schwerin.de\/wp-content\/uploads\/2017\/08\/08-e1501778206159.jpg\"><img loading=\"lazy\" decoding=\"async\" aria-describedby=\"caption-attachment-1898\" class=\"size-full wp-image-1898\" src=\"https:\/\/www.laufgruppe-Schwerin.de\/wp-content\/uploads\/2017\/08\/08-e1501778206159.jpg\" alt=\"\" height=\"1024\" width=\"768\" srcset=\"https:\/\/www.laufgruppe-schwerin.de\/wp-content\/uploads\/2017\/08\/08-e1501778206159.jpg 768w, https:\/\/www.laufgruppe-schwerin.de\/wp-content\/uploads\/2017\/08\/08-e1501778206159-225x300.jpg 225w\" sizes=\"auto, (max-width: 768px) 100vw, 768px\" \/><\/a><p id=\"caption-attachment-1898\" class=\"wp-caption-text\">Bronze f\u00fcr Gabi<\/p><\/div>\n<div id=\"attachment_1900\" style=\"width: 1034px\" class=\"wp-caption alignleft\"><a href=\"https:\/\/www.laufgruppe-Schwerin.de\/wp-content\/uploads\/2017\/08\/09.jpg\"><img loading=\"lazy\" decoding=\"async\" aria-describedby=\"caption-attachment-1900\" class=\"size-full wp-image-1900\" src=\"https:\/\/www.laufgruppe-Schwerin.de\/wp-content\/uploads\/2017\/08\/09.jpg\" alt=\"\" height=\"768\" width=\"1024\" srcset=\"https:\/\/www.laufgruppe-schwerin.de\/wp-content\/uploads\/2017\/08\/09.jpg 1024w, https:\/\/www.laufgruppe-schwerin.de\/wp-content\/uploads\/2017\/08\/09-300x225.jpg 300w, https:\/\/www.laufgruppe-schwerin.de\/wp-content\/uploads\/2017\/08\/09-768x576.jpg 768w\" sizes=\"auto, (max-width: 1024px) 100vw, 1024px\" \/><\/a><p id=\"caption-attachment-1900\" class=\"wp-caption-text\">von rechts: Rainer, Egon und Norbert<\/p><\/div>\n<div id=\"attachment_1902\" style=\"width: 778px\" class=\"wp-caption alignleft\"><a href=\"https:\/\/www.laufgruppe-Schwerin.de\/wp-content\/uploads\/2017\/08\/10-e1501778407454.jpg\"><img loading=\"lazy\" decoding=\"async\" aria-describedby=\"caption-attachment-1902\" class=\"size-full wp-image-1902\" src=\"https:\/\/www.laufgruppe-Schwerin.de\/wp-content\/uploads\/2017\/08\/10-e1501778407454.jpg\" alt=\"\" height=\"1024\" width=\"768\" srcset=\"https:\/\/www.laufgruppe-schwerin.de\/wp-content\/uploads\/2017\/08\/10-e1501778407454.jpg 768w, https:\/\/www.laufgruppe-schwerin.de\/wp-content\/uploads\/2017\/08\/10-e1501778407454-225x300.jpg 225w\" sizes=\"auto, (max-width: 768px) 100vw, 768px\" \/><\/a><p id=\"caption-attachment-1902\" class=\"wp-caption-text\">Bronze f\u00fcr Andrea (rechts)<\/p><\/div>\n<div id=\"attachment_1904\" style=\"width: 778px\" class=\"wp-caption alignleft\"><a href=\"https:\/\/www.laufgruppe-Schwerin.de\/wp-content\/uploads\/2017\/08\/11-e1501778491908.jpg\"><img loading=\"lazy\" decoding=\"async\" aria-describedby=\"caption-attachment-1904\" class=\"size-full wp-image-1904\" src=\"https:\/\/www.laufgruppe-Schwerin.de\/wp-content\/uploads\/2017\/08\/11-e1501778491908.jpg\" alt=\"\" height=\"1024\" width=\"768\" srcset=\"https:\/\/www.laufgruppe-schwerin.de\/wp-content\/uploads\/2017\/08\/11-e1501778491908.jpg 768w, https:\/\/www.laufgruppe-schwerin.de\/wp-content\/uploads\/2017\/08\/11-e1501778491908-225x300.jpg 225w\" sizes=\"auto, (max-width: 768px) 100vw, 768px\" \/><\/a><p id=\"caption-attachment-1904\" class=\"wp-caption-text\">Doppelsieg in der M60 durch Lothar (rechts) und Norbert<\/p><\/div>\n<div id=\"attachment_1906\" style=\"width: 778px\" class=\"wp-caption alignleft\"><a href=\"https:\/\/www.laufgruppe-Schwerin.de\/wp-content\/uploads\/2017\/08\/12-e1501778583807.jpg\"><img loading=\"lazy\" decoding=\"async\" aria-describedby=\"caption-attachment-1906\" class=\"size-full wp-image-1906\" src=\"https:\/\/www.laufgruppe-Schwerin.de\/wp-content\/uploads\/2017\/08\/12-e1501778583807.jpg\" alt=\"\" height=\"1024\" width=\"768\" srcset=\"https:\/\/www.laufgruppe-schwerin.de\/wp-content\/uploads\/2017\/08\/12-e1501778583807.jpg 768w, https:\/\/www.laufgruppe-schwerin.de\/wp-content\/uploads\/2017\/08\/12-e1501778583807-225x300.jpg 225w\" sizes=\"auto, (max-width: 768px) 100vw, 768px\" \/><\/a><p id=\"caption-attachment-1906\" class=\"wp-caption-text\">Bronze f\u00fcr Frank (rechts) M50<\/p><\/div>\n<div id=\"attachment_1908\" style=\"width: 778px\" class=\"wp-caption alignleft\"><a href=\"https:\/\/www.laufgruppe-Schwerin.de\/wp-content\/uploads\/2017\/08\/13-e1501778666311.jpg\"><img loading=\"lazy\" decoding=\"async\" aria-describedby=\"caption-attachment-1908\" class=\"size-full wp-image-1908\" src=\"https:\/\/www.laufgruppe-Schwerin.de\/wp-content\/uploads\/2017\/08\/13-e1501778666311.jpg\" alt=\"\" height=\"1024\" width=\"768\" srcset=\"https:\/\/www.laufgruppe-schwerin.de\/wp-content\/uploads\/2017\/08\/13-e1501778666311.jpg 768w, https:\/\/www.laufgruppe-schwerin.de\/wp-content\/uploads\/2017\/08\/13-e1501778666311-225x300.jpg 225w\" sizes=\"auto, (max-width: 768px) 100vw, 768px\" \/><\/a><p id=\"caption-attachment-1908\" class=\"wp-caption-text\">Silber f\u00fcr Marco in der M40<\/p><\/div>\n<div id=\"attachment_1910\" style=\"width: 1034px\" class=\"wp-caption alignleft\"><a href=\"https:\/\/www.laufgruppe-Schwerin.de\/wp-content\/uploads\/2017\/08\/14.jpg\"><img loading=\"lazy\" decoding=\"async\" aria-describedby=\"caption-attachment-1910\" class=\"size-full wp-image-1910\" src=\"https:\/\/www.laufgruppe-Schwerin.de\/wp-content\/uploads\/2017\/08\/14.jpg\" alt=\"\" height=\"768\" width=\"1024\" srcset=\"https:\/\/www.laufgruppe-schwerin.de\/wp-content\/uploads\/2017\/08\/14.jpg 1024w, https:\/\/www.laufgruppe-schwerin.de\/wp-content\/uploads\/2017\/08\/14-300x225.jpg 300w, https:\/\/www.laufgruppe-schwerin.de\/wp-content\/uploads\/2017\/08\/14-768x576.jpg 768w\" sizes=\"auto, (max-width: 1024px) 100vw, 1024px\" \/><\/a><p id=\"caption-attachment-1910\" class=\"wp-caption-text\">Abschlussfoto Wismar<\/p><\/div>\n<p>&nbsp;<\/p>\n<iframe src=\"http:\/\/www.facebook.com\/plugins\/like.php?href=https%3A%2F%2Fwww.laufgruppe-schwerin.de%2F%3Fp%3D1887&amp;layout=standard&amp;show_faces=true&amp;width=450&amp;action=like&amp;colorscheme=light\" scrolling=\"no\" frameborder=\"0\" allowTransparency=\"true\" style=\"border:none; overflow:hidden; width:450px;margin-top:5px;\"><\/iframe>","protected":false},"excerpt":{"rendered":"<p>Am zweiten Juliwochenende wurden die Landesmeisterschaften \u00fcber 5.000 und 10.000 Meter erstmals in Wismar ausgetragen. Gleichzeitig war es die 9. Station im Landeslaufcup von Mecklenburg-Vorpommern. Bei den m\u00e4nnlichen Altersklassen bis M70 und bei den weiblichen Altersklassen bis W55 wurden die Titel \u00fcber 10.000 Meter vergeben. Die \u00e4lteren L\u00e4uferinnen und L\u00e4ufer absolvierten 5.000 Meter f\u00fcr Ihre [&hellip;]<\/p>\n","protected":false},"author":3,"featured_media":1912,"comment_status":"open","ping_status":"open","sticky":false,"template":"","format":"standard","meta":{"ngg_post_thumbnail":0,"footnotes":""},"categories":[3],"tags":[],"class_list":{"0":"post-1887","1":"post","2":"type-post","3":"status-publish","4":"format-standard","5":"has-post-thumbnail","7":"category-laufcup-mv","8":"czr-hentry"},"_links":{"self":[{"href":"https:\/\/www.laufgruppe-schwerin.de\/index.php?rest_route=\/wp\/v2\/posts\/1887","targetHints":{"allow":["GET"]}}],"collection":[{"href":"https:\/\/www.laufgruppe-schwerin.de\/index.php?rest_route=\/wp\/v2\/posts"}],"about":[{"href":"https:\/\/www.laufgruppe-schwerin.de\/index.php?rest_route=\/wp\/v2\/types\/post"}],"author":[{"embeddable":true,"href":"https:\/\/www.laufgruppe-schwerin.de\/index.php?rest_route=\/wp\/v2\/users\/3"}],"replies":[{"embeddable":true,"href":"https:\/\/www.laufgruppe-schwerin.de\/index.php?rest_route=%2Fwp%2Fv2%2Fcomments&post=1887"}],"version-history":[{"count":10,"href":"https:\/\/www.laufgruppe-schwerin.de\/index.php?rest_route=\/wp\/v2\/posts\/1887\/revisions"}],"predecessor-version":[{"id":1911,"href":"https:\/\/www.laufgruppe-schwerin.de\/index.php?rest_route=\/wp\/v2\/posts\/1887\/revisions\/1911"}],"wp:featuredmedia":[{"embeddable":true,"href":"https:\/\/www.laufgruppe-schwerin.de\/index.php?rest_route=\/wp\/v2\/media\/1912"}],"wp:attachment":[{"href":"https:\/\/www.laufgruppe-schwerin.de\/index.php?rest_route=%2Fwp%2Fv2%2Fmedia&parent=1887"}],"wp:term":[{"taxonomy":"category","embeddable":true,"href":"https:\/\/www.laufgruppe-schwerin.de\/index.php?rest_route=%2Fwp%2Fv2%2Fcategories&post=1887"},{"taxonomy":"post_tag","embeddable":true,"href":"https:\/\/www.laufgruppe-schwerin.de\/index.php?rest_route=%2Fwp%2Fv2%2Ftags&post=1887"}],"curies":[{"name":"wp","href":"https:\/\/api.w.org\/{rel}","templated":true}]}}