{"id":1869,"date":"2017-07-06T13:26:57","date_gmt":"2017-07-06T11:26:57","guid":{"rendered":"http:\/\/www.laufgruppe-schwerin.de\/?p=1869"},"modified":"2017-07-06T13:32:58","modified_gmt":"2017-07-06T11:32:58","slug":"vordere-plaetze-beim-11-scn-energy-lauf-in-jatznick","status":"publish","type":"post","link":"https:\/\/www.laufgruppe-schwerin.de\/?p=1869","title":{"rendered":"Vordere Pl\u00e4tze beim 11. scn energy Lauf in Jatznick"},"content":{"rendered":"<p>Auf der 8. Station des Laufcup MV ging es f\u00fcr unsere L\u00e4uferinnen und L\u00e4ufer am letzten Samstag nach Vorpommern. Trotz der Entfernung machten sich 11 Mitglieder unserer Laufgruppeauf die Reise, um auch beim \u00f6stlichsten Austragungsort des Laufcups Punkte zu sammeln. Der Lauf besticht immer wieder mit einer guten Organisation und der herzlichen Atmosph\u00e4re. 2 Nachwuchsl\u00e4ufer, 2 L\u00e4uferinnen und 6 L\u00e4ufer gingen in Jatznick \u00fcber die 3 angebotenen Strecken an den Start. Antonio und Tamino Briesen liefen im Intersport-Nachwuchscup \u00fcber 2 Kilometer. Hier erreichte Antonio Briesen in 10:03 min einen 6.Platz in seiner Altersklasse M U12 und Tamino Briesen wurde mit 8:35 min Vierter seiner M U14. Bei den L\u00e4uferinnen wurden die Cuppunkte \u00fcber einen 7,5 Kilometer langen Pendelkurs vergeben. Dabei erreichte die \u00e4lteste Frau im Feld, Waltraud Garnitz, in 55:13 min den 2. Platz ihrer W75. Gabi Kaletzki lief nach 46:57 min als Dritte der W55 durchs Ziel. Ebenfalls 7,5 Kilometer mussten die L\u00e4ufer ab der Altersklasse M65 bew\u00e4ltigen und hier \u00fcberquerte Horst Sch\u00f6ne nach 50:33 min als Sechster seiner M75 das Ziel.<br \/>\nF\u00fcr die anderen L\u00e4ufer ging es auf der 15 km-Strecke um gute Ergebnisse. Zwar blieb wegen der dicken Wolken am Himmel eine Hitzeschlacht wie in den Vorjahren aus, dennoch war der Rundkurs durch die Brohmer Berge wegen des anspruchsvollen Profils eine echte Herausforderung f\u00fcr alle Teilnehmer. Hierbei waren die beiden M60-L\u00e4ufer Norbert Kaletzki und Lothar Gajek als schnellste Schweriner TOP. Lothar gewinnt gewinnt in 1h07:23 und &nbsp;Norbert wird mit 1h09:19 Zweiter. Lothar Domnick erl\u00e4uft sich in 1h09:49 den 5. Platz der M55. In der M50 gingen Christian Briesen und Christian Stapel an den Start. Christian Briesen kam nach 1h10:49 als Siebenter an und Christian Stapel ben\u00f6tigte f\u00fcr seinen 12. Platz eine Zeit von 1h33:10.<br \/>\nHorst Garnitz ging im Walking \u00fcber 6 km an den Start und wurde nach 55:20 min Dritter.<\/p>\n<div id=\"attachment_1872\" style=\"width: 1034px\" class=\"wp-caption alignleft\"><a href=\"https:\/\/www.laufgruppe-Schwerin.de\/wp-content\/uploads\/2017\/07\/jatznick-2017-212.jpg\"><img loading=\"lazy\" decoding=\"async\" aria-describedby=\"caption-attachment-1872\" class=\"size-full wp-image-1872\" src=\"https:\/\/www.laufgruppe-Schwerin.de\/wp-content\/uploads\/2017\/07\/jatznick-2017-212.jpg\" alt=\"\" height=\"664\" width=\"1024\" srcset=\"https:\/\/www.laufgruppe-schwerin.de\/wp-content\/uploads\/2017\/07\/jatznick-2017-212.jpg 1024w, https:\/\/www.laufgruppe-schwerin.de\/wp-content\/uploads\/2017\/07\/jatznick-2017-212-300x195.jpg 300w, https:\/\/www.laufgruppe-schwerin.de\/wp-content\/uploads\/2017\/07\/jatznick-2017-212-768x498.jpg 768w\" sizes=\"auto, (max-width: 1024px) 100vw, 1024px\" \/><\/a><p id=\"caption-attachment-1872\" class=\"wp-caption-text\">Gruppenfoto nach erfolgreichem Lauf.<\/p><\/div>\n<div id=\"attachment_1873\" style=\"width: 778px\" class=\"wp-caption alignleft\"><a href=\"https:\/\/www.laufgruppe-Schwerin.de\/wp-content\/uploads\/2017\/07\/jatznick-2017-222-e1499339753264.jpg\"><img loading=\"lazy\" decoding=\"async\" aria-describedby=\"caption-attachment-1873\" class=\"size-full wp-image-1873\" src=\"https:\/\/www.laufgruppe-Schwerin.de\/wp-content\/uploads\/2017\/07\/jatznick-2017-222-e1499339753264.jpg\" alt=\"\" height=\"1024\" width=\"768\" srcset=\"https:\/\/www.laufgruppe-schwerin.de\/wp-content\/uploads\/2017\/07\/jatznick-2017-222-e1499339753264.jpg 768w, https:\/\/www.laufgruppe-schwerin.de\/wp-content\/uploads\/2017\/07\/jatznick-2017-222-e1499339753264-225x300.jpg 225w\" sizes=\"auto, (max-width: 768px) 100vw, 768px\" \/><\/a><p id=\"caption-attachment-1873\" class=\"wp-caption-text\">Gabi (rechts) als Dritte ihrer W55 bei der Siegerehrung.<\/p><\/div>\n<div id=\"attachment_1875\" style=\"width: 778px\" class=\"wp-caption alignleft\"><a href=\"https:\/\/www.laufgruppe-Schwerin.de\/wp-content\/uploads\/2017\/07\/jatznick-2017-234-e1499339866290.jpg\"><img loading=\"lazy\" decoding=\"async\" aria-describedby=\"caption-attachment-1875\" class=\"size-full wp-image-1875\" src=\"https:\/\/www.laufgruppe-Schwerin.de\/wp-content\/uploads\/2017\/07\/jatznick-2017-234-e1499339866290.jpg\" alt=\"\" height=\"1024\" width=\"768\" srcset=\"https:\/\/www.laufgruppe-schwerin.de\/wp-content\/uploads\/2017\/07\/jatznick-2017-234-e1499339866290.jpg 768w, https:\/\/www.laufgruppe-schwerin.de\/wp-content\/uploads\/2017\/07\/jatznick-2017-234-e1499339866290-225x300.jpg 225w\" sizes=\"auto, (max-width: 768px) 100vw, 768px\" \/><\/a><p id=\"caption-attachment-1875\" class=\"wp-caption-text\">Waltraud (links) als Zweite ihrer W75.<\/p><\/div>\n<div id=\"attachment_1877\" style=\"width: 778px\" class=\"wp-caption alignleft\"><a href=\"https:\/\/www.laufgruppe-Schwerin.de\/wp-content\/uploads\/2017\/07\/jatznick-2017-318-e1499339945325.jpg\"><img loading=\"lazy\" decoding=\"async\" aria-describedby=\"caption-attachment-1877\" class=\"size-full wp-image-1877\" src=\"https:\/\/www.laufgruppe-Schwerin.de\/wp-content\/uploads\/2017\/07\/jatznick-2017-318-e1499339945325.jpg\" alt=\"\" height=\"1024\" width=\"768\" srcset=\"https:\/\/www.laufgruppe-schwerin.de\/wp-content\/uploads\/2017\/07\/jatznick-2017-318-e1499339945325.jpg 768w, https:\/\/www.laufgruppe-schwerin.de\/wp-content\/uploads\/2017\/07\/jatznick-2017-318-e1499339945325-225x300.jpg 225w\" sizes=\"auto, (max-width: 768px) 100vw, 768px\" \/><\/a><p id=\"caption-attachment-1877\" class=\"wp-caption-text\">Horst Garnitz als drittbester Walker.<\/p><\/div>\n<div id=\"attachment_1879\" style=\"width: 778px\" class=\"wp-caption alignleft\"><a href=\"https:\/\/www.laufgruppe-Schwerin.de\/wp-content\/uploads\/2017\/07\/jatznick-2017-320.jpg\"><img loading=\"lazy\" decoding=\"async\" aria-describedby=\"caption-attachment-1879\" class=\"size-full wp-image-1879\" src=\"https:\/\/www.laufgruppe-Schwerin.de\/wp-content\/uploads\/2017\/07\/jatznick-2017-320.jpg\" alt=\"\" height=\"1024\" width=\"768\" srcset=\"https:\/\/www.laufgruppe-schwerin.de\/wp-content\/uploads\/2017\/07\/jatznick-2017-320.jpg 768w, https:\/\/www.laufgruppe-schwerin.de\/wp-content\/uploads\/2017\/07\/jatznick-2017-320-225x300.jpg 225w\" sizes=\"auto, (max-width: 768px) 100vw, 768px\" \/><\/a><p id=\"caption-attachment-1879\" class=\"wp-caption-text\">Horst Sch\u00f6ne bei der Siegerehrung.<\/p><\/div>\n<div id=\"attachment_1881\" style=\"width: 1034px\" class=\"wp-caption alignleft\"><a href=\"https:\/\/www.laufgruppe-Schwerin.de\/wp-content\/uploads\/2017\/07\/jatznick-2017-338.jpg\"><img loading=\"lazy\" decoding=\"async\" aria-describedby=\"caption-attachment-1881\" class=\"size-full wp-image-1881\" src=\"https:\/\/www.laufgruppe-Schwerin.de\/wp-content\/uploads\/2017\/07\/jatznick-2017-338.jpg\" alt=\"\" height=\"768\" width=\"1024\" srcset=\"https:\/\/www.laufgruppe-schwerin.de\/wp-content\/uploads\/2017\/07\/jatznick-2017-338.jpg 1024w, https:\/\/www.laufgruppe-schwerin.de\/wp-content\/uploads\/2017\/07\/jatznick-2017-338-300x225.jpg 300w, https:\/\/www.laufgruppe-schwerin.de\/wp-content\/uploads\/2017\/07\/jatznick-2017-338-768x576.jpg 768w\" sizes=\"auto, (max-width: 1024px) 100vw, 1024px\" \/><\/a><p id=\"caption-attachment-1881\" class=\"wp-caption-text\">Siegerehrung M55 mit Lothar Domnick (links).<\/p><\/div>\n<div id=\"attachment_1882\" style=\"width: 1034px\" class=\"wp-caption alignleft\"><a href=\"https:\/\/www.laufgruppe-Schwerin.de\/wp-content\/uploads\/2017\/07\/jatznick-2017-345.jpg\"><img loading=\"lazy\" decoding=\"async\" aria-describedby=\"caption-attachment-1882\" class=\"size-full wp-image-1882\" src=\"https:\/\/www.laufgruppe-Schwerin.de\/wp-content\/uploads\/2017\/07\/jatznick-2017-345.jpg\" alt=\"\" height=\"768\" width=\"1024\" srcset=\"https:\/\/www.laufgruppe-schwerin.de\/wp-content\/uploads\/2017\/07\/jatznick-2017-345.jpg 1024w, https:\/\/www.laufgruppe-schwerin.de\/wp-content\/uploads\/2017\/07\/jatznick-2017-345-300x225.jpg 300w, https:\/\/www.laufgruppe-schwerin.de\/wp-content\/uploads\/2017\/07\/jatznick-2017-345-768x576.jpg 768w\" sizes=\"auto, (max-width: 1024px) 100vw, 1024px\" \/><\/a><p id=\"caption-attachment-1882\" class=\"wp-caption-text\">Siegerehrung M60 mit Lothar Gajek (2. v. l.) und Norbert (3. v. l.).<\/p><\/div>\n<iframe src=\"http:\/\/www.facebook.com\/plugins\/like.php?href=https%3A%2F%2Fwww.laufgruppe-schwerin.de%2F%3Fp%3D1869&amp;layout=standard&amp;show_faces=true&amp;width=450&amp;action=like&amp;colorscheme=light\" scrolling=\"no\" frameborder=\"0\" allowTransparency=\"true\" style=\"border:none; overflow:hidden; width:450px;margin-top:5px;\"><\/iframe>","protected":false},"excerpt":{"rendered":"<p>Auf der 8. Station des Laufcup MV ging es f\u00fcr unsere L\u00e4uferinnen und L\u00e4ufer am letzten Samstag nach Vorpommern. Trotz der Entfernung machten sich 11 Mitglieder unserer Laufgruppeauf die Reise, um auch beim \u00f6stlichsten Austragungsort des Laufcups Punkte zu sammeln. Der Lauf besticht immer wieder mit einer guten Organisation und der herzlichen Atmosph\u00e4re. 2 Nachwuchsl\u00e4ufer, [&hellip;]<\/p>\n","protected":false},"author":3,"featured_media":1885,"comment_status":"open","ping_status":"open","sticky":false,"template":"","format":"standard","meta":{"ngg_post_thumbnail":0,"footnotes":""},"categories":[3],"tags":[],"class_list":{"0":"post-1869","1":"post","2":"type-post","3":"status-publish","4":"format-standard","5":"has-post-thumbnail","7":"category-laufcup-mv","8":"czr-hentry"},"_links":{"self":[{"href":"https:\/\/www.laufgruppe-schwerin.de\/index.php?rest_route=\/wp\/v2\/posts\/1869","targetHints":{"allow":["GET"]}}],"collection":[{"href":"https:\/\/www.laufgruppe-schwerin.de\/index.php?rest_route=\/wp\/v2\/posts"}],"about":[{"href":"https:\/\/www.laufgruppe-schwerin.de\/index.php?rest_route=\/wp\/v2\/types\/post"}],"author":[{"embeddable":true,"href":"https:\/\/www.laufgruppe-schwerin.de\/index.php?rest_route=\/wp\/v2\/users\/3"}],"replies":[{"embeddable":true,"href":"https:\/\/www.laufgruppe-schwerin.de\/index.php?rest_route=%2Fwp%2Fv2%2Fcomments&post=1869"}],"version-history":[{"count":6,"href":"https:\/\/www.laufgruppe-schwerin.de\/index.php?rest_route=\/wp\/v2\/posts\/1869\/revisions"}],"predecessor-version":[{"id":1883,"href":"https:\/\/www.laufgruppe-schwerin.de\/index.php?rest_route=\/wp\/v2\/posts\/1869\/revisions\/1883"}],"wp:featuredmedia":[{"embeddable":true,"href":"https:\/\/www.laufgruppe-schwerin.de\/index.php?rest_route=\/wp\/v2\/media\/1885"}],"wp:attachment":[{"href":"https:\/\/www.laufgruppe-schwerin.de\/index.php?rest_route=%2Fwp%2Fv2%2Fmedia&parent=1869"}],"wp:term":[{"taxonomy":"category","embeddable":true,"href":"https:\/\/www.laufgruppe-schwerin.de\/index.php?rest_route=%2Fwp%2Fv2%2Fcategories&post=1869"},{"taxonomy":"post_tag","embeddable":true,"href":"https:\/\/www.laufgruppe-schwerin.de\/index.php?rest_route=%2Fwp%2Fv2%2Ftags&post=1869"}],"curies":[{"name":"wp","href":"https:\/\/api.w.org\/{rel}","templated":true}]}}