{"id":1836,"date":"2017-07-06T11:58:40","date_gmt":"2017-07-06T09:58:40","guid":{"rendered":"http:\/\/www.laufgruppe-schwerin.de\/?p=1836"},"modified":"2017-07-06T11:58:40","modified_gmt":"2017-07-06T09:58:40","slug":"2-altersklassensiege-beim-41-oase-inselseelauf-in-guestrow","status":"publish","type":"post","link":"https:\/\/www.laufgruppe-schwerin.de\/?p=1836","title":{"rendered":"2 Altersklassensiege beim 41.OASE Inselseelauf in G\u00fcstrow"},"content":{"rendered":"<p>Der Laufcup gastierte auf seiner siebenten Station am G\u00fcstrower Inselsee. Hier ging es \u00fcber die Strecken von 10 und 20 Kilometer um die Wertungspunkte. Unsere Laufgruppe war mit 4 L\u00e4uferinnen und 11 L\u00e4ufern angereist. F\u00fcr die vier L\u00e4uferinnen und die beiden M\u00e4nner der M75 wurden \u00fcber 10 Kilometer die Cuppunkte vergeben. Die anderen L\u00e4ufer nahmen die Herausforderung \u00fcber 20 Kilometer an. Die nicht einfach zu laufende anspruchsvolle Wettkampfstrecke, mit f\u00fcr Mecklenburger Verh\u00e4ltnissen vielen H\u00f6henmeter, beeindruckte. Auch das Wetter spielte mit, die Wetterkapriolen der letzten Tage mit starkem Wind und hohen Temperaturen waren vorbei. Bei angenehmen 16 Grad und einer gr\u00f6\u00dftenteils schattige Laufstrecke waren beste Bedingungen f\u00fcr einen erfolgreichen Lauf gegeben. Mit Ute Neumann und Sabine Bahr liefen zwei L\u00e4uferinnen in die TOP 10 der Gesamtwertung. Ute l\u00e4uft auf Platz 5 der Gesamtwertung und wird mit 46:23 min Dritte ihrer W40. Als Gesamtsiebente und Zweiter der W50 l\u00e4uft Sabine in 47:14 min durchs Ziel. Waltraud Garnitz holt sich mit 1h18:14 den Altersklassensieg ihrer W75 und f\u00fcr Ulrike Sch\u00f6ne bedeuten 53:55 min den 4. Platz der W45. Die M75-L\u00e4ufer Peter Wiesner und Horst Sch\u00f6ne erreichten die Pl\u00e4tze 2 und 8. Peter ben\u00f6tigte 55:10 min und f\u00fcr Horst blieb nach 1h18:14 die Uhr stehen. Im Hauptlauf \u00fcber 20 Kilometer ist Oliver Kahl, als Dritter der M45, in 1h24:43 bester L\u00e4ufer der Landeshauptstadt. Lothar Gajek gewinnt mit 1h30:28 souver\u00e4n seine Altersklasse M60. In der gleichen Altersklasse erreicht Harald Tschersich in 1h41:14 den 3. Platz. In der M50 gingen mit Frank Leonhardt, Christian Briesen und Christian Stapel 3 L\u00e4ufer ins Rennen. Frank wird in 1h30:56 F\u00fcnfter, Christian Briesen mit 1h35:18 Siebenter und Christian Stapel erreicht mit 2h02:24 den 12. Platz. Sechster der M55 wird Lothar Domnick in 1h36:07 und Fred Kiesendahl erl\u00e4uft hier mit 1h55:20 den 11. Platz. Mit 2h02:04 wird Frank Riebschl\u00e4ger Neunter seiner M45. Fotos &nbsp;\u00a9 Siggi Karow<\/p>\n<div id=\"attachment_1837\" style=\"width: 1034px\" class=\"wp-caption alignleft\"><a href=\"https:\/\/www.laufgruppe-Schwerin.de\/wp-content\/uploads\/2017\/07\/001.jpg\"><img loading=\"lazy\" decoding=\"async\" aria-describedby=\"caption-attachment-1837\" class=\"size-full wp-image-1837\" src=\"https:\/\/www.laufgruppe-Schwerin.de\/wp-content\/uploads\/2017\/07\/001.jpg\" alt=\"\" height=\"768\" width=\"1024\" srcset=\"https:\/\/www.laufgruppe-schwerin.de\/wp-content\/uploads\/2017\/07\/001.jpg 1024w, https:\/\/www.laufgruppe-schwerin.de\/wp-content\/uploads\/2017\/07\/001-300x225.jpg 300w, https:\/\/www.laufgruppe-schwerin.de\/wp-content\/uploads\/2017\/07\/001-768x576.jpg 768w\" sizes=\"auto, (max-width: 1024px) 100vw, 1024px\" \/><\/a><p id=\"caption-attachment-1837\" class=\"wp-caption-text\">Unsere Laufgruppe vor dem Start.<\/p><\/div>\n<div id=\"attachment_1840\" style=\"width: 1034px\" class=\"wp-caption alignleft\"><a href=\"https:\/\/www.laufgruppe-Schwerin.de\/wp-content\/uploads\/2017\/07\/002.jpg\"><img loading=\"lazy\" decoding=\"async\" aria-describedby=\"caption-attachment-1840\" class=\"size-full wp-image-1840\" src=\"https:\/\/www.laufgruppe-Schwerin.de\/wp-content\/uploads\/2017\/07\/002.jpg\" alt=\"\" height=\"768\" width=\"1024\" srcset=\"https:\/\/www.laufgruppe-schwerin.de\/wp-content\/uploads\/2017\/07\/002.jpg 1024w, https:\/\/www.laufgruppe-schwerin.de\/wp-content\/uploads\/2017\/07\/002-300x225.jpg 300w, https:\/\/www.laufgruppe-schwerin.de\/wp-content\/uploads\/2017\/07\/002-768x576.jpg 768w\" sizes=\"auto, (max-width: 1024px) 100vw, 1024px\" \/><\/a><p id=\"caption-attachment-1840\" class=\"wp-caption-text\">Gesamtsiegerehrung mit Ute (vorne 2. v. r.)<\/p><\/div>\n<div id=\"attachment_1842\" style=\"width: 778px\" class=\"wp-caption alignleft\"><a href=\"https:\/\/www.laufgruppe-Schwerin.de\/wp-content\/uploads\/2017\/07\/017.jpg\"><img loading=\"lazy\" decoding=\"async\" aria-describedby=\"caption-attachment-1842\" class=\"size-full wp-image-1842\" src=\"https:\/\/www.laufgruppe-Schwerin.de\/wp-content\/uploads\/2017\/07\/017.jpg\" alt=\"\" height=\"1024\" width=\"768\" srcset=\"https:\/\/www.laufgruppe-schwerin.de\/wp-content\/uploads\/2017\/07\/017.jpg 768w, https:\/\/www.laufgruppe-schwerin.de\/wp-content\/uploads\/2017\/07\/017-225x300.jpg 225w\" sizes=\"auto, (max-width: 768px) 100vw, 768px\" \/><\/a><p id=\"caption-attachment-1842\" class=\"wp-caption-text\">Start mit Christian Stapel (119), Frank Riebschl\u00e4ger (115) und Horst Sch\u00f6ne (117).<\/p><\/div>\n<div id=\"attachment_1845\" style=\"width: 778px\" class=\"wp-caption alignleft\"><a href=\"https:\/\/www.laufgruppe-Schwerin.de\/wp-content\/uploads\/2017\/07\/037.jpg\"><img loading=\"lazy\" decoding=\"async\" aria-describedby=\"caption-attachment-1845\" class=\"size-full wp-image-1845\" src=\"https:\/\/www.laufgruppe-Schwerin.de\/wp-content\/uploads\/2017\/07\/037.jpg\" alt=\"\" height=\"1024\" width=\"768\" srcset=\"https:\/\/www.laufgruppe-schwerin.de\/wp-content\/uploads\/2017\/07\/037.jpg 768w, https:\/\/www.laufgruppe-schwerin.de\/wp-content\/uploads\/2017\/07\/037-225x300.jpg 225w\" sizes=\"auto, (max-width: 768px) 100vw, 768px\" \/><\/a><p id=\"caption-attachment-1845\" class=\"wp-caption-text\">Ute kurz vor dem Ziel.<\/p><\/div>\n<div id=\"attachment_1846\" style=\"width: 778px\" class=\"wp-caption alignleft\"><a href=\"https:\/\/www.laufgruppe-Schwerin.de\/wp-content\/uploads\/2017\/07\/038.jpg\"><img loading=\"lazy\" decoding=\"async\" aria-describedby=\"caption-attachment-1846\" class=\"size-full wp-image-1846\" src=\"https:\/\/www.laufgruppe-Schwerin.de\/wp-content\/uploads\/2017\/07\/038.jpg\" alt=\"\" height=\"1024\" width=\"768\" srcset=\"https:\/\/www.laufgruppe-schwerin.de\/wp-content\/uploads\/2017\/07\/038.jpg 768w, https:\/\/www.laufgruppe-schwerin.de\/wp-content\/uploads\/2017\/07\/038-225x300.jpg 225w\" sizes=\"auto, (max-width: 768px) 100vw, 768px\" \/><\/a><p id=\"caption-attachment-1846\" class=\"wp-caption-text\">Sabine hat es gleich geschafft.<\/p><\/div>\n<div id=\"attachment_1848\" style=\"width: 778px\" class=\"wp-caption alignleft\"><a href=\"https:\/\/www.laufgruppe-Schwerin.de\/wp-content\/uploads\/2017\/07\/104.jpg\"><img loading=\"lazy\" decoding=\"async\" aria-describedby=\"caption-attachment-1848\" class=\"size-full wp-image-1848\" src=\"https:\/\/www.laufgruppe-Schwerin.de\/wp-content\/uploads\/2017\/07\/104.jpg\" alt=\"\" height=\"1024\" width=\"768\" srcset=\"https:\/\/www.laufgruppe-schwerin.de\/wp-content\/uploads\/2017\/07\/104.jpg 768w, https:\/\/www.laufgruppe-schwerin.de\/wp-content\/uploads\/2017\/07\/104-225x300.jpg 225w\" sizes=\"auto, (max-width: 768px) 100vw, 768px\" \/><\/a><p id=\"caption-attachment-1848\" class=\"wp-caption-text\">Horst Sch\u00f6ne<\/p><\/div>\n<div id=\"attachment_1849\" style=\"width: 778px\" class=\"wp-caption alignleft\"><a href=\"https:\/\/www.laufgruppe-Schwerin.de\/wp-content\/uploads\/2017\/07\/112.jpg\"><img loading=\"lazy\" decoding=\"async\" aria-describedby=\"caption-attachment-1849\" class=\"size-full wp-image-1849\" src=\"https:\/\/www.laufgruppe-Schwerin.de\/wp-content\/uploads\/2017\/07\/112.jpg\" alt=\"\" height=\"1024\" width=\"768\" srcset=\"https:\/\/www.laufgruppe-schwerin.de\/wp-content\/uploads\/2017\/07\/112.jpg 768w, https:\/\/www.laufgruppe-schwerin.de\/wp-content\/uploads\/2017\/07\/112-225x300.jpg 225w\" sizes=\"auto, (max-width: 768px) 100vw, 768px\" \/><\/a><p id=\"caption-attachment-1849\" class=\"wp-caption-text\">Waltraud<\/p><\/div>\n<div id=\"attachment_1850\" style=\"width: 778px\" class=\"wp-caption alignleft\"><a href=\"https:\/\/www.laufgruppe-Schwerin.de\/wp-content\/uploads\/2017\/07\/126.jpg\"><img loading=\"lazy\" decoding=\"async\" aria-describedby=\"caption-attachment-1850\" class=\"size-full wp-image-1850\" src=\"https:\/\/www.laufgruppe-Schwerin.de\/wp-content\/uploads\/2017\/07\/126.jpg\" alt=\"\" height=\"1024\" width=\"768\" srcset=\"https:\/\/www.laufgruppe-schwerin.de\/wp-content\/uploads\/2017\/07\/126.jpg 768w, https:\/\/www.laufgruppe-schwerin.de\/wp-content\/uploads\/2017\/07\/126-225x300.jpg 225w\" sizes=\"auto, (max-width: 768px) 100vw, 768px\" \/><\/a><p id=\"caption-attachment-1850\" class=\"wp-caption-text\">Oliver<\/p><\/div>\n<div id=\"attachment_1852\" style=\"width: 778px\" class=\"wp-caption alignleft\"><a href=\"https:\/\/www.laufgruppe-Schwerin.de\/wp-content\/uploads\/2017\/07\/141.jpg\"><img loading=\"lazy\" decoding=\"async\" aria-describedby=\"caption-attachment-1852\" class=\"size-full wp-image-1852\" src=\"https:\/\/www.laufgruppe-Schwerin.de\/wp-content\/uploads\/2017\/07\/141.jpg\" alt=\"\" height=\"1024\" width=\"768\" srcset=\"https:\/\/www.laufgruppe-schwerin.de\/wp-content\/uploads\/2017\/07\/141.jpg 768w, https:\/\/www.laufgruppe-schwerin.de\/wp-content\/uploads\/2017\/07\/141-225x300.jpg 225w\" sizes=\"auto, (max-width: 768px) 100vw, 768px\" \/><\/a><p id=\"caption-attachment-1852\" class=\"wp-caption-text\">Lothar Gajek<\/p><\/div>\n<div id=\"attachment_1853\" style=\"width: 778px\" class=\"wp-caption alignleft\"><a href=\"https:\/\/www.laufgruppe-Schwerin.de\/wp-content\/uploads\/2017\/07\/143.jpg\"><img loading=\"lazy\" decoding=\"async\" aria-describedby=\"caption-attachment-1853\" class=\"size-full wp-image-1853\" src=\"https:\/\/www.laufgruppe-Schwerin.de\/wp-content\/uploads\/2017\/07\/143.jpg\" alt=\"\" height=\"1024\" width=\"768\" srcset=\"https:\/\/www.laufgruppe-schwerin.de\/wp-content\/uploads\/2017\/07\/143.jpg 768w, https:\/\/www.laufgruppe-schwerin.de\/wp-content\/uploads\/2017\/07\/143-225x300.jpg 225w\" sizes=\"auto, (max-width: 768px) 100vw, 768px\" \/><\/a><p id=\"caption-attachment-1853\" class=\"wp-caption-text\">Frank Leonhardt<\/p><\/div>\n<div id=\"attachment_1855\" style=\"width: 778px\" class=\"wp-caption alignleft\"><a href=\"https:\/\/www.laufgruppe-Schwerin.de\/wp-content\/uploads\/2017\/07\/155.jpg\"><img loading=\"lazy\" decoding=\"async\" aria-describedby=\"caption-attachment-1855\" class=\"size-full wp-image-1855\" src=\"https:\/\/www.laufgruppe-Schwerin.de\/wp-content\/uploads\/2017\/07\/155.jpg\" alt=\"\" height=\"1024\" width=\"768\" srcset=\"https:\/\/www.laufgruppe-schwerin.de\/wp-content\/uploads\/2017\/07\/155.jpg 768w, https:\/\/www.laufgruppe-schwerin.de\/wp-content\/uploads\/2017\/07\/155-225x300.jpg 225w\" sizes=\"auto, (max-width: 768px) 100vw, 768px\" \/><\/a><p id=\"caption-attachment-1855\" class=\"wp-caption-text\">Lothar Domnick<\/p><\/div>\n<div id=\"attachment_1856\" style=\"width: 778px\" class=\"wp-caption alignleft\"><a href=\"https:\/\/www.laufgruppe-Schwerin.de\/wp-content\/uploads\/2017\/07\/183.jpg\"><img loading=\"lazy\" decoding=\"async\" aria-describedby=\"caption-attachment-1856\" class=\"size-full wp-image-1856\" src=\"https:\/\/www.laufgruppe-Schwerin.de\/wp-content\/uploads\/2017\/07\/183.jpg\" alt=\"\" height=\"1024\" width=\"768\" srcset=\"https:\/\/www.laufgruppe-schwerin.de\/wp-content\/uploads\/2017\/07\/183.jpg 768w, https:\/\/www.laufgruppe-schwerin.de\/wp-content\/uploads\/2017\/07\/183-225x300.jpg 225w\" sizes=\"auto, (max-width: 768px) 100vw, 768px\" \/><\/a><p id=\"caption-attachment-1856\" class=\"wp-caption-text\">Siegerehrung Waltraud (Mitte) gewinnt ihre W75.<\/p><\/div>\n<div id=\"attachment_1857\" style=\"width: 778px\" class=\"wp-caption alignleft\"><a href=\"https:\/\/www.laufgruppe-Schwerin.de\/wp-content\/uploads\/2017\/07\/184.jpg\"><img loading=\"lazy\" decoding=\"async\" aria-describedby=\"caption-attachment-1857\" class=\"size-full wp-image-1857\" src=\"https:\/\/www.laufgruppe-Schwerin.de\/wp-content\/uploads\/2017\/07\/184.jpg\" alt=\"\" height=\"1024\" width=\"768\" srcset=\"https:\/\/www.laufgruppe-schwerin.de\/wp-content\/uploads\/2017\/07\/184.jpg 768w, https:\/\/www.laufgruppe-schwerin.de\/wp-content\/uploads\/2017\/07\/184-225x300.jpg 225w\" sizes=\"auto, (max-width: 768px) 100vw, 768px\" \/><\/a><p id=\"caption-attachment-1857\" class=\"wp-caption-text\">Peter wird Zweiter seiner M75.<\/p><\/div>\n<div id=\"attachment_1859\" style=\"width: 1034px\" class=\"wp-caption alignleft\"><a href=\"https:\/\/www.laufgruppe-Schwerin.de\/wp-content\/uploads\/2017\/07\/185.jpg\"><img loading=\"lazy\" decoding=\"async\" aria-describedby=\"caption-attachment-1859\" class=\"size-full wp-image-1859\" src=\"https:\/\/www.laufgruppe-Schwerin.de\/wp-content\/uploads\/2017\/07\/185.jpg\" alt=\"\" height=\"768\" width=\"1024\" srcset=\"https:\/\/www.laufgruppe-schwerin.de\/wp-content\/uploads\/2017\/07\/185.jpg 1024w, https:\/\/www.laufgruppe-schwerin.de\/wp-content\/uploads\/2017\/07\/185-300x225.jpg 300w, https:\/\/www.laufgruppe-schwerin.de\/wp-content\/uploads\/2017\/07\/185-768x576.jpg 768w\" sizes=\"auto, (max-width: 1024px) 100vw, 1024px\" \/><\/a><p id=\"caption-attachment-1859\" class=\"wp-caption-text\">Oliver (4. v. l.) wird Dritter seiner M45.<\/p><\/div>\n<div id=\"attachment_1861\" style=\"width: 778px\" class=\"wp-caption alignleft\"><a href=\"https:\/\/www.laufgruppe-Schwerin.de\/wp-content\/uploads\/2017\/07\/186.jpg\"><img loading=\"lazy\" decoding=\"async\" aria-describedby=\"caption-attachment-1861\" class=\"size-full wp-image-1861\" src=\"https:\/\/www.laufgruppe-Schwerin.de\/wp-content\/uploads\/2017\/07\/186.jpg\" alt=\"\" height=\"1024\" width=\"768\" srcset=\"https:\/\/www.laufgruppe-schwerin.de\/wp-content\/uploads\/2017\/07\/186.jpg 768w, https:\/\/www.laufgruppe-schwerin.de\/wp-content\/uploads\/2017\/07\/186-225x300.jpg 225w\" sizes=\"auto, (max-width: 768px) 100vw, 768px\" \/><\/a><p id=\"caption-attachment-1861\" class=\"wp-caption-text\">Siegerehrung Lothar Gakek als Sieger der M60 (rechts).<\/p><\/div>\n<div id=\"attachment_1862\" style=\"width: 1868px\" class=\"wp-caption alignleft\"><a href=\"https:\/\/www.laufgruppe-Schwerin.de\/wp-content\/uploads\/2017\/07\/200.jpg\"><img loading=\"lazy\" decoding=\"async\" aria-describedby=\"caption-attachment-1862\" class=\"size-full wp-image-1862\" src=\"https:\/\/www.laufgruppe-Schwerin.de\/wp-content\/uploads\/2017\/07\/200.jpg\" alt=\"\" height=\"2477\" width=\"1858\" srcset=\"https:\/\/www.laufgruppe-schwerin.de\/wp-content\/uploads\/2017\/07\/200.jpg 1858w, https:\/\/www.laufgruppe-schwerin.de\/wp-content\/uploads\/2017\/07\/200-225x300.jpg 225w, https:\/\/www.laufgruppe-schwerin.de\/wp-content\/uploads\/2017\/07\/200-768x1024.jpg 768w\" sizes=\"auto, (max-width: 1858px) 100vw, 1858px\" \/><\/a><p id=\"caption-attachment-1862\" class=\"wp-caption-text\">Ulrike (links) und Jana<\/p><\/div>\n<p>&nbsp;<\/p>\n<p>&nbsp;<\/p>\n<p>&nbsp;<\/p>\n<p>&nbsp;<\/p>\n<p>&nbsp;<\/p>\n<p>&nbsp;<\/p>\n<p>&nbsp;<\/p>\n<p>&nbsp;<\/p>\n<iframe src=\"http:\/\/www.facebook.com\/plugins\/like.php?href=https%3A%2F%2Fwww.laufgruppe-schwerin.de%2F%3Fp%3D1836&amp;layout=standard&amp;show_faces=true&amp;width=450&amp;action=like&amp;colorscheme=light\" scrolling=\"no\" frameborder=\"0\" allowTransparency=\"true\" style=\"border:none; overflow:hidden; width:450px;margin-top:5px;\"><\/iframe>","protected":false},"excerpt":{"rendered":"<p>Der Laufcup gastierte auf seiner siebenten Station am G\u00fcstrower Inselsee. Hier ging es \u00fcber die Strecken von 10 und 20 Kilometer um die Wertungspunkte. Unsere Laufgruppe war mit 4 L\u00e4uferinnen und 11 L\u00e4ufern angereist. F\u00fcr die vier L\u00e4uferinnen und die beiden M\u00e4nner der M75 wurden \u00fcber 10 Kilometer die Cuppunkte vergeben. Die anderen L\u00e4ufer nahmen [&hellip;]<\/p>\n","protected":false},"author":3,"featured_media":1864,"comment_status":"open","ping_status":"open","sticky":false,"template":"","format":"standard","meta":{"ngg_post_thumbnail":0,"footnotes":""},"categories":[3],"tags":[],"class_list":{"0":"post-1836","1":"post","2":"type-post","3":"status-publish","4":"format-standard","5":"has-post-thumbnail","7":"category-laufcup-mv","8":"czr-hentry"},"_links":{"self":[{"href":"https:\/\/www.laufgruppe-schwerin.de\/index.php?rest_route=\/wp\/v2\/posts\/1836","targetHints":{"allow":["GET"]}}],"collection":[{"href":"https:\/\/www.laufgruppe-schwerin.de\/index.php?rest_route=\/wp\/v2\/posts"}],"about":[{"href":"https:\/\/www.laufgruppe-schwerin.de\/index.php?rest_route=\/wp\/v2\/types\/post"}],"author":[{"embeddable":true,"href":"https:\/\/www.laufgruppe-schwerin.de\/index.php?rest_route=\/wp\/v2\/users\/3"}],"replies":[{"embeddable":true,"href":"https:\/\/www.laufgruppe-schwerin.de\/index.php?rest_route=%2Fwp%2Fv2%2Fcomments&post=1836"}],"version-history":[{"count":12,"href":"https:\/\/www.laufgruppe-schwerin.de\/index.php?rest_route=\/wp\/v2\/posts\/1836\/revisions"}],"predecessor-version":[{"id":1868,"href":"https:\/\/www.laufgruppe-schwerin.de\/index.php?rest_route=\/wp\/v2\/posts\/1836\/revisions\/1868"}],"wp:featuredmedia":[{"embeddable":true,"href":"https:\/\/www.laufgruppe-schwerin.de\/index.php?rest_route=\/wp\/v2\/media\/1864"}],"wp:attachment":[{"href":"https:\/\/www.laufgruppe-schwerin.de\/index.php?rest_route=%2Fwp%2Fv2%2Fmedia&parent=1836"}],"wp:term":[{"taxonomy":"category","embeddable":true,"href":"https:\/\/www.laufgruppe-schwerin.de\/index.php?rest_route=%2Fwp%2Fv2%2Fcategories&post=1836"},{"taxonomy":"post_tag","embeddable":true,"href":"https:\/\/www.laufgruppe-schwerin.de\/index.php?rest_route=%2Fwp%2Fv2%2Ftags&post=1836"}],"curies":[{"name":"wp","href":"https:\/\/api.w.org\/{rel}","templated":true}]}}