{"id":1818,"date":"2017-05-19T17:14:54","date_gmt":"2017-05-19T15:14:54","guid":{"rendered":"http:\/\/www.laufgruppe-schwerin.de\/?p=1818"},"modified":"2017-05-19T17:14:54","modified_gmt":"2017-05-19T15:14:54","slug":"mathias-ahrenberg-wird-gesamtzweiter-beim-26-neubrandenburger-halbmarathon","status":"publish","type":"post","link":"https:\/\/www.laufgruppe-schwerin.de\/?p=1818","title":{"rendered":"Mathias Ahrenberg wird Gesamtzweiter beim 26.Neubrandenburger Halbmarathon"},"content":{"rendered":"<p class=\"Text\"><span style='font-family: \"Times New Roman\",serif; font-size: 12pt;'><span style=\"color: rgb(0, 0, 0);\">Endlich war das Wetter mal auf der Seite der L\u00e4uferinnen und L\u00e4ufer. <\/span><\/span><span style='font-family: \"Times New Roman\",serif; font-size: 12pt;'><span style=\"color: rgb(0, 0, 0);\">Bei Temperaturen im knappen zweistelligen Bereich und fast keinen Wind waren die Voraussetzungen f\u00fcr schnelle Zeiten auf dem flachen Rundkurs im Kulturpark bestens. <\/span><\/span><span style='font-family: \"Times New Roman\",serif; font-size: 12pt;'><span style=\"color: rgb(0, 0, 0);\">Die Veranstalter vom Hochschulsportverein konnten sich zudem \u00fcber einen neuen Teilnehmerrekord freuen. Der 26.Neubrandenburger Halbmarathon war gleichzeitig Landesmeisterschaft und 6.Wertungslauf im Laufcup M-V. <\/span><\/span><span style='font-family: \"Times New Roman\",serif; font-size: 12pt;'><span style=\"color: rgb(0, 0, 0);\">Ulrike Sch\u00f6ne und 6 L\u00e4ufer gingen auf den 10 Runden im Kulturpark erfolgreich an den Start.&nbsp; <\/span><\/span><span style='font-family: \"Times New Roman\",serif; font-size: 12pt;'><span style=\"color: rgb(0, 0, 0);\">Mathias Ahrenberg kommt immer besser in Schwung und wird mit 1h18:06, hinter Vorjahressieger Markus Riemer vom TC FIKO Rostock, hervorragender Gesamtzweiter. <\/span><\/span><span style='font-family: \"Times New Roman\",serif; font-size: 12pt;'><span style=\"color: rgb(0, 0, 0);\">Dazu erl\u00e4uft sich Mathias den Titel in seiner Altersklasse M35. Stefan Lange schafft es mit 1h21:54 ebenfalls als Gesamtneunter in die TOP 10. In der sehr starken M35 wird er Vierter. Lothar Gajek holt sich nach der Landesmeisterschaft im Marathon auch den Titel im Halbmarathon. Lothar gewinnt seine Altersklasse M60 in 1h34:31. Der \u00e4lteste Schweriner in Neubrandenburg, Peter Wiesner, holt sich mit 1h57:57 die Vizelandesmeisterschaft seiner M75. Die Silbermedaille erk\u00e4mpft sich M50-L\u00e4ufer Torsten Gunia in einer Zeit von 1h29:11. Oliver Kahl l\u00e4uft mit 1h29:20 auf den vierten Platz seiner M45. F\u00fcnfter seiner M55 wird Lothar Domnick in 1h39:36. Ulrike Sch\u00f6ne l\u00e4uft in 1h53:42 auf den 4.Platz ihrer W45. F\u00fcr Tochter Sofie Sch\u00f6ne wurden die Cuppunkte \u00fcber 5 Kilometer vergeben und hier siegt Sofie Sch\u00f6ne in ihre WJ U20 mit 23:58 min.<\/span><\/span><\/p>\n<div id=\"attachment_1831\" style=\"width: 1034px\" class=\"wp-caption alignleft\"><a href=\"https:\/\/www.laufgruppe-Schwerin.de\/wp-content\/uploads\/2017\/05\/130.jpg\"><img loading=\"lazy\" decoding=\"async\" aria-describedby=\"caption-attachment-1831\" width=\"1024\" height=\"768\" class=\"size-full wp-image-1831\" alt=\"\" src=\"https:\/\/www.laufgruppe-Schwerin.de\/wp-content\/uploads\/2017\/05\/130.jpg\" srcset=\"https:\/\/www.laufgruppe-schwerin.de\/wp-content\/uploads\/2017\/05\/130.jpg 1024w, https:\/\/www.laufgruppe-schwerin.de\/wp-content\/uploads\/2017\/05\/130-300x225.jpg 300w, https:\/\/www.laufgruppe-schwerin.de\/wp-content\/uploads\/2017\/05\/130-768x576.jpg 768w\" sizes=\"auto, (max-width: 1024px) 100vw, 1024px\" \/><\/a><p id=\"caption-attachment-1831\" class=\"wp-caption-text\">Wir in Neubrandenburg<\/p><\/div>\n<div id=\"attachment_1829\" style=\"width: 778px\" class=\"wp-caption alignleft\"><a href=\"https:\/\/www.laufgruppe-Schwerin.de\/wp-content\/uploads\/2017\/05\/138-e1495206790210.jpg\"><img loading=\"lazy\" decoding=\"async\" aria-describedby=\"caption-attachment-1829\" width=\"768\" height=\"1024\" class=\"size-full wp-image-1829\" alt=\"\" src=\"https:\/\/www.laufgruppe-Schwerin.de\/wp-content\/uploads\/2017\/05\/138-e1495206790210.jpg\" srcset=\"https:\/\/www.laufgruppe-schwerin.de\/wp-content\/uploads\/2017\/05\/138-e1495206790210.jpg 768w, https:\/\/www.laufgruppe-schwerin.de\/wp-content\/uploads\/2017\/05\/138-e1495206790210-225x300.jpg 225w\" sizes=\"auto, (max-width: 768px) 100vw, 768px\" \/><\/a><p id=\"caption-attachment-1829\" class=\"wp-caption-text\">Peter Vize M75<\/p><\/div>\n<div id=\"attachment_1827\" style=\"width: 778px\" class=\"wp-caption alignleft\"><a href=\"https:\/\/www.laufgruppe-Schwerin.de\/wp-content\/uploads\/2017\/05\/152.jpg\"><img loading=\"lazy\" decoding=\"async\" aria-describedby=\"caption-attachment-1827\" width=\"768\" height=\"1024\" class=\"size-full wp-image-1827\" alt=\"\" src=\"https:\/\/www.laufgruppe-Schwerin.de\/wp-content\/uploads\/2017\/05\/152.jpg\" srcset=\"https:\/\/www.laufgruppe-schwerin.de\/wp-content\/uploads\/2017\/05\/152.jpg 768w, https:\/\/www.laufgruppe-schwerin.de\/wp-content\/uploads\/2017\/05\/152-225x300.jpg 225w\" sizes=\"auto, (max-width: 768px) 100vw, 768px\" \/><\/a><p id=\"caption-attachment-1827\" class=\"wp-caption-text\">Lothar Landesmeister M60<\/p><\/div>\n<div id=\"attachment_1825\" style=\"width: 778px\" class=\"wp-caption alignleft\"><a href=\"https:\/\/www.laufgruppe-Schwerin.de\/wp-content\/uploads\/2017\/05\/158.jpg\"><img loading=\"lazy\" decoding=\"async\" aria-describedby=\"caption-attachment-1825\" width=\"768\" height=\"1024\" class=\"size-full wp-image-1825\" alt=\"\" src=\"https:\/\/www.laufgruppe-Schwerin.de\/wp-content\/uploads\/2017\/05\/158.jpg\" srcset=\"https:\/\/www.laufgruppe-schwerin.de\/wp-content\/uploads\/2017\/05\/158.jpg 768w, https:\/\/www.laufgruppe-schwerin.de\/wp-content\/uploads\/2017\/05\/158-225x300.jpg 225w\" sizes=\"auto, (max-width: 768px) 100vw, 768px\" \/><\/a><p id=\"caption-attachment-1825\" class=\"wp-caption-text\">Torsten wird im Cup Dritter und bei der Landesmeisterschaft Vize seiner M50<\/p><\/div>\n<div id=\"attachment_1823\" style=\"width: 1034px\" class=\"wp-caption alignleft\"><a href=\"https:\/\/www.laufgruppe-Schwerin.de\/wp-content\/uploads\/2017\/05\/163.jpg\"><img loading=\"lazy\" decoding=\"async\" aria-describedby=\"caption-attachment-1823\" width=\"1024\" height=\"768\" class=\"size-full wp-image-1823\" alt=\"\" src=\"https:\/\/www.laufgruppe-Schwerin.de\/wp-content\/uploads\/2017\/05\/163.jpg\" srcset=\"https:\/\/www.laufgruppe-schwerin.de\/wp-content\/uploads\/2017\/05\/163.jpg 1024w, https:\/\/www.laufgruppe-schwerin.de\/wp-content\/uploads\/2017\/05\/163-300x225.jpg 300w, https:\/\/www.laufgruppe-schwerin.de\/wp-content\/uploads\/2017\/05\/163-768x576.jpg 768w\" sizes=\"auto, (max-width: 1024px) 100vw, 1024px\" \/><\/a><p id=\"caption-attachment-1823\" class=\"wp-caption-text\">Oliver Vierter M45<\/p><\/div>\n<div id=\"attachment_1821\" style=\"width: 778px\" class=\"wp-caption alignleft\"><a href=\"https:\/\/www.laufgruppe-Schwerin.de\/wp-content\/uploads\/2017\/05\/172-e1495206546151.jpg\"><img loading=\"lazy\" decoding=\"async\" aria-describedby=\"caption-attachment-1821\" width=\"768\" height=\"1024\" class=\"size-full wp-image-1821\" alt=\"\" src=\"https:\/\/www.laufgruppe-Schwerin.de\/wp-content\/uploads\/2017\/05\/172-e1495206546151.jpg\" srcset=\"https:\/\/www.laufgruppe-schwerin.de\/wp-content\/uploads\/2017\/05\/172-e1495206546151.jpg 768w, https:\/\/www.laufgruppe-schwerin.de\/wp-content\/uploads\/2017\/05\/172-e1495206546151-225x300.jpg 225w\" sizes=\"auto, (max-width: 768px) 100vw, 768px\" \/><\/a><p id=\"caption-attachment-1821\" class=\"wp-caption-text\">Mathias Landesmeister M35<\/p><\/div>\n<div id=\"attachment_1819\" style=\"width: 1034px\" class=\"wp-caption alignleft\"><a href=\"https:\/\/www.laufgruppe-Schwerin.de\/wp-content\/uploads\/2017\/05\/174.jpg\"><img loading=\"lazy\" decoding=\"async\" aria-describedby=\"caption-attachment-1819\" width=\"1024\" height=\"728\" class=\"size-full wp-image-1819\" alt=\"\" src=\"https:\/\/www.laufgruppe-Schwerin.de\/wp-content\/uploads\/2017\/05\/174.jpg\" srcset=\"https:\/\/www.laufgruppe-schwerin.de\/wp-content\/uploads\/2017\/05\/174.jpg 1024w, https:\/\/www.laufgruppe-schwerin.de\/wp-content\/uploads\/2017\/05\/174-300x213.jpg 300w, https:\/\/www.laufgruppe-schwerin.de\/wp-content\/uploads\/2017\/05\/174-768x546.jpg 768w\" sizes=\"auto, (max-width: 1024px) 100vw, 1024px\" \/><\/a><p id=\"caption-attachment-1819\" class=\"wp-caption-text\">Von links: Torsten, Peter, Mathias und Lothar<\/p><\/div>\n<p class=\"Text\"><span style='font-family: \"Times New Roman\",serif; font-size: 12pt;'><span style=\"color: rgb(0, 0, 0);\">&nbsp;<\/span><\/span><\/p>\n<p>&nbsp;<\/p>\n<iframe src=\"http:\/\/www.facebook.com\/plugins\/like.php?href=https%3A%2F%2Fwww.laufgruppe-schwerin.de%2F%3Fp%3D1818&amp;layout=standard&amp;show_faces=true&amp;width=450&amp;action=like&amp;colorscheme=light\" scrolling=\"no\" frameborder=\"0\" allowTransparency=\"true\" style=\"border:none; overflow:hidden; width:450px;margin-top:5px;\"><\/iframe>","protected":false},"excerpt":{"rendered":"<p>Endlich war das Wetter mal auf der Seite der L\u00e4uferinnen und L\u00e4ufer. Bei Temperaturen im knappen zweistelligen Bereich und fast keinen Wind waren die Voraussetzungen f\u00fcr schnelle Zeiten auf dem flachen Rundkurs im Kulturpark bestens. Die Veranstalter vom Hochschulsportverein konnten sich zudem \u00fcber einen neuen Teilnehmerrekord freuen. Der 26.Neubrandenburger Halbmarathon war gleichzeitig Landesmeisterschaft und 6.Wertungslauf [&hellip;]<\/p>\n","protected":false},"author":3,"featured_media":1833,"comment_status":"open","ping_status":"open","sticky":false,"template":"","format":"standard","meta":{"ngg_post_thumbnail":0,"footnotes":""},"categories":[3],"tags":[],"class_list":{"0":"post-1818","1":"post","2":"type-post","3":"status-publish","4":"format-standard","5":"has-post-thumbnail","7":"category-laufcup-mv","8":"czr-hentry"},"_links":{"self":[{"href":"https:\/\/www.laufgruppe-schwerin.de\/index.php?rest_route=\/wp\/v2\/posts\/1818","targetHints":{"allow":["GET"]}}],"collection":[{"href":"https:\/\/www.laufgruppe-schwerin.de\/index.php?rest_route=\/wp\/v2\/posts"}],"about":[{"href":"https:\/\/www.laufgruppe-schwerin.de\/index.php?rest_route=\/wp\/v2\/types\/post"}],"author":[{"embeddable":true,"href":"https:\/\/www.laufgruppe-schwerin.de\/index.php?rest_route=\/wp\/v2\/users\/3"}],"replies":[{"embeddable":true,"href":"https:\/\/www.laufgruppe-schwerin.de\/index.php?rest_route=%2Fwp%2Fv2%2Fcomments&post=1818"}],"version-history":[{"count":7,"href":"https:\/\/www.laufgruppe-schwerin.de\/index.php?rest_route=\/wp\/v2\/posts\/1818\/revisions"}],"predecessor-version":[{"id":1832,"href":"https:\/\/www.laufgruppe-schwerin.de\/index.php?rest_route=\/wp\/v2\/posts\/1818\/revisions\/1832"}],"wp:featuredmedia":[{"embeddable":true,"href":"https:\/\/www.laufgruppe-schwerin.de\/index.php?rest_route=\/wp\/v2\/media\/1833"}],"wp:attachment":[{"href":"https:\/\/www.laufgruppe-schwerin.de\/index.php?rest_route=%2Fwp%2Fv2%2Fmedia&parent=1818"}],"wp:term":[{"taxonomy":"category","embeddable":true,"href":"https:\/\/www.laufgruppe-schwerin.de\/index.php?rest_route=%2Fwp%2Fv2%2Fcategories&post=1818"},{"taxonomy":"post_tag","embeddable":true,"href":"https:\/\/www.laufgruppe-schwerin.de\/index.php?rest_route=%2Fwp%2Fv2%2Ftags&post=1818"}],"curies":[{"name":"wp","href":"https:\/\/api.w.org\/{rel}","templated":true}]}}