{"id":1804,"date":"2017-05-19T17:04:51","date_gmt":"2017-05-19T15:04:51","guid":{"rendered":"http:\/\/www.laufgruppe-schwerin.de\/?p=1804"},"modified":"2017-05-19T17:04:51","modified_gmt":"2017-05-19T15:04:51","slug":"36-warnemu%cc%88nder-stoltera-ku%cc%88stenwaldlauf","status":"publish","type":"post","link":"https:\/\/www.laufgruppe-schwerin.de\/?p=1804","title":{"rendered":"36. Warnemu\u0308nder Stoltera Ku\u0308stenwaldlauf"},"content":{"rendered":"<p>Auch im 5.Wertungslauf der Laufcups M-V erzielten die L\u00e4uferinnen und L\u00e4ufer unserer Laufgruppe hervorragende Ergebnisse. Die mit einer Rekordteilnehmerzahl aufwartende Veranstaltung des SV Warnem\u00fcnde wurde wieder sehr famili\u00e4r und professionell durchgef\u00fchrt. Mit 5 L\u00e4uferinnen und 13 L\u00e4ufer waren wir auf der neuen 10 Kilometerstrecke bei windigem und etwas k\u00fchlem Wetter an der Ostseek\u00fcste vertreten. Hierbei liefen bei den Frauen Anja Wittwer und Ute Neumann mit den Pl\u00e4tzen 5 und 7 in die TOP 10 der Gesamtwertung. Anja gewinnt ihre Altersklasse W30 in 43:23 min und Ute ihre W40 in glatt 44 Minuten. Das super Abschneiden der L\u00e4uferinnen komplettierte Sabine Bahr mit dem Sieg in der W50. Dabei erreichte Sabine eine Zeit von 46:12 min. Andrea Bastek l\u00e4uft in 57:44 min als F\u00fcnfte der W55 durchs Ziel. Gabi Kaletzki belegt mit 1:06:03 h den 6. Platz ihrer Altersklasse W60. Schnellster L\u00e4ufer war wieder einmal Mathias Ahrenberg in 37:09 min wird er Dritter seiner M35. Mit 40:41 min ist Patrick Paul zweitschnellster Schweriner und belegt den 9.Platz der M35. In der M60 wurde Lothar Gajek in 42:59 min Zweiter. Hier wird Norbert Kaletzki mit 43:57 min Dritter. Ebenfalls in der M60 erreichte Rainer Bastek 58:21 min und dieses bedeutete den 14.Platz. Einen weiteren Podestplatz gab es durch Torsten Gunia in der M50, mit 41:57 min wurde er ebenfalls Dritter. In der gleichen Altersklasse wir Frank Leonhardt in 42:55 min Achter. Auch Christian Stapel ging in der M50 an den Start und erreicht mit 58:11 min den 37.Platz. In der M75 wird Horst Sch\u00f6ne in 1:11:19 h Achter. Toralf Sch\u00fctze l\u00e4uft in 44:53 min auf den 13.Platz seiner M45. Frank Riebschl\u00e4ger belegt mit 55:29 min in der gleichen Altersklasse den 36.Platz. Den 26.Platz erreichte M30-L\u00e4ufer Mathias Ladig mit 47:59 min. Fred Kiesendahl erreichte nach 52:13 min das Ziel und wurde damit 25. seiner M55.<\/p>\n<div id=\"attachment_1815\" style=\"width: 1034px\" class=\"wp-caption alignleft\"><a href=\"https:\/\/www.laufgruppe-Schwerin.de\/wp-content\/uploads\/2017\/05\/k\u00fcstenwaldlauf-2017-030.jpg\"><img loading=\"lazy\" decoding=\"async\" aria-describedby=\"caption-attachment-1815\" width=\"1024\" height=\"768\" class=\"size-full wp-image-1815\" alt=\"\" src=\"https:\/\/www.laufgruppe-Schwerin.de\/wp-content\/uploads\/2017\/05\/k\u00fcstenwaldlauf-2017-030.jpg\" srcset=\"https:\/\/www.laufgruppe-schwerin.de\/wp-content\/uploads\/2017\/05\/k\u00fcstenwaldlauf-2017-030.jpg 1024w, https:\/\/www.laufgruppe-schwerin.de\/wp-content\/uploads\/2017\/05\/k\u00fcstenwaldlauf-2017-030-300x225.jpg 300w, https:\/\/www.laufgruppe-schwerin.de\/wp-content\/uploads\/2017\/05\/k\u00fcstenwaldlauf-2017-030-768x576.jpg 768w\" sizes=\"auto, (max-width: 1024px) 100vw, 1024px\" \/><\/a><p id=\"caption-attachment-1815\" class=\"wp-caption-text\">Laufgruppe Schwerin e.V.<\/p><\/div>\n<div id=\"attachment_1813\" style=\"width: 778px\" class=\"wp-caption alignleft\"><a href=\"https:\/\/www.laufgruppe-Schwerin.de\/wp-content\/uploads\/2017\/05\/k\u00fcstenwaldlauf-2017-098-e1495206148442.jpg\"><img loading=\"lazy\" decoding=\"async\" aria-describedby=\"caption-attachment-1813\" width=\"768\" height=\"1024\" class=\"size-full wp-image-1813\" alt=\"\" src=\"https:\/\/www.laufgruppe-Schwerin.de\/wp-content\/uploads\/2017\/05\/k\u00fcstenwaldlauf-2017-098-e1495206148442.jpg\" srcset=\"https:\/\/www.laufgruppe-schwerin.de\/wp-content\/uploads\/2017\/05\/k\u00fcstenwaldlauf-2017-098-e1495206148442.jpg 768w, https:\/\/www.laufgruppe-schwerin.de\/wp-content\/uploads\/2017\/05\/k\u00fcstenwaldlauf-2017-098-e1495206148442-225x300.jpg 225w\" sizes=\"auto, (max-width: 768px) 100vw, 768px\" \/><\/a><p id=\"caption-attachment-1813\" class=\"wp-caption-text\">Ute Siegerin W40<\/p><\/div>\n<div id=\"attachment_1811\" style=\"width: 778px\" class=\"wp-caption alignleft\"><a href=\"https:\/\/www.laufgruppe-Schwerin.de\/wp-content\/uploads\/2017\/05\/k\u00fcstenwaldlauf-2017-100-e1495206097410.jpg\"><img loading=\"lazy\" decoding=\"async\" aria-describedby=\"caption-attachment-1811\" width=\"768\" height=\"1024\" class=\"size-full wp-image-1811\" alt=\"\" src=\"https:\/\/www.laufgruppe-Schwerin.de\/wp-content\/uploads\/2017\/05\/k\u00fcstenwaldlauf-2017-100-e1495206097410.jpg\" srcset=\"https:\/\/www.laufgruppe-schwerin.de\/wp-content\/uploads\/2017\/05\/k\u00fcstenwaldlauf-2017-100-e1495206097410.jpg 768w, https:\/\/www.laufgruppe-schwerin.de\/wp-content\/uploads\/2017\/05\/k\u00fcstenwaldlauf-2017-100-e1495206097410-225x300.jpg 225w\" sizes=\"auto, (max-width: 768px) 100vw, 768px\" \/><\/a><p id=\"caption-attachment-1811\" class=\"wp-caption-text\">Sabine Siegerin W50<\/p><\/div>\n<div id=\"attachment_1809\" style=\"width: 778px\" class=\"wp-caption alignleft\"><a href=\"https:\/\/www.laufgruppe-Schwerin.de\/wp-content\/uploads\/2017\/05\/k\u00fcstenwaldlauf-2017-105.jpg\"><img loading=\"lazy\" decoding=\"async\" aria-describedby=\"caption-attachment-1809\" width=\"768\" height=\"1024\" class=\"size-full wp-image-1809\" alt=\"\" src=\"https:\/\/www.laufgruppe-Schwerin.de\/wp-content\/uploads\/2017\/05\/k\u00fcstenwaldlauf-2017-105.jpg\" srcset=\"https:\/\/www.laufgruppe-schwerin.de\/wp-content\/uploads\/2017\/05\/k\u00fcstenwaldlauf-2017-105.jpg 768w, https:\/\/www.laufgruppe-schwerin.de\/wp-content\/uploads\/2017\/05\/k\u00fcstenwaldlauf-2017-105-225x300.jpg 225w\" sizes=\"auto, (max-width: 768px) 100vw, 768px\" \/><\/a><p id=\"caption-attachment-1809\" class=\"wp-caption-text\">Mathias Dritter M35<\/p><\/div>\n<div id=\"attachment_1807\" style=\"width: 778px\" class=\"wp-caption alignleft\"><a href=\"https:\/\/www.laufgruppe-Schwerin.de\/wp-content\/uploads\/2017\/05\/k\u00fcstenwaldlauf-2017-114-e1495206001670.jpg\"><img loading=\"lazy\" decoding=\"async\" aria-describedby=\"caption-attachment-1807\" width=\"768\" height=\"1024\" class=\"size-full wp-image-1807\" alt=\"\" src=\"https:\/\/www.laufgruppe-Schwerin.de\/wp-content\/uploads\/2017\/05\/k\u00fcstenwaldlauf-2017-114-e1495206001670.jpg\" srcset=\"https:\/\/www.laufgruppe-schwerin.de\/wp-content\/uploads\/2017\/05\/k\u00fcstenwaldlauf-2017-114-e1495206001670.jpg 768w, https:\/\/www.laufgruppe-schwerin.de\/wp-content\/uploads\/2017\/05\/k\u00fcstenwaldlauf-2017-114-e1495206001670-225x300.jpg 225w\" sizes=\"auto, (max-width: 768px) 100vw, 768px\" \/><\/a><p id=\"caption-attachment-1807\" class=\"wp-caption-text\">Torsten Dritter M50<\/p><\/div>\n<div id=\"attachment_1805\" style=\"width: 778px\" class=\"wp-caption alignleft\"><a href=\"https:\/\/www.laufgruppe-Schwerin.de\/wp-content\/uploads\/2017\/05\/k\u00fcstenwaldlauf-2017-121.jpg\"><img loading=\"lazy\" decoding=\"async\" aria-describedby=\"caption-attachment-1805\" width=\"768\" height=\"1024\" class=\"size-full wp-image-1805\" alt=\"\" src=\"https:\/\/www.laufgruppe-Schwerin.de\/wp-content\/uploads\/2017\/05\/k\u00fcstenwaldlauf-2017-121.jpg\" srcset=\"https:\/\/www.laufgruppe-schwerin.de\/wp-content\/uploads\/2017\/05\/k\u00fcstenwaldlauf-2017-121.jpg 768w, https:\/\/www.laufgruppe-schwerin.de\/wp-content\/uploads\/2017\/05\/k\u00fcstenwaldlauf-2017-121-225x300.jpg 225w\" sizes=\"auto, (max-width: 768px) 100vw, 768px\" \/><\/a><p id=\"caption-attachment-1805\" class=\"wp-caption-text\">Lother und Norbert auf dem Podest in der M60<\/p><\/div>\n<iframe src=\"http:\/\/www.facebook.com\/plugins\/like.php?href=https%3A%2F%2Fwww.laufgruppe-schwerin.de%2F%3Fp%3D1804&amp;layout=standard&amp;show_faces=true&amp;width=450&amp;action=like&amp;colorscheme=light\" scrolling=\"no\" frameborder=\"0\" allowTransparency=\"true\" style=\"border:none; overflow:hidden; width:450px;margin-top:5px;\"><\/iframe>","protected":false},"excerpt":{"rendered":"<p>Auch im 5.Wertungslauf der Laufcups M-V erzielten die L\u00e4uferinnen und L\u00e4ufer unserer Laufgruppe hervorragende Ergebnisse. Die mit einer Rekordteilnehmerzahl aufwartende Veranstaltung des SV Warnem\u00fcnde wurde wieder sehr famili\u00e4r und professionell durchgef\u00fchrt. Mit 5 L\u00e4uferinnen und 13 L\u00e4ufer waren wir auf der neuen 10 Kilometerstrecke bei windigem und etwas k\u00fchlem Wetter an der Ostseek\u00fcste vertreten. Hierbei [&hellip;]<\/p>\n","protected":false},"author":3,"featured_media":1817,"comment_status":"open","ping_status":"open","sticky":false,"template":"","format":"standard","meta":{"ngg_post_thumbnail":0,"footnotes":""},"categories":[3],"tags":[],"class_list":{"0":"post-1804","1":"post","2":"type-post","3":"status-publish","4":"format-standard","5":"has-post-thumbnail","7":"category-laufcup-mv","8":"czr-hentry"},"_links":{"self":[{"href":"https:\/\/www.laufgruppe-schwerin.de\/index.php?rest_route=\/wp\/v2\/posts\/1804","targetHints":{"allow":["GET"]}}],"collection":[{"href":"https:\/\/www.laufgruppe-schwerin.de\/index.php?rest_route=\/wp\/v2\/posts"}],"about":[{"href":"https:\/\/www.laufgruppe-schwerin.de\/index.php?rest_route=\/wp\/v2\/types\/post"}],"author":[{"embeddable":true,"href":"https:\/\/www.laufgruppe-schwerin.de\/index.php?rest_route=\/wp\/v2\/users\/3"}],"replies":[{"embeddable":true,"href":"https:\/\/www.laufgruppe-schwerin.de\/index.php?rest_route=%2Fwp%2Fv2%2Fcomments&post=1804"}],"version-history":[{"count":6,"href":"https:\/\/www.laufgruppe-schwerin.de\/index.php?rest_route=\/wp\/v2\/posts\/1804\/revisions"}],"predecessor-version":[{"id":1816,"href":"https:\/\/www.laufgruppe-schwerin.de\/index.php?rest_route=\/wp\/v2\/posts\/1804\/revisions\/1816"}],"wp:featuredmedia":[{"embeddable":true,"href":"https:\/\/www.laufgruppe-schwerin.de\/index.php?rest_route=\/wp\/v2\/media\/1817"}],"wp:attachment":[{"href":"https:\/\/www.laufgruppe-schwerin.de\/index.php?rest_route=%2Fwp%2Fv2%2Fmedia&parent=1804"}],"wp:term":[{"taxonomy":"category","embeddable":true,"href":"https:\/\/www.laufgruppe-schwerin.de\/index.php?rest_route=%2Fwp%2Fv2%2Fcategories&post=1804"},{"taxonomy":"post_tag","embeddable":true,"href":"https:\/\/www.laufgruppe-schwerin.de\/index.php?rest_route=%2Fwp%2Fv2%2Ftags&post=1804"}],"curies":[{"name":"wp","href":"https:\/\/api.w.org\/{rel}","templated":true}]}}