{"id":1725,"date":"2017-05-18T16:31:43","date_gmt":"2017-05-18T14:31:43","guid":{"rendered":"http:\/\/www.laufgruppe-schwerin.de\/?p=1725"},"modified":"2017-05-18T16:31:43","modified_gmt":"2017-05-18T14:31:43","slug":"26-neubrandenburger-fruehlingslauf-am-18-03-2017","status":"publish","type":"post","link":"https:\/\/www.laufgruppe-schwerin.de\/?p=1725","title":{"rendered":"26. Neubrandenburger Fr\u00fchlingslauf am 18.03.2017"},"content":{"rendered":"<p>Auch beim 2.Wertungslauf des Laufcup Mecklenburg-Vorpommern konnten die L\u00e4uferinnen und L\u00e4ufer unserer Laufgruppe wieder flei\u00dfig Punkte sammeln. 3 L\u00e4uferinnen und 7 L\u00e4ufer gingen zum 30j\u00e4hrigen Vereinsjubil\u00e4um des SV Turbine, beim 26. Neubrandenburger Fr\u00fchlingslauf, an den Start. Wobei allerdings, dass Wetter den Fr\u00fchling nicht sp\u00fcren lies. Aber zu mindestens h\u00f6rte es mit dem Start auf zu regnen und das Sturmtief \u201eEckhart\u201c lie\u00df Neubrandenburg abseits liegen. Die schwere 15-Kilometerstrecke durch den Kulturpark zum Strandbad Broda auf den Tollenseseerundweg und wieder zur\u00fcck in den Kulturpark verlangte den insgesamt 204 L\u00e4uferinnen und L\u00e4ufer alles ab. Hierbei ging es auf den ersten 10 Kilometer stetig bergauf und die Athleten bew\u00e4ltigten einen H\u00f6henunterschied von gut 80 Meter. Unsere L\u00e4uferinnen und L\u00e4ufer l\u00f6sten diese Aufgabe mit Bravour und konnten sich in ihren Altersklassen vorne platzieren. Wie schon beim Laufcupauftakt in Wittenburg liefen 2 Frauen in die TOP 10 der Gesamtwertung. Bei ihrem Laufsaisoneinstieg wurde Anja Wittwer Vierte und gewann in 1h09:27 ihre Altersklasse W30. Sabine Bahr lief nach Wittenburg wieder in die TOP 10. Als Gesamtachte kam Sabine Bahr in der W50 mit 1h11:26 als Zweite durchs Ziel. Ulrike Sch\u00f6ne erreichte in ihrer W45 mit 1h24:32 den 5.Platz. M30-L\u00e4ufer Giuseppe Avignone finishte als bester Schweriner in 1h03:07 und wurde damit Zweiter seiner Altersklasse. In der gleichen Altersklasse lief Frank Tschersich mit 1h06:02 als Dritter durchs Ziel. Torsten Gunia beendete als Zweiter der M 50 in 1h06:14 den Wettkampf. M60-L\u00e4ufer Lothar Gajek wurde in 1:06:36 ebenfalls Zweiter. In der starken Altersklasse M55 wurde Lothar Domnick Siebenter mit 1:08:28 und Fred Kiesendahl belegte mit 1h23:19 den 14.Platz. F\u00fcr M80-Oldie Dietrich Eggers gab es die Cuppunkte \u00fcber 5 Kilometer und hier wurde Dietrich Eggers mit 54:30 min Vierter.<\/p>\n<div id=\"attachment_1726\" style=\"width: 1034px\" class=\"wp-caption alignleft\"><a href=\"https:\/\/www.laufgruppe-Schwerin.de\/wp-content\/uploads\/2017\/05\/01.jpg\"><img loading=\"lazy\" decoding=\"async\" aria-describedby=\"caption-attachment-1726\" width=\"1024\" height=\"683\" class=\"size-full wp-image-1726\" alt=\"\" src=\"https:\/\/www.laufgruppe-Schwerin.de\/wp-content\/uploads\/2017\/05\/01.jpg\" srcset=\"https:\/\/www.laufgruppe-schwerin.de\/wp-content\/uploads\/2017\/05\/01.jpg 1024w, https:\/\/www.laufgruppe-schwerin.de\/wp-content\/uploads\/2017\/05\/01-300x200.jpg 300w, https:\/\/www.laufgruppe-schwerin.de\/wp-content\/uploads\/2017\/05\/01-768x512.jpg 768w\" sizes=\"auto, (max-width: 1024px) 100vw, 1024px\" \/><\/a><p id=\"caption-attachment-1726\" class=\"wp-caption-text\">Foto: \u00a9www.sprintefix.de<\/p><\/div>\n<div id=\"attachment_1746\" style=\"width: 693px\" class=\"wp-caption alignleft\"><a href=\"https:\/\/www.laufgruppe-Schwerin.de\/wp-content\/uploads\/2017\/05\/02.jpg\"><img loading=\"lazy\" decoding=\"async\" aria-describedby=\"caption-attachment-1746\" width=\"683\" height=\"1024\" class=\"size-full wp-image-1746\" alt=\"\" src=\"https:\/\/www.laufgruppe-Schwerin.de\/wp-content\/uploads\/2017\/05\/02.jpg\" srcset=\"https:\/\/www.laufgruppe-schwerin.de\/wp-content\/uploads\/2017\/05\/02.jpg 683w, https:\/\/www.laufgruppe-schwerin.de\/wp-content\/uploads\/2017\/05\/02-200x300.jpg 200w\" sizes=\"auto, (max-width: 683px) 100vw, 683px\" \/><\/a><p id=\"caption-attachment-1746\" class=\"wp-caption-text\">Anja<br \/>Foto: \u00a9www.sprintefix.de<\/p><\/div>\n<div id=\"attachment_1744\" style=\"width: 693px\" class=\"wp-caption alignleft\"><a href=\"https:\/\/www.laufgruppe-Schwerin.de\/wp-content\/uploads\/2017\/05\/03.jpg\"><img loading=\"lazy\" decoding=\"async\" aria-describedby=\"caption-attachment-1744\" width=\"683\" height=\"1024\" class=\"size-full wp-image-1744\" alt=\"\" src=\"https:\/\/www.laufgruppe-Schwerin.de\/wp-content\/uploads\/2017\/05\/03.jpg\" srcset=\"https:\/\/www.laufgruppe-schwerin.de\/wp-content\/uploads\/2017\/05\/03.jpg 683w, https:\/\/www.laufgruppe-schwerin.de\/wp-content\/uploads\/2017\/05\/03-200x300.jpg 200w\" sizes=\"auto, (max-width: 683px) 100vw, 683px\" \/><\/a><p id=\"caption-attachment-1744\" class=\"wp-caption-text\">Giuseppe<br \/>Foto: \u00a9www.sprintefix.de<\/p><\/div>\n<div id=\"attachment_1742\" style=\"width: 778px\" class=\"wp-caption alignleft\"><a href=\"https:\/\/www.laufgruppe-Schwerin.de\/wp-content\/uploads\/2017\/05\/04.jpg\"><img loading=\"lazy\" decoding=\"async\" aria-describedby=\"caption-attachment-1742\" width=\"768\" height=\"1024\" class=\"size-full wp-image-1742\" alt=\"\" src=\"https:\/\/www.laufgruppe-Schwerin.de\/wp-content\/uploads\/2017\/05\/04.jpg\" srcset=\"https:\/\/www.laufgruppe-schwerin.de\/wp-content\/uploads\/2017\/05\/04.jpg 768w, https:\/\/www.laufgruppe-schwerin.de\/wp-content\/uploads\/2017\/05\/04-225x300.jpg 225w\" sizes=\"auto, (max-width: 768px) 100vw, 768px\" \/><\/a><p id=\"caption-attachment-1742\" class=\"wp-caption-text\">Sabine<br \/>Foto: \u00a9 Klaus Dobbertin<\/p><\/div>\n<div id=\"attachment_1740\" style=\"width: 778px\" class=\"wp-caption alignleft\"><a href=\"https:\/\/www.laufgruppe-Schwerin.de\/wp-content\/uploads\/2017\/05\/05.jpg\"><img loading=\"lazy\" decoding=\"async\" aria-describedby=\"caption-attachment-1740\" width=\"768\" height=\"1024\" class=\"size-full wp-image-1740\" alt=\"\" src=\"https:\/\/www.laufgruppe-Schwerin.de\/wp-content\/uploads\/2017\/05\/05.jpg\" srcset=\"https:\/\/www.laufgruppe-schwerin.de\/wp-content\/uploads\/2017\/05\/05.jpg 768w, https:\/\/www.laufgruppe-schwerin.de\/wp-content\/uploads\/2017\/05\/05-225x300.jpg 225w\" sizes=\"auto, (max-width: 768px) 100vw, 768px\" \/><\/a><p id=\"caption-attachment-1740\" class=\"wp-caption-text\">Torsten<br \/>Foto: \u00a9 Klaus Dobbertin<\/p><\/div>\n<div id=\"attachment_1738\" style=\"width: 778px\" class=\"wp-caption alignleft\"><a href=\"https:\/\/www.laufgruppe-Schwerin.de\/wp-content\/uploads\/2017\/05\/06.jpg\"><img loading=\"lazy\" decoding=\"async\" aria-describedby=\"caption-attachment-1738\" width=\"768\" height=\"1024\" class=\"size-full wp-image-1738\" alt=\"\" src=\"https:\/\/www.laufgruppe-Schwerin.de\/wp-content\/uploads\/2017\/05\/06.jpg\" srcset=\"https:\/\/www.laufgruppe-schwerin.de\/wp-content\/uploads\/2017\/05\/06.jpg 768w, https:\/\/www.laufgruppe-schwerin.de\/wp-content\/uploads\/2017\/05\/06-225x300.jpg 225w\" sizes=\"auto, (max-width: 768px) 100vw, 768px\" \/><\/a><p id=\"caption-attachment-1738\" class=\"wp-caption-text\">Lothar<br \/>Foto: \u00a9 Klaus Dobbertin<\/p><\/div>\n<div id=\"attachment_1736\" style=\"width: 778px\" class=\"wp-caption alignleft\"><a href=\"https:\/\/www.laufgruppe-Schwerin.de\/wp-content\/uploads\/2017\/05\/07-e1495117464228.jpg\"><img loading=\"lazy\" decoding=\"async\" aria-describedby=\"caption-attachment-1736\" width=\"768\" height=\"1024\" class=\"size-full wp-image-1736\" alt=\"\" src=\"https:\/\/www.laufgruppe-Schwerin.de\/wp-content\/uploads\/2017\/05\/07-e1495117464228.jpg\" srcset=\"https:\/\/www.laufgruppe-schwerin.de\/wp-content\/uploads\/2017\/05\/07-e1495117464228.jpg 768w, https:\/\/www.laufgruppe-schwerin.de\/wp-content\/uploads\/2017\/05\/07-e1495117464228-225x300.jpg 225w\" sizes=\"auto, (max-width: 768px) 100vw, 768px\" \/><\/a><p id=\"caption-attachment-1736\" class=\"wp-caption-text\">Anja Siegerin W30<\/p><\/div>\n<div id=\"attachment_1734\" style=\"width: 778px\" class=\"wp-caption alignleft\"><a href=\"https:\/\/www.laufgruppe-Schwerin.de\/wp-content\/uploads\/2017\/05\/09-e1495117414935.jpg\"><img loading=\"lazy\" decoding=\"async\" aria-describedby=\"caption-attachment-1734\" width=\"768\" height=\"1024\" class=\"size-full wp-image-1734\" alt=\"\" src=\"https:\/\/www.laufgruppe-Schwerin.de\/wp-content\/uploads\/2017\/05\/09-e1495117414935.jpg\" srcset=\"https:\/\/www.laufgruppe-schwerin.de\/wp-content\/uploads\/2017\/05\/09-e1495117414935.jpg 768w, https:\/\/www.laufgruppe-schwerin.de\/wp-content\/uploads\/2017\/05\/09-e1495117414935-225x300.jpg 225w\" sizes=\"auto, (max-width: 768px) 100vw, 768px\" \/><\/a><p id=\"caption-attachment-1734\" class=\"wp-caption-text\">Sabine Zweite W50<\/p><\/div>\n<div id=\"attachment_1732\" style=\"width: 778px\" class=\"wp-caption alignleft\"><a href=\"https:\/\/www.laufgruppe-Schwerin.de\/wp-content\/uploads\/2017\/05\/12-e1495117330356.jpg\"><img loading=\"lazy\" decoding=\"async\" aria-describedby=\"caption-attachment-1732\" width=\"768\" height=\"1024\" class=\"size-full wp-image-1732\" alt=\"\" src=\"https:\/\/www.laufgruppe-Schwerin.de\/wp-content\/uploads\/2017\/05\/12-e1495117330356.jpg\" srcset=\"https:\/\/www.laufgruppe-schwerin.de\/wp-content\/uploads\/2017\/05\/12-e1495117330356.jpg 768w, https:\/\/www.laufgruppe-schwerin.de\/wp-content\/uploads\/2017\/05\/12-e1495117330356-225x300.jpg 225w\" sizes=\"auto, (max-width: 768px) 100vw, 768px\" \/><\/a><p id=\"caption-attachment-1732\" class=\"wp-caption-text\">Siegerehrung M30<br \/>Zweiter Giuseppe und Dritter Frank<\/p><\/div>\n<div id=\"attachment_1730\" style=\"width: 778px\" class=\"wp-caption alignleft\"><a href=\"https:\/\/www.laufgruppe-Schwerin.de\/wp-content\/uploads\/2017\/05\/16-e1495117273728.jpg\"><img loading=\"lazy\" decoding=\"async\" aria-describedby=\"caption-attachment-1730\" width=\"768\" height=\"1024\" class=\"size-full wp-image-1730\" alt=\"\" src=\"https:\/\/www.laufgruppe-Schwerin.de\/wp-content\/uploads\/2017\/05\/16-e1495117273728.jpg\" srcset=\"https:\/\/www.laufgruppe-schwerin.de\/wp-content\/uploads\/2017\/05\/16-e1495117273728.jpg 768w, https:\/\/www.laufgruppe-schwerin.de\/wp-content\/uploads\/2017\/05\/16-e1495117273728-225x300.jpg 225w\" sizes=\"auto, (max-width: 768px) 100vw, 768px\" \/><\/a><p id=\"caption-attachment-1730\" class=\"wp-caption-text\">Siegerehrung M50<br \/>Zweiter Torsten<\/p><\/div>\n<div id=\"attachment_1728\" style=\"width: 778px\" class=\"wp-caption alignleft\"><a href=\"https:\/\/www.laufgruppe-Schwerin.de\/wp-content\/uploads\/2017\/05\/24.jpg\"><img loading=\"lazy\" decoding=\"async\" aria-describedby=\"caption-attachment-1728\" width=\"768\" height=\"1024\" class=\"size-full wp-image-1728\" alt=\"\" src=\"https:\/\/www.laufgruppe-Schwerin.de\/wp-content\/uploads\/2017\/05\/24.jpg\" srcset=\"https:\/\/www.laufgruppe-schwerin.de\/wp-content\/uploads\/2017\/05\/24.jpg 768w, https:\/\/www.laufgruppe-schwerin.de\/wp-content\/uploads\/2017\/05\/24-225x300.jpg 225w\" sizes=\"auto, (max-width: 768px) 100vw, 768px\" \/><\/a><p id=\"caption-attachment-1728\" class=\"wp-caption-text\">Siegerehrung M60<br \/>Zweiter Lothar<\/p><\/div>\n<iframe src=\"http:\/\/www.facebook.com\/plugins\/like.php?href=https%3A%2F%2Fwww.laufgruppe-schwerin.de%2F%3Fp%3D1725&amp;layout=standard&amp;show_faces=true&amp;width=450&amp;action=like&amp;colorscheme=light\" scrolling=\"no\" frameborder=\"0\" allowTransparency=\"true\" style=\"border:none; overflow:hidden; width:450px;margin-top:5px;\"><\/iframe>","protected":false},"excerpt":{"rendered":"<p>Auch beim 2.Wertungslauf des Laufcup Mecklenburg-Vorpommern konnten die L\u00e4uferinnen und L\u00e4ufer unserer Laufgruppe wieder flei\u00dfig Punkte sammeln. 3 L\u00e4uferinnen und 7 L\u00e4ufer gingen zum 30j\u00e4hrigen Vereinsjubil\u00e4um des SV Turbine, beim 26. Neubrandenburger Fr\u00fchlingslauf, an den Start. Wobei allerdings, dass Wetter den Fr\u00fchling nicht sp\u00fcren lies. Aber zu mindestens h\u00f6rte es mit dem Start auf zu [&hellip;]<\/p>\n","protected":false},"author":3,"featured_media":1749,"comment_status":"open","ping_status":"open","sticky":false,"template":"","format":"standard","meta":{"ngg_post_thumbnail":0,"footnotes":""},"categories":[3],"tags":[],"class_list":{"0":"post-1725","1":"post","2":"type-post","3":"status-publish","4":"format-standard","5":"has-post-thumbnail","7":"category-laufcup-mv","8":"czr-hentry"},"_links":{"self":[{"href":"https:\/\/www.laufgruppe-schwerin.de\/index.php?rest_route=\/wp\/v2\/posts\/1725","targetHints":{"allow":["GET"]}}],"collection":[{"href":"https:\/\/www.laufgruppe-schwerin.de\/index.php?rest_route=\/wp\/v2\/posts"}],"about":[{"href":"https:\/\/www.laufgruppe-schwerin.de\/index.php?rest_route=\/wp\/v2\/types\/post"}],"author":[{"embeddable":true,"href":"https:\/\/www.laufgruppe-schwerin.de\/index.php?rest_route=\/wp\/v2\/users\/3"}],"replies":[{"embeddable":true,"href":"https:\/\/www.laufgruppe-schwerin.de\/index.php?rest_route=%2Fwp%2Fv2%2Fcomments&post=1725"}],"version-history":[{"count":12,"href":"https:\/\/www.laufgruppe-schwerin.de\/index.php?rest_route=\/wp\/v2\/posts\/1725\/revisions"}],"predecessor-version":[{"id":1748,"href":"https:\/\/www.laufgruppe-schwerin.de\/index.php?rest_route=\/wp\/v2\/posts\/1725\/revisions\/1748"}],"wp:featuredmedia":[{"embeddable":true,"href":"https:\/\/www.laufgruppe-schwerin.de\/index.php?rest_route=\/wp\/v2\/media\/1749"}],"wp:attachment":[{"href":"https:\/\/www.laufgruppe-schwerin.de\/index.php?rest_route=%2Fwp%2Fv2%2Fmedia&parent=1725"}],"wp:term":[{"taxonomy":"category","embeddable":true,"href":"https:\/\/www.laufgruppe-schwerin.de\/index.php?rest_route=%2Fwp%2Fv2%2Fcategories&post=1725"},{"taxonomy":"post_tag","embeddable":true,"href":"https:\/\/www.laufgruppe-schwerin.de\/index.php?rest_route=%2Fwp%2Fv2%2Ftags&post=1725"}],"curies":[{"name":"wp","href":"https:\/\/api.w.org\/{rel}","templated":true}]}}