{"id":1651,"date":"2017-05-18T15:08:28","date_gmt":"2017-05-18T13:08:28","guid":{"rendered":"http:\/\/www.laufgruppe-schwerin.de\/?p=1651"},"modified":"2017-05-18T15:08:28","modified_gmt":"2017-05-18T13:08:28","slug":"5-maerz-2017-laufcupauftakt-beim-29-wittenburger-muehlenlauf","status":"publish","type":"post","link":"https:\/\/www.laufgruppe-schwerin.de\/?p=1651","title":{"rendered":"5.M\u00e4rz 2017 Laufcupauftakt beim 29.Wittenburger M\u00fchlenlauf"},"content":{"rendered":"<p>Bei Temperaturen knapp unter dem zweistelligen Bereich begr\u00fc\u00dfte Wittenburg die L\u00e4uferscharr zum Laufcupauftakt mit guten Laufbedingungen. Unsere Laufgruppe setzte sich im Hauptlauf \u00fcber 10 Kilometer mit 3 L\u00e4uferinnen und 21 L\u00e4ufer als teilnahmest\u00e4rkster Verein hervorragend in Szene. Damit leisteten wir, bei der 29.Auflage des Laufes, unseren Beitrag zum neuen Teilnehmerrekord. Hierbei sind besonders die Leistungen von Ute Neumann und Sabine Bahr als Gesamtzweite und Dritte hervorzuheben. Ute gewann dabei ihre Altersklasse W40 in 45:13 min und Sabine siegte in der W50 mit 45:46 min. Ulrike Sch\u00f6ne komplettierte das gute Ergebnis unserer L\u00e4uferinnen mit 52:14 min ging es in der W45 auf den dritten Platz. Mit Marten Lamschus und Marco Wien schafften es auch 2 L\u00e4ufer in die TOP Ten der Cupgesammtwertung. Marten war bei seinem Cup-Debut in 37:01 min gleich unser schnellster L\u00e4ufer und belegte in seiner Altersklasse M30 den 2.Platz. Marco wurde mit 37:50 min Gesamtzehnter und Dritter in der M40. In der Altersklasse M60 waren unsere L\u00e4ufer das Ma\u00df aller Dinge und belegten alle Podestpl\u00e4tze. Lothar Gajek siegte in 43:07 min vor Norbert Kaletzki (44:34 min) und Harald Tschersich (45:16 min) auf Platz 3. M75-L\u00e4ufer Peter Wiesner wurde in 54:05 min Zweiter.Torsten Gunia lief in glatt 40 Minuten auf den 2.Platz seiner M50. In der gleichen Altersklasse gab es durch Christian Briesen (44:12 min), Frank Leonhardt (44:35 min) und Christian Stapel (58:23 min) die Pl\u00e4tze 8, 10 und 14. Weitere vordere Pl\u00e4tze gab es in der M30 mit dem 3.Platz f\u00fcr Frank Tschersich (39:44 min) und 4.Platz f\u00fcr Giuseppe Avignone (40:22 min). In der M35 liefen Stefan Lange (37:39 min) als Gesamtzw\u00f6lfter und Patrick Paul, (38:58 min) als Gesamtachtzehnter auf die Pl\u00e4tze 4 und 6. Birger B\u00f6sel wurde in 39:31 min F\u00fcnfter seiner M40. In der M45 kamen Oliver Kahl (41:48 min), Toralf Sch\u00fctze (41:50 min) und Frank Riebschl\u00e4ger (54:46 min) auf die Pl\u00e4tze 7, 8 und 14. F\u00fcr Lothar Domnick und Fred Kiesendahl gab es mit 43:12 min und 52:10 min in der starken M55 die Pl\u00e4tze 10und 16, F\u00fcr U20-L\u00e4uferin Sofie Sch\u00f6ne wurden die Cuppunkte \u00fcber 4,8 Kilometer vergeben und Sofie sicherte sich in 22:36 min den Sieg. Au\u00dferhalb der Cupwertung gingen ebenfalls Gabi Kaletzki und Dietrich Eggers an den Start. Gabi gewann in 29:09 min ihre Altersklasse M60 und Oldie Dietrich siegte in seiner Altersklasse M80 mit 45:46 min. Im Nachwuchslaufcup lief Antonio Briesen in der U12 mit 7:15 min auf den 14.Platz.<\/p>\n<div id=\"attachment_1656\" style=\"width: 1034px\" class=\"wp-caption alignleft\"><a href=\"https:\/\/www.laufgruppe-Schwerin.de\/wp-content\/uploads\/2017\/05\/001.jpg\"><img loading=\"lazy\" decoding=\"async\" aria-describedby=\"caption-attachment-1656\" width=\"1024\" height=\"768\" class=\"size-full wp-image-1656\" alt=\"\" src=\"https:\/\/www.laufgruppe-Schwerin.de\/wp-content\/uploads\/2017\/05\/001.jpg\" srcset=\"https:\/\/www.laufgruppe-schwerin.de\/wp-content\/uploads\/2017\/05\/001.jpg 1024w, https:\/\/www.laufgruppe-schwerin.de\/wp-content\/uploads\/2017\/05\/001-300x225.jpg 300w, https:\/\/www.laufgruppe-schwerin.de\/wp-content\/uploads\/2017\/05\/001-768x576.jpg 768w\" sizes=\"auto, (max-width: 1024px) 100vw, 1024px\" \/><\/a><p id=\"caption-attachment-1656\" class=\"wp-caption-text\">Unsere Laufgruppe nach dem Lauf.<\/p><\/div>\n<div id=\"attachment_1658\" style=\"width: 778px\" class=\"wp-caption alignleft\"><a href=\"https:\/\/www.laufgruppe-Schwerin.de\/wp-content\/uploads\/2017\/05\/003-e1495110859302.jpg\"><img loading=\"lazy\" decoding=\"async\" aria-describedby=\"caption-attachment-1658\" width=\"768\" height=\"1024\" class=\"size-full wp-image-1658\" alt=\"\" src=\"https:\/\/www.laufgruppe-Schwerin.de\/wp-content\/uploads\/2017\/05\/003-e1495110859302.jpg\" srcset=\"https:\/\/www.laufgruppe-schwerin.de\/wp-content\/uploads\/2017\/05\/003-e1495110859302.jpg 768w, https:\/\/www.laufgruppe-schwerin.de\/wp-content\/uploads\/2017\/05\/003-e1495110859302-225x300.jpg 225w\" sizes=\"auto, (max-width: 768px) 100vw, 768px\" \/><\/a><p id=\"caption-attachment-1658\" class=\"wp-caption-text\">Sofie Sch\u00f6ne<\/p><\/div>\n<div id=\"attachment_1662\" style=\"width: 778px\" class=\"wp-caption alignleft\"><a href=\"https:\/\/www.laufgruppe-Schwerin.de\/wp-content\/uploads\/2017\/05\/005-e1495111152533.jpg\"><img loading=\"lazy\" decoding=\"async\" aria-describedby=\"caption-attachment-1662\" width=\"768\" height=\"1024\" class=\"size-full wp-image-1662\" alt=\"\" src=\"https:\/\/www.laufgruppe-Schwerin.de\/wp-content\/uploads\/2017\/05\/005-e1495111152533.jpg\" srcset=\"https:\/\/www.laufgruppe-schwerin.de\/wp-content\/uploads\/2017\/05\/005-e1495111152533.jpg 768w, https:\/\/www.laufgruppe-schwerin.de\/wp-content\/uploads\/2017\/05\/005-e1495111152533-225x300.jpg 225w\" sizes=\"auto, (max-width: 768px) 100vw, 768px\" \/><\/a><p id=\"caption-attachment-1662\" class=\"wp-caption-text\">Dietrich Eggers<\/p><\/div>\n<div id=\"attachment_1712\" style=\"width: 778px\" class=\"wp-caption alignleft\"><a href=\"https:\/\/www.laufgruppe-Schwerin.de\/wp-content\/uploads\/2017\/05\/007-e1495112668180.jpg\"><img loading=\"lazy\" decoding=\"async\" aria-describedby=\"caption-attachment-1712\" width=\"768\" height=\"1024\" class=\"size-full wp-image-1712\" alt=\"\" src=\"https:\/\/www.laufgruppe-Schwerin.de\/wp-content\/uploads\/2017\/05\/007-e1495112668180.jpg\" srcset=\"https:\/\/www.laufgruppe-schwerin.de\/wp-content\/uploads\/2017\/05\/007-e1495112668180.jpg 768w, https:\/\/www.laufgruppe-schwerin.de\/wp-content\/uploads\/2017\/05\/007-e1495112668180-225x300.jpg 225w\" sizes=\"auto, (max-width: 768px) 100vw, 768px\" \/><\/a><p id=\"caption-attachment-1712\" class=\"wp-caption-text\">Ute Siegerin W40<\/p><\/div>\n<div id=\"attachment_1710\" style=\"width: 778px\" class=\"wp-caption alignleft\"><a href=\"https:\/\/www.laufgruppe-Schwerin.de\/wp-content\/uploads\/2017\/05\/010-e1495112614129.jpg\"><img loading=\"lazy\" decoding=\"async\" aria-describedby=\"caption-attachment-1710\" width=\"768\" height=\"1024\" class=\"size-full wp-image-1710\" alt=\"\" src=\"https:\/\/www.laufgruppe-Schwerin.de\/wp-content\/uploads\/2017\/05\/010-e1495112614129.jpg\" srcset=\"https:\/\/www.laufgruppe-schwerin.de\/wp-content\/uploads\/2017\/05\/010-e1495112614129.jpg 768w, https:\/\/www.laufgruppe-schwerin.de\/wp-content\/uploads\/2017\/05\/010-e1495112614129-225x300.jpg 225w\" sizes=\"auto, (max-width: 768px) 100vw, 768px\" \/><\/a><p id=\"caption-attachment-1710\" class=\"wp-caption-text\">Sabine Siegerin W50<\/p><\/div>\n<div id=\"attachment_1708\" style=\"width: 778px\" class=\"wp-caption alignleft\"><a href=\"https:\/\/www.laufgruppe-Schwerin.de\/wp-content\/uploads\/2017\/05\/015.jpg\"><img loading=\"lazy\" decoding=\"async\" aria-describedby=\"caption-attachment-1708\" width=\"768\" height=\"1024\" class=\"size-full wp-image-1708\" alt=\"\" src=\"https:\/\/www.laufgruppe-Schwerin.de\/wp-content\/uploads\/2017\/05\/015.jpg\" srcset=\"https:\/\/www.laufgruppe-schwerin.de\/wp-content\/uploads\/2017\/05\/015.jpg 768w, https:\/\/www.laufgruppe-schwerin.de\/wp-content\/uploads\/2017\/05\/015-225x300.jpg 225w\" sizes=\"auto, (max-width: 768px) 100vw, 768px\" \/><\/a><p id=\"caption-attachment-1708\" class=\"wp-caption-text\">M60 f\u00fcr uns<\/p><\/div>\n<div id=\"attachment_1706\" style=\"width: 778px\" class=\"wp-caption alignleft\"><a href=\"https:\/\/www.laufgruppe-Schwerin.de\/wp-content\/uploads\/2017\/05\/020.jpg\"><img loading=\"lazy\" decoding=\"async\" aria-describedby=\"caption-attachment-1706\" width=\"768\" height=\"1024\" class=\"size-full wp-image-1706\" alt=\"\" src=\"https:\/\/www.laufgruppe-Schwerin.de\/wp-content\/uploads\/2017\/05\/020.jpg\" srcset=\"https:\/\/www.laufgruppe-schwerin.de\/wp-content\/uploads\/2017\/05\/020.jpg 768w, https:\/\/www.laufgruppe-schwerin.de\/wp-content\/uploads\/2017\/05\/020-225x300.jpg 225w\" sizes=\"auto, (max-width: 768px) 100vw, 768px\" \/><\/a><p id=\"caption-attachment-1706\" class=\"wp-caption-text\">Peter<\/p><\/div>\n<div id=\"attachment_1704\" style=\"width: 2596px\" class=\"wp-caption alignleft\"><a href=\"https:\/\/www.laufgruppe-Schwerin.de\/wp-content\/uploads\/2017\/05\/022.jpg\"><img loading=\"lazy\" decoding=\"async\" aria-describedby=\"caption-attachment-1704\" width=\"2586\" height=\"2848\" class=\"size-full wp-image-1704\" alt=\"\" src=\"https:\/\/www.laufgruppe-Schwerin.de\/wp-content\/uploads\/2017\/05\/022.jpg\" srcset=\"https:\/\/www.laufgruppe-schwerin.de\/wp-content\/uploads\/2017\/05\/022.jpg 2586w, https:\/\/www.laufgruppe-schwerin.de\/wp-content\/uploads\/2017\/05\/022-272x300.jpg 272w, https:\/\/www.laufgruppe-schwerin.de\/wp-content\/uploads\/2017\/05\/022-768x846.jpg 768w, https:\/\/www.laufgruppe-schwerin.de\/wp-content\/uploads\/2017\/05\/022-930x1024.jpg 930w\" sizes=\"auto, (max-width: 2586px) 100vw, 2586px\" \/><\/a><p id=\"caption-attachment-1704\" class=\"wp-caption-text\">Unsere Siegerinnen Ute (links) und Sabine<\/p><\/div>\n<div id=\"attachment_1702\" style=\"width: 1034px\" class=\"wp-caption alignleft\"><a href=\"https:\/\/www.laufgruppe-Schwerin.de\/wp-content\/uploads\/2017\/05\/030.jpg\"><img loading=\"lazy\" decoding=\"async\" aria-describedby=\"caption-attachment-1702\" width=\"1024\" height=\"768\" class=\"size-full wp-image-1702\" alt=\"\" src=\"https:\/\/www.laufgruppe-Schwerin.de\/wp-content\/uploads\/2017\/05\/030.jpg\" srcset=\"https:\/\/www.laufgruppe-schwerin.de\/wp-content\/uploads\/2017\/05\/030.jpg 1024w, https:\/\/www.laufgruppe-schwerin.de\/wp-content\/uploads\/2017\/05\/030-300x225.jpg 300w, https:\/\/www.laufgruppe-schwerin.de\/wp-content\/uploads\/2017\/05\/030-768x576.jpg 768w\" sizes=\"auto, (max-width: 1024px) 100vw, 1024px\" \/><\/a><p id=\"caption-attachment-1702\" class=\"wp-caption-text\">Gabi<\/p><\/div>\n<div id=\"attachment_1700\" style=\"width: 778px\" class=\"wp-caption alignleft\"><a href=\"https:\/\/www.laufgruppe-Schwerin.de\/wp-content\/uploads\/2017\/05\/274.jpg\"><img loading=\"lazy\" decoding=\"async\" aria-describedby=\"caption-attachment-1700\" width=\"768\" height=\"1024\" class=\"size-full wp-image-1700\" alt=\"\" src=\"https:\/\/www.laufgruppe-Schwerin.de\/wp-content\/uploads\/2017\/05\/274.jpg\" srcset=\"https:\/\/www.laufgruppe-schwerin.de\/wp-content\/uploads\/2017\/05\/274.jpg 768w, https:\/\/www.laufgruppe-schwerin.de\/wp-content\/uploads\/2017\/05\/274-225x300.jpg 225w\" sizes=\"auto, (max-width: 768px) 100vw, 768px\" \/><\/a><p id=\"caption-attachment-1700\" class=\"wp-caption-text\">Marten (links) und Marco<\/p><\/div>\n<div id=\"attachment_1698\" style=\"width: 778px\" class=\"wp-caption alignleft\"><a href=\"https:\/\/www.laufgruppe-Schwerin.de\/wp-content\/uploads\/2017\/05\/282.jpg\"><img loading=\"lazy\" decoding=\"async\" aria-describedby=\"caption-attachment-1698\" width=\"768\" height=\"1024\" class=\"size-full wp-image-1698\" alt=\"\" src=\"https:\/\/www.laufgruppe-Schwerin.de\/wp-content\/uploads\/2017\/05\/282.jpg\" srcset=\"https:\/\/www.laufgruppe-schwerin.de\/wp-content\/uploads\/2017\/05\/282.jpg 768w, https:\/\/www.laufgruppe-schwerin.de\/wp-content\/uploads\/2017\/05\/282-225x300.jpg 225w\" sizes=\"auto, (max-width: 768px) 100vw, 768px\" \/><\/a><p id=\"caption-attachment-1698\" class=\"wp-caption-text\">Patrick<\/p><\/div>\n<div id=\"attachment_1696\" style=\"width: 778px\" class=\"wp-caption alignleft\"><a href=\"https:\/\/www.laufgruppe-Schwerin.de\/wp-content\/uploads\/2017\/05\/289.jpg\"><img loading=\"lazy\" decoding=\"async\" aria-describedby=\"caption-attachment-1696\" width=\"768\" height=\"1024\" class=\"size-full wp-image-1696\" alt=\"\" src=\"https:\/\/www.laufgruppe-Schwerin.de\/wp-content\/uploads\/2017\/05\/289.jpg\" srcset=\"https:\/\/www.laufgruppe-schwerin.de\/wp-content\/uploads\/2017\/05\/289.jpg 768w, https:\/\/www.laufgruppe-schwerin.de\/wp-content\/uploads\/2017\/05\/289-225x300.jpg 225w\" sizes=\"auto, (max-width: 768px) 100vw, 768px\" \/><\/a><p id=\"caption-attachment-1696\" class=\"wp-caption-text\">Giuseppe<\/p><\/div>\n<div id=\"attachment_1694\" style=\"width: 778px\" class=\"wp-caption alignleft\"><a href=\"https:\/\/www.laufgruppe-Schwerin.de\/wp-content\/uploads\/2017\/05\/290.jpg\"><img loading=\"lazy\" decoding=\"async\" aria-describedby=\"caption-attachment-1694\" width=\"768\" height=\"1024\" class=\"size-full wp-image-1694\" alt=\"\" src=\"https:\/\/www.laufgruppe-Schwerin.de\/wp-content\/uploads\/2017\/05\/290.jpg\" srcset=\"https:\/\/www.laufgruppe-schwerin.de\/wp-content\/uploads\/2017\/05\/290.jpg 768w, https:\/\/www.laufgruppe-schwerin.de\/wp-content\/uploads\/2017\/05\/290-225x300.jpg 225w\" sizes=\"auto, (max-width: 768px) 100vw, 768px\" \/><\/a><p id=\"caption-attachment-1694\" class=\"wp-caption-text\">Frank Tschersich<\/p><\/div>\n<div id=\"attachment_1691\" style=\"width: 778px\" class=\"wp-caption alignleft\"><a href=\"https:\/\/www.laufgruppe-Schwerin.de\/wp-content\/uploads\/2017\/05\/295.jpg\"><img loading=\"lazy\" decoding=\"async\" aria-describedby=\"caption-attachment-1691\" width=\"768\" height=\"1024\" class=\"size-full wp-image-1691\" alt=\"\" src=\"https:\/\/www.laufgruppe-Schwerin.de\/wp-content\/uploads\/2017\/05\/295.jpg\" srcset=\"https:\/\/www.laufgruppe-schwerin.de\/wp-content\/uploads\/2017\/05\/295.jpg 768w, https:\/\/www.laufgruppe-schwerin.de\/wp-content\/uploads\/2017\/05\/295-225x300.jpg 225w\" sizes=\"auto, (max-width: 768px) 100vw, 768px\" \/><\/a><p id=\"caption-attachment-1691\" class=\"wp-caption-text\">Toralf<\/p><\/div>\n<div id=\"attachment_1688\" style=\"width: 778px\" class=\"wp-caption alignleft\"><a href=\"https:\/\/www.laufgruppe-Schwerin.de\/wp-content\/uploads\/2017\/05\/297.jpg\"><img loading=\"lazy\" decoding=\"async\" aria-describedby=\"caption-attachment-1688\" width=\"768\" height=\"1024\" class=\"size-full wp-image-1688\" alt=\"\" src=\"https:\/\/www.laufgruppe-Schwerin.de\/wp-content\/uploads\/2017\/05\/297.jpg\" srcset=\"https:\/\/www.laufgruppe-schwerin.de\/wp-content\/uploads\/2017\/05\/297.jpg 768w, https:\/\/www.laufgruppe-schwerin.de\/wp-content\/uploads\/2017\/05\/297-225x300.jpg 225w\" sizes=\"auto, (max-width: 768px) 100vw, 768px\" \/><\/a><p id=\"caption-attachment-1688\" class=\"wp-caption-text\">Oliver<\/p><\/div>\n<div id=\"attachment_1685\" style=\"width: 778px\" class=\"wp-caption alignleft\"><a href=\"https:\/\/www.laufgruppe-Schwerin.de\/wp-content\/uploads\/2017\/05\/298.jpg\"><img loading=\"lazy\" decoding=\"async\" aria-describedby=\"caption-attachment-1685\" width=\"768\" height=\"1024\" class=\"size-full wp-image-1685\" alt=\"\" src=\"https:\/\/www.laufgruppe-Schwerin.de\/wp-content\/uploads\/2017\/05\/298.jpg\" srcset=\"https:\/\/www.laufgruppe-schwerin.de\/wp-content\/uploads\/2017\/05\/298.jpg 768w, https:\/\/www.laufgruppe-schwerin.de\/wp-content\/uploads\/2017\/05\/298-225x300.jpg 225w\" sizes=\"auto, (max-width: 768px) 100vw, 768px\" \/><\/a><p id=\"caption-attachment-1685\" class=\"wp-caption-text\">Lothar Domnick<\/p><\/div>\n<div id=\"attachment_1682\" style=\"width: 778px\" class=\"wp-caption alignleft\"><a href=\"https:\/\/www.laufgruppe-Schwerin.de\/wp-content\/uploads\/2017\/05\/301.jpg\"><img loading=\"lazy\" decoding=\"async\" aria-describedby=\"caption-attachment-1682\" width=\"768\" height=\"1024\" class=\"size-full wp-image-1682\" alt=\"\" src=\"https:\/\/www.laufgruppe-Schwerin.de\/wp-content\/uploads\/2017\/05\/301.jpg\" srcset=\"https:\/\/www.laufgruppe-schwerin.de\/wp-content\/uploads\/2017\/05\/301.jpg 768w, https:\/\/www.laufgruppe-schwerin.de\/wp-content\/uploads\/2017\/05\/301-225x300.jpg 225w\" sizes=\"auto, (max-width: 768px) 100vw, 768px\" \/><\/a><p id=\"caption-attachment-1682\" class=\"wp-caption-text\">Frank Leonhardt (links) und Norbert<\/p><\/div>\n<div id=\"attachment_1680\" style=\"width: 1034px\" class=\"wp-caption alignleft\"><a href=\"https:\/\/www.laufgruppe-Schwerin.de\/wp-content\/uploads\/2017\/05\/321.jpg\"><img loading=\"lazy\" decoding=\"async\" aria-describedby=\"caption-attachment-1680\" width=\"1024\" height=\"768\" class=\"size-full wp-image-1680\" alt=\"\" src=\"https:\/\/www.laufgruppe-Schwerin.de\/wp-content\/uploads\/2017\/05\/321.jpg\" srcset=\"https:\/\/www.laufgruppe-schwerin.de\/wp-content\/uploads\/2017\/05\/321.jpg 1024w, https:\/\/www.laufgruppe-schwerin.de\/wp-content\/uploads\/2017\/05\/321-300x225.jpg 300w, https:\/\/www.laufgruppe-schwerin.de\/wp-content\/uploads\/2017\/05\/321-768x576.jpg 768w\" sizes=\"auto, (max-width: 1024px) 100vw, 1024px\" \/><\/a><p id=\"caption-attachment-1680\" class=\"wp-caption-text\">Fred (51)<\/p><\/div>\n<div id=\"attachment_1678\" style=\"width: 778px\" class=\"wp-caption alignleft\"><a href=\"https:\/\/www.laufgruppe-Schwerin.de\/wp-content\/uploads\/2017\/05\/340.jpg\"><img loading=\"lazy\" decoding=\"async\" aria-describedby=\"caption-attachment-1678\" width=\"768\" height=\"1024\" class=\"size-full wp-image-1678\" alt=\"\" src=\"https:\/\/www.laufgruppe-Schwerin.de\/wp-content\/uploads\/2017\/05\/340.jpg\" srcset=\"https:\/\/www.laufgruppe-schwerin.de\/wp-content\/uploads\/2017\/05\/340.jpg 768w, https:\/\/www.laufgruppe-schwerin.de\/wp-content\/uploads\/2017\/05\/340-225x300.jpg 225w\" sizes=\"auto, (max-width: 768px) 100vw, 768px\" \/><\/a><p id=\"caption-attachment-1678\" class=\"wp-caption-text\">Christian Stapel<\/p><\/div>\n<div id=\"attachment_1676\" style=\"width: 778px\" class=\"wp-caption alignleft\"><a href=\"https:\/\/www.laufgruppe-Schwerin.de\/wp-content\/uploads\/2017\/05\/348.jpg\"><img loading=\"lazy\" decoding=\"async\" aria-describedby=\"caption-attachment-1676\" width=\"768\" height=\"1024\" class=\"size-full wp-image-1676\" alt=\"\" src=\"https:\/\/www.laufgruppe-Schwerin.de\/wp-content\/uploads\/2017\/05\/348.jpg\" srcset=\"https:\/\/www.laufgruppe-schwerin.de\/wp-content\/uploads\/2017\/05\/348.jpg 768w, https:\/\/www.laufgruppe-schwerin.de\/wp-content\/uploads\/2017\/05\/348-225x300.jpg 225w\" sizes=\"auto, (max-width: 768px) 100vw, 768px\" \/><\/a><p id=\"caption-attachment-1676\" class=\"wp-caption-text\">Stefan<\/p><\/div>\n<div id=\"attachment_1674\" style=\"width: 778px\" class=\"wp-caption alignleft\"><a href=\"https:\/\/www.laufgruppe-Schwerin.de\/wp-content\/uploads\/2017\/05\/356.jpg\"><img loading=\"lazy\" decoding=\"async\" aria-describedby=\"caption-attachment-1674\" width=\"768\" height=\"1024\" class=\"size-full wp-image-1674\" alt=\"\" src=\"https:\/\/www.laufgruppe-Schwerin.de\/wp-content\/uploads\/2017\/05\/356.jpg\" srcset=\"https:\/\/www.laufgruppe-schwerin.de\/wp-content\/uploads\/2017\/05\/356.jpg 768w, https:\/\/www.laufgruppe-schwerin.de\/wp-content\/uploads\/2017\/05\/356-225x300.jpg 225w\" sizes=\"auto, (max-width: 768px) 100vw, 768px\" \/><\/a><p id=\"caption-attachment-1674\" class=\"wp-caption-text\">Birger (69)<\/p><\/div>\n<div id=\"attachment_1672\" style=\"width: 778px\" class=\"wp-caption alignleft\"><a href=\"https:\/\/www.laufgruppe-Schwerin.de\/wp-content\/uploads\/2017\/05\/359.jpg\"><img loading=\"lazy\" decoding=\"async\" aria-describedby=\"caption-attachment-1672\" width=\"768\" height=\"1024\" class=\"size-full wp-image-1672\" alt=\"\" src=\"https:\/\/www.laufgruppe-Schwerin.de\/wp-content\/uploads\/2017\/05\/359.jpg\" srcset=\"https:\/\/www.laufgruppe-schwerin.de\/wp-content\/uploads\/2017\/05\/359.jpg 768w, https:\/\/www.laufgruppe-schwerin.de\/wp-content\/uploads\/2017\/05\/359-225x300.jpg 225w\" sizes=\"auto, (max-width: 768px) 100vw, 768px\" \/><\/a><p id=\"caption-attachment-1672\" class=\"wp-caption-text\">Torsten<\/p><\/div>\n<div id=\"attachment_1670\" style=\"width: 778px\" class=\"wp-caption alignleft\"><a href=\"https:\/\/www.laufgruppe-Schwerin.de\/wp-content\/uploads\/2017\/05\/376.jpg\"><img loading=\"lazy\" decoding=\"async\" aria-describedby=\"caption-attachment-1670\" width=\"768\" height=\"1024\" class=\"size-full wp-image-1670\" alt=\"\" src=\"https:\/\/www.laufgruppe-Schwerin.de\/wp-content\/uploads\/2017\/05\/376.jpg\" srcset=\"https:\/\/www.laufgruppe-schwerin.de\/wp-content\/uploads\/2017\/05\/376.jpg 768w, https:\/\/www.laufgruppe-schwerin.de\/wp-content\/uploads\/2017\/05\/376-225x300.jpg 225w\" sizes=\"auto, (max-width: 768px) 100vw, 768px\" \/><\/a><p id=\"caption-attachment-1670\" class=\"wp-caption-text\">Marco<\/p><\/div>\n<div id=\"attachment_1667\" style=\"width: 778px\" class=\"wp-caption alignleft\"><a href=\"https:\/\/www.laufgruppe-Schwerin.de\/wp-content\/uploads\/2017\/05\/396.jpg\"><img loading=\"lazy\" decoding=\"async\" aria-describedby=\"caption-attachment-1667\" width=\"768\" height=\"1024\" class=\"size-full wp-image-1667\" alt=\"\" src=\"https:\/\/www.laufgruppe-Schwerin.de\/wp-content\/uploads\/2017\/05\/396.jpg\" srcset=\"https:\/\/www.laufgruppe-schwerin.de\/wp-content\/uploads\/2017\/05\/396.jpg 768w, https:\/\/www.laufgruppe-schwerin.de\/wp-content\/uploads\/2017\/05\/396-225x300.jpg 225w\" sizes=\"auto, (max-width: 768px) 100vw, 768px\" \/><\/a><p id=\"caption-attachment-1667\" class=\"wp-caption-text\">Christian Briesen<\/p><\/div>\n<p>&nbsp;<\/p>\n<iframe src=\"http:\/\/www.facebook.com\/plugins\/like.php?href=https%3A%2F%2Fwww.laufgruppe-schwerin.de%2F%3Fp%3D1651&amp;layout=standard&amp;show_faces=true&amp;width=450&amp;action=like&amp;colorscheme=light\" scrolling=\"no\" frameborder=\"0\" allowTransparency=\"true\" style=\"border:none; overflow:hidden; width:450px;margin-top:5px;\"><\/iframe>","protected":false},"excerpt":{"rendered":"<p>Bei Temperaturen knapp unter dem zweistelligen Bereich begr\u00fc\u00dfte Wittenburg die L\u00e4uferscharr zum Laufcupauftakt mit guten Laufbedingungen. Unsere Laufgruppe setzte sich im Hauptlauf \u00fcber 10 Kilometer mit 3 L\u00e4uferinnen und 21 L\u00e4ufer als teilnahmest\u00e4rkster Verein hervorragend in Szene. Damit leisteten wir, bei der 29.Auflage des Laufes, unseren Beitrag zum neuen Teilnehmerrekord. Hierbei sind besonders die Leistungen [&hellip;]<\/p>\n","protected":false},"author":3,"featured_media":1660,"comment_status":"open","ping_status":"open","sticky":false,"template":"","format":"standard","meta":{"ngg_post_thumbnail":0,"footnotes":""},"categories":[3],"tags":[],"class_list":{"0":"post-1651","1":"post","2":"type-post","3":"status-publish","4":"format-standard","5":"has-post-thumbnail","7":"category-laufcup-mv","8":"czr-hentry"},"_links":{"self":[{"href":"https:\/\/www.laufgruppe-schwerin.de\/index.php?rest_route=\/wp\/v2\/posts\/1651","targetHints":{"allow":["GET"]}}],"collection":[{"href":"https:\/\/www.laufgruppe-schwerin.de\/index.php?rest_route=\/wp\/v2\/posts"}],"about":[{"href":"https:\/\/www.laufgruppe-schwerin.de\/index.php?rest_route=\/wp\/v2\/types\/post"}],"author":[{"embeddable":true,"href":"https:\/\/www.laufgruppe-schwerin.de\/index.php?rest_route=\/wp\/v2\/users\/3"}],"replies":[{"embeddable":true,"href":"https:\/\/www.laufgruppe-schwerin.de\/index.php?rest_route=%2Fwp%2Fv2%2Fcomments&post=1651"}],"version-history":[{"count":38,"href":"https:\/\/www.laufgruppe-schwerin.de\/index.php?rest_route=\/wp\/v2\/posts\/1651\/revisions"}],"predecessor-version":[{"id":1716,"href":"https:\/\/www.laufgruppe-schwerin.de\/index.php?rest_route=\/wp\/v2\/posts\/1651\/revisions\/1716"}],"wp:featuredmedia":[{"embeddable":true,"href":"https:\/\/www.laufgruppe-schwerin.de\/index.php?rest_route=\/wp\/v2\/media\/1660"}],"wp:attachment":[{"href":"https:\/\/www.laufgruppe-schwerin.de\/index.php?rest_route=%2Fwp%2Fv2%2Fmedia&parent=1651"}],"wp:term":[{"taxonomy":"category","embeddable":true,"href":"https:\/\/www.laufgruppe-schwerin.de\/index.php?rest_route=%2Fwp%2Fv2%2Fcategories&post=1651"},{"taxonomy":"post_tag","embeddable":true,"href":"https:\/\/www.laufgruppe-schwerin.de\/index.php?rest_route=%2Fwp%2Fv2%2Ftags&post=1651"}],"curies":[{"name":"wp","href":"https:\/\/api.w.org\/{rel}","templated":true}]}}