{"id":1617,"date":"2016-11-24T20:53:04","date_gmt":"2016-11-24T18:53:04","guid":{"rendered":"http:\/\/www.laufgruppe-schwerin.de\/?p=1617"},"modified":"2016-11-24T21:02:04","modified_gmt":"2016-11-24T19:02:04","slug":"2-titel-und-viele-medaillen-bei-den-landesmeisterschaften-cross-in-bad-doberan","status":"publish","type":"post","link":"https:\/\/www.laufgruppe-schwerin.de\/?p=1617","title":{"rendered":"2 Titel und viele Medaillen bei den Landesmeisterschaften Cross in Bad Doberan"},"content":{"rendered":"<p>Mit den Landesmeisterschaften im Cross endete auch die diesj\u00e4hrige VR-Laufcupserie. 5 L\u00e4uferinnen und 12 L\u00e4ufer unserer Laufgrippe gingen beim Laufcupfinale 2016 erfolgreich an den Start. Dazu gesellten sich noch die Nachwuchsl\u00e4ufer Antonio und Tamino Briesen. Sofie Sch\u00f6ne durfte um 10 Uhr als erste Schweriner L\u00e4uferin auf die Strecke. In der W U 18 ging es auf 2 Gro\u00dfen Runden \u00fcber insgesamt 3.300 m \u00fcber die &#8222;Bad Doberaner Berger&#8220;\u00a0 durch den Kellerswald. Bei Nieselregen und Temperaturen um 5 Grad war dieses kein leichtes Unterfangen und Sofie belegte in 15:58 min den 5.Platz der Landesmeisterschaft. Da aber 3 vor ihr platzierte L\u00e4uferinnen nicht im Laufcup starten, gab es hier f\u00fcr den 2.Platz noch 24,5 Punkte. Um 10.25 Uhr ging der gr\u00f6\u00dfte Teil unserer L\u00e4uferinnen und L\u00e4ufer an den Start. In der W75 Waltraud Garnitz, in der W60 Gabi Kaletzki, sowie Ulli Sch\u00f6ne und Sabine Bahr in der W45. Bei den M\u00e4nnern in der M80 Egon Kannegie\u00dfer, in der M75 Peter Wiesner, Horst Sch\u00f6ne und Horst Garnitz. Jetzt mussten 3 gro\u00dfe Runden mit einer Gesamtl\u00e4nge von 5 km bew\u00e4ltigt werden. Schnellste Schwerinerin war, wie schon vor einer Woche beim Fachhochschullauf in Stralsund, Sabine als hervorragende Gesamtsiebente und Vizemeisterin in einer Zeit von 20:57 min. In der gleichen Altersklasse wurde Ulli F\u00fcnfte mit 25:11 min. Unsere \u00e4lteste L\u00e4uferin Waltraud wurde Vizemeisterin in 36:43 min. Unter der Halbenstundenmarke blieb Gabi mit 29:31 und erk\u00e4mpfte sich die Bronzemedaille. Peter bewies wieder einmal seine Crosslaufqualit\u00e4ten und holte sich in 25:22 min den dritten Landesmeistertitel in Folge. F\u00fcr Horst Sch\u00f6ne und Horst Garnitz gab es mit den Zeiten von 32:57 min und 39:03 min die Pl\u00e4tze Sechs und Sieben. F\u00fcr unseren \u00e4ltesten L\u00e4ufer Egon gab es in einer Zeit von 47:34 min die Vizelandesmeisterschaft. Beim mittlerweile 3.Start des Tages kurz nach 11 Uhr hatte sich das verregnete Novemberwetter weiter eingerichtet und es ging das st\u00e4rkste M\u00e4nnerfeld mit 4 L\u00e4ufern unseres Vereins \u00fcber 4 Runden und insgesamt 6.700 km ins Rennen. F\u00fcr uns waren Frank Tschersich in der M30 und die 3 M35-L\u00e4ufer Mathias Ahrenberg, Marco Wien und Patrick Paul am Start. Trotz l\u00e4ngerer Wettkampfpause konnte sich Mathias mit 23:06 min als Gesamtsiebenter und Landesmeister seiner Altersklasse hervorragend in Szene setzen. F\u00fcr Marco blieben nach 24:31 min die Uhren stehen und das bedeutete Bronze. Patrick in 25:18 min und Frank in 25:58 min wurden jeweils F\u00fcnfte ihrer Altersklasse. Um 3\/4 12 ging die n\u00e4chste L\u00e4ufergruppe an den Start und die Bedingungen wurden naturgem\u00e4\u00df nicht besser. Inzwischen regnete es auch noch anst\u00e4ndig und die Laufstrecke lie\u00df deutliche Abnutzungserscheinungen erkennen. Einige ungewollte Rutschpartien blieben so nicht aus. Christian Briesen in der M50, Norbert Kaletzki in der M60 und die M55-L\u00e4ufer Lothar Domnick und Lothar Gajek meisterten die 6700 Meter. F\u00fcr Norbert gab es nach 28:49 min den verdienten Vizemeistertitel. Lothar Domnick und Lothar Gajek erliefen in 27:42 min und 28:37 min im mit 17 Startern st\u00e4rksten Altersklassenfeld die Pl\u00e4tze Sieben und Acht. Christian belegte in knapp unter einer halben Stunde mit 29:57 min den10.Platz. Unsere beiden J\u00fcngsten Tamino und Antonio mussten am fr\u00fchen Nachmittag auf die Crossstrecke. Taminos Laufstrecke ging \u00fcber 2 kleine Runden mit einer Gesamtl\u00e4nge von 1900 m und mit 8:09 min wurde der 15.Platz erreicht. F\u00fcr Antonio in der M9 ging es \u00fcber eine kleine Runde von 900 Meter, hier kam es zu einer Zeitverschiebung und Antonio lief in einem falschen Lauf. Die Einstufung seines Ergebnisses in der entsprechenden Altersklasse liegt noch nicht vor. Damit konnten sich unsere L\u00e4uferinnen und L\u00e4ufer beim Laufcupfinale noch einmal hervorragend in Szene setzen.<\/p>\n<div id=\"attachment_1621\" style=\"width: 778px\" class=\"wp-caption alignleft\"><a href=\"https:\/\/www.laufgruppe-Schwerin.de\/wp-content\/uploads\/2016\/11\/01.jpg\"><img loading=\"lazy\" decoding=\"async\" aria-describedby=\"caption-attachment-1621\" class=\"size-full wp-image-1621\" src=\"https:\/\/www.laufgruppe-Schwerin.de\/wp-content\/uploads\/2016\/11\/01.jpg\" alt=\"Gold f\u00fcr Matze und Bronze f\u00fcr Marco (rechts) in der M35 \" width=\"768\" height=\"1024\" srcset=\"https:\/\/www.laufgruppe-schwerin.de\/wp-content\/uploads\/2016\/11\/01.jpg 768w, https:\/\/www.laufgruppe-schwerin.de\/wp-content\/uploads\/2016\/11\/01-225x300.jpg 225w\" sizes=\"auto, (max-width: 768px) 100vw, 768px\" \/><\/a><p id=\"caption-attachment-1621\" class=\"wp-caption-text\">Gold f\u00fcr Matze und Bronze f\u00fcr Marco (rechts) in der M35<\/p><\/div>\n<div id=\"attachment_1622\" style=\"width: 1034px\" class=\"wp-caption alignleft\"><a href=\"https:\/\/www.laufgruppe-Schwerin.de\/wp-content\/uploads\/2016\/11\/02.jpg\"><img loading=\"lazy\" decoding=\"async\" aria-describedby=\"caption-attachment-1622\" class=\"size-full wp-image-1622\" src=\"https:\/\/www.laufgruppe-Schwerin.de\/wp-content\/uploads\/2016\/11\/02.jpg\" alt=\"von links: Waltraud, Horst Sch\u00f6ne, Gabi, Sabine, Ulli und Horst Garnitz\" width=\"1024\" height=\"768\" srcset=\"https:\/\/www.laufgruppe-schwerin.de\/wp-content\/uploads\/2016\/11\/02.jpg 1024w, https:\/\/www.laufgruppe-schwerin.de\/wp-content\/uploads\/2016\/11\/02-300x225.jpg 300w, https:\/\/www.laufgruppe-schwerin.de\/wp-content\/uploads\/2016\/11\/02-768x576.jpg 768w\" sizes=\"auto, (max-width: 1024px) 100vw, 1024px\" \/><\/a><p id=\"caption-attachment-1622\" class=\"wp-caption-text\">von links: Waltraud, Horst Sch\u00f6ne, Gabi, Sabine, Ulli und Horst Garnitz<\/p><\/div>\n<div id=\"attachment_1623\" style=\"width: 1034px\" class=\"wp-caption alignleft\"><a href=\"https:\/\/www.laufgruppe-Schwerin.de\/wp-content\/uploads\/2016\/11\/09.jpg\"><img loading=\"lazy\" decoding=\"async\" aria-describedby=\"caption-attachment-1623\" class=\"size-full wp-image-1623\" src=\"https:\/\/www.laufgruppe-Schwerin.de\/wp-content\/uploads\/2016\/11\/09.jpg\" alt=\"Frank Tschersich\" width=\"1024\" height=\"768\" srcset=\"https:\/\/www.laufgruppe-schwerin.de\/wp-content\/uploads\/2016\/11\/09.jpg 1024w, https:\/\/www.laufgruppe-schwerin.de\/wp-content\/uploads\/2016\/11\/09-300x225.jpg 300w, https:\/\/www.laufgruppe-schwerin.de\/wp-content\/uploads\/2016\/11\/09-768x576.jpg 768w\" sizes=\"auto, (max-width: 1024px) 100vw, 1024px\" \/><\/a><p id=\"caption-attachment-1623\" class=\"wp-caption-text\">Frank Tschersich<\/p><\/div>\n<div id=\"attachment_1624\" style=\"width: 778px\" class=\"wp-caption alignleft\"><a href=\"https:\/\/www.laufgruppe-Schwerin.de\/wp-content\/uploads\/2016\/11\/10.jpg\"><img loading=\"lazy\" decoding=\"async\" aria-describedby=\"caption-attachment-1624\" class=\"size-full wp-image-1624\" src=\"https:\/\/www.laufgruppe-Schwerin.de\/wp-content\/uploads\/2016\/11\/10.jpg\" alt=\"Lothar Gajek\" width=\"768\" height=\"1024\" srcset=\"https:\/\/www.laufgruppe-schwerin.de\/wp-content\/uploads\/2016\/11\/10.jpg 768w, https:\/\/www.laufgruppe-schwerin.de\/wp-content\/uploads\/2016\/11\/10-225x300.jpg 225w\" sizes=\"auto, (max-width: 768px) 100vw, 768px\" \/><\/a><p id=\"caption-attachment-1624\" class=\"wp-caption-text\">Lothar Gajek<\/p><\/div>\n<div id=\"attachment_1626\" style=\"width: 1034px\" class=\"wp-caption alignleft\"><a href=\"https:\/\/www.laufgruppe-Schwerin.de\/wp-content\/uploads\/2016\/11\/12.jpg\"><img loading=\"lazy\" decoding=\"async\" aria-describedby=\"caption-attachment-1626\" class=\"size-full wp-image-1626\" src=\"https:\/\/www.laufgruppe-Schwerin.de\/wp-content\/uploads\/2016\/11\/12.jpg\" alt=\"Ulli und Peter\" width=\"1024\" height=\"768\" srcset=\"https:\/\/www.laufgruppe-schwerin.de\/wp-content\/uploads\/2016\/11\/12.jpg 1024w, https:\/\/www.laufgruppe-schwerin.de\/wp-content\/uploads\/2016\/11\/12-300x225.jpg 300w, https:\/\/www.laufgruppe-schwerin.de\/wp-content\/uploads\/2016\/11\/12-768x576.jpg 768w\" sizes=\"auto, (max-width: 1024px) 100vw, 1024px\" \/><\/a><p id=\"caption-attachment-1626\" class=\"wp-caption-text\">Ulli und Peter<\/p><\/div>\n<div id=\"attachment_1627\" style=\"width: 778px\" class=\"wp-caption alignleft\"><a href=\"https:\/\/www.laufgruppe-Schwerin.de\/wp-content\/uploads\/2016\/11\/14.jpg\"><img loading=\"lazy\" decoding=\"async\" aria-describedby=\"caption-attachment-1627\" class=\"size-full wp-image-1627\" src=\"https:\/\/www.laufgruppe-Schwerin.de\/wp-content\/uploads\/2016\/11\/14.jpg\" alt=\"Egon Zweiter M80\" width=\"768\" height=\"1024\" srcset=\"https:\/\/www.laufgruppe-schwerin.de\/wp-content\/uploads\/2016\/11\/14.jpg 768w, https:\/\/www.laufgruppe-schwerin.de\/wp-content\/uploads\/2016\/11\/14-225x300.jpg 225w\" sizes=\"auto, (max-width: 768px) 100vw, 768px\" \/><\/a><p id=\"caption-attachment-1627\" class=\"wp-caption-text\">Egon Zweiter M80<\/p><\/div>\n<div id=\"attachment_1628\" style=\"width: 778px\" class=\"wp-caption alignleft\"><a href=\"https:\/\/www.laufgruppe-Schwerin.de\/wp-content\/uploads\/2016\/11\/15.jpg\"><img loading=\"lazy\" decoding=\"async\" aria-describedby=\"caption-attachment-1628\" class=\"size-full wp-image-1628\" src=\"https:\/\/www.laufgruppe-Schwerin.de\/wp-content\/uploads\/2016\/11\/15.jpg\" alt=\"Landesmeister Peter M75\" width=\"768\" height=\"1024\" srcset=\"https:\/\/www.laufgruppe-schwerin.de\/wp-content\/uploads\/2016\/11\/15.jpg 768w, https:\/\/www.laufgruppe-schwerin.de\/wp-content\/uploads\/2016\/11\/15-225x300.jpg 225w\" sizes=\"auto, (max-width: 768px) 100vw, 768px\" \/><\/a><p id=\"caption-attachment-1628\" class=\"wp-caption-text\">Landesmeister Peter M75<\/p><\/div>\n<p>&nbsp;<\/p>\n<iframe src=\"http:\/\/www.facebook.com\/plugins\/like.php?href=https%3A%2F%2Fwww.laufgruppe-schwerin.de%2F%3Fp%3D1617&amp;layout=standard&amp;show_faces=true&amp;width=450&amp;action=like&amp;colorscheme=light\" scrolling=\"no\" frameborder=\"0\" allowTransparency=\"true\" style=\"border:none; overflow:hidden; width:450px;margin-top:5px;\"><\/iframe>","protected":false},"excerpt":{"rendered":"<p>Mit den Landesmeisterschaften im Cross endete auch die diesj\u00e4hrige VR-Laufcupserie. 5 L\u00e4uferinnen und 12 L\u00e4ufer unserer Laufgrippe gingen beim Laufcupfinale 2016 erfolgreich an den Start. Dazu gesellten sich noch die Nachwuchsl\u00e4ufer Antonio und Tamino Briesen. Sofie Sch\u00f6ne durfte um 10 Uhr als erste Schweriner L\u00e4uferin auf die Strecke. In der W U 18 ging es [&hellip;]<\/p>\n","protected":false},"author":3,"featured_media":1619,"comment_status":"open","ping_status":"open","sticky":false,"template":"","format":"standard","meta":{"ngg_post_thumbnail":0,"footnotes":""},"categories":[1],"tags":[],"class_list":{"0":"post-1617","1":"post","2":"type-post","3":"status-publish","4":"format-standard","5":"has-post-thumbnail","7":"category-beitraege","8":"czr-hentry"},"_links":{"self":[{"href":"https:\/\/www.laufgruppe-schwerin.de\/index.php?rest_route=\/wp\/v2\/posts\/1617","targetHints":{"allow":["GET"]}}],"collection":[{"href":"https:\/\/www.laufgruppe-schwerin.de\/index.php?rest_route=\/wp\/v2\/posts"}],"about":[{"href":"https:\/\/www.laufgruppe-schwerin.de\/index.php?rest_route=\/wp\/v2\/types\/post"}],"author":[{"embeddable":true,"href":"https:\/\/www.laufgruppe-schwerin.de\/index.php?rest_route=\/wp\/v2\/users\/3"}],"replies":[{"embeddable":true,"href":"https:\/\/www.laufgruppe-schwerin.de\/index.php?rest_route=%2Fwp%2Fv2%2Fcomments&post=1617"}],"version-history":[{"count":4,"href":"https:\/\/www.laufgruppe-schwerin.de\/index.php?rest_route=\/wp\/v2\/posts\/1617\/revisions"}],"predecessor-version":[{"id":1630,"href":"https:\/\/www.laufgruppe-schwerin.de\/index.php?rest_route=\/wp\/v2\/posts\/1617\/revisions\/1630"}],"wp:featuredmedia":[{"embeddable":true,"href":"https:\/\/www.laufgruppe-schwerin.de\/index.php?rest_route=\/wp\/v2\/media\/1619"}],"wp:attachment":[{"href":"https:\/\/www.laufgruppe-schwerin.de\/index.php?rest_route=%2Fwp%2Fv2%2Fmedia&parent=1617"}],"wp:term":[{"taxonomy":"category","embeddable":true,"href":"https:\/\/www.laufgruppe-schwerin.de\/index.php?rest_route=%2Fwp%2Fv2%2Fcategories&post=1617"},{"taxonomy":"post_tag","embeddable":true,"href":"https:\/\/www.laufgruppe-schwerin.de\/index.php?rest_route=%2Fwp%2Fv2%2Ftags&post=1617"}],"curies":[{"name":"wp","href":"https:\/\/api.w.org\/{rel}","templated":true}]}}