{"id":1605,"date":"2016-11-24T20:01:45","date_gmt":"2016-11-24T18:01:45","guid":{"rendered":"http:\/\/www.laufgruppe-schwerin.de\/?p=1605"},"modified":"2016-11-24T20:01:45","modified_gmt":"2016-11-24T18:01:45","slug":"unsere-laeuferinnen-und-laeufer-top-beim-laufcup-am-strelasund","status":"publish","type":"post","link":"https:\/\/www.laufgruppe-schwerin.de\/?p=1605","title":{"rendered":"Unsere  L\u00e4uferinnen und L\u00e4ufer TOP beim Laufcup am Strelasund"},"content":{"rendered":"<p>F\u00fcr 4 L\u00e4uferinnen und 7 L\u00e4ufer unserer Laufgruppe Schwerin ging es 29.Oktober \u00a0zum 23. Stralsunder Fachhochschullauf an den Strelasund. Der Laufcup befindet sich auf der Zielgeraden und Stralsund war der vorletzte Termin 2016. Die Hansestadt begr\u00fc\u00dfte die L\u00e4uferinnen und L\u00e4ufer mit Sonnenschein, aber leider auch mit st\u00fcrmischem Wind. Die anspruchsvolle Strecke mit wechselndem Untergrund zwischen\u00a0 Stra\u00dfe, Feldweg, Radweg, immer wieder kleinen Anstiegen ist schon anspruchsvoll genug und als Zugabe gab es auf der ersten H\u00e4lfte stark b\u00f6igen Gegenwind. Die Startnummern der L\u00e4uferinnen und L\u00e4ufer flatterten und zerrten m\u00e4chtig an den Trikots. Insgesamt absolvierten 188 L\u00e4uferinnen und L\u00e4ufer die f\u00fcr den Laufcup ausgeschriebenen Strecken \u00fcber 8 Kilometer und 10 Meilen. F\u00fcr Gabi Kaletzki wurden die Cuppunkte auf der 8-Kilometerstrecke vergeben und Gabi belegte in ihrer Altersklasse W60 in 52:31 min einen hervorragenden 2.Platz. F\u00fcr die anderen L\u00e4uferinnen und L\u00e4ufer ging es auf der doppelten Strecke \u00fcber 10 Meilen um Punkte, Zeiten und Ergebnisse. Sabine Bahr war schnellste Schwerinerin und lief nach 1h15:28 als Zweite ihrer Altersklasse W45 und Gesamtvierte im Stadion der Fachhochschule durchs Ziel. In der gleichen Altersklasse wurde Ulrike Sch\u00f6ne mit 1h27:18 Dritte und Elfte der Gesamtwertung. Anne Krey wurde mit 1h19:24 in ihrer W30 Zweite und hervorragende Gesamtsechste. Bei den M\u00e4nnern bewies einmal mehr Marco Wien seine bestechende Form und kam als Gesamtsiebenter und Zweiter der M35 in 1:02:30 min durchs Ziel. Norbert Kaletzki lief den Altersklassensieg seiner M60 in 1h14:05 als Sieger nach Hause. In dieser Altersklasse gab es durch Harald Tschersich als Zweiten mit 1h15:44 einen Schweriner Doppelsieg. Frank Tschersich lief mit 1h06:50 die zweitbeste Schweriner Zeit und wurde daf\u00fcr mit dem zweiten\u00a0 Platz der M30 belohnt. Lothar Domnick belegt in der M55 mit 1h11:25 den 5.Platz. In der gleichen Altersklasse liefen Lothar Gajek und Fred Kiesendahl mit Zeiten von 1h15:15 und 1h29:23 auf die Pl\u00e4tze 6 und 10.<\/p>\n<p>F\u00fcr das Gruppenfoto danken wir <a href=\"http:\/\/sprinefix.de\">sprinefix.de<\/a><\/p>\n<div id=\"attachment_1607\" style=\"width: 1034px\" class=\"wp-caption alignleft\"><a href=\"https:\/\/www.laufgruppe-Schwerin.de\/wp-content\/uploads\/2016\/11\/LM-Stralsund-143.jpg\"><img loading=\"lazy\" decoding=\"async\" aria-describedby=\"caption-attachment-1607\" class=\"size-full wp-image-1607\" src=\"https:\/\/www.laufgruppe-Schwerin.de\/wp-content\/uploads\/2016\/11\/LM-Stralsund-143.jpg\" alt=\"Gabi (rechts) Zweite W60\" width=\"1024\" height=\"768\" srcset=\"https:\/\/www.laufgruppe-schwerin.de\/wp-content\/uploads\/2016\/11\/LM-Stralsund-143.jpg 1024w, https:\/\/www.laufgruppe-schwerin.de\/wp-content\/uploads\/2016\/11\/LM-Stralsund-143-300x225.jpg 300w, https:\/\/www.laufgruppe-schwerin.de\/wp-content\/uploads\/2016\/11\/LM-Stralsund-143-768x576.jpg 768w\" sizes=\"auto, (max-width: 1024px) 100vw, 1024px\" \/><\/a><p id=\"caption-attachment-1607\" class=\"wp-caption-text\">Gabi (rechts) Zweite W60<\/p><\/div>\n<div id=\"attachment_1608\" style=\"width: 1034px\" class=\"wp-caption alignleft\"><a href=\"https:\/\/www.laufgruppe-Schwerin.de\/wp-content\/uploads\/2016\/11\/LM-Stralsund-146.jpg\"><img loading=\"lazy\" decoding=\"async\" aria-describedby=\"caption-attachment-1608\" class=\"size-full wp-image-1608\" src=\"https:\/\/www.laufgruppe-Schwerin.de\/wp-content\/uploads\/2016\/11\/LM-Stralsund-146.jpg\" alt=\"Anne Zweite W30\" width=\"1024\" height=\"768\" srcset=\"https:\/\/www.laufgruppe-schwerin.de\/wp-content\/uploads\/2016\/11\/LM-Stralsund-146.jpg 1024w, https:\/\/www.laufgruppe-schwerin.de\/wp-content\/uploads\/2016\/11\/LM-Stralsund-146-300x225.jpg 300w, https:\/\/www.laufgruppe-schwerin.de\/wp-content\/uploads\/2016\/11\/LM-Stralsund-146-768x576.jpg 768w\" sizes=\"auto, (max-width: 1024px) 100vw, 1024px\" \/><\/a><p id=\"caption-attachment-1608\" class=\"wp-caption-text\">Anne Zweite W30<\/p><\/div>\n<div id=\"attachment_1609\" style=\"width: 1034px\" class=\"wp-caption alignleft\"><a href=\"https:\/\/www.laufgruppe-Schwerin.de\/wp-content\/uploads\/2016\/11\/LM-Stralsund-150.jpg\"><img loading=\"lazy\" decoding=\"async\" aria-describedby=\"caption-attachment-1609\" class=\"size-full wp-image-1609\" src=\"https:\/\/www.laufgruppe-Schwerin.de\/wp-content\/uploads\/2016\/11\/LM-Stralsund-150.jpg\" alt=\"Sabine (2. v.r.) Gesamtvierte und Zweite W45\" width=\"1024\" height=\"768\" srcset=\"https:\/\/www.laufgruppe-schwerin.de\/wp-content\/uploads\/2016\/11\/LM-Stralsund-150.jpg 1024w, https:\/\/www.laufgruppe-schwerin.de\/wp-content\/uploads\/2016\/11\/LM-Stralsund-150-300x225.jpg 300w, https:\/\/www.laufgruppe-schwerin.de\/wp-content\/uploads\/2016\/11\/LM-Stralsund-150-768x576.jpg 768w\" sizes=\"auto, (max-width: 1024px) 100vw, 1024px\" \/><\/a><p id=\"caption-attachment-1609\" class=\"wp-caption-text\">Sabine (2. v.r.) Gesamtvierte und Zweite W45<\/p><\/div>\n<div id=\"attachment_1610\" style=\"width: 1034px\" class=\"wp-caption alignleft\"><a href=\"https:\/\/www.laufgruppe-Schwerin.de\/wp-content\/uploads\/2016\/11\/LM-Stralsund-155.jpg\"><img loading=\"lazy\" decoding=\"async\" aria-describedby=\"caption-attachment-1610\" class=\"wp-image-1610 size-full\" src=\"https:\/\/www.laufgruppe-Schwerin.de\/wp-content\/uploads\/2016\/11\/LM-Stralsund-155.jpg\" alt=\"Frank Tschersich (rechts) Zweiter M30\" width=\"1024\" height=\"768\" srcset=\"https:\/\/www.laufgruppe-schwerin.de\/wp-content\/uploads\/2016\/11\/LM-Stralsund-155.jpg 1024w, https:\/\/www.laufgruppe-schwerin.de\/wp-content\/uploads\/2016\/11\/LM-Stralsund-155-300x225.jpg 300w, https:\/\/www.laufgruppe-schwerin.de\/wp-content\/uploads\/2016\/11\/LM-Stralsund-155-768x576.jpg 768w\" sizes=\"auto, (max-width: 1024px) 100vw, 1024px\" \/><\/a><p id=\"caption-attachment-1610\" class=\"wp-caption-text\">Frank Tschersich Zweiter M30<\/p><\/div>\n<div id=\"attachment_1612\" style=\"width: 1034px\" class=\"wp-caption alignleft\"><a href=\"https:\/\/www.laufgruppe-Schwerin.de\/wp-content\/uploads\/2016\/11\/LM-Stralsund-161.jpg\"><img loading=\"lazy\" decoding=\"async\" aria-describedby=\"caption-attachment-1612\" class=\"size-full wp-image-1612\" src=\"https:\/\/www.laufgruppe-Schwerin.de\/wp-content\/uploads\/2016\/11\/LM-Stralsund-161.jpg\" alt=\"Marco (rechts) Gesamtsiebenter und Zweiter der M35 \" width=\"1024\" height=\"768\" srcset=\"https:\/\/www.laufgruppe-schwerin.de\/wp-content\/uploads\/2016\/11\/LM-Stralsund-161.jpg 1024w, https:\/\/www.laufgruppe-schwerin.de\/wp-content\/uploads\/2016\/11\/LM-Stralsund-161-300x225.jpg 300w, https:\/\/www.laufgruppe-schwerin.de\/wp-content\/uploads\/2016\/11\/LM-Stralsund-161-768x576.jpg 768w\" sizes=\"auto, (max-width: 1024px) 100vw, 1024px\" \/><\/a><p id=\"caption-attachment-1612\" class=\"wp-caption-text\">Marco (rechts) Gesamtsiebenter und Zweiter der M35<\/p><\/div>\n<div id=\"attachment_1613\" style=\"width: 1034px\" class=\"wp-caption alignleft\"><a href=\"https:\/\/www.laufgruppe-Schwerin.de\/wp-content\/uploads\/2016\/11\/LM-Stralsund-163.jpg\"><img loading=\"lazy\" decoding=\"async\" aria-describedby=\"caption-attachment-1613\" class=\"size-full wp-image-1613\" src=\"https:\/\/www.laufgruppe-Schwerin.de\/wp-content\/uploads\/2016\/11\/LM-Stralsund-163.jpg\" alt=\"M60 Erster Norbert (links) und Zweiter Harald (mitte)\" width=\"1024\" height=\"768\" srcset=\"https:\/\/www.laufgruppe-schwerin.de\/wp-content\/uploads\/2016\/11\/LM-Stralsund-163.jpg 1024w, https:\/\/www.laufgruppe-schwerin.de\/wp-content\/uploads\/2016\/11\/LM-Stralsund-163-300x225.jpg 300w, https:\/\/www.laufgruppe-schwerin.de\/wp-content\/uploads\/2016\/11\/LM-Stralsund-163-768x576.jpg 768w\" sizes=\"auto, (max-width: 1024px) 100vw, 1024px\" \/><\/a><p id=\"caption-attachment-1613\" class=\"wp-caption-text\">M60 Erster Norbert (links) und Zweiter Harald (mitte)<\/p><\/div>\n<iframe src=\"http:\/\/www.facebook.com\/plugins\/like.php?href=https%3A%2F%2Fwww.laufgruppe-schwerin.de%2F%3Fp%3D1605&amp;layout=standard&amp;show_faces=true&amp;width=450&amp;action=like&amp;colorscheme=light\" scrolling=\"no\" frameborder=\"0\" allowTransparency=\"true\" style=\"border:none; overflow:hidden; width:450px;margin-top:5px;\"><\/iframe>","protected":false},"excerpt":{"rendered":"<p>F\u00fcr 4 L\u00e4uferinnen und 7 L\u00e4ufer unserer Laufgruppe Schwerin ging es 29.Oktober \u00a0zum 23. Stralsunder Fachhochschullauf an den Strelasund. Der Laufcup befindet sich auf der Zielgeraden und Stralsund war der vorletzte Termin 2016. Die Hansestadt begr\u00fc\u00dfte die L\u00e4uferinnen und L\u00e4ufer mit Sonnenschein, aber leider auch mit st\u00fcrmischem Wind. Die anspruchsvolle Strecke mit wechselndem Untergrund zwischen\u00a0 [&hellip;]<\/p>\n","protected":false},"author":3,"featured_media":1606,"comment_status":"open","ping_status":"open","sticky":false,"template":"","format":"standard","meta":{"ngg_post_thumbnail":0,"footnotes":""},"categories":[3],"tags":[],"class_list":{"0":"post-1605","1":"post","2":"type-post","3":"status-publish","4":"format-standard","5":"has-post-thumbnail","7":"category-laufcup-mv","8":"czr-hentry"},"_links":{"self":[{"href":"https:\/\/www.laufgruppe-schwerin.de\/index.php?rest_route=\/wp\/v2\/posts\/1605","targetHints":{"allow":["GET"]}}],"collection":[{"href":"https:\/\/www.laufgruppe-schwerin.de\/index.php?rest_route=\/wp\/v2\/posts"}],"about":[{"href":"https:\/\/www.laufgruppe-schwerin.de\/index.php?rest_route=\/wp\/v2\/types\/post"}],"author":[{"embeddable":true,"href":"https:\/\/www.laufgruppe-schwerin.de\/index.php?rest_route=\/wp\/v2\/users\/3"}],"replies":[{"embeddable":true,"href":"https:\/\/www.laufgruppe-schwerin.de\/index.php?rest_route=%2Fwp%2Fv2%2Fcomments&post=1605"}],"version-history":[{"count":3,"href":"https:\/\/www.laufgruppe-schwerin.de\/index.php?rest_route=\/wp\/v2\/posts\/1605\/revisions"}],"predecessor-version":[{"id":1615,"href":"https:\/\/www.laufgruppe-schwerin.de\/index.php?rest_route=\/wp\/v2\/posts\/1605\/revisions\/1615"}],"wp:featuredmedia":[{"embeddable":true,"href":"https:\/\/www.laufgruppe-schwerin.de\/index.php?rest_route=\/wp\/v2\/media\/1606"}],"wp:attachment":[{"href":"https:\/\/www.laufgruppe-schwerin.de\/index.php?rest_route=%2Fwp%2Fv2%2Fmedia&parent=1605"}],"wp:term":[{"taxonomy":"category","embeddable":true,"href":"https:\/\/www.laufgruppe-schwerin.de\/index.php?rest_route=%2Fwp%2Fv2%2Fcategories&post=1605"},{"taxonomy":"post_tag","embeddable":true,"href":"https:\/\/www.laufgruppe-schwerin.de\/index.php?rest_route=%2Fwp%2Fv2%2Ftags&post=1605"}],"curies":[{"name":"wp","href":"https:\/\/api.w.org\/{rel}","templated":true}]}}