{"id":1583,"date":"2016-10-23T22:56:30","date_gmt":"2016-10-23T20:56:30","guid":{"rendered":"http:\/\/www.laufgruppe-schwerin.de\/?p=1583"},"modified":"2016-10-23T22:56:30","modified_gmt":"2016-10-23T20:56:30","slug":"ein-titel-und-5-weitere-podestplaetze-bei-den-landesmeisterschaften-im-10-kilometer-strassenlauf","status":"publish","type":"post","link":"https:\/\/www.laufgruppe-schwerin.de\/?p=1583","title":{"rendered":"Ein Titel und 5 weitere Podestpl\u00e4tze bei den Landesmeisterschaften im 10 Kilometer-Stra\u00dfenlauf"},"content":{"rendered":"<p>Im Rahmen des 15. Sebastian-Fredrich-Gedenklauf wurden in Lubmin die Landesmeisterschaften im 10 Kilometer-Stra\u00dfenlauf ausgetragen. Gleichzeitig war es der 13. und drittletzte Lauf im VR-Laufcup M-V. 5 L\u00e4uferinnen und 8\u00a0 L\u00e4ufer unserer Laufgruppe gingen an den Start. Insgesamt 256 L\u00e4uferinnen und L\u00e4ufer erreichten auf den Rundkurs von 2500 Meter nach 4 Umrundungen erfolgreich das Ziel\u00a0 im Seebad Lubmin. Auch an der Ostseek\u00fcste war bei Temperaturen von knapp 10 Grad und windigem regnerischem Wetter nichts mehr vom Sp\u00e4tsommer zu sp\u00fcren. Unsere \u00a0L\u00e4uferinnen und L\u00e4ufer trotzten mit hervorragenden Leistungen dem Wetter.<\/p>\n<p>Sofie Sch\u00f6ne als j\u00fcngste Schweriner Teilnehmerin erlief sich in pers\u00f6nlicher Bestzeit von 53:57 min den Landesmeistertitel ihrer Altersklasse WJU 18. Sabine Bahr lief als schnellste Schwerinerin in 45:04 min als Gesamtachte und Silbermedaillengewinnerin der W45 durchs Ziel. Gut eine Minute sp\u00e4ter in 46:14 min lief Ulrike Schomann in der gleichen Altersklasse auf den Bronze-Rang. Silber gab es nach 1:04:24 ebenfalls f\u00fcr Gabi Kaletztki in ihrer W60. Ute Neumann erreichte als zweitschnellste Schwerinerin und W40-Vierte eine Zeit von 45:20 min. Bei den M\u00e4nnern lief Rudi Borchert eine Woche nach seinem erfolgreichen Br\u00fcssel Marathon (3h24:18) als Zweiter der M60 in 42:29 min aufs Silberpodest. In der gleichen Altersklasse gab es f\u00fcr Norbert Kaletzki mit 43:42 min Bronze. Ebenfalls in der M60 belegte Harald Tschersich in 44:43 min den 4.Platz. Lothar Domnick lief mit 42:45 in der M55 auf den 6.Platz. Lothar Gajek finishte ebenfalls in der M55 mit 45:27m auf Platz 10. Christian Stapel erreicht als Zwanzigster der M50 in 54:53 min das Ziel. Der \u00e4lteste Schweriner Horst Sch\u00f6ne lief mit 1h08:19 auf den 5.Platz der M75.<\/p>\n<div id=\"attachment_1586\" style=\"width: 1034px\" class=\"wp-caption alignleft\"><a href=\"https:\/\/www.laufgruppe-Schwerin.de\/wp-content\/uploads\/2016\/10\/LM-Lubmin-005.jpg\"><img loading=\"lazy\" decoding=\"async\" aria-describedby=\"caption-attachment-1586\" class=\"size-full wp-image-1586\" src=\"https:\/\/www.laufgruppe-Schwerin.de\/wp-content\/uploads\/2016\/10\/LM-Lubmin-005.jpg\" alt=\"Von links: Gabi, Ute, Lothar Gajek, Horst, Norbert, Sofie, Christian, Lothar Domnick, Frank, Harald und J\u00fcrgen Raupach von der 5-Seen-LG.\" width=\"1024\" height=\"768\" srcset=\"https:\/\/www.laufgruppe-schwerin.de\/wp-content\/uploads\/2016\/10\/LM-Lubmin-005.jpg 1024w, https:\/\/www.laufgruppe-schwerin.de\/wp-content\/uploads\/2016\/10\/LM-Lubmin-005-300x225.jpg 300w, https:\/\/www.laufgruppe-schwerin.de\/wp-content\/uploads\/2016\/10\/LM-Lubmin-005-768x576.jpg 768w\" sizes=\"auto, (max-width: 1024px) 100vw, 1024px\" \/><\/a><p id=\"caption-attachment-1586\" class=\"wp-caption-text\">Von links:<br \/>Gabi, Ute, Lothar Gajek, Horst, Norbert, Sofie, Christian, Lothar Domnick, Frank, Harald und J\u00fcrgen Raupach von der 5-Seen-LG.<\/p><\/div>\n<div id=\"attachment_1587\" style=\"width: 778px\" class=\"wp-caption alignleft\"><a href=\"https:\/\/www.laufgruppe-Schwerin.de\/wp-content\/uploads\/2016\/10\/LM-Lubmin-018.jpg\"><img loading=\"lazy\" decoding=\"async\" aria-describedby=\"caption-attachment-1587\" class=\"size-full wp-image-1587\" src=\"https:\/\/www.laufgruppe-Schwerin.de\/wp-content\/uploads\/2016\/10\/LM-Lubmin-018.jpg\" alt=\"Landesmeisterin Sofie (rechts)\" width=\"768\" height=\"1024\" srcset=\"https:\/\/www.laufgruppe-schwerin.de\/wp-content\/uploads\/2016\/10\/LM-Lubmin-018.jpg 768w, https:\/\/www.laufgruppe-schwerin.de\/wp-content\/uploads\/2016\/10\/LM-Lubmin-018-225x300.jpg 225w\" sizes=\"auto, (max-width: 768px) 100vw, 768px\" \/><\/a><p id=\"caption-attachment-1587\" class=\"wp-caption-text\">Landesmeisterin Sofie (rechts)<\/p><\/div>\n<div id=\"attachment_1589\" style=\"width: 778px\" class=\"wp-caption alignleft\"><a href=\"https:\/\/www.laufgruppe-Schwerin.de\/wp-content\/uploads\/2016\/10\/LM-Lubmin-022-e1477255331866.jpg\"><img loading=\"lazy\" decoding=\"async\" aria-describedby=\"caption-attachment-1589\" class=\"size-full wp-image-1589\" src=\"https:\/\/www.laufgruppe-Schwerin.de\/wp-content\/uploads\/2016\/10\/LM-Lubmin-022-e1477255331866.jpg\" alt=\"Vierte W40 Ute (rechts)\" width=\"768\" height=\"1024\" srcset=\"https:\/\/www.laufgruppe-schwerin.de\/wp-content\/uploads\/2016\/10\/LM-Lubmin-022-e1477255331866.jpg 768w, https:\/\/www.laufgruppe-schwerin.de\/wp-content\/uploads\/2016\/10\/LM-Lubmin-022-e1477255331866-225x300.jpg 225w\" sizes=\"auto, (max-width: 768px) 100vw, 768px\" \/><\/a><p id=\"caption-attachment-1589\" class=\"wp-caption-text\">Vierte W40 Ute (rechts)<\/p><\/div>\n<div id=\"attachment_1590\" style=\"width: 778px\" class=\"wp-caption alignleft\"><a href=\"https:\/\/www.laufgruppe-Schwerin.de\/wp-content\/uploads\/2016\/10\/LM-Lubmin-025-e1477255398661.jpg\"><img loading=\"lazy\" decoding=\"async\" aria-describedby=\"caption-attachment-1590\" class=\"size-full wp-image-1590\" src=\"https:\/\/www.laufgruppe-Schwerin.de\/wp-content\/uploads\/2016\/10\/LM-Lubmin-025-e1477255398661.jpg\" alt=\"Siegerehrung W45 Zweite Sabine (links) und Dritte Ulrike (rechts)\" width=\"768\" height=\"1024\" srcset=\"https:\/\/www.laufgruppe-schwerin.de\/wp-content\/uploads\/2016\/10\/LM-Lubmin-025-e1477255398661.jpg 768w, https:\/\/www.laufgruppe-schwerin.de\/wp-content\/uploads\/2016\/10\/LM-Lubmin-025-e1477255398661-225x300.jpg 225w\" sizes=\"auto, (max-width: 768px) 100vw, 768px\" \/><\/a><p id=\"caption-attachment-1590\" class=\"wp-caption-text\">Siegerehrung W45 Zweite Sabine (links) und Dritte Ulrike (rechts)<\/p><\/div>\n<div id=\"attachment_1592\" style=\"width: 778px\" class=\"wp-caption alignleft\"><a href=\"https:\/\/www.laufgruppe-Schwerin.de\/wp-content\/uploads\/2016\/10\/LM-Lubmin-036.jpg\"><img loading=\"lazy\" decoding=\"async\" aria-describedby=\"caption-attachment-1592\" class=\"size-full wp-image-1592\" src=\"https:\/\/www.laufgruppe-Schwerin.de\/wp-content\/uploads\/2016\/10\/LM-Lubmin-036.jpg\" alt=\"Gabi Zweite W60 (links)\" width=\"768\" height=\"1024\" srcset=\"https:\/\/www.laufgruppe-schwerin.de\/wp-content\/uploads\/2016\/10\/LM-Lubmin-036.jpg 768w, https:\/\/www.laufgruppe-schwerin.de\/wp-content\/uploads\/2016\/10\/LM-Lubmin-036-225x300.jpg 225w\" sizes=\"auto, (max-width: 768px) 100vw, 768px\" \/><\/a><p id=\"caption-attachment-1592\" class=\"wp-caption-text\">Gabi Zweite W60 (links)<\/p><\/div>\n<div id=\"attachment_1594\" style=\"width: 1034px\" class=\"wp-caption alignleft\"><a href=\"https:\/\/www.laufgruppe-Schwerin.de\/wp-content\/uploads\/2016\/10\/LM-Lubmin-048.jpg\"><img loading=\"lazy\" decoding=\"async\" aria-describedby=\"caption-attachment-1594\" class=\"size-full wp-image-1594\" src=\"https:\/\/www.laufgruppe-Schwerin.de\/wp-content\/uploads\/2016\/10\/LM-Lubmin-048.jpg\" alt=\"Frank (rechts) Vierter M30\" width=\"1024\" height=\"768\" srcset=\"https:\/\/www.laufgruppe-schwerin.de\/wp-content\/uploads\/2016\/10\/LM-Lubmin-048.jpg 1024w, https:\/\/www.laufgruppe-schwerin.de\/wp-content\/uploads\/2016\/10\/LM-Lubmin-048-300x225.jpg 300w, https:\/\/www.laufgruppe-schwerin.de\/wp-content\/uploads\/2016\/10\/LM-Lubmin-048-768x576.jpg 768w\" sizes=\"auto, (max-width: 1024px) 100vw, 1024px\" \/><\/a><p id=\"caption-attachment-1594\" class=\"wp-caption-text\">Frank (rechts) Vierter M30<\/p><\/div>\n<div id=\"attachment_1595\" style=\"width: 1034px\" class=\"wp-caption alignleft\"><a href=\"https:\/\/www.laufgruppe-Schwerin.de\/wp-content\/uploads\/2016\/10\/LM-Lubmin-057.jpg\"><img loading=\"lazy\" decoding=\"async\" aria-describedby=\"caption-attachment-1595\" class=\"size-full wp-image-1595\" src=\"https:\/\/www.laufgruppe-Schwerin.de\/wp-content\/uploads\/2016\/10\/LM-Lubmin-057.jpg\" alt=\"Lothar Domnick (rechts) Vierter M55\" width=\"1024\" height=\"768\" srcset=\"https:\/\/www.laufgruppe-schwerin.de\/wp-content\/uploads\/2016\/10\/LM-Lubmin-057.jpg 1024w, https:\/\/www.laufgruppe-schwerin.de\/wp-content\/uploads\/2016\/10\/LM-Lubmin-057-300x225.jpg 300w, https:\/\/www.laufgruppe-schwerin.de\/wp-content\/uploads\/2016\/10\/LM-Lubmin-057-768x576.jpg 768w\" sizes=\"auto, (max-width: 1024px) 100vw, 1024px\" \/><\/a><p id=\"caption-attachment-1595\" class=\"wp-caption-text\">Lothar Domnick (rechts) Vierter M55<\/p><\/div>\n<div id=\"attachment_1597\" style=\"width: 1034px\" class=\"wp-caption alignleft\"><a href=\"https:\/\/www.laufgruppe-Schwerin.de\/wp-content\/uploads\/2016\/10\/LM-Lubmin-062.jpg\"><img loading=\"lazy\" decoding=\"async\" aria-describedby=\"caption-attachment-1597\" class=\"size-full wp-image-1597\" src=\"https:\/\/www.laufgruppe-Schwerin.de\/wp-content\/uploads\/2016\/10\/LM-Lubmin-062.jpg\" alt=\"Siegerehrung M60 Rudi (links) Zweiter, Norbert (mitte) Dritter und Harald (2.v.r.) Vierter\" width=\"1024\" height=\"768\" srcset=\"https:\/\/www.laufgruppe-schwerin.de\/wp-content\/uploads\/2016\/10\/LM-Lubmin-062.jpg 1024w, https:\/\/www.laufgruppe-schwerin.de\/wp-content\/uploads\/2016\/10\/LM-Lubmin-062-300x225.jpg 300w, https:\/\/www.laufgruppe-schwerin.de\/wp-content\/uploads\/2016\/10\/LM-Lubmin-062-768x576.jpg 768w\" sizes=\"auto, (max-width: 1024px) 100vw, 1024px\" \/><\/a><p id=\"caption-attachment-1597\" class=\"wp-caption-text\">Siegerehrung M60 Rudi (links) Zweiter, Norbert (mitte) Dritter und Harald (2.v.r.) Vierter<\/p><\/div>\n<div id=\"attachment_1598\" style=\"width: 1034px\" class=\"wp-caption alignleft\"><a href=\"https:\/\/www.laufgruppe-Schwerin.de\/wp-content\/uploads\/2016\/10\/LM-Lubmin-072.jpg\"><img loading=\"lazy\" decoding=\"async\" aria-describedby=\"caption-attachment-1598\" class=\"size-full wp-image-1598\" src=\"https:\/\/www.laufgruppe-Schwerin.de\/wp-content\/uploads\/2016\/10\/LM-Lubmin-072.jpg\" alt=\"Horst (rechts) F\u00fcnfter M75\" width=\"1024\" height=\"768\" srcset=\"https:\/\/www.laufgruppe-schwerin.de\/wp-content\/uploads\/2016\/10\/LM-Lubmin-072.jpg 1024w, https:\/\/www.laufgruppe-schwerin.de\/wp-content\/uploads\/2016\/10\/LM-Lubmin-072-300x225.jpg 300w, https:\/\/www.laufgruppe-schwerin.de\/wp-content\/uploads\/2016\/10\/LM-Lubmin-072-768x576.jpg 768w\" sizes=\"auto, (max-width: 1024px) 100vw, 1024px\" \/><\/a><p id=\"caption-attachment-1598\" class=\"wp-caption-text\">Horst (rechts) F\u00fcnfter M75<\/p><\/div>\n<div id=\"attachment_1600\" style=\"width: 1034px\" class=\"wp-caption alignleft\"><a href=\"https:\/\/www.laufgruppe-Schwerin.de\/wp-content\/uploads\/2016\/10\/LM-Lubmin-039.jpg\"><img loading=\"lazy\" decoding=\"async\" aria-describedby=\"caption-attachment-1600\" class=\"size-full wp-image-1600\" src=\"https:\/\/www.laufgruppe-Schwerin.de\/wp-content\/uploads\/2016\/10\/LM-Lubmin-039.jpg\" alt=\"Unsere erfolgreichen L\u00e4uferinnen\" width=\"1024\" height=\"768\" srcset=\"https:\/\/www.laufgruppe-schwerin.de\/wp-content\/uploads\/2016\/10\/LM-Lubmin-039.jpg 1024w, https:\/\/www.laufgruppe-schwerin.de\/wp-content\/uploads\/2016\/10\/LM-Lubmin-039-300x225.jpg 300w, https:\/\/www.laufgruppe-schwerin.de\/wp-content\/uploads\/2016\/10\/LM-Lubmin-039-768x576.jpg 768w\" sizes=\"auto, (max-width: 1024px) 100vw, 1024px\" \/><\/a><p id=\"caption-attachment-1600\" class=\"wp-caption-text\">Unsere erfolgreichen L\u00e4uferinnen<\/p><\/div>\n<p>&nbsp;<\/p>\n<iframe src=\"http:\/\/www.facebook.com\/plugins\/like.php?href=https%3A%2F%2Fwww.laufgruppe-schwerin.de%2F%3Fp%3D1583&amp;layout=standard&amp;show_faces=true&amp;width=450&amp;action=like&amp;colorscheme=light\" scrolling=\"no\" frameborder=\"0\" allowTransparency=\"true\" style=\"border:none; overflow:hidden; width:450px;margin-top:5px;\"><\/iframe>","protected":false},"excerpt":{"rendered":"<p>Im Rahmen des 15. Sebastian-Fredrich-Gedenklauf wurden in Lubmin die Landesmeisterschaften im 10 Kilometer-Stra\u00dfenlauf ausgetragen. Gleichzeitig war es der 13. und drittletzte Lauf im VR-Laufcup M-V. 5 L\u00e4uferinnen und 8\u00a0 L\u00e4ufer unserer Laufgruppe gingen an den Start. Insgesamt 256 L\u00e4uferinnen und L\u00e4ufer erreichten auf den Rundkurs von 2500 Meter nach 4 Umrundungen erfolgreich das Ziel\u00a0 im [&hellip;]<\/p>\n","protected":false},"author":3,"featured_media":1602,"comment_status":"open","ping_status":"open","sticky":false,"template":"","format":"standard","meta":{"ngg_post_thumbnail":0,"footnotes":""},"categories":[1],"tags":[],"class_list":{"0":"post-1583","1":"post","2":"type-post","3":"status-publish","4":"format-standard","5":"has-post-thumbnail","7":"category-beitraege","8":"czr-hentry"},"_links":{"self":[{"href":"https:\/\/www.laufgruppe-schwerin.de\/index.php?rest_route=\/wp\/v2\/posts\/1583","targetHints":{"allow":["GET"]}}],"collection":[{"href":"https:\/\/www.laufgruppe-schwerin.de\/index.php?rest_route=\/wp\/v2\/posts"}],"about":[{"href":"https:\/\/www.laufgruppe-schwerin.de\/index.php?rest_route=\/wp\/v2\/types\/post"}],"author":[{"embeddable":true,"href":"https:\/\/www.laufgruppe-schwerin.de\/index.php?rest_route=\/wp\/v2\/users\/3"}],"replies":[{"embeddable":true,"href":"https:\/\/www.laufgruppe-schwerin.de\/index.php?rest_route=%2Fwp%2Fv2%2Fcomments&post=1583"}],"version-history":[{"count":7,"href":"https:\/\/www.laufgruppe-schwerin.de\/index.php?rest_route=\/wp\/v2\/posts\/1583\/revisions"}],"predecessor-version":[{"id":1601,"href":"https:\/\/www.laufgruppe-schwerin.de\/index.php?rest_route=\/wp\/v2\/posts\/1583\/revisions\/1601"}],"wp:featuredmedia":[{"embeddable":true,"href":"https:\/\/www.laufgruppe-schwerin.de\/index.php?rest_route=\/wp\/v2\/media\/1602"}],"wp:attachment":[{"href":"https:\/\/www.laufgruppe-schwerin.de\/index.php?rest_route=%2Fwp%2Fv2%2Fmedia&parent=1583"}],"wp:term":[{"taxonomy":"category","embeddable":true,"href":"https:\/\/www.laufgruppe-schwerin.de\/index.php?rest_route=%2Fwp%2Fv2%2Fcategories&post=1583"},{"taxonomy":"post_tag","embeddable":true,"href":"https:\/\/www.laufgruppe-schwerin.de\/index.php?rest_route=%2Fwp%2Fv2%2Ftags&post=1583"}],"curies":[{"name":"wp","href":"https:\/\/api.w.org\/{rel}","templated":true}]}}