{"id":1578,"date":"2016-10-23T19:48:57","date_gmt":"2016-10-23T17:48:57","guid":{"rendered":"http:\/\/www.laufgruppe-schwerin.de\/?p=1578"},"modified":"2016-10-23T19:48:57","modified_gmt":"2016-10-23T17:48:57","slug":"unsere-laeuferinnen-und-laeufer-liefen-beim-10-baaber-heidelauf-alle-aufs-treppchen","status":"publish","type":"post","link":"https:\/\/www.laufgruppe-schwerin.de\/?p=1578","title":{"rendered":"Unsere L\u00e4uferinnen und L\u00e4ufer liefen beim 10.Baaber Heidelauf alle aufs Treppchen"},"content":{"rendered":"<p>In diesem Jahr geh\u00f6rte der Baaber Heidelauf als 12.Station nach einem Jahr Pause wieder in den Terminkalender des VR-Laufcup Mecklenburg-Vorpommern. Mit Anja Wittwer, Ulrike Schomann, Horst Sch\u00f6ne, Rudi Borchert und Marco Wien begaben sich 2 L\u00e4uferinnen und 3 L\u00e4ufer unserer Laufgruppe am 24.September auf die Ostseeinsel. Um 11 Uhr wurden bei sch\u00f6nstem Herbst-Wetter die L\u00e4uferinnen und L\u00e4ufer im Ostseebad Baabe auf die Runden geschickt. Wieder einmal konnten sich unsere L\u00e4uferinnen und L\u00e4ufer \u00a0im Vorderfeld platzieren. Anja Wittwer lief in 1h09:37 auf dem 5.Platz der Gesamtwertung und gewann ihre Altersklasse W30. Ebenfalls in die TOP 10 der Frauen erreichte Ulrike Schomann als Siebente und Zweite ihrer Altersklasse W45 in 1h14:04 das Ziel. Marco Wien zeigte mit 58:01 min als Siebenter der Gesamtwertung und dem 3.Platz in seiner Altersklasse M35 ein beherztes Rennen. Rudi Borchert bewies, dass er in Vorbereitung auf den Br\u00fcssel-Marathon schon gut in Tritt ist. In 1h09:14 lief er als Zweiter der M60 durch Ziel. Horst Sch\u00f6ne kam in 1h12:53 \u00fcber 10 Kilometer als Zweiter seiner M75 ins Ziel und konnte dadurch sein Punktekonto in der Altersklassenwertung aufbessern.<\/p>\n<div id=\"attachment_1579\" style=\"width: 1034px\" class=\"wp-caption alignleft\"><a href=\"https:\/\/www.laufgruppe-Schwerin.de\/wp-content\/uploads\/2016\/10\/baabe-homepage.jpg\"><img loading=\"lazy\" decoding=\"async\" aria-describedby=\"caption-attachment-1579\" class=\"size-full wp-image-1579\" src=\"https:\/\/www.laufgruppe-Schwerin.de\/wp-content\/uploads\/2016\/10\/baabe-homepage.jpg\" alt=\"Auf dem Foto von links nach rechts: Ulrike Schomann, Anja Wittwer, Rudi Borchert, Horst Sch\u00f6ne und Marco Wien.\" width=\"1024\" height=\"768\" srcset=\"https:\/\/www.laufgruppe-schwerin.de\/wp-content\/uploads\/2016\/10\/baabe-homepage.jpg 1024w, https:\/\/www.laufgruppe-schwerin.de\/wp-content\/uploads\/2016\/10\/baabe-homepage-300x225.jpg 300w, https:\/\/www.laufgruppe-schwerin.de\/wp-content\/uploads\/2016\/10\/baabe-homepage-768x576.jpg 768w\" sizes=\"auto, (max-width: 1024px) 100vw, 1024px\" \/><\/a><p id=\"caption-attachment-1579\" class=\"wp-caption-text\">Auf dem Foto von links nach rechts: Ulrike Schomann, Anja Wittwer, Rudi Borchert, Horst Sch\u00f6ne und Marco Wien.<\/p><\/div>\n<iframe src=\"http:\/\/www.facebook.com\/plugins\/like.php?href=https%3A%2F%2Fwww.laufgruppe-schwerin.de%2F%3Fp%3D1578&amp;layout=standard&amp;show_faces=true&amp;width=450&amp;action=like&amp;colorscheme=light\" scrolling=\"no\" frameborder=\"0\" allowTransparency=\"true\" style=\"border:none; overflow:hidden; width:450px;margin-top:5px;\"><\/iframe>","protected":false},"excerpt":{"rendered":"<p>In diesem Jahr geh\u00f6rte der Baaber Heidelauf als 12.Station nach einem Jahr Pause wieder in den Terminkalender des VR-Laufcup Mecklenburg-Vorpommern. Mit Anja Wittwer, Ulrike Schomann, Horst Sch\u00f6ne, Rudi Borchert und Marco Wien begaben sich 2 L\u00e4uferinnen und 3 L\u00e4ufer unserer Laufgruppe am 24.September auf die Ostseeinsel. Um 11 Uhr wurden bei sch\u00f6nstem Herbst-Wetter die L\u00e4uferinnen [&hellip;]<\/p>\n","protected":false},"author":3,"featured_media":1581,"comment_status":"open","ping_status":"open","sticky":false,"template":"","format":"standard","meta":{"ngg_post_thumbnail":0,"footnotes":""},"categories":[3],"tags":[],"class_list":{"0":"post-1578","1":"post","2":"type-post","3":"status-publish","4":"format-standard","5":"has-post-thumbnail","7":"category-laufcup-mv","8":"czr-hentry"},"_links":{"self":[{"href":"https:\/\/www.laufgruppe-schwerin.de\/index.php?rest_route=\/wp\/v2\/posts\/1578","targetHints":{"allow":["GET"]}}],"collection":[{"href":"https:\/\/www.laufgruppe-schwerin.de\/index.php?rest_route=\/wp\/v2\/posts"}],"about":[{"href":"https:\/\/www.laufgruppe-schwerin.de\/index.php?rest_route=\/wp\/v2\/types\/post"}],"author":[{"embeddable":true,"href":"https:\/\/www.laufgruppe-schwerin.de\/index.php?rest_route=\/wp\/v2\/users\/3"}],"replies":[{"embeddable":true,"href":"https:\/\/www.laufgruppe-schwerin.de\/index.php?rest_route=%2Fwp%2Fv2%2Fcomments&post=1578"}],"version-history":[{"count":1,"href":"https:\/\/www.laufgruppe-schwerin.de\/index.php?rest_route=\/wp\/v2\/posts\/1578\/revisions"}],"predecessor-version":[{"id":1580,"href":"https:\/\/www.laufgruppe-schwerin.de\/index.php?rest_route=\/wp\/v2\/posts\/1578\/revisions\/1580"}],"wp:featuredmedia":[{"embeddable":true,"href":"https:\/\/www.laufgruppe-schwerin.de\/index.php?rest_route=\/wp\/v2\/media\/1581"}],"wp:attachment":[{"href":"https:\/\/www.laufgruppe-schwerin.de\/index.php?rest_route=%2Fwp%2Fv2%2Fmedia&parent=1578"}],"wp:term":[{"taxonomy":"category","embeddable":true,"href":"https:\/\/www.laufgruppe-schwerin.de\/index.php?rest_route=%2Fwp%2Fv2%2Fcategories&post=1578"},{"taxonomy":"post_tag","embeddable":true,"href":"https:\/\/www.laufgruppe-schwerin.de\/index.php?rest_route=%2Fwp%2Fv2%2Ftags&post=1578"}],"curies":[{"name":"wp","href":"https:\/\/api.w.org\/{rel}","templated":true}]}}