{"id":1566,"date":"2016-09-20T15:25:57","date_gmt":"2016-09-20T13:25:57","guid":{"rendered":"http:\/\/www.laufgruppe-schwerin.de\/?p=1566"},"modified":"2016-09-20T15:25:57","modified_gmt":"2016-09-20T13:25:57","slug":"hochsommertrip-unserer-oldiestaffel-zum-21-neubrandenburger-staffelmarathon","status":"publish","type":"post","link":"https:\/\/www.laufgruppe-schwerin.de\/?p=1566","title":{"rendered":"Hochsommertrip unserer Oldiestaffel zum 21. Neubrandenburger Staffelmarathon"},"content":{"rendered":"<p>Einmal im Jahr geht es beim VR-Laufcup nur um die Punkte in der Mannschaftswertung und der Austragungsort ist seit Jahrzehnten Neubrandenburg. Wieder einmal konnten sich die teilnehmenden Staffeln auf eine hervorragende Organisation vom Veranstalter Turbine Neubrandenburg verlassen. 43 Staffeln beteiligten sich in den Kategorien Jugendstaffel, Frauenstaffel, M\u00e4nnerstaffel, Mixedstaffel, Oldie 1-Staffel, Oldie 2-Staffel und Freizeitstaffel bei der 21. Auflage des Neubrandenburger Staffelmarathon. Der Rundkurs f\u00fchrte \u00fcber 1420 Meter bei hochsommerlichen Temperaturen um den idyllisch gelegenen Reitbahnsee. Hierbei absolvierten 5 L\u00e4uferinnen bzw. L\u00e4ufer eine verschiedene Anzahl von Runden um am Ende auf die Marathonl\u00e4nge von gut 42 Kilometer zu kommen. Unsere 5 L\u00e4ufer Frank Leonhardt, Lothar Gajek, Lothar Domnick, Norbert Kaletzki und Rudi Borchert gingen mit weiteren 7 Teams erfolgreich in der Oldie 1-Wertung an den Start. In dieser Wertung sind L\u00e4uferinnen ab der Altersklasse 40 und L\u00e4ufer ab der Altersklasse 50 startberechtigt . Als Titelverteidiger mussten die Schweriner L\u00e4ufer in der 2016er Auflage 2 st\u00e4rkeren Teams den Vortritt lassen. Hinter der siegreichen Staffel vom LSV G\u00fcstrow und dem Veranstalter Turbine erreichten unsere L\u00e4ufer nach 3 Stunden 7 Minuten und 6 Sekunden den 3: Platz. Als Startl\u00e4ufer ging Frank \u00fcber 9,527km (6 Runden + 1004,56m) ins Rennen und \u00fcbergab nach 42:06 min auf Platz 4 in der Oldie 1-Wertung liegend an Lothar Gajek. Nach 31:58 min \u00fcber 7,102km (5 Runden) \u00fcbergab Lothar Gajek in Position 3 liegend auf Lothar Domnick. Lothar Domnick absolvierte die 8,522km (6 Runden) in 37:37 min und lief mit dieser Zeit auf den 2.Platz. Norbert konnte als\u00a0 4.L\u00e4ufer \u00fcber 5,681km (4 Runden) in 24:52 min diesen Rang halten und noch etwas Zeit heraus laufen.\u00a0 Als 5. und Schlussl\u00e4ufer lieferte sich Rudi \u00fcber die l\u00e4ngste Strecke von 11,363km (8 Runden) mit dem Turbine Schlussl\u00e4ufer Emil Hertel ein spannendes Rennen und musste sich nach 50:29 min knapp im Kampf um Platz 2 geschlagen geben. Mit dem 3.Platz in der Oldie 1-Wertung und den 16.Gesamtplatz unter 43 Staffeln konnten unsere L\u00e4ufer zufrieden die Heimreise nach dem Neubrandenburger Sommertrip antreten.<\/p>\n<div id=\"attachment_1567\" style=\"width: 1034px\" class=\"wp-caption alignleft\"><a href=\"https:\/\/www.laufgruppe-Schwerin.de\/wp-content\/uploads\/2016\/09\/01.jpg\"><img loading=\"lazy\" decoding=\"async\" aria-describedby=\"caption-attachment-1567\" class=\"size-full wp-image-1567\" src=\"https:\/\/www.laufgruppe-Schwerin.de\/wp-content\/uploads\/2016\/09\/01.jpg\" alt=\"In der Startreihenfolge von links mit: Frank Leonhardt, Lothar Gajek, Lothar Domnick, Norbert Kaletzki und Rudi Borchert \" width=\"1024\" height=\"768\" srcset=\"https:\/\/www.laufgruppe-schwerin.de\/wp-content\/uploads\/2016\/09\/01.jpg 1024w, https:\/\/www.laufgruppe-schwerin.de\/wp-content\/uploads\/2016\/09\/01-300x225.jpg 300w, https:\/\/www.laufgruppe-schwerin.de\/wp-content\/uploads\/2016\/09\/01-768x576.jpg 768w\" sizes=\"auto, (max-width: 1024px) 100vw, 1024px\" \/><\/a><p id=\"caption-attachment-1567\" class=\"wp-caption-text\">In der Startreihenfolge von links mit:<br \/>Frank Leonhardt, Lothar Gajek, Lothar Domnick, Norbert Kaletzki und Rudi Borchert<\/p><\/div>\n<div id=\"attachment_1568\" style=\"width: 778px\" class=\"wp-caption alignleft\"><a href=\"https:\/\/www.laufgruppe-Schwerin.de\/wp-content\/uploads\/2016\/09\/02.jpg\"><img loading=\"lazy\" decoding=\"async\" aria-describedby=\"caption-attachment-1568\" class=\"size-full wp-image-1568\" src=\"https:\/\/www.laufgruppe-Schwerin.de\/wp-content\/uploads\/2016\/09\/02.jpg\" alt=\"Frank als Startl\u00e4ufer\" width=\"768\" height=\"1024\" srcset=\"https:\/\/www.laufgruppe-schwerin.de\/wp-content\/uploads\/2016\/09\/02.jpg 768w, https:\/\/www.laufgruppe-schwerin.de\/wp-content\/uploads\/2016\/09\/02-225x300.jpg 225w\" sizes=\"auto, (max-width: 768px) 100vw, 768px\" \/><\/a><p id=\"caption-attachment-1568\" class=\"wp-caption-text\">Frank als Startl\u00e4ufer<\/p><\/div>\n<div id=\"attachment_1570\" style=\"width: 778px\" class=\"wp-caption alignleft\"><a href=\"https:\/\/www.laufgruppe-Schwerin.de\/wp-content\/uploads\/2016\/09\/03-e1474377647898.jpg\"><img loading=\"lazy\" decoding=\"async\" aria-describedby=\"caption-attachment-1570\" class=\"size-full wp-image-1570\" src=\"https:\/\/www.laufgruppe-Schwerin.de\/wp-content\/uploads\/2016\/09\/03-e1474377647898.jpg\" alt=\"Lothar wechselt auf Lothar\" width=\"768\" height=\"1024\" srcset=\"https:\/\/www.laufgruppe-schwerin.de\/wp-content\/uploads\/2016\/09\/03-e1474377647898.jpg 768w, https:\/\/www.laufgruppe-schwerin.de\/wp-content\/uploads\/2016\/09\/03-e1474377647898-225x300.jpg 225w\" sizes=\"auto, (max-width: 768px) 100vw, 768px\" \/><\/a><p id=\"caption-attachment-1570\" class=\"wp-caption-text\">Lothar wechselt auf Lothar<\/p><\/div>\n<div id=\"attachment_1571\" style=\"width: 778px\" class=\"wp-caption alignleft\"><a href=\"https:\/\/www.laufgruppe-Schwerin.de\/wp-content\/uploads\/2016\/09\/04-e1474377709738.jpg\"><img loading=\"lazy\" decoding=\"async\" aria-describedby=\"caption-attachment-1571\" class=\"size-full wp-image-1571\" src=\"https:\/\/www.laufgruppe-Schwerin.de\/wp-content\/uploads\/2016\/09\/04-e1474377709738.jpg\" alt=\"Lothar D auf Norbert\" width=\"768\" height=\"1024\" srcset=\"https:\/\/www.laufgruppe-schwerin.de\/wp-content\/uploads\/2016\/09\/04-e1474377709738.jpg 768w, https:\/\/www.laufgruppe-schwerin.de\/wp-content\/uploads\/2016\/09\/04-e1474377709738-225x300.jpg 225w\" sizes=\"auto, (max-width: 768px) 100vw, 768px\" \/><\/a><p id=\"caption-attachment-1571\" class=\"wp-caption-text\">Lothar D auf Norbert<\/p><\/div>\n<div id=\"attachment_1573\" style=\"width: 778px\" class=\"wp-caption alignleft\"><a href=\"https:\/\/www.laufgruppe-Schwerin.de\/wp-content\/uploads\/2016\/09\/05-e1474377779167.jpg\"><img loading=\"lazy\" decoding=\"async\" aria-describedby=\"caption-attachment-1573\" class=\"size-full wp-image-1573\" src=\"https:\/\/www.laufgruppe-Schwerin.de\/wp-content\/uploads\/2016\/09\/05-e1474377779167.jpg\" alt=\"Norbert begleitet Rudi ins Ziel\" width=\"768\" height=\"1024\" srcset=\"https:\/\/www.laufgruppe-schwerin.de\/wp-content\/uploads\/2016\/09\/05-e1474377779167.jpg 768w, https:\/\/www.laufgruppe-schwerin.de\/wp-content\/uploads\/2016\/09\/05-e1474377779167-225x300.jpg 225w\" sizes=\"auto, (max-width: 768px) 100vw, 768px\" \/><\/a><p id=\"caption-attachment-1573\" class=\"wp-caption-text\">Norbert begleitet Rudi ins Ziel<\/p><\/div>\n<div id=\"attachment_1574\" style=\"width: 1034px\" class=\"wp-caption alignleft\"><a href=\"https:\/\/www.laufgruppe-Schwerin.de\/wp-content\/uploads\/2016\/09\/06.jpg\"><img loading=\"lazy\" decoding=\"async\" aria-describedby=\"caption-attachment-1574\" class=\"size-full wp-image-1574\" src=\"https:\/\/www.laufgruppe-Schwerin.de\/wp-content\/uploads\/2016\/09\/06.jpg\" alt=\"Siegerehrung\" width=\"1024\" height=\"768\" srcset=\"https:\/\/www.laufgruppe-schwerin.de\/wp-content\/uploads\/2016\/09\/06.jpg 1024w, https:\/\/www.laufgruppe-schwerin.de\/wp-content\/uploads\/2016\/09\/06-300x225.jpg 300w, https:\/\/www.laufgruppe-schwerin.de\/wp-content\/uploads\/2016\/09\/06-768x576.jpg 768w\" sizes=\"auto, (max-width: 1024px) 100vw, 1024px\" \/><\/a><p id=\"caption-attachment-1574\" class=\"wp-caption-text\">Siegerehrung<\/p><\/div>\n<p>&nbsp;<\/p>\n<p>&nbsp;<\/p>\n<iframe src=\"http:\/\/www.facebook.com\/plugins\/like.php?href=https%3A%2F%2Fwww.laufgruppe-schwerin.de%2F%3Fp%3D1566&amp;layout=standard&amp;show_faces=true&amp;width=450&amp;action=like&amp;colorscheme=light\" scrolling=\"no\" frameborder=\"0\" allowTransparency=\"true\" style=\"border:none; overflow:hidden; width:450px;margin-top:5px;\"><\/iframe>","protected":false},"excerpt":{"rendered":"<p>Einmal im Jahr geht es beim VR-Laufcup nur um die Punkte in der Mannschaftswertung und der Austragungsort ist seit Jahrzehnten Neubrandenburg. Wieder einmal konnten sich die teilnehmenden Staffeln auf eine hervorragende Organisation vom Veranstalter Turbine Neubrandenburg verlassen. 43 Staffeln beteiligten sich in den Kategorien Jugendstaffel, Frauenstaffel, M\u00e4nnerstaffel, Mixedstaffel, Oldie 1-Staffel, Oldie 2-Staffel und Freizeitstaffel bei [&hellip;]<\/p>\n","protected":false},"author":3,"featured_media":1576,"comment_status":"open","ping_status":"open","sticky":false,"template":"","format":"standard","meta":{"ngg_post_thumbnail":0,"footnotes":""},"categories":[3],"tags":[],"class_list":{"0":"post-1566","1":"post","2":"type-post","3":"status-publish","4":"format-standard","5":"has-post-thumbnail","7":"category-laufcup-mv","8":"czr-hentry"},"_links":{"self":[{"href":"https:\/\/www.laufgruppe-schwerin.de\/index.php?rest_route=\/wp\/v2\/posts\/1566","targetHints":{"allow":["GET"]}}],"collection":[{"href":"https:\/\/www.laufgruppe-schwerin.de\/index.php?rest_route=\/wp\/v2\/posts"}],"about":[{"href":"https:\/\/www.laufgruppe-schwerin.de\/index.php?rest_route=\/wp\/v2\/types\/post"}],"author":[{"embeddable":true,"href":"https:\/\/www.laufgruppe-schwerin.de\/index.php?rest_route=\/wp\/v2\/users\/3"}],"replies":[{"embeddable":true,"href":"https:\/\/www.laufgruppe-schwerin.de\/index.php?rest_route=%2Fwp%2Fv2%2Fcomments&post=1566"}],"version-history":[{"count":3,"href":"https:\/\/www.laufgruppe-schwerin.de\/index.php?rest_route=\/wp\/v2\/posts\/1566\/revisions"}],"predecessor-version":[{"id":1575,"href":"https:\/\/www.laufgruppe-schwerin.de\/index.php?rest_route=\/wp\/v2\/posts\/1566\/revisions\/1575"}],"wp:featuredmedia":[{"embeddable":true,"href":"https:\/\/www.laufgruppe-schwerin.de\/index.php?rest_route=\/wp\/v2\/media\/1576"}],"wp:attachment":[{"href":"https:\/\/www.laufgruppe-schwerin.de\/index.php?rest_route=%2Fwp%2Fv2%2Fmedia&parent=1566"}],"wp:term":[{"taxonomy":"category","embeddable":true,"href":"https:\/\/www.laufgruppe-schwerin.de\/index.php?rest_route=%2Fwp%2Fv2%2Fcategories&post=1566"},{"taxonomy":"post_tag","embeddable":true,"href":"https:\/\/www.laufgruppe-schwerin.de\/index.php?rest_route=%2Fwp%2Fv2%2Ftags&post=1566"}],"curies":[{"name":"wp","href":"https:\/\/api.w.org\/{rel}","templated":true}]}}