{"id":1484,"date":"2016-06-21T10:04:51","date_gmt":"2016-06-21T08:04:51","guid":{"rendered":"http:\/\/www.laufgruppe-schwerin.de\/?p=1484"},"modified":"2016-06-21T10:04:51","modified_gmt":"2016-06-21T08:04:51","slug":"40-oase-inselseelauf-in-guestrow","status":"publish","type":"post","link":"https:\/\/www.laufgruppe-schwerin.de\/?p=1484","title":{"rendered":"40. OASE-Inselseelauf in G\u00fcstrow"},"content":{"rendered":"<p class=\"Text\"><span style=\"font-size: 12.0pt; font-family: 'Times New Roman','serif';\">Schweriner L\u00e4uferinnen und L\u00e4ufer sind seit Jahrzehnten gern gesehene G\u00e4ste beim G\u00fcstrower Inselseelauf. Beim 40. Jubil\u00e4um des OASE-Inselseelauf in der Barlachstadt G\u00fcstrow gingen 5 L\u00e4uferinnen und 6 L\u00e4ufer unserer Laufgruppe bei fr\u00fchsommerlichen Temperaturen an den Start. Hierbei ging es bei der 8. Laufcupstation der Saison auf 3 verschiedenen anspruchsvollen Strecken um die Punkte. Nachwuchsl\u00e4uferin Sofie Sch\u00f6ne war \u00fcber 5 km gefordert. Dieses meisterte Sofie mit Bravour und gewann in einer Zeit von 23:24 min ihre Altersklasse WJU18. F\u00fcr die Frauenaltersklassen und bei den M\u00e4nnern ab der Altersklasse M65 war die 10 km-Strecke f\u00fcr die Laufcupwertung ausgeschrieben. Hier nahmen die Frauen und Oldie Horst Sch\u00f6ne den anspruchsvollen 10 km-Kurs in Angriff. Dabei liefen mit Ute Neumann, Ulrike Schomann und Sabine Bahr gleich 3 in die TOP Ten. Ute als schnellste L\u00e4uferin der Landeshauptstadt wurde mit 46:04 min Gesamtf\u00fcnfte und Dritte der W40. Ulrike lief in 46:42 min als Gesamtsiebente und Altersklassenzweite der W45 durchs Ziel. Sabine finishte in der gleichen Altersklasse als Dritte und Gesamtzehnte mit 47:38 min. F\u00fcr Ulrike Sch\u00f6ne, ebenfalls W45, blieben nach 55:24 min die Uhren f\u00fcr den 6.Platz im Ziel stehen. Mit 1:14:56 lief Horst als Vierter seiner Altersklasse M75 nach 10 Kilometer durchs Ziel. Da aber der Drittplatzierte nicht f\u00fcr den Laufcup gemeldet ist, wurde es der dritte Platz in der Cupwertung. \u00dcber 20 Kilometer gingen f\u00fcnf L\u00e4ufer den nicht leichten Kurs am G\u00fcstrower Inselsee an. Wobei mit Rudi Borchert der \u00c4lteste mit 1h32:06 auch der Schnellste war und souver\u00e4n die Altersklasse M60 gewann. In der gleichen Altersklasse wurde Harald Tschersich in 1h40:17 F\u00fcnfter. Auch Harald profitierte von einem Nichtcupteilnehmer und rutschte in der Cupwertung auf den 4.Platz. Frank Leonhardt und Christian Stapel gingen in der M50 an den Start und erreichten die Pl\u00e4tze 10 und 19. Frank Leonhardt ben\u00f6tigte 1h37:31 und Christian Stapel 1h59:35, beide kletterten durch Nichtcupl\u00e4ufer auf die Pl\u00e4tze 9 und 16. Der f\u00fcnfte L\u00e4ufer im Bunde war Fred Kiesendahl und ging in die Wertung der M55. Hier erreicht Fred Kiesendahl mit 1h53:57 den 10 Platz und auch hier gab es durch Nichtcupl\u00e4ufer eine Verbesserung f\u00fcr die Punktvergabe. So wurden es 19 Punkte f\u00fcr den 7. Platz. <\/span><\/p>\n<p class=\"Text\"><a href=\"https:\/\/www.laufgruppe-Schwerin.de\/wp-content\/uploads\/2016\/06\/40Inselseelauf16-096.jpg\"><img loading=\"lazy\" decoding=\"async\" class=\"alignleft size-full wp-image-1495\" src=\"https:\/\/www.laufgruppe-Schwerin.de\/wp-content\/uploads\/2016\/06\/40Inselseelauf16-096.jpg\" alt=\"\" width=\"1024\" height=\"768\" srcset=\"https:\/\/www.laufgruppe-schwerin.de\/wp-content\/uploads\/2016\/06\/40Inselseelauf16-096.jpg 1024w, https:\/\/www.laufgruppe-schwerin.de\/wp-content\/uploads\/2016\/06\/40Inselseelauf16-096-300x225.jpg 300w, https:\/\/www.laufgruppe-schwerin.de\/wp-content\/uploads\/2016\/06\/40Inselseelauf16-096-768x576.jpg 768w\" sizes=\"auto, (max-width: 1024px) 100vw, 1024px\" \/><\/a><\/p>\n<div id=\"attachment_1497\" style=\"width: 1236px\" class=\"wp-caption alignleft\"><a href=\"https:\/\/www.laufgruppe-Schwerin.de\/wp-content\/uploads\/2016\/06\/40Inselseelauf16-158.jpg\"><img loading=\"lazy\" decoding=\"async\" aria-describedby=\"caption-attachment-1497\" class=\"size-full wp-image-1497\" src=\"https:\/\/www.laufgruppe-Schwerin.de\/wp-content\/uploads\/2016\/06\/40Inselseelauf16-158.jpg\" alt=\"Ulrike Schomann Zweite W45\" width=\"1226\" height=\"1634\" srcset=\"https:\/\/www.laufgruppe-schwerin.de\/wp-content\/uploads\/2016\/06\/40Inselseelauf16-158.jpg 1226w, https:\/\/www.laufgruppe-schwerin.de\/wp-content\/uploads\/2016\/06\/40Inselseelauf16-158-225x300.jpg 225w, https:\/\/www.laufgruppe-schwerin.de\/wp-content\/uploads\/2016\/06\/40Inselseelauf16-158-768x1024.jpg 768w\" sizes=\"auto, (max-width: 1226px) 100vw, 1226px\" \/><\/a><p id=\"caption-attachment-1497\" class=\"wp-caption-text\">Ulrike Schomann Zweite W45<\/p><\/div>\n<div id=\"attachment_1498\" style=\"width: 778px\" class=\"wp-caption alignleft\"><a href=\"https:\/\/www.laufgruppe-Schwerin.de\/wp-content\/uploads\/2016\/06\/40Inselseelauf16-168.jpg\"><img loading=\"lazy\" decoding=\"async\" aria-describedby=\"caption-attachment-1498\" class=\"size-full wp-image-1498\" src=\"https:\/\/www.laufgruppe-Schwerin.de\/wp-content\/uploads\/2016\/06\/40Inselseelauf16-168.jpg\" alt=\"Sabine Dritte W45\" width=\"768\" height=\"1024\" srcset=\"https:\/\/www.laufgruppe-schwerin.de\/wp-content\/uploads\/2016\/06\/40Inselseelauf16-168.jpg 768w, https:\/\/www.laufgruppe-schwerin.de\/wp-content\/uploads\/2016\/06\/40Inselseelauf16-168-225x300.jpg 225w\" sizes=\"auto, (max-width: 768px) 100vw, 768px\" \/><\/a><p id=\"caption-attachment-1498\" class=\"wp-caption-text\">Sabine Dritte W45<\/p><\/div>\n<div id=\"attachment_1499\" style=\"width: 778px\" class=\"wp-caption alignleft\"><a href=\"https:\/\/www.laufgruppe-Schwerin.de\/wp-content\/uploads\/2016\/06\/40Inselseelauf16-196.jpg\"><img loading=\"lazy\" decoding=\"async\" aria-describedby=\"caption-attachment-1499\" class=\"size-full wp-image-1499\" src=\"https:\/\/www.laufgruppe-Schwerin.de\/wp-content\/uploads\/2016\/06\/40Inselseelauf16-196.jpg\" alt=\"Horst\" width=\"768\" height=\"1024\" srcset=\"https:\/\/www.laufgruppe-schwerin.de\/wp-content\/uploads\/2016\/06\/40Inselseelauf16-196.jpg 768w, https:\/\/www.laufgruppe-schwerin.de\/wp-content\/uploads\/2016\/06\/40Inselseelauf16-196-225x300.jpg 225w\" sizes=\"auto, (max-width: 768px) 100vw, 768px\" \/><\/a><p id=\"caption-attachment-1499\" class=\"wp-caption-text\">Horst<\/p><\/div>\n<div id=\"attachment_1500\" style=\"width: 778px\" class=\"wp-caption alignleft\"><a href=\"https:\/\/www.laufgruppe-Schwerin.de\/wp-content\/uploads\/2016\/06\/40Inselseelauf16-230.jpg\"><img loading=\"lazy\" decoding=\"async\" aria-describedby=\"caption-attachment-1500\" class=\"size-full wp-image-1500\" src=\"https:\/\/www.laufgruppe-Schwerin.de\/wp-content\/uploads\/2016\/06\/40Inselseelauf16-230.jpg\" alt=\"Rudi Sieger M60\" width=\"768\" height=\"1024\" srcset=\"https:\/\/www.laufgruppe-schwerin.de\/wp-content\/uploads\/2016\/06\/40Inselseelauf16-230.jpg 768w, https:\/\/www.laufgruppe-schwerin.de\/wp-content\/uploads\/2016\/06\/40Inselseelauf16-230-225x300.jpg 225w\" sizes=\"auto, (max-width: 768px) 100vw, 768px\" \/><\/a><p id=\"caption-attachment-1500\" class=\"wp-caption-text\">Rudi Sieger M60<\/p><\/div>\n<div id=\"attachment_1501\" style=\"width: 778px\" class=\"wp-caption alignleft\"><a href=\"https:\/\/www.laufgruppe-Schwerin.de\/wp-content\/uploads\/2016\/06\/40Inselseelauf16-245.jpg\"><img loading=\"lazy\" decoding=\"async\" aria-describedby=\"caption-attachment-1501\" class=\"size-full wp-image-1501\" src=\"https:\/\/www.laufgruppe-Schwerin.de\/wp-content\/uploads\/2016\/06\/40Inselseelauf16-245.jpg\" alt=\"Harald\" width=\"768\" height=\"1024\" srcset=\"https:\/\/www.laufgruppe-schwerin.de\/wp-content\/uploads\/2016\/06\/40Inselseelauf16-245.jpg 768w, https:\/\/www.laufgruppe-schwerin.de\/wp-content\/uploads\/2016\/06\/40Inselseelauf16-245-225x300.jpg 225w\" sizes=\"auto, (max-width: 768px) 100vw, 768px\" \/><\/a><p id=\"caption-attachment-1501\" class=\"wp-caption-text\">Harald<\/p><\/div>\n<div id=\"attachment_1502\" style=\"width: 778px\" class=\"wp-caption alignleft\"><a href=\"https:\/\/www.laufgruppe-Schwerin.de\/wp-content\/uploads\/2016\/06\/40Inselseelauf16-282.jpg\"><img loading=\"lazy\" decoding=\"async\" aria-describedby=\"caption-attachment-1502\" class=\"size-full wp-image-1502\" src=\"https:\/\/www.laufgruppe-Schwerin.de\/wp-content\/uploads\/2016\/06\/40Inselseelauf16-282.jpg\" alt=\"Dritte Ute (links) und Sabine\" width=\"768\" height=\"1024\" srcset=\"https:\/\/www.laufgruppe-schwerin.de\/wp-content\/uploads\/2016\/06\/40Inselseelauf16-282.jpg 768w, https:\/\/www.laufgruppe-schwerin.de\/wp-content\/uploads\/2016\/06\/40Inselseelauf16-282-225x300.jpg 225w\" sizes=\"auto, (max-width: 768px) 100vw, 768px\" \/><\/a><p id=\"caption-attachment-1502\" class=\"wp-caption-text\">Dritte Ute (links) und Sabine<\/p><\/div>\n<div id=\"attachment_1503\" style=\"width: 938px\" class=\"wp-caption alignleft\"><a href=\"https:\/\/www.laufgruppe-Schwerin.de\/wp-content\/uploads\/2016\/06\/40Inselseelauf16-292.jpg\"><img loading=\"lazy\" decoding=\"async\" aria-describedby=\"caption-attachment-1503\" class=\"size-full wp-image-1503\" src=\"https:\/\/www.laufgruppe-Schwerin.de\/wp-content\/uploads\/2016\/06\/40Inselseelauf16-292.jpg\" alt=\"Zweite Ulrike Schomann (mitte)\" width=\"928\" height=\"1237\" srcset=\"https:\/\/www.laufgruppe-schwerin.de\/wp-content\/uploads\/2016\/06\/40Inselseelauf16-292.jpg 928w, https:\/\/www.laufgruppe-schwerin.de\/wp-content\/uploads\/2016\/06\/40Inselseelauf16-292-225x300.jpg 225w, https:\/\/www.laufgruppe-schwerin.de\/wp-content\/uploads\/2016\/06\/40Inselseelauf16-292-768x1024.jpg 768w\" sizes=\"auto, (max-width: 928px) 100vw, 928px\" \/><\/a><p id=\"caption-attachment-1503\" class=\"wp-caption-text\">Zweite Ulrike Schomann (mitte)<\/p><\/div>\n<div id=\"attachment_1504\" style=\"width: 778px\" class=\"wp-caption alignleft\"><a href=\"https:\/\/www.laufgruppe-Schwerin.de\/wp-content\/uploads\/2016\/06\/40Inselseelauf16-321.jpg\"><img loading=\"lazy\" decoding=\"async\" aria-describedby=\"caption-attachment-1504\" class=\"size-full wp-image-1504\" src=\"https:\/\/www.laufgruppe-Schwerin.de\/wp-content\/uploads\/2016\/06\/40Inselseelauf16-321.jpg\" alt=\"Rudi (links) Sieger M60\" width=\"768\" height=\"1024\" srcset=\"https:\/\/www.laufgruppe-schwerin.de\/wp-content\/uploads\/2016\/06\/40Inselseelauf16-321.jpg 768w, https:\/\/www.laufgruppe-schwerin.de\/wp-content\/uploads\/2016\/06\/40Inselseelauf16-321-225x300.jpg 225w\" sizes=\"auto, (max-width: 768px) 100vw, 768px\" \/><\/a><p id=\"caption-attachment-1504\" class=\"wp-caption-text\">Rudi (links) Sieger M60<\/p><\/div>\n<iframe src=\"http:\/\/www.facebook.com\/plugins\/like.php?href=https%3A%2F%2Fwww.laufgruppe-schwerin.de%2F%3Fp%3D1484&amp;layout=standard&amp;show_faces=true&amp;width=450&amp;action=like&amp;colorscheme=light\" scrolling=\"no\" frameborder=\"0\" allowTransparency=\"true\" style=\"border:none; overflow:hidden; width:450px;margin-top:5px;\"><\/iframe>","protected":false},"excerpt":{"rendered":"<p>Schweriner L\u00e4uferinnen und L\u00e4ufer sind seit Jahrzehnten gern gesehene G\u00e4ste beim G\u00fcstrower Inselseelauf. Beim 40. Jubil\u00e4um des OASE-Inselseelauf in der Barlachstadt G\u00fcstrow gingen 5 L\u00e4uferinnen und 6 L\u00e4ufer unserer Laufgruppe bei fr\u00fchsommerlichen Temperaturen an den Start. Hierbei ging es bei der 8. Laufcupstation der Saison auf 3 verschiedenen anspruchsvollen Strecken um die Punkte. Nachwuchsl\u00e4uferin Sofie [&hellip;]<\/p>\n","protected":false},"author":3,"featured_media":1494,"comment_status":"open","ping_status":"open","sticky":false,"template":"","format":"standard","meta":{"ngg_post_thumbnail":0,"footnotes":""},"categories":[3],"tags":[],"class_list":{"0":"post-1484","1":"post","2":"type-post","3":"status-publish","4":"format-standard","5":"has-post-thumbnail","7":"category-laufcup-mv","8":"czr-hentry"},"_links":{"self":[{"href":"https:\/\/www.laufgruppe-schwerin.de\/index.php?rest_route=\/wp\/v2\/posts\/1484","targetHints":{"allow":["GET"]}}],"collection":[{"href":"https:\/\/www.laufgruppe-schwerin.de\/index.php?rest_route=\/wp\/v2\/posts"}],"about":[{"href":"https:\/\/www.laufgruppe-schwerin.de\/index.php?rest_route=\/wp\/v2\/types\/post"}],"author":[{"embeddable":true,"href":"https:\/\/www.laufgruppe-schwerin.de\/index.php?rest_route=\/wp\/v2\/users\/3"}],"replies":[{"embeddable":true,"href":"https:\/\/www.laufgruppe-schwerin.de\/index.php?rest_route=%2Fwp%2Fv2%2Fcomments&post=1484"}],"version-history":[{"count":4,"href":"https:\/\/www.laufgruppe-schwerin.de\/index.php?rest_route=\/wp\/v2\/posts\/1484\/revisions"}],"predecessor-version":[{"id":1506,"href":"https:\/\/www.laufgruppe-schwerin.de\/index.php?rest_route=\/wp\/v2\/posts\/1484\/revisions\/1506"}],"wp:featuredmedia":[{"embeddable":true,"href":"https:\/\/www.laufgruppe-schwerin.de\/index.php?rest_route=\/wp\/v2\/media\/1494"}],"wp:attachment":[{"href":"https:\/\/www.laufgruppe-schwerin.de\/index.php?rest_route=%2Fwp%2Fv2%2Fmedia&parent=1484"}],"wp:term":[{"taxonomy":"category","embeddable":true,"href":"https:\/\/www.laufgruppe-schwerin.de\/index.php?rest_route=%2Fwp%2Fv2%2Fcategories&post=1484"},{"taxonomy":"post_tag","embeddable":true,"href":"https:\/\/www.laufgruppe-schwerin.de\/index.php?rest_route=%2Fwp%2Fv2%2Ftags&post=1484"}],"curies":[{"name":"wp","href":"https:\/\/api.w.org\/{rel}","templated":true}]}}