{"id":1417,"date":"2016-04-20T23:04:07","date_gmt":"2016-04-20T21:04:07","guid":{"rendered":"http:\/\/www.laufgruppe-schwerin.de\/?p=1417"},"modified":"2016-04-20T23:07:33","modified_gmt":"2016-04-20T21:07:33","slug":"unser-2-schweriner-schlosslauf","status":"publish","type":"post","link":"https:\/\/www.laufgruppe-schwerin.de\/?p=1417","title":{"rendered":"Unser 2.Schweriner Schlosslauf"},"content":{"rendered":"<p>Unser 2.Schweriner Schlosslauf ist in diesem Jahr wieder Wertungslauf im Intersport-Nachwuchslaufcup und VR-Laufcup Mecklenburg-Vorpommern. Die Landeshauptstadt ist nach Wittenburg, Neubrandenburg und Ueckerm\u00fcnde in diesem Jahr die 4.Station. \u00dcber 4 verschiedenen Strecken wurden die Cuppunkte f\u00fcr den Intersport-Nachwuchscup und VR-Laufcup Mecklenburg Vorpommern vergeben. U10 und U12 liefen 1000 m, U14 und U16 4400 m, U18, U20, W60 und \u00e4lter, sowie M75 und \u00e4lter liefen 7,1 km. F\u00fcr alle anderen Altersklassen ging es \u00fcber 15 Kilometer um den Spa\u00df bzw. nat\u00fcrlich die Punkte. Die L\u00e4uferinnen, L\u00e4ufer und ihre G\u00e4ste wurden in Schwerin mit Sonnenschein begr\u00fc\u00dft. Insgesamt 108 L\u00e4uferinnen und 169 L\u00e4ufer gingen danach auf den 4 angebotenen Strecken an den Start und dieses bedeutete in der 16j\u00e4hrigen Schweriner Laufcupgeschichte einen neuen Teilnehmerrekord. F\u00fcr uns und unsere G\u00e4ste hielt sich das Wetter bis zum Schluss, auch wenn der Wind vor allem im Schlossgarten auf der 15 Kilometerstrecke b\u00f6ig frisch her\u00fcber kam. Die 15 Kilometerstrecke f\u00fchrte erstmals seit der BUGA 2009 wieder durch den Schlossgarten und der Burgsee wurde auch gleich mit umrundet. Auf der l\u00e4ngsten Strecke waren jeweils 6 L\u00e4uferinnen und L\u00e4ufer von uns dabei. Mit der 34j\u00e4hrigen Frauengesamtsiegerin Seraina Mischol gab es auch einen Hauch internationalen Flair bei unserem Schlosslauf. Die Schweizerin war Olympiateilnehmerin von 2006\u00a0 Turin und ging dort 3 mal im Skilanglauf an den Start. Sie startete bei 5 Weltmeisterschaften, war Bronzemedailiengewinnerin bei den Juniorinnenweltmeisterschaften, U-23 Weltmeisterin und mehrfache Schweizer Landesmeisterin. Multiple Sklerose beendete 2012 die Sportkarriere von Seraina Mischol. Sie lief\u00a0 in 1:02:24 als Siegerin am Faulen See ins Ziel.\u00a0 Bei den M\u00e4nnern setzte sich Mitfavorit Alexander Au von der HSG Uni Greifswald am Ende in einer Zeit von 54:06 min souver\u00e4n durch und damit wird er auch mehr und mehr zum Favoriten f\u00fcr den Cupgesamtsieg. 2 Altersklassensiege, 3 zweite Pl\u00e4tze und ein dritter Platz stehen am Ende des Lauftages f\u00fcr uns zu Buche. F\u00fcr die herausragenden Ergebnisse\u00a0 sorgten unsere Frauen. Unter den ersten 12 Frauen in der Cup-Gesamtwertung waren sie mit 5 L\u00e4uferinnen TOP dabei. Anja Wittwer belegte mit 1:07:10\u00a0 den 3.Platz in der Gesamtwertung und wurde Siegerin der Altersklasse W30. Mit einen 5.Platz in der Gesamtwertung und als Altersklassenzweite der W40 gab Ute Neumann in 1:09:52 ihren Einstand f\u00fcr unsere Laufgruppe. Ulrike Schomann kam als Gesamtachte ebenfalls noch in die Top 10 und mit 1:12:33 gab es den 2.Platz der W45. In der gleichen Altersklasse wurde Sabine Bahr in 1:14:36 Dritte und Gesamtelfte. Einen 6.Platz gab es ebenfalls in der Altersklasse W45 f\u00fcr Ulrike Sch\u00f6ne, Ulrike lief 1:25:54. Anne Krey erreichte durch 1:14:42 den 12.Platz der Gesamtwertung und den 2.Platz in ihrer Altersklasse W30. Bester Schweriner Cupl\u00e4ufer war Eik Sperling auf dem 16.Platz in1:03:22 und dieses bedeutete den 6.Platz in der superstarken M20. Einen Platz und 9 Sekunden dahinter kam der M35-Dritte Patrick Paul ins Ziel. F\u00fcr einen Altersklassensieg sorgte Rudi Borchert mit 1:08:21 in der M60. Detlef Grambow belegte in der M50 mit 1:05:40 den 4.Platz. In der gleichen Altersklasse wurde Christian Briesen Dreizehnter mit 1:14:12. Stephan Krey begleitete Anne und kam in 1:14:42 auf dem 11.Platz der M40. F\u00fcr Sofie Sch\u00f6ne und Dietrich Eggers standen die 7,1 km an. Sofie wurde F\u00fcnfte in ihrer Altersklasse WJU 18 mit 44:16 min. Unser \u00e4ltester Teilnehmer Dietrich wurde in 1:10:44 Sechster der M75. Unser J\u00fcngster Antonio Briesen ging in der MK U10 an den Start, er lief als Vierter seiner Altersklasse in 4:44 min durchs Ziel.\u00a0\u00a0\u00a0\u00a0\u00a0\u00a0\u00a0\u00a0\u00a0\u00a0\u00a0\u00a0\u00a0\u00a0\u00a0\u00a0\u00a0\u00a0\u00a0\u00a0\u00a0\u00a0\u00a0\u00a0\u00a0\u00a0\u00a0\u00a0\u00a0\u00a0\u00a0\u00a0\u00a0\u00a0\u00a0\u00a0\u00a0\u00a0\u00a0\u00a0\u00a0\u00a0\u00a0\u00a0\u00a0\u00a0\u00a0\u00a0\u00a0\u00a0\u00a0\u00a0\u00a0\u00a0\u00a0\u00a0\u00a0\u00a0\u00a0\u00a0\u00a0\u00a0\u00a0\u00a0\u00a0\u00a0\u00a0\u00a0\u00a0\u00a0\u00a0\u00a0\u00a0\u00a0\u00a0\u00a0\u00a0\u00a0\u00a0\u00a0\u00a0\u00a0\u00a0\u00a0\u00a0\u00a0\u00a0 Dank Unterst\u00fctzung der \u00f6rtlichen VR-Bank, BARMER GEK, DRK Schwerin und der\u00a0 Kanurenngemeinschaft konnte der Lauf hervorragend abgesichert werden.\u00a0\u00a0\u00a0\u00a0\u00a0\u00a0\u00a0\u00a0\u00a0\u00a0\u00a0\u00a0\u00a0\u00a0\u00a0\u00a0\u00a0\u00a0\u00a0\u00a0\u00a0\u00a0\u00a0\u00a0\u00a0\u00a0\u00a0\u00a0\u00a0\u00a0\u00a0\u00a0\u00a0\u00a0\u00a0\u00a0\u00a0\u00a0\u00a0\u00a0\u00a0\u00a0\u00a0\u00a0\u00a0\u00a0\u00a0 Die\u00a0 L\u00e4uferinnen und L\u00e4ufer waren von unserer neuen 15 Kilometer Strecke begeistert. Wir wollten ja auch durch die Einbeziehung des Schlossgartens und des Burgsees den Anreiz f\u00fcr unseren Lauf erh\u00f6hen.<\/p>\n<div id=\"attachment_1418\" style=\"width: 1034px\" class=\"wp-caption alignleft\"><a href=\"https:\/\/www.laufgruppe-Schwerin.de\/wp-content\/uploads\/2016\/04\/01.jpg\"><img loading=\"lazy\" decoding=\"async\" aria-describedby=\"caption-attachment-1418\" class=\"size-full wp-image-1418\" src=\"https:\/\/www.laufgruppe-Schwerin.de\/wp-content\/uploads\/2016\/04\/01.jpg\" alt=\"Ute Neumann (606) Zweite W40 Anja Wittwer (614) Siegerin W30\" width=\"1024\" height=\"768\" srcset=\"https:\/\/www.laufgruppe-schwerin.de\/wp-content\/uploads\/2016\/04\/01.jpg 1024w, https:\/\/www.laufgruppe-schwerin.de\/wp-content\/uploads\/2016\/04\/01-300x225.jpg 300w, https:\/\/www.laufgruppe-schwerin.de\/wp-content\/uploads\/2016\/04\/01-768x576.jpg 768w\" sizes=\"auto, (max-width: 1024px) 100vw, 1024px\" \/><\/a><p id=\"caption-attachment-1418\" class=\"wp-caption-text\">Ute Neumann (606) Zweite W40<br \/>Anja Wittwer (614) Siegerin W30<\/p><\/div>\n<div id=\"attachment_1420\" style=\"width: 778px\" class=\"wp-caption alignleft\"><a href=\"https:\/\/www.laufgruppe-Schwerin.de\/wp-content\/uploads\/2016\/04\/02.jpg\"><img loading=\"lazy\" decoding=\"async\" aria-describedby=\"caption-attachment-1420\" class=\"size-full wp-image-1420\" src=\"https:\/\/www.laufgruppe-Schwerin.de\/wp-content\/uploads\/2016\/04\/02.jpg\" alt=\"Ulrike Schomann Zweite W45 in Zippendor\" width=\"768\" height=\"1024\" srcset=\"https:\/\/www.laufgruppe-schwerin.de\/wp-content\/uploads\/2016\/04\/02.jpg 768w, https:\/\/www.laufgruppe-schwerin.de\/wp-content\/uploads\/2016\/04\/02-225x300.jpg 225w\" sizes=\"auto, (max-width: 768px) 100vw, 768px\" \/><\/a><p id=\"caption-attachment-1420\" class=\"wp-caption-text\">Ulrike Schomann Zweite W45 in Zippendor<\/p><\/div>\n<div id=\"attachment_1422\" style=\"width: 1034px\" class=\"wp-caption alignleft\"><a href=\"https:\/\/www.laufgruppe-Schwerin.de\/wp-content\/uploads\/2016\/04\/03.jpg\"><img loading=\"lazy\" decoding=\"async\" aria-describedby=\"caption-attachment-1422\" class=\"size-full wp-image-1422\" src=\"https:\/\/www.laufgruppe-Schwerin.de\/wp-content\/uploads\/2016\/04\/03.jpg\" alt=\"Anja Wittwer Siegerin W30 am Burgsee\" width=\"1024\" height=\"768\" srcset=\"https:\/\/www.laufgruppe-schwerin.de\/wp-content\/uploads\/2016\/04\/03.jpg 1024w, https:\/\/www.laufgruppe-schwerin.de\/wp-content\/uploads\/2016\/04\/03-300x225.jpg 300w, https:\/\/www.laufgruppe-schwerin.de\/wp-content\/uploads\/2016\/04\/03-768x576.jpg 768w\" sizes=\"auto, (max-width: 1024px) 100vw, 1024px\" \/><\/a><p id=\"caption-attachment-1422\" class=\"wp-caption-text\">Anja Wittwer<br \/>Siegerin W30 am Burgsee<\/p><\/div>\n<div id=\"attachment_1424\" style=\"width: 1034px\" class=\"wp-caption alignleft\"><a href=\"https:\/\/www.laufgruppe-Schwerin.de\/wp-content\/uploads\/2016\/04\/04.jpg\"><img loading=\"lazy\" decoding=\"async\" aria-describedby=\"caption-attachment-1424\" class=\"size-full wp-image-1424\" src=\"https:\/\/www.laufgruppe-Schwerin.de\/wp-content\/uploads\/2016\/04\/04.jpg\" alt=\"v.l. Gesamtsiegerin Seraina Mischol (W35), W20-Siegerin Anne-Kathrin Litzenberg und W30-Siegerin Anja Wittwe\" width=\"1024\" height=\"768\" srcset=\"https:\/\/www.laufgruppe-schwerin.de\/wp-content\/uploads\/2016\/04\/04.jpg 1024w, https:\/\/www.laufgruppe-schwerin.de\/wp-content\/uploads\/2016\/04\/04-300x225.jpg 300w, https:\/\/www.laufgruppe-schwerin.de\/wp-content\/uploads\/2016\/04\/04-768x576.jpg 768w\" sizes=\"auto, (max-width: 1024px) 100vw, 1024px\" \/><\/a><p id=\"caption-attachment-1424\" class=\"wp-caption-text\">v.l. Gesamtsiegerin Seraina Mischol (W35),<br \/>W20-Siegerin Anne-Kathrin Litzenberg und<br \/>W30-Siegerin Anja Wittwe<\/p><\/div>\n<p><a href=\"https:\/\/www.laufgruppe-Schwerin.de\/wp-content\/uploads\/2016\/04\/05.jpg\"><img loading=\"lazy\" decoding=\"async\" class=\"alignleft size-full wp-image-1426\" src=\"https:\/\/www.laufgruppe-Schwerin.de\/wp-content\/uploads\/2016\/04\/05.jpg\" alt=\"Siegerehrung mit Ute, Ulrike und Sabine\" width=\"1024\" height=\"768\" srcset=\"https:\/\/www.laufgruppe-schwerin.de\/wp-content\/uploads\/2016\/04\/05.jpg 1024w, https:\/\/www.laufgruppe-schwerin.de\/wp-content\/uploads\/2016\/04\/05-300x225.jpg 300w, https:\/\/www.laufgruppe-schwerin.de\/wp-content\/uploads\/2016\/04\/05-768x576.jpg 768w\" sizes=\"auto, (max-width: 1024px) 100vw, 1024px\" \/><\/a><\/p>\n<p>&nbsp;<\/p>\n<p>&nbsp;<\/p>\n<div id=\"attachment_1429\" style=\"width: 1034px\" class=\"wp-caption alignleft\"><a href=\"https:\/\/www.laufgruppe-Schwerin.de\/wp-content\/uploads\/2016\/04\/06.jpg\"><img loading=\"lazy\" decoding=\"async\" aria-describedby=\"caption-attachment-1429\" class=\"size-full wp-image-1429\" src=\"https:\/\/www.laufgruppe-Schwerin.de\/wp-content\/uploads\/2016\/04\/06.jpg\" alt=\"Oben in der Mitte Rudi Borchert Sieger M60\" width=\"1024\" height=\"768\" srcset=\"https:\/\/www.laufgruppe-schwerin.de\/wp-content\/uploads\/2016\/04\/06.jpg 1024w, https:\/\/www.laufgruppe-schwerin.de\/wp-content\/uploads\/2016\/04\/06-300x225.jpg 300w, https:\/\/www.laufgruppe-schwerin.de\/wp-content\/uploads\/2016\/04\/06-768x576.jpg 768w\" sizes=\"auto, (max-width: 1024px) 100vw, 1024px\" \/><\/a><p id=\"caption-attachment-1429\" class=\"wp-caption-text\">Oben in der Mitte Rudi Borchert Sieger M60<\/p><\/div>\n<div id=\"attachment_1431\" style=\"width: 1034px\" class=\"wp-caption alignleft\"><a href=\"https:\/\/www.laufgruppe-Schwerin.de\/wp-content\/uploads\/2016\/04\/07.jpg\"><img loading=\"lazy\" decoding=\"async\" aria-describedby=\"caption-attachment-1431\" class=\"size-full wp-image-1431\" src=\"https:\/\/www.laufgruppe-Schwerin.de\/wp-content\/uploads\/2016\/04\/07.jpg\" alt=\"Siegerehrung M20 bis 35 mit Paddy (2. v. r.)\" width=\"1024\" height=\"768\" srcset=\"https:\/\/www.laufgruppe-schwerin.de\/wp-content\/uploads\/2016\/04\/07.jpg 1024w, https:\/\/www.laufgruppe-schwerin.de\/wp-content\/uploads\/2016\/04\/07-300x225.jpg 300w, https:\/\/www.laufgruppe-schwerin.de\/wp-content\/uploads\/2016\/04\/07-768x576.jpg 768w\" sizes=\"auto, (max-width: 1024px) 100vw, 1024px\" \/><\/a><p id=\"caption-attachment-1431\" class=\"wp-caption-text\">Siegerehrung M20 bis 35<br \/>mit Paddy (2. v. r.)<\/p><\/div>\n<iframe src=\"http:\/\/www.facebook.com\/plugins\/like.php?href=https%3A%2F%2Fwww.laufgruppe-schwerin.de%2F%3Fp%3D1417&amp;layout=standard&amp;show_faces=true&amp;width=450&amp;action=like&amp;colorscheme=light\" scrolling=\"no\" frameborder=\"0\" allowTransparency=\"true\" style=\"border:none; overflow:hidden; width:450px;margin-top:5px;\"><\/iframe>","protected":false},"excerpt":{"rendered":"<p>Unser 2.Schweriner Schlosslauf ist in diesem Jahr wieder Wertungslauf im Intersport-Nachwuchslaufcup und VR-Laufcup Mecklenburg-Vorpommern. Die Landeshauptstadt ist nach Wittenburg, Neubrandenburg und Ueckerm\u00fcnde in diesem Jahr die 4.Station. \u00dcber 4 verschiedenen Strecken wurden die Cuppunkte f\u00fcr den Intersport-Nachwuchscup und VR-Laufcup Mecklenburg Vorpommern vergeben. U10 und U12 liefen 1000 m, U14 und U16 4400 m, U18, U20, [&hellip;]<\/p>\n","protected":false},"author":3,"featured_media":1433,"comment_status":"open","ping_status":"open","sticky":false,"template":"","format":"standard","meta":{"ngg_post_thumbnail":0,"footnotes":""},"categories":[1],"tags":[],"class_list":{"0":"post-1417","1":"post","2":"type-post","3":"status-publish","4":"format-standard","5":"has-post-thumbnail","7":"category-beitraege","8":"czr-hentry"},"_links":{"self":[{"href":"https:\/\/www.laufgruppe-schwerin.de\/index.php?rest_route=\/wp\/v2\/posts\/1417","targetHints":{"allow":["GET"]}}],"collection":[{"href":"https:\/\/www.laufgruppe-schwerin.de\/index.php?rest_route=\/wp\/v2\/posts"}],"about":[{"href":"https:\/\/www.laufgruppe-schwerin.de\/index.php?rest_route=\/wp\/v2\/types\/post"}],"author":[{"embeddable":true,"href":"https:\/\/www.laufgruppe-schwerin.de\/index.php?rest_route=\/wp\/v2\/users\/3"}],"replies":[{"embeddable":true,"href":"https:\/\/www.laufgruppe-schwerin.de\/index.php?rest_route=%2Fwp%2Fv2%2Fcomments&post=1417"}],"version-history":[{"count":8,"href":"https:\/\/www.laufgruppe-schwerin.de\/index.php?rest_route=\/wp\/v2\/posts\/1417\/revisions"}],"predecessor-version":[{"id":1432,"href":"https:\/\/www.laufgruppe-schwerin.de\/index.php?rest_route=\/wp\/v2\/posts\/1417\/revisions\/1432"}],"wp:featuredmedia":[{"embeddable":true,"href":"https:\/\/www.laufgruppe-schwerin.de\/index.php?rest_route=\/wp\/v2\/media\/1433"}],"wp:attachment":[{"href":"https:\/\/www.laufgruppe-schwerin.de\/index.php?rest_route=%2Fwp%2Fv2%2Fmedia&parent=1417"}],"wp:term":[{"taxonomy":"category","embeddable":true,"href":"https:\/\/www.laufgruppe-schwerin.de\/index.php?rest_route=%2Fwp%2Fv2%2Fcategories&post=1417"},{"taxonomy":"post_tag","embeddable":true,"href":"https:\/\/www.laufgruppe-schwerin.de\/index.php?rest_route=%2Fwp%2Fv2%2Ftags&post=1417"}],"curies":[{"name":"wp","href":"https:\/\/api.w.org\/{rel}","templated":true}]}}