{"id":1398,"date":"2016-04-19T22:51:12","date_gmt":"2016-04-19T20:51:12","guid":{"rendered":"http:\/\/www.laufgruppe-schwerin.de\/?p=1398"},"modified":"2016-04-19T22:51:12","modified_gmt":"2016-04-19T20:51:12","slug":"manuela-hofmann-wird-gesamtzweite-bei-den-landesmeisterschaften-im-marathon","status":"publish","type":"post","link":"https:\/\/www.laufgruppe-schwerin.de\/?p=1398","title":{"rendered":"Manuela Hofmann wird Gesamtzweite bei den Landesmeisterschaften im Marathon"},"content":{"rendered":"<p>Ueckerm\u00fcnde erwartete unsere L\u00e4uferinnen mit zweistelligen Temperaturen und Sonnenschein.<br \/>\n2 L\u00e4uferinnen und 4 L\u00e4ufer unserer Laufgruppe begaben sich Samstag (2.April) auf den Weg ans Stettiner Haff in Vorpommern. Unsere L\u00e4uferinnen und L\u00e4ufer erreichten unter 288 Finishern auf den 4 Strecken (2 km, 5 km, Halbmarathon und Marathon) erfolgreich das Ziel.<br \/>\nF\u00fcr unsere Oldies Egon Kannegie\u00dfer, Dietrich Eggers, Waltraud und Horst Garnitz ging es auf der 5 Kilometerstrecke um die Laufcuppunkte und sie l\u00f6sten ihre Aufgabe mit Bravour.<br \/>\nWaltraud gewann ihre Altersklasse W75 in 39:53 min, ebenso als Sieger seiner Altersklasse M80 mit 41:08 min holte Egon sich die vollen 25 Punkte im Cup. Horst und Dietrich erreichten mit 36:32 min und 47:34 min die Pl\u00e4tze 5 und 6 in der M75.<br \/>\nF\u00fcr das herausragende Ergebnis sorgte Manuela Hofmann auf der Marathonstrecke, hier wurden neben der Wertung im Cuplauf auch die Medaillien f\u00fcr die Landesmeisterschaft vergeben. Mit pers\u00f6nlicher Bestzeit von 3:24:37 lief Manuela als zweitschnellste Frau \u00fcber die Ziellinie und wurde Landesmeisterin ihrer Altersklasse W50.<br \/>\nAu\u00dferhalb der Cupwertung ging Lothar Gajek auf der Halbmarathonstrecke am den Start und lief als Gesamtzwanzigster in 1:39:28 \u00fcbers Ziel, damit belegte er den vierten Platz in der M55.<\/p>\n<div id=\"attachment_1403\" style=\"width: 1034px\" class=\"wp-caption alignleft\"><a href=\"https:\/\/www.laufgruppe-Schwerin.de\/wp-content\/uploads\/2016\/04\/\u00dcckerm\u00fcnde-April-2016-002.jpg\"><img loading=\"lazy\" decoding=\"async\" aria-describedby=\"caption-attachment-1403\" class=\"size-full wp-image-1403\" src=\"https:\/\/www.laufgruppe-Schwerin.de\/wp-content\/uploads\/2016\/04\/\u00dcckerm\u00fcnde-April-2016-002.jpg\" alt=\"v.l. Horst und Waltraud Garnitz , Manuela Hofmann, Dietrich Eggers, Egon Kannegie\u00dfer und Lothar Gajek\" width=\"1024\" height=\"768\" srcset=\"https:\/\/www.laufgruppe-schwerin.de\/wp-content\/uploads\/2016\/04\/\u00dcckerm\u00fcnde-April-2016-002.jpg 1024w, https:\/\/www.laufgruppe-schwerin.de\/wp-content\/uploads\/2016\/04\/\u00dcckerm\u00fcnde-April-2016-002-300x225.jpg 300w, https:\/\/www.laufgruppe-schwerin.de\/wp-content\/uploads\/2016\/04\/\u00dcckerm\u00fcnde-April-2016-002-768x576.jpg 768w\" sizes=\"auto, (max-width: 1024px) 100vw, 1024px\" \/><\/a><p id=\"caption-attachment-1403\" class=\"wp-caption-text\">v.l. Horst und Waltraud Garnitz , Manuela Hofmann, Dietrich Eggers, Egon Kannegie\u00dfer und Lothar Gajek<\/p><\/div>\n<div id=\"attachment_1405\" style=\"width: 778px\" class=\"wp-caption alignleft\"><a href=\"https:\/\/www.laufgruppe-Schwerin.de\/wp-content\/uploads\/2016\/04\/\u00dcckerm\u00fcnde-April-2016-012.jpg\"><img loading=\"lazy\" decoding=\"async\" aria-describedby=\"caption-attachment-1405\" class=\"size-full wp-image-1405\" src=\"https:\/\/www.laufgruppe-Schwerin.de\/wp-content\/uploads\/2016\/04\/\u00dcckerm\u00fcnde-April-2016-012.jpg\" alt=\"Siegerehrung Frauen 1.Platz Angelika Schlender-Kamp 2.Platz Manuela 3.Margrit Br\u00fcssow\" width=\"768\" height=\"1024\" srcset=\"https:\/\/www.laufgruppe-schwerin.de\/wp-content\/uploads\/2016\/04\/\u00dcckerm\u00fcnde-April-2016-012.jpg 768w, https:\/\/www.laufgruppe-schwerin.de\/wp-content\/uploads\/2016\/04\/\u00dcckerm\u00fcnde-April-2016-012-225x300.jpg 225w\" sizes=\"auto, (max-width: 768px) 100vw, 768px\" \/><\/a><p id=\"caption-attachment-1405\" class=\"wp-caption-text\">Siegerehrung Frauen<br \/>1.Platz Angelika Schlender-Kamp<br \/>2.Platz Manuela<br \/>3.Margrit Br\u00fcssow<\/p><\/div>\n<p>&nbsp;<\/p>\n<p>&nbsp;<\/p>\n<p>&nbsp;<\/p>\n<iframe src=\"http:\/\/www.facebook.com\/plugins\/like.php?href=https%3A%2F%2Fwww.laufgruppe-schwerin.de%2F%3Fp%3D1398&amp;layout=standard&amp;show_faces=true&amp;width=450&amp;action=like&amp;colorscheme=light\" scrolling=\"no\" frameborder=\"0\" allowTransparency=\"true\" style=\"border:none; overflow:hidden; width:450px;margin-top:5px;\"><\/iframe>","protected":false},"excerpt":{"rendered":"<p>Ueckerm\u00fcnde erwartete unsere L\u00e4uferinnen mit zweistelligen Temperaturen und Sonnenschein. 2 L\u00e4uferinnen und 4 L\u00e4ufer unserer Laufgruppe begaben sich Samstag (2.April) auf den Weg ans Stettiner Haff in Vorpommern. Unsere L\u00e4uferinnen und L\u00e4ufer erreichten unter 288 Finishern auf den 4 Strecken (2 km, 5 km, Halbmarathon und Marathon) erfolgreich das Ziel. F\u00fcr unsere Oldies Egon Kannegie\u00dfer, [&hellip;]<\/p>\n","protected":false},"author":3,"featured_media":1400,"comment_status":"open","ping_status":"open","sticky":false,"template":"","format":"standard","meta":{"ngg_post_thumbnail":0,"footnotes":""},"categories":[1],"tags":[],"class_list":{"0":"post-1398","1":"post","2":"type-post","3":"status-publish","4":"format-standard","5":"has-post-thumbnail","7":"category-beitraege","8":"czr-hentry"},"_links":{"self":[{"href":"https:\/\/www.laufgruppe-schwerin.de\/index.php?rest_route=\/wp\/v2\/posts\/1398","targetHints":{"allow":["GET"]}}],"collection":[{"href":"https:\/\/www.laufgruppe-schwerin.de\/index.php?rest_route=\/wp\/v2\/posts"}],"about":[{"href":"https:\/\/www.laufgruppe-schwerin.de\/index.php?rest_route=\/wp\/v2\/types\/post"}],"author":[{"embeddable":true,"href":"https:\/\/www.laufgruppe-schwerin.de\/index.php?rest_route=\/wp\/v2\/users\/3"}],"replies":[{"embeddable":true,"href":"https:\/\/www.laufgruppe-schwerin.de\/index.php?rest_route=%2Fwp%2Fv2%2Fcomments&post=1398"}],"version-history":[{"count":5,"href":"https:\/\/www.laufgruppe-schwerin.de\/index.php?rest_route=\/wp\/v2\/posts\/1398\/revisions"}],"predecessor-version":[{"id":1406,"href":"https:\/\/www.laufgruppe-schwerin.de\/index.php?rest_route=\/wp\/v2\/posts\/1398\/revisions\/1406"}],"wp:featuredmedia":[{"embeddable":true,"href":"https:\/\/www.laufgruppe-schwerin.de\/index.php?rest_route=\/wp\/v2\/media\/1400"}],"wp:attachment":[{"href":"https:\/\/www.laufgruppe-schwerin.de\/index.php?rest_route=%2Fwp%2Fv2%2Fmedia&parent=1398"}],"wp:term":[{"taxonomy":"category","embeddable":true,"href":"https:\/\/www.laufgruppe-schwerin.de\/index.php?rest_route=%2Fwp%2Fv2%2Fcategories&post=1398"},{"taxonomy":"post_tag","embeddable":true,"href":"https:\/\/www.laufgruppe-schwerin.de\/index.php?rest_route=%2Fwp%2Fv2%2Ftags&post=1398"}],"curies":[{"name":"wp","href":"https:\/\/api.w.org\/{rel}","templated":true}]}}