{"id":1372,"date":"2016-03-29T22:50:41","date_gmt":"2016-03-29T20:50:41","guid":{"rendered":"http:\/\/www.laufgruppe-schwerin.de\/?p=1372"},"modified":"2016-03-29T22:50:41","modified_gmt":"2016-03-29T20:50:41","slug":"25-neubrandenburger-fruehlingslauf-2016","status":"publish","type":"post","link":"https:\/\/www.laufgruppe-schwerin.de\/?p=1372","title":{"rendered":"25. Neubrandenburger Fr\u00fchlingslauf 2016"},"content":{"rendered":"<p class=\"Text\"><span style=\"font-size: 12.0pt; font-family: 'Arial','sans-serif';\">Am 20.M\u00e4rz war der Neubrandenburger Fr\u00fchlingslauf die 2 Station im diesj\u00e4hrigen VR-Laufcup M-V. Es war zwar der meteorologische Fr\u00fchlingsanfang, aber das Wetter k\u00fcmmerte sich nicht wirklich darum. Unsere Laufgruppe war mit 4 L\u00e4uferinnen und 7 L\u00e4ufern vertreten. Hierbei absolvierten unsere 3 &#8222;Oldies&#8220; Egon Kannegie\u00dfer, Waltraud und Horst Garnitz die 5 Kilometerstrecke. Waltraud holte sich als Altersklassensiegerin der W75 in 40:11 min die vollen 25 Punkte. F\u00fcr unseren \u00e4ltesten Starter Egon Kannegie\u00dfer gab es als Zweiter der M80 f\u00fcr 45:36 min 24 Punkte im Laufcup. Horst Garnitz bew\u00e4ltigte die 5 km in 39:02 min und wurde damit Siebter seiner M75. \u00dcber die anspruchsvolle 15 Kilometerstrecke gingen 3 L\u00e4uferinnen und 5 L\u00e4ufer an den Start. Nachdem Ulrike Schomann noch in Wittenburg wegen einer Erk\u00e4ltung passen musste lief ihr Saisoneinstand hier in Neubrandenburg nach Ma\u00df. Sie wurde in 1:13:27 Siegerin ihrer Altersklasse M45 und lief auch als Achte im Laufcup unter die TOP 10. Ihren Laufcupeinstand gab Sabine Bahr mit 1:17:36 als Dritte in der gleichen Altersklasse. Unsere dritte L\u00e4uferin Ulrike Sch\u00f6ne startete ebenfalls in der W45 und Ulrike wurde mit 1:19:44 Vierte. Bei den M\u00e4nnern gingen Mathias Ahrenberg (M35), Thomas Winterfeld (M35), Detlef Grambow (M50), Fred Kiesendahl (M55) und Rudi Borchert (M60) ins Rennen. Mathias gewann seine Altersklasse in 57:09 min und wurde Vierter in der Gesamtwertung. Hier wurde auch durch das Vers\u00e4umnis einer Ordnerin leider eine bessere Platzierung verpasst. Mit Alexander Au sicher in F\u00fchrung liegend, verliefen sie sich um rund 700 m und mussten dadurch 2 L\u00e4ufer den Vortritt lassen. Zweitschnellster L\u00e4ufer unserer Laufgruppe war Thomas mit 1:04:41 und dies bedeutete einen 4.Platz. Bei seinem Einstand f\u00fcr unseren Verein lief Detlef in 1:05:48 als F\u00fcnfter seiner Altersklasse durchs Ziel. Rudi wurde mit 1:09:10 Zweiter seiner Altersklasse, da der Erste nicht im Cup startet gab es die vollen 25 Punkte. Fred wurde mit einer Zeit von 1:21:15 Zw\u00f6lfter in der Cupwertung der M55.<\/span><\/p>\n<div id=\"attachment_1381\" style=\"width: 778px\" class=\"wp-caption alignleft\"><a href=\"https:\/\/www.laufgruppe-Schwerin.de\/wp-content\/uploads\/2016\/03\/Neujahrslauf-Neubrandenburg-2016-471.jpg\" rel=\"attachment wp-att-1381\"><img loading=\"lazy\" decoding=\"async\" aria-describedby=\"caption-attachment-1381\" class=\"size-full wp-image-1381\" src=\"https:\/\/www.laufgruppe-Schwerin.de\/wp-content\/uploads\/2016\/03\/Neujahrslauf-Neubrandenburg-2016-471.jpg\" alt=\"Egon (rechts) Zweiter M80\" width=\"768\" height=\"1024\" srcset=\"https:\/\/www.laufgruppe-schwerin.de\/wp-content\/uploads\/2016\/03\/Neujahrslauf-Neubrandenburg-2016-471.jpg 768w, https:\/\/www.laufgruppe-schwerin.de\/wp-content\/uploads\/2016\/03\/Neujahrslauf-Neubrandenburg-2016-471-225x300.jpg 225w\" sizes=\"auto, (max-width: 768px) 100vw, 768px\" \/><\/a><p id=\"caption-attachment-1381\" class=\"wp-caption-text\">Egon (rechts) Zweiter M80<\/p><\/div>\n<div id=\"attachment_1383\" style=\"width: 778px\" class=\"wp-caption alignleft\"><a href=\"https:\/\/www.laufgruppe-Schwerin.de\/wp-content\/uploads\/2016\/03\/Neujahrslauf-Neubrandenburg-2016-477.jpg\" rel=\"attachment wp-att-1383\"><img loading=\"lazy\" decoding=\"async\" aria-describedby=\"caption-attachment-1383\" class=\"size-full wp-image-1383\" src=\"https:\/\/www.laufgruppe-Schwerin.de\/wp-content\/uploads\/2016\/03\/Neujahrslauf-Neubrandenburg-2016-477.jpg\" alt=\"Unsere erfolgreichen Frauen von links: Sabine, Ulrike Schomann, Waltraud und Ulrike Sch\u00f6ne\" width=\"768\" height=\"1024\" srcset=\"https:\/\/www.laufgruppe-schwerin.de\/wp-content\/uploads\/2016\/03\/Neujahrslauf-Neubrandenburg-2016-477.jpg 768w, https:\/\/www.laufgruppe-schwerin.de\/wp-content\/uploads\/2016\/03\/Neujahrslauf-Neubrandenburg-2016-477-225x300.jpg 225w\" sizes=\"auto, (max-width: 768px) 100vw, 768px\" \/><\/a><p id=\"caption-attachment-1383\" class=\"wp-caption-text\">Unsere erfolgreichen Frauen von links:<br \/>Sabine, Ulrike Schomann, Waltraud und Ulrike Sch\u00f6ne<\/p><\/div>\n<div id=\"attachment_1385\" style=\"width: 778px\" class=\"wp-caption alignleft\"><a href=\"https:\/\/www.laufgruppe-Schwerin.de\/wp-content\/uploads\/2016\/03\/Neujahrslauf-Neubrandenburg-2016-499.jpg\" rel=\"attachment wp-att-1385\"><img loading=\"lazy\" decoding=\"async\" aria-describedby=\"caption-attachment-1385\" class=\"size-full wp-image-1385\" src=\"https:\/\/www.laufgruppe-Schwerin.de\/wp-content\/uploads\/2016\/03\/Neujahrslauf-Neubrandenburg-2016-499.jpg\" alt=\"Matze Sieger M35\" width=\"768\" height=\"1024\" srcset=\"https:\/\/www.laufgruppe-schwerin.de\/wp-content\/uploads\/2016\/03\/Neujahrslauf-Neubrandenburg-2016-499.jpg 768w, https:\/\/www.laufgruppe-schwerin.de\/wp-content\/uploads\/2016\/03\/Neujahrslauf-Neubrandenburg-2016-499-225x300.jpg 225w\" sizes=\"auto, (max-width: 768px) 100vw, 768px\" \/><\/a><p id=\"caption-attachment-1385\" class=\"wp-caption-text\">Matze Sieger M35<\/p><\/div>\n<div id=\"attachment_1387\" style=\"width: 778px\" class=\"wp-caption alignleft\"><a href=\"https:\/\/www.laufgruppe-Schwerin.de\/wp-content\/uploads\/2016\/03\/Neujahrslauf-Neubrandenburg-2016-495.jpg\" rel=\"attachment wp-att-1387\"><img loading=\"lazy\" decoding=\"async\" aria-describedby=\"caption-attachment-1387\" class=\"size-full wp-image-1387\" src=\"https:\/\/www.laufgruppe-Schwerin.de\/wp-content\/uploads\/2016\/03\/Neujahrslauf-Neubrandenburg-2016-495.jpg\" alt=\"W35 Erste Ulrike Schomann und Dritte Sabine\" width=\"768\" height=\"1024\" srcset=\"https:\/\/www.laufgruppe-schwerin.de\/wp-content\/uploads\/2016\/03\/Neujahrslauf-Neubrandenburg-2016-495.jpg 768w, https:\/\/www.laufgruppe-schwerin.de\/wp-content\/uploads\/2016\/03\/Neujahrslauf-Neubrandenburg-2016-495-225x300.jpg 225w\" sizes=\"auto, (max-width: 768px) 100vw, 768px\" \/><\/a><p id=\"caption-attachment-1387\" class=\"wp-caption-text\">W35 Erste Ulrike Schomann und Dritte Sabine<\/p><\/div>\n<div id=\"attachment_1389\" style=\"width: 778px\" class=\"wp-caption alignleft\"><a href=\"https:\/\/www.laufgruppe-Schwerin.de\/wp-content\/uploads\/2016\/03\/Neujahrslauf-Neubrandenburg-2016-506.jpg\" rel=\"attachment wp-att-1389\"><img loading=\"lazy\" decoding=\"async\" aria-describedby=\"caption-attachment-1389\" class=\"size-full wp-image-1389\" src=\"https:\/\/www.laufgruppe-Schwerin.de\/wp-content\/uploads\/2016\/03\/Neujahrslauf-Neubrandenburg-2016-506.jpg\" alt=\"Rudi Zweiter M60 und Erster im Cup\" width=\"768\" height=\"1024\" srcset=\"https:\/\/www.laufgruppe-schwerin.de\/wp-content\/uploads\/2016\/03\/Neujahrslauf-Neubrandenburg-2016-506.jpg 768w, https:\/\/www.laufgruppe-schwerin.de\/wp-content\/uploads\/2016\/03\/Neujahrslauf-Neubrandenburg-2016-506-225x300.jpg 225w\" sizes=\"auto, (max-width: 768px) 100vw, 768px\" \/><\/a><p id=\"caption-attachment-1389\" class=\"wp-caption-text\">Rudi Zweiter M60 und Erster im Cup<\/p><\/div>\n<div id=\"attachment_1391\" style=\"width: 1034px\" class=\"wp-caption alignleft\"><a href=\"https:\/\/www.laufgruppe-Schwerin.de\/wp-content\/uploads\/2016\/03\/Neujahrslauf-Neubrandenburg-2016-517.jpg\" rel=\"attachment wp-att-1391\"><img loading=\"lazy\" decoding=\"async\" aria-describedby=\"caption-attachment-1391\" class=\"size-full wp-image-1391\" src=\"https:\/\/www.laufgruppe-Schwerin.de\/wp-content\/uploads\/2016\/03\/Neujahrslauf-Neubrandenburg-2016-517.jpg\" alt=\"Mit den L\u00e4ufern der 5-Seen-LG\" width=\"1024\" height=\"768\" srcset=\"https:\/\/www.laufgruppe-schwerin.de\/wp-content\/uploads\/2016\/03\/Neujahrslauf-Neubrandenburg-2016-517.jpg 1024w, https:\/\/www.laufgruppe-schwerin.de\/wp-content\/uploads\/2016\/03\/Neujahrslauf-Neubrandenburg-2016-517-300x225.jpg 300w, https:\/\/www.laufgruppe-schwerin.de\/wp-content\/uploads\/2016\/03\/Neujahrslauf-Neubrandenburg-2016-517-768x576.jpg 768w\" sizes=\"auto, (max-width: 1024px) 100vw, 1024px\" \/><\/a><p id=\"caption-attachment-1391\" class=\"wp-caption-text\">Mit den L\u00e4ufern der 5-Seen-LG<\/p><\/div>\n<p>&nbsp;<\/p>\n<p>&nbsp;<\/p>\n<p>&nbsp;<\/p>\n<iframe src=\"http:\/\/www.facebook.com\/plugins\/like.php?href=https%3A%2F%2Fwww.laufgruppe-schwerin.de%2F%3Fp%3D1372&amp;layout=standard&amp;show_faces=true&amp;width=450&amp;action=like&amp;colorscheme=light\" scrolling=\"no\" frameborder=\"0\" allowTransparency=\"true\" style=\"border:none; overflow:hidden; width:450px;margin-top:5px;\"><\/iframe>","protected":false},"excerpt":{"rendered":"<p>Am 20.M\u00e4rz war der Neubrandenburger Fr\u00fchlingslauf die 2 Station im diesj\u00e4hrigen VR-Laufcup M-V. Es war zwar der meteorologische Fr\u00fchlingsanfang, aber das Wetter k\u00fcmmerte sich nicht wirklich darum. Unsere Laufgruppe war mit 4 L\u00e4uferinnen und 7 L\u00e4ufern vertreten. Hierbei absolvierten unsere 3 &#8222;Oldies&#8220; Egon Kannegie\u00dfer, Waltraud und Horst Garnitz die 5 Kilometerstrecke. Waltraud holte sich als [&hellip;]<\/p>\n","protected":false},"author":3,"featured_media":1393,"comment_status":"open","ping_status":"open","sticky":false,"template":"","format":"standard","meta":{"ngg_post_thumbnail":0,"footnotes":""},"categories":[3],"tags":[],"class_list":{"0":"post-1372","1":"post","2":"type-post","3":"status-publish","4":"format-standard","5":"has-post-thumbnail","7":"category-laufcup-mv","8":"czr-hentry"},"_links":{"self":[{"href":"https:\/\/www.laufgruppe-schwerin.de\/index.php?rest_route=\/wp\/v2\/posts\/1372","targetHints":{"allow":["GET"]}}],"collection":[{"href":"https:\/\/www.laufgruppe-schwerin.de\/index.php?rest_route=\/wp\/v2\/posts"}],"about":[{"href":"https:\/\/www.laufgruppe-schwerin.de\/index.php?rest_route=\/wp\/v2\/types\/post"}],"author":[{"embeddable":true,"href":"https:\/\/www.laufgruppe-schwerin.de\/index.php?rest_route=\/wp\/v2\/users\/3"}],"replies":[{"embeddable":true,"href":"https:\/\/www.laufgruppe-schwerin.de\/index.php?rest_route=%2Fwp%2Fv2%2Fcomments&post=1372"}],"version-history":[{"count":11,"href":"https:\/\/www.laufgruppe-schwerin.de\/index.php?rest_route=\/wp\/v2\/posts\/1372\/revisions"}],"predecessor-version":[{"id":1392,"href":"https:\/\/www.laufgruppe-schwerin.de\/index.php?rest_route=\/wp\/v2\/posts\/1372\/revisions\/1392"}],"wp:featuredmedia":[{"embeddable":true,"href":"https:\/\/www.laufgruppe-schwerin.de\/index.php?rest_route=\/wp\/v2\/media\/1393"}],"wp:attachment":[{"href":"https:\/\/www.laufgruppe-schwerin.de\/index.php?rest_route=%2Fwp%2Fv2%2Fmedia&parent=1372"}],"wp:term":[{"taxonomy":"category","embeddable":true,"href":"https:\/\/www.laufgruppe-schwerin.de\/index.php?rest_route=%2Fwp%2Fv2%2Fcategories&post=1372"},{"taxonomy":"post_tag","embeddable":true,"href":"https:\/\/www.laufgruppe-schwerin.de\/index.php?rest_route=%2Fwp%2Fv2%2Ftags&post=1372"}],"curies":[{"name":"wp","href":"https:\/\/api.w.org\/{rel}","templated":true}]}}