{"id":1,"date":"2014-02-17T22:31:35","date_gmt":"2014-02-17T22:31:35","guid":{"rendered":"http:\/\/www.laufgruppe-schwerin.de\/?p=1"},"modified":"2014-03-04T08:00:32","modified_gmt":"2014-03-04T06:00:32","slug":"hallo-welt","status":"publish","type":"post","link":"https:\/\/www.laufgruppe-schwerin.de\/?p=1","title":{"rendered":"Willkommen auf der neuen Website der LG Schwerin!"},"content":{"rendered":"<p><a href=\"https:\/\/www.laufgruppe-Schwerin.de\/wp-content\/uploads\/2014\/03\/IMG_5326.png\"><img loading=\"lazy\" decoding=\"async\" class=\"alignnone  wp-image-211\" alt=\"Sportfreunde der LG Schwerin in Wittenburg am 02.03.2014\" src=\"https:\/\/www.laufgruppe-Schwerin.de\/wp-content\/uploads\/2014\/03\/IMG_5326.png\" width=\"539\" height=\"230\" srcset=\"https:\/\/www.laufgruppe-schwerin.de\/wp-content\/uploads\/2014\/03\/IMG_5326.png 1170w, https:\/\/www.laufgruppe-schwerin.de\/wp-content\/uploads\/2014\/03\/IMG_5326-300x128.png 300w, https:\/\/www.laufgruppe-schwerin.de\/wp-content\/uploads\/2014\/03\/IMG_5326-1024x437.png 1024w\" sizes=\"auto, (max-width: 539px) 100vw, 539px\" \/><\/a><\/p>\n<p>Unser Laufgruppe:<\/p>\n<p>vorne: Frank Leonhardt<\/p>\n<p>von links:<\/p>\n<p>Fred Kiesendahl, Kathrin Schr\u00f6der, Rainer Bastek, Andrea Bastek, Franziska Dr\u00f6ge, Lothar Gajek, Gabi Kaletzki, Norbert Kaletzki, Rudi Borchert, Manuela Hofmann, Horst Sch\u00f6ne, Giuseppe Avignone, Anne Prahl, Stephan Krey, Christiane Wermann, Cornelius Wermann, Horst Garnitz<\/p>\n<p>Unsere neue Website befindet sich gerade im Aufbau!<\/p>\n<p>In K\u00fcrze findet ihr hier alle Info\u00b4s zu aktuellen Wettk\u00e4mpfen sowie Berichte und Fotos!<\/p>\n<p>&nbsp;<\/p>\n<iframe src=\"http:\/\/www.facebook.com\/plugins\/like.php?href=https%3A%2F%2Fwww.laufgruppe-schwerin.de%2F%3Fp%3D1&amp;layout=standard&amp;show_faces=true&amp;width=450&amp;action=like&amp;colorscheme=light\" scrolling=\"no\" frameborder=\"0\" allowTransparency=\"true\" style=\"border:none; overflow:hidden; width:450px;margin-top:5px;\"><\/iframe>","protected":false},"excerpt":{"rendered":"<p>Unser Laufgruppe: vorne: Frank Leonhardt von links: Fred Kiesendahl, Kathrin Schr\u00f6der, Rainer Bastek, Andrea Bastek, Franziska Dr\u00f6ge, Lothar Gajek, Gabi Kaletzki, Norbert Kaletzki, Rudi Borchert, Manuela Hofmann, Horst Sch\u00f6ne, Giuseppe Avignone, Anne Prahl, Stephan Krey, Christiane Wermann, Cornelius Wermann, Horst Garnitz Unsere neue Website befindet sich gerade im Aufbau! In K\u00fcrze findet ihr hier alle [&hellip;]<\/p>\n","protected":false},"author":1,"featured_media":0,"comment_status":"open","ping_status":"open","sticky":false,"template":"","format":"standard","meta":{"ngg_post_thumbnail":0,"footnotes":""},"categories":[1],"tags":[],"class_list":{"0":"post-1","1":"post","2":"type-post","3":"status-publish","4":"format-standard","6":"category-beitraege","7":"czr-hentry"},"_links":{"self":[{"href":"https:\/\/www.laufgruppe-schwerin.de\/index.php?rest_route=\/wp\/v2\/posts\/1","targetHints":{"allow":["GET"]}}],"collection":[{"href":"https:\/\/www.laufgruppe-schwerin.de\/index.php?rest_route=\/wp\/v2\/posts"}],"about":[{"href":"https:\/\/www.laufgruppe-schwerin.de\/index.php?rest_route=\/wp\/v2\/types\/post"}],"author":[{"embeddable":true,"href":"https:\/\/www.laufgruppe-schwerin.de\/index.php?rest_route=\/wp\/v2\/users\/1"}],"replies":[{"embeddable":true,"href":"https:\/\/www.laufgruppe-schwerin.de\/index.php?rest_route=%2Fwp%2Fv2%2Fcomments&post=1"}],"version-history":[{"count":9,"href":"https:\/\/www.laufgruppe-schwerin.de\/index.php?rest_route=\/wp\/v2\/posts\/1\/revisions"}],"predecessor-version":[{"id":213,"href":"https:\/\/www.laufgruppe-schwerin.de\/index.php?rest_route=\/wp\/v2\/posts\/1\/revisions\/213"}],"wp:attachment":[{"href":"https:\/\/www.laufgruppe-schwerin.de\/index.php?rest_route=%2Fwp%2Fv2%2Fmedia&parent=1"}],"wp:term":[{"taxonomy":"category","embeddable":true,"href":"https:\/\/www.laufgruppe-schwerin.de\/index.php?rest_route=%2Fwp%2Fv2%2Fcategories&post=1"},{"taxonomy":"post_tag","embeddable":true,"href":"https:\/\/www.laufgruppe-schwerin.de\/index.php?rest_route=%2Fwp%2Fv2%2Ftags&post=1"}],"curies":[{"name":"wp","href":"https:\/\/api.w.org\/{rel}","templated":true}]}}